{"id":1868,"date":"2020-08-19T15:23:01","date_gmt":"2020-08-19T12:23:01","guid":{"rendered":"https:\/\/suomenkuvalehti.fi\/kirjailijanpaivakirja\/?p=1868"},"modified":"2020-08-21T10:27:04","modified_gmt":"2020-08-21T07:27:04","slug":"suuret-kustantamot-vetaytymassa-syksyn-kirjamessuilta","status":"publish","type":"post","link":"https:\/\/suomenkuvalehti.fi\/kirjailijanpaivakirja\/suuret-kustantamot-vetaytymassa-syksyn-kirjamessuilta\/","title":{"rendered":"Suuret kustantamot vet\u00e4ytym\u00e4ss\u00e4 syksyn kirjamessuilta?"},"content":{"rendered":"\n<p><span class=\"capitalized\">Syksyn kirjamessujen<\/span> j\u00e4rjest\u00e4minen on vaakalaudalla. Uhan muodostaa toisaalta ep\u00e4varmuus koronatilanteesta, toisaalta suurten n\u00e4ytteilleasettajien mahdollinen vet\u00e4ytyminen.<\/p>\n\n\n\n<p>Saamieni tietojen mukaan kustantamoita edustava Suomen kustannusyhdistys ja kirjakauppoja edustava Kirjakauppaliitto ovat l\u00e4hestyneet messuj\u00e4rjest\u00e4ji\u00e4.<\/p>\n\n\n\n<p>&#8221;P\u00e4\u00e4t\u00f6ksi\u00e4 tullee l\u00e4hiviikkoina&#8221;, Kirjakauppaliiton toimitusjohtaja <strong>Laura Karlsson<\/strong> vahvistaa mutta muistuttaa, ett\u00e4 yritykset tekev\u00e4t kuitenkin itse viime k\u00e4dess\u00e4 omat ratkaisunsa.<\/p>\n\n\n\n<p>Suomen kustannusyhdistyksen johtaja ja hallituksen puheenjohtaja eiv\u00e4t vastanneet asiaa koskeviin haastattelupyynt\u00f6ihini.<\/p>\n\n\n\n<p>&nbsp;<\/p>\n\n\n\n<p><span class=\"capitalized\">Kirjankustantamoiden<\/span>&nbsp;n\u00e4k\u00f6kulmasta kysymys on paitsi kansan terveydest\u00e4 ja epidemian ehk\u00e4isemisest\u00e4 my\u00f6s euroista. Messuille osallistuminen on merkitt\u00e4v\u00e4 taloudellinen satsaus.<\/p>\n\n\n\n<p>Vaikka messutapahtuma voitaisiin j\u00e4rjest\u00e4\u00e4 mahdollisten kokoontumisrajoitusten puitteissa, oletettavasti melkoinen joukko messuk\u00e4vij\u00f6it\u00e4 j\u00e4isi kotiin sen sijaan ett\u00e4 altistaisi itse\u00e4\u00e4n kymmententuhanten kanssaihmisten kanssa sis\u00e4tiloissa, jonottaisi signeerauspisteille ja kopeloisi kirjoja, joita muut ovat kosketelleet.<\/p>\n\n\n\n<p>On vaarana, ett\u00e4 messupanostus ei maksaisi itse\u00e4\u00e4n takaisin.<\/p>\n\n\n\n<p>Vaarana on tietenkin my\u00f6s se, ett\u00e4 messutapahtumat osoittautuisivat koronalingoiksi. Sit\u00e4 tuskin kukaan tapahtumaj\u00e4rjest\u00e4j\u00e4 tai n\u00e4ytteilleasettaja haluaa.<\/p>\n\n\n\n<p>&nbsp;<\/p>\n\n\n\n<p><span class=\"capitalized\">Syksylle on<\/span> suunniteltu ainakin kolmet suuret kirjamessut. Perinteisimm\u00e4t eli Turun kirjamessut on suunniteltu j\u00e4rjestett\u00e4v\u00e4ksi lokakuun alussa ja suurimmat eli Helsingin kirjamessut lokakuun lopulla.<\/p>\n\n\n\n<p>T\u00e4lle vuodelle uutena tapahtumana on suunniteltu kirjafestivaalia Tampereen Tampere-taloon. Tampereen kirjafestivaali ajoittuisi marraskuun loppuun.<\/p>\n\n\n\n<p>Tietojeni mukaan suuret kustantamot pohtivat yhdess\u00e4 kirjamessuille osallistumisen ja kirjamessujen j\u00e4rjest\u00e4misen mielekkyytt\u00e4.<\/p>\n\n\n\n<p>Messuosallistuminen on suuri osa kustantamoiden syksyn markkinointia, joten niiden t\u00e4ytyy tehd\u00e4 p\u00e4\u00e4t\u00f6s mahdollisimman hyviss\u00e4 ajoin, jotta ne enn\u00e4tt\u00e4v\u00e4t tarpeen mukaan muuttaa suunnitelmiaan.<\/p>\n\n\n\n<p>&nbsp;<\/p>\n\n\n\n<p><span class=\"capitalized\">Jos suuret<\/span> kustantamot ja kirjakaupat vet\u00e4ytyv\u00e4t messuilta, se asettaa messujen j\u00e4rjest\u00e4misen kyseenalaiseksi. Ne ovat t\u00e4rkeit\u00e4 n\u00e4ytteilleasettajia ja ovat usein my\u00f6s mukana j\u00e4rjest\u00e4m\u00e4ss\u00e4 messuohjelmaa ja kattamassa kirjailijoiden ja haastattelijoiden kuluja.<\/p>\n\n\n\n<p>Muita t\u00e4rkeit\u00e4 n\u00e4ytteilleasettajia ovat etenkin Helsingiss\u00e4 antikvariaatit ja kirja-alan yhteis\u00f6t.<\/p>\n\n\n\n<p>Tiedossani ei ole, ett\u00e4 kirjailijoille olisi kerrottu messujen perumisesta. Kuitenkin osa kirjailijoista on ilmoittanut, etteiv\u00e4t he aio osallistua messutapahtumiin.<\/p>\n\n\n\n<p>&nbsp;<\/p>\n\n\n\n<p><em>Kirjoittajalla on kalenterissaan syksylle useita messuesiintymisi\u00e4. Suomen Kuvalehte\u00e4 julkaiseva Otavamedia kuuluu samaan Otava-konserniin kuin kirjankustantamo Otava.<\/em><\/p>\n\n\n\n<p><em>EDIT klo 15.51. Lis\u00e4tty Laura Karlssonin kommentti.<\/em><\/p>\n\n\n\n<p>&nbsp;<\/p>\n\n\n","protected":false},"excerpt":{"rendered":"<p>Syksyn kirjamessujen j\u00e4rjest\u00e4minen on vaakalaudalla. Uhan muodostaa toisaalta ep\u00e4varmuus koronatilanteesta, toisaalta suurten n\u00e4ytteilleasettajien mahdollinen vet\u00e4ytyminen. Saamieni tietojen mukaan kustantamoita edustava Suomen kustannusyhdistys ja kirjakauppoja edustava<br \/>\nKirj&hellip;<\/p>\n","protected":false},"author":129,"featured_media":0,"comment_status":"open","ping_status":"open","sticky":false,"template":"","format":"standard","meta":{"_acf_changed":false,"asauth_required_access_level":3,"asauth_cansharepaid":"true","om_header_attributes":[],"footnotes":"","om_featured_image_focal_point":[],"om_primary_tag":0,"om_contributors":[],"om_co_authors":[],"beyondwords_generate_audio":"","beyondwords_project_id":"","beyondwords_content_id":"","beyondwords_preview_token":"","beyondwords_player_content":"","beyondwords_player_style":"","beyondwords_language_code":"","beyondwords_language_id":"","beyondwords_title_voice_id":"","beyondwords_body_voice_id":"","beyondwords_summary_voice_id":"","beyondwords_error_message":"","beyondwords_disabled":"","beyondwords_delete_content":"","beyondwords_podcast_id":"","beyondwords_hash":"","publish_post_to_speechkit":"","speechkit_hash":"","speechkit_generate_audio":"","speechkit_project_id":"","speechkit_podcast_id":"","speechkit_error_message":"","speechkit_disabled":"","speechkit_access_key":"","speechkit_error":"","speechkit_info":"","speechkit_response":"","speechkit_retries":"","speechkit_status":"","speechkit_updated_at":"","_speechkit_link":"","_speechkit_text":""},"categories":[1],"tags":[107],"class_list":["post-1868","post","type-post","status-publish","format-standard","hentry","category-kirjailijan-paivakirja","tag-kirjamessut"],"om_views":null,"acf":{"tuuma_off":false,"tuuma_kysymys":"","tuuma_vastaus":""},"asauth":{"required_access_level":1,"share_token":"","is_paid":false},"yoast_head":"<!-- This site is optimized with the Yoast SEO plugin v26.4 - https:\/\/yoast.com\/wordpress\/plugins\/seo\/ -->\n<title>Suuret kustantamot vet\u00e4ytym\u00e4ss\u00e4 syksyn kirjamessuilta? - Kirjailijan p\u00e4iv\u00e4kirja<\/title>\n<meta name=\"robots\" content=\"index, follow, max-snippet:-1, max-image-preview:large, max-video-preview:-1\" \/>\n<link rel=\"canonical\" href=\"https:\/\/suomenkuvalehti.fi\/kirjailijanpaivakirja\/suuret-kustantamot-vetaytymassa-syksyn-kirjamessuilta\/\" \/>\n<meta property=\"og:locale\" content=\"fi_FI\" \/>\n<meta property=\"og:type\" content=\"article\" \/>\n<meta property=\"og:title\" content=\"Suuret kustantamot vet\u00e4ytym\u00e4ss\u00e4 syksyn kirjamessuilta? - Kirjailijan p\u00e4iv\u00e4kirja\" \/>\n<meta property=\"og:description\" content=\"Syksyn kirjamessujen j\u00e4rjest\u00e4minen on vaakalaudalla. Uhan muodostaa toisaalta ep\u00e4varmuus koronatilanteesta, toisaalta suurten n\u00e4ytteilleasettajien mahdollinen vet\u00e4ytyminen. Saamieni tietojen mukaan kustantamoita edustava Suomen kustannusyhdistys ja kirjakauppoja edustava Kirj&hellip;\" \/>\n<meta property=\"og:url\" content=\"https:\/\/suomenkuvalehti.fi\/kirjailijanpaivakirja\/suuret-kustantamot-vetaytymassa-syksyn-kirjamessuilta\/\" \/>\n<meta property=\"og:site_name\" content=\"Kirjailijan p\u00e4iv\u00e4kirja\" \/>\n<meta property=\"article:published_time\" content=\"2020-08-19T12:23:01+00:00\" \/>\n<meta property=\"article:modified_time\" content=\"2020-08-21T07:27:04+00:00\" \/>\n<meta property=\"og:image\" content=\"https:\/\/suomenkuvalehti.fi\/kirjailijanpaivakirja\/wp-content\/uploads\/sites\/21\/2022\/04\/hamalainen_karo06-1-scaled.jpg\" \/>\n\t<meta property=\"og:image:width\" content=\"2560\" \/>\n\t<meta property=\"og:image:height\" content=\"1706\" \/>\n\t<meta property=\"og:image:type\" content=\"image\/jpeg\" \/>\n<meta name=\"author\" content=\"Karo H\u00e4m\u00e4l\u00e4inen\" \/>\n<meta name=\"twitter:card\" content=\"summary_large_image\" \/>\n<meta name=\"twitter:label1\" content=\"Written by\" \/>\n\t<meta name=\"twitter:data1\" content=\"Karo H\u00e4m\u00e4l\u00e4inen\" \/>\n\t<meta name=\"twitter:label2\" content=\"Est. reading time\" \/>\n\t<meta name=\"twitter:data2\" content=\"2 minuuttia\" \/>\n<script type=\"application\/ld+json\" class=\"yoast-schema-graph\">{\"@context\":\"https:\/\/schema.org\",\"@graph\":[{\"@type\":\"WebPage\",\"@id\":\"https:\/\/suomenkuvalehti.fi\/kirjailijanpaivakirja\/suuret-kustantamot-vetaytymassa-syksyn-kirjamessuilta\/\",\"url\":\"https:\/\/suomenkuvalehti.fi\/kirjailijanpaivakirja\/suuret-kustantamot-vetaytymassa-syksyn-kirjamessuilta\/\",\"name\":\"Suuret kustantamot vet\u00e4ytym\u00e4ss\u00e4 syksyn kirjamessuilta? - Kirjailijan p\u00e4iv\u00e4kirja\",\"isPartOf\":{\"@id\":\"https:\/\/suomenkuvalehti.fi\/kirjailijanpaivakirja\/#website\"},\"datePublished\":\"2020-08-19T12:23:01+00:00\",\"dateModified\":\"2020-08-21T07:27:04+00:00\",\"author\":{\"@id\":\"https:\/\/suomenkuvalehti.fi\/kirjailijanpaivakirja\/#\/schema\/person\/ca2dfd9d508d8c675e07b3c099fc789b\"},\"breadcrumb\":{\"@id\":\"https:\/\/suomenkuvalehti.fi\/kirjailijanpaivakirja\/suuret-kustantamot-vetaytymassa-syksyn-kirjamessuilta\/#breadcrumb\"},\"inLanguage\":\"fi\",\"potentialAction\":[{\"@type\":\"ReadAction\",\"target\":[\"https:\/\/suomenkuvalehti.fi\/kirjailijanpaivakirja\/suuret-kustantamot-vetaytymassa-syksyn-kirjamessuilta\/\"]}]},{\"@type\":\"BreadcrumbList\",\"@id\":\"https:\/\/suomenkuvalehti.fi\/kirjailijanpaivakirja\/suuret-kustantamot-vetaytymassa-syksyn-kirjamessuilta\/#breadcrumb\",\"itemListElement\":[{\"@type\":\"ListItem\",\"position\":1,\"name\":\"Home\",\"item\":\"https:\/\/suomenkuvalehti.fi\/kirjailijanpaivakirja\/\"},{\"@type\":\"ListItem\",\"position\":2,\"name\":\"Suuret kustantamot vet\u00e4ytym\u00e4ss\u00e4 syksyn kirjamessuilta?\"}]},{\"@type\":\"WebSite\",\"@id\":\"https:\/\/suomenkuvalehti.fi\/kirjailijanpaivakirja\/#website\",\"url\":\"https:\/\/suomenkuvalehti.fi\/kirjailijanpaivakirja\/\",\"name\":\"Kirjailijan p\u00e4iv\u00e4kirja\",\"description\":\"Proosakirjailijan arkea ja kirjallisuuden ajankohtaisia aiheita.\",\"potentialAction\":[{\"@type\":\"SearchAction\",\"target\":{\"@type\":\"EntryPoint\",\"urlTemplate\":\"https:\/\/suomenkuvalehti.fi\/haku\/?q={search_term_string}\"},\"query-input\":{\"@type\":\"PropertyValueSpecification\",\"valueRequired\":true,\"valueName\":\"search_term_string\"}}],\"inLanguage\":\"fi\"},{\"@type\":\"Person\",\"@id\":\"https:\/\/suomenkuvalehti.fi\/kirjailijanpaivakirja\/#\/schema\/person\/ca2dfd9d508d8c675e07b3c099fc789b\",\"name\":\"Karo H\u00e4m\u00e4l\u00e4inen\",\"image\":{\"@type\":\"ImageObject\",\"inLanguage\":\"fi\",\"@id\":\"https:\/\/suomenkuvalehti.fi\/kirjailijanpaivakirja\/#\/schema\/person\/image\/\",\"url\":\"https:\/\/suomenkuvalehti.fi\/kirjailijanpaivakirja\/wp-content\/uploads\/sites\/21\/2022\/04\/hamalainen_karo06-1-150x150.jpg\",\"contentUrl\":\"https:\/\/suomenkuvalehti.fi\/kirjailijanpaivakirja\/wp-content\/uploads\/sites\/21\/2022\/04\/hamalainen_karo06-1-150x150.jpg\",\"caption\":\"Karo H\u00e4m\u00e4l\u00e4inen\"},\"description\":\"Karo H\u00e4m\u00e4l\u00e4inen on kirjailija ja talouteen erikoistunut vapaa toimittaja.\"}]}<\/script>\n<!-- \/ Yoast SEO plugin. -->","yoast_head_json":{"title":"Suuret kustantamot vet\u00e4ytym\u00e4ss\u00e4 syksyn kirjamessuilta? - Kirjailijan p\u00e4iv\u00e4kirja","robots":{"index":"index","follow":"follow","max-snippet":"max-snippet:-1","max-image-preview":"max-image-preview:large","max-video-preview":"max-video-preview:-1"},"canonical":"https:\/\/suomenkuvalehti.fi\/kirjailijanpaivakirja\/suuret-kustantamot-vetaytymassa-syksyn-kirjamessuilta\/","og_locale":"fi_FI","og_type":"article","og_title":"Suuret kustantamot vet\u00e4ytym\u00e4ss\u00e4 syksyn kirjamessuilta? - Kirjailijan p\u00e4iv\u00e4kirja","og_description":"Syksyn kirjamessujen j\u00e4rjest\u00e4minen on vaakalaudalla. Uhan muodostaa toisaalta ep\u00e4varmuus koronatilanteesta, toisaalta suurten n\u00e4ytteilleasettajien mahdollinen vet\u00e4ytyminen. Saamieni tietojen mukaan kustantamoita edustava Suomen kustannusyhdistys ja kirjakauppoja edustava Kirj&hellip;","og_url":"https:\/\/suomenkuvalehti.fi\/kirjailijanpaivakirja\/suuret-kustantamot-vetaytymassa-syksyn-kirjamessuilta\/","og_site_name":"Kirjailijan p\u00e4iv\u00e4kirja","article_published_time":"2020-08-19T12:23:01+00:00","article_modified_time":"2020-08-21T07:27:04+00:00","og_image":[{"width":2560,"height":1706,"url":"https:\/\/suomenkuvalehti.fi\/kirjailijanpaivakirja\/wp-content\/uploads\/sites\/21\/2022\/04\/hamalainen_karo06-1-scaled.jpg","type":"image\/jpeg"}],"author":"Karo H\u00e4m\u00e4l\u00e4inen","twitter_card":"summary_large_image","twitter_misc":{"Written by":"Karo H\u00e4m\u00e4l\u00e4inen","Est. reading time":"2 minuuttia"},"schema":{"@context":"https:\/\/schema.org","@graph":[{"@type":"WebPage","@id":"https:\/\/suomenkuvalehti.fi\/kirjailijanpaivakirja\/suuret-kustantamot-vetaytymassa-syksyn-kirjamessuilta\/","url":"https:\/\/suomenkuvalehti.fi\/kirjailijanpaivakirja\/suuret-kustantamot-vetaytymassa-syksyn-kirjamessuilta\/","name":"Suuret kustantamot vet\u00e4ytym\u00e4ss\u00e4 syksyn kirjamessuilta? - Kirjailijan p\u00e4iv\u00e4kirja","isPartOf":{"@id":"https:\/\/suomenkuvalehti.fi\/kirjailijanpaivakirja\/#website"},"datePublished":"2020-08-19T12:23:01+00:00","dateModified":"2020-08-21T07:27:04+00:00","author":{"@id":"https:\/\/suomenkuvalehti.fi\/kirjailijanpaivakirja\/#\/schema\/person\/ca2dfd9d508d8c675e07b3c099fc789b"},"breadcrumb":{"@id":"https:\/\/suomenkuvalehti.fi\/kirjailijanpaivakirja\/suuret-kustantamot-vetaytymassa-syksyn-kirjamessuilta\/#breadcrumb"},"inLanguage":"fi","potentialAction":[{"@type":"ReadAction","target":["https:\/\/suomenkuvalehti.fi\/kirjailijanpaivakirja\/suuret-kustantamot-vetaytymassa-syksyn-kirjamessuilta\/"]}]},{"@type":"BreadcrumbList","@id":"https:\/\/suomenkuvalehti.fi\/kirjailijanpaivakirja\/suuret-kustantamot-vetaytymassa-syksyn-kirjamessuilta\/#breadcrumb","itemListElement":[{"@type":"ListItem","position":1,"name":"Home","item":"https:\/\/suomenkuvalehti.fi\/kirjailijanpaivakirja\/"},{"@type":"ListItem","position":2,"name":"Suuret kustantamot vet\u00e4ytym\u00e4ss\u00e4 syksyn kirjamessuilta?"}]},{"@type":"WebSite","@id":"https:\/\/suomenkuvalehti.fi\/kirjailijanpaivakirja\/#website","url":"https:\/\/suomenkuvalehti.fi\/kirjailijanpaivakirja\/","name":"Kirjailijan p\u00e4iv\u00e4kirja","description":"Proosakirjailijan arkea ja kirjallisuuden ajankohtaisia aiheita.","potentialAction":[{"@type":"SearchAction","target":{"@type":"EntryPoint","urlTemplate":"https:\/\/suomenkuvalehti.fi\/haku\/?q={search_term_string}"},"query-input":{"@type":"PropertyValueSpecification","valueRequired":true,"valueName":"search_term_string"}}],"inLanguage":"fi"},{"@type":"Person","@id":"https:\/\/suomenkuvalehti.fi\/kirjailijanpaivakirja\/#\/schema\/person\/ca2dfd9d508d8c675e07b3c099fc789b","name":"Karo H\u00e4m\u00e4l\u00e4inen","image":{"@type":"ImageObject","inLanguage":"fi","@id":"https:\/\/suomenkuvalehti.fi\/kirjailijanpaivakirja\/#\/schema\/person\/image\/","url":"https:\/\/suomenkuvalehti.fi\/kirjailijanpaivakirja\/wp-content\/uploads\/sites\/21\/2022\/04\/hamalainen_karo06-1-150x150.jpg","contentUrl":"https:\/\/suomenkuvalehti.fi\/kirjailijanpaivakirja\/wp-content\/uploads\/sites\/21\/2022\/04\/hamalainen_karo06-1-150x150.jpg","caption":"Karo H\u00e4m\u00e4l\u00e4inen"},"description":"Karo H\u00e4m\u00e4l\u00e4inen on kirjailija ja talouteen erikoistunut vapaa toimittaja."}]}},"_links":{"self":[{"href":"https:\/\/suomenkuvalehti.fi\/kirjailijanpaivakirja\/wp-json\/wp\/v2\/posts\/1868","targetHints":{"allow":["GET"]}}],"collection":[{"href":"https:\/\/suomenkuvalehti.fi\/kirjailijanpaivakirja\/wp-json\/wp\/v2\/posts"}],"about":[{"href":"https:\/\/suomenkuvalehti.fi\/kirjailijanpaivakirja\/wp-json\/wp\/v2\/types\/post"}],"author":[{"embeddable":true,"href":"https:\/\/suomenkuvalehti.fi\/kirjailijanpaivakirja\/wp-json\/wp\/v2\/users\/129"}],"replies":[{"embeddable":true,"href":"https:\/\/suomenkuvalehti.fi\/kirjailijanpaivakirja\/wp-json\/wp\/v2\/comments?post=1868"}],"version-history":[{"count":5,"href":"https:\/\/suomenkuvalehti.fi\/kirjailijanpaivakirja\/wp-json\/wp\/v2\/posts\/1868\/revisions"}],"predecessor-version":[{"id":1873,"href":"https:\/\/suomenkuvalehti.fi\/kirjailijanpaivakirja\/wp-json\/wp\/v2\/posts\/1868\/revisions\/1873"}],"wp:attachment":[{"href":"https:\/\/suomenkuvalehti.fi\/kirjailijanpaivakirja\/wp-json\/wp\/v2\/media?parent=1868"}],"wp:term":[{"taxonomy":"category","embeddable":true,"href":"https:\/\/suomenkuvalehti.fi\/kirjailijanpaivakirja\/wp-json\/wp\/v2\/categories?post=1868"},{"taxonomy":"post_tag","embeddable":true,"href":"https:\/\/suomenkuvalehti.fi\/kirjailijanpaivakirja\/wp-json\/wp\/v2\/tags?post=1868"}],"curies":[{"name":"wp","href":"https:\/\/api.w.org\/{rel}","templated":true}]}}