{"id":1852,"date":"2020-07-30T11:03:16","date_gmt":"2020-07-30T08:03:16","guid":{"rendered":"https:\/\/suomenkuvalehti.fi\/kirjailijanpaivakirja\/?p=1852"},"modified":"2020-07-30T11:10:30","modified_gmt":"2020-07-30T08:10:30","slug":"markus-leikolan-jumalallinen-naytelma-laittaa-maailmanhistorian-tehosekoittimeen","status":"publish","type":"post","link":"https:\/\/suomenkuvalehti.fi\/kirjailijanpaivakirja\/markus-leikolan-jumalallinen-naytelma-laittaa-maailmanhistorian-tehosekoittimeen\/","title":{"rendered":"Markus Leikolan jumalallinen n\u00e4ytelm\u00e4 laittaa maailmanhistorian tehosekoittimeen"},"content":{"rendered":"<figure class=\"alignleft size-medium is-resized wp-block-image\">\n  <div class=\"wp-block-image__inner-container\">\n    <a href='https:\/\/suomenkuvalehti.fi\/kirjailijanpaivakirja\/wp-content\/uploads\/sites\/21\/2020\/07\/teidan.jpg'><img loading=\"lazy\" decoding=\"async\" src=\"https:\/\/suomenkuvalehti.fi\/kirjailijanpaivakirja\/wp-content\/uploads\/sites\/21\/2020\/07\/teidan-203x300.jpg\" alt=\"\" class=\"wp-image-1853\" width=\"203\" height=\"300\" style=\"--aspect-ratio: 0.68\" srcset=\"https:\/\/suomenkuvalehti.fi\/kirjailijanpaivakirja\/wp-content\/uploads\/sites\/21\/2020\/07\/teidan-203x300.jpg 203w, https:\/\/suomenkuvalehti.fi\/kirjailijanpaivakirja\/wp-content\/uploads\/sites\/21\/2020\/07\/teidan-768x1137.jpg 768w, https:\/\/suomenkuvalehti.fi\/kirjailijanpaivakirja\/wp-content\/uploads\/sites\/21\/2020\/07\/teidan-692x1024.jpg 692w, https:\/\/suomenkuvalehti.fi\/kirjailijanpaivakirja\/wp-content\/uploads\/sites\/21\/2020\/07\/teidan-300x444.jpg 300w, https:\/\/suomenkuvalehti.fi\/kirjailijanpaivakirja\/wp-content\/uploads\/sites\/21\/2020\/07\/teidan-630x933.jpg 630w, https:\/\/suomenkuvalehti.fi\/kirjailijanpaivakirja\/wp-content\/uploads\/sites\/21\/2020\/07\/teidan.jpg 1843w\" sizes=\"auto, (max-width: 203px) 100vw, 203px\" \/><\/a>    <figcaption class=\"wp-block-image__figcaption\">\n      Markus Leikolan romaanin ulkoasun on suunnitellut Martti Ruokonen.          <\/figcaption>\n      <\/div>\n<\/figure>\n\n\n<p><span class=\"capitalized\">Huhhuh<\/span>, mik\u00e4 kirja!<\/p>\n\n\n\n<p><strong>Markus Leikolan<\/strong> mammuttiromaani <em>Teid\u00e4n edest\u00e4nne annettu<\/em>&nbsp;(WSOY 2020) on mielikuvituksen ilotulitusta. Leikola kytkee toisiinsa bakteerit (jotka luonnollisesti puhuvat), holokaustin organisoineen <strong>Adolf Eichmannin<\/strong> ja kristillisen evankeliumin. Noin ensialkuun ja muun muassa.<\/p>\n\n\n\n<p>Sivurooleja tekev\u00e4t esimerkiksi fiktivisoidut Elvis Presley, Marlon Brando ja Sherlock Holmes (kyll\u00e4, fiktiohahmosta pystyy tekem\u00e4\u00e4n ongelmitta fiktioversion) sek\u00e4 t\u00e4m\u00e4n luoja Arthur Conan Doyle. Sen sijaan Holmesin taloudenhoitajana romaanissa toimiva Neiti Lemon \u2013 liek\u00f6 sukua Hercule Poirot&#8217;n sihteerin\u00e4 toimineelle kaimalleen \u2013 on saanut v\u00e4hint\u00e4\u00e4n keskisuuren osan.<\/p>\n\n\n\n<p>Siin\u00e4 sivussa Leikola fabuloi <em>Raamatun<\/em> uuteen uskoon.<\/p>\n\n\n\n<p>&nbsp;<\/p>\n\n\n\n<p><span class=\"capitalized\"><em>Teid\u00e4n edest\u00e4nne annettu<\/em><\/span> sis\u00e4lt\u00e4\u00e4 monta kirjaa. Jo aivan teknisesti se jakautuu sis\u00e4llysluettelonsa mukaisesti 28:aan (ja j\u00e4lkikirjoituksen mukaan 27:\u00e4\u00e4n) osaan, &#8221;Introituksesta&#8221; &#8221;Post Scriptumiin&#8221;. Raamattumaisesti osien nimet ovat tyyli\u00e4 &#8221;Jesajan toinen kirja&#8221;, &#8221;Aadamin ilmestys&#8221;, &#8221;Tri Watsonin ensimm\u00e4inen kirja&#8221;, &#8221;Euroopan parlamentin p\u00f6yt\u00e4kirjat&#8221; ja niin edelleen.<\/p>\n\n\n\n<p>Osien sis\u00e4ll\u00e4 kulkee muutamia tarinalinjoja, jotka voisivat olla itsen\u00e4isi\u00e4 romaaneja.<\/p>\n\n\n\n<p>Paitsi ett\u00e4 eiv\u00e4t voisi. Olennaista Leikolan estetiikalle on se, ett\u00e4 ne tarjoillaan yhdess\u00e4, toistensa lomassa tai toisiinsa kietoutuen.<\/p>\n\n\n\n<p>Kokonaisuus on enemm\u00e4n kuin osiensa summa, ja voihan tuota leikitell\u00e4 ajatuksella, ett\u00e4 1082:n paljon teksti\u00e4 sis\u00e4lt\u00e4v\u00e4n sivun mittaisen romaanin sijaan olisi julkaistu kolmisenkymment\u00e4 vajaan sadan sivun mittaista pienoisromaania.<\/p>\n\n\n\n<p>Olisi se muuttanut muutakin kuin Leikolan ennest\u00e4\u00e4nkin pitk\u00e4n <em>curriculum vitaen<\/em> mittaa.<\/p>\n\n\n\n<p>&nbsp;<\/p>\n\n\n\n<p><span class=\"capitalized\">Enp\u00e4 \u00e4kkiselt\u00e4\u00e4n<\/span> keksi, kuka olisi vienyt kotimaisessa kirjallisuudessa fabuloivuuden Leikolaa pidemm\u00e4lle. Leikola tarttuu mihin tahansa ja vie sen minne tahansa, yleens\u00e4 koomisesti kier\u00e4ht\u00e4en. H\u00e4n ponnistaa historiasta ja p\u00e4\u00e4tyy sattumusten kautta toiselle historian lehdelle.<\/p>\n\n\n\n<p>Tekstilajejakin kirjassa on kosolti.<\/p>\n\n\n\n<p>Luin osan kirjasta e-kirjana lukulaitteelta. Seuraavana p\u00e4iv\u00e4n\u00e4 jatkoin lukemista, mutta parikymment\u00e4 sivua luettuani aloin hieman ihmetell\u00e4 kerronnan rytmi\u00e4. Tarkistus osoitti, ett\u00e4 olin lukenut <strong>Petteri Ala-Kivim\u00e4en<\/strong> ja <strong>Marko Yrj\u00f6vuoren<\/strong> kirjaa.<\/p>\n\n\n\n<p>Niin seka-aineksinen Leikolan teos on, ett\u00e4 urheilijoita Yhdysvalloissa hieroneen Yrj\u00f6vuoren tarina olisi sis\u00e4lt\u00f6ns\u00e4 puolesta voinut sopia aivan hyvin osaksi romaania.<\/p>\n\n\n\n<p>&nbsp;<\/p>\n\n\n\n<p><span class=\"capitalized\">Tyyli tosiaan<\/span> kavalsi, sill\u00e4 kaikesta monimuotoisuudestaan huolimatta <em>Teid\u00e4n edest\u00e4nne annettu<\/em> -romaania yhdist\u00e4\u00e4 kirjailijan nokkela ja monin paikoin nokkeloiva viritys.<\/p>\n\n\n\n<p>Leikola ei pyri luomaan psykologisesti tai kielenk\u00e4yt\u00f6llisesti uskottavia py\u00f6reit\u00e4 hahmoja eik\u00e4 autenttisen oloisia dokumentteja. H\u00e4n ei juurikaan kirjoita pastisseja, vaikka leikitteleekin esimerkiksi Sherlock Holmes -osissa <strong>Arthur Conan Doylen<\/strong> Holmes-tarinoiden ja niist\u00e4 tehtyjen televisiotulkintojen maneereilla.<\/p>\n\n\n\n<p>Kertojilla, eli h\u00e4n sitten miss\u00e4 ajassa ja paikassa tahansa, on kerrontaansa eli el\u00e4m\u00e4\u00e4n samanlainen asenne: ei t\u00e4m\u00e4 nyt niin vakavaa ole, etteik\u00f6 hyv\u00e4lle lohkaisulle olisi sijaa!<\/p>\n\n\n\n<p>Toisinaan kertojat ja dialogien puhujat ovat tiet\u00e4m\u00e4tt\u00f6mi\u00e4 sanojensa osuvuudesta. Huumori syntyy lukijan p\u00e4\u00e4ss\u00e4, kun Leikola k\u00e4ytt\u00e4\u00e4 hyv\u00e4kseen historiaa ja aika usein <em>Raamatun<\/em> tapahtumia ja fraaseja.<\/p>\n\n\n\n<p>Ilottelun seassa Leikola esitt\u00e4\u00e4 oivaltavia kysymyksi\u00e4.<\/p>\n\n\n\n<p>&nbsp;<\/p>\n\n\n\n<p><span class=\"capitalized\">Kirjassa on<\/span> monta p\u00e4\u00e4t\u00e4 ja viel\u00e4 useampi h\u00e4nt\u00e4. En voi sanoa lukeneeni tai kuunnelleeni jokaista sivua kiinnostuneena, mutta se riitt\u00e4\u00e4 jo pitk\u00e4lle, ett\u00e4 kirjailija itse on ollut kiinnostunut oivalluksistaan.<\/p>\n\n\n\n<p>Juuri oivalluksia <em>Teid\u00e4n edest\u00e4nne annettu<\/em> on t\u00e4ynn\u00e4, ja ne muodostavat sen keskeisimm\u00e4n vieh\u00e4tyksen. Oivalluksista nauttii sit\u00e4 enemm\u00e4n, mit\u00e4 enemm\u00e4n tiet\u00e4\u00e4 siit\u00e4, mihin ne kytkeytyv\u00e4t.<\/p>\n\n\n\n<p>E-kirjan ja painetun kirjan lis\u00e4ksi annoin romaanin juosta itseeni <strong>Antti Virmavirran<\/strong> mainiosti lukemana \u00e4\u00e4nikirjana. Samalla <em>Teid\u00e4n edest\u00e4nne annettu<\/em> oli minulle ensimm\u00e4inen kirja, jota k\u00e4ytin kaikissa kolmessa tarjolla olevassa kirjamuodossa. Se tuntui sopivan hyvin teoksen ideaan.<\/p>\n\n\n\n<p>Mit\u00e4 Leikola haluaa kaikilla sanoillaan sanoa? Paljon h\u00e4nell\u00e4 on messuttavaa, ja niin h\u00e4n sen kertoo, ett\u00e4 sille kannattaa lotkauttaa korvansa ja silm\u00e4ns\u00e4 ja siit\u00e4 vet\u00e4\u00e4 omat johtop\u00e4\u00e4t\u00f6ksens\u00e4, joita ei tietenk\u00e4\u00e4n voi olla vain yht\u00e4.<\/p>\n\n\n\n<p>Eih\u00e4n t\u00e4st\u00e4 sekamelskasta voi olla pit\u00e4m\u00e4tt\u00e4!<\/p>\n\n\n","protected":false},"excerpt":{"rendered":"<p>Huhhuh, mik\u00e4 kirja! Markus Leikolan mammuttiromaani Teid\u00e4n edest\u00e4nne annettu&nbsp;(WSOY 2020) on mielikuvituksen ilotulitusta. Leikola kytkee toisiinsa bakteerit (jotka luonnollisesti puhuvat), holokaustin organisoineen Adolf Eichmannin ja<br \/>\nkr&hellip;<\/p>\n","protected":false},"author":129,"featured_media":1853,"comment_status":"open","ping_status":"open","sticky":false,"template":"","format":"standard","meta":{"_acf_changed":false,"asauth_required_access_level":3,"asauth_cansharepaid":"true","om_header_attributes":[],"footnotes":"","om_featured_image_focal_point":[],"om_primary_tag":0,"om_contributors":[],"om_co_authors":[],"beyondwords_generate_audio":"","beyondwords_project_id":"","beyondwords_content_id":"","beyondwords_preview_token":"","beyondwords_player_content":"","beyondwords_player_style":"","beyondwords_language_code":"","beyondwords_language_id":"","beyondwords_title_voice_id":"","beyondwords_body_voice_id":"","beyondwords_summary_voice_id":"","beyondwords_error_message":"","beyondwords_disabled":"","beyondwords_delete_content":"","beyondwords_podcast_id":"","beyondwords_hash":"","publish_post_to_speechkit":"","speechkit_hash":"","speechkit_generate_audio":"","speechkit_project_id":"","speechkit_podcast_id":"","speechkit_error_message":"","speechkit_disabled":"","speechkit_access_key":"","speechkit_error":"","speechkit_info":"","speechkit_response":"","speechkit_retries":"","speechkit_status":"","speechkit_updated_at":"","_speechkit_link":"","_speechkit_text":""},"categories":[1],"tags":[428,1427],"class_list":["post-1852","post","type-post","status-publish","format-standard","has-post-thumbnail","hentry","category-kirjailijan-paivakirja","tag-markus-leikola","tag-teidan-edestanne-annettu"],"om_views":null,"acf":{"tuuma_off":false,"tuuma_kysymys":"","tuuma_vastaus":""},"asauth":{"required_access_level":1,"share_token":"","is_paid":false},"yoast_head":"<!-- This site is optimized with the Yoast SEO plugin v26.4 - https:\/\/yoast.com\/wordpress\/plugins\/seo\/ -->\n<title>Markus Leikolan jumalallinen n\u00e4ytelm\u00e4 laittaa maailmanhistorian tehosekoittimeen - Kirjailijan p\u00e4iv\u00e4kirja<\/title>\n<meta name=\"description\" content=\"Markus Leikolan mammuttiromaani Teid\u00e4n edest\u00e4nne annettu on mielikuvituksen ilotulitusta. Leikola kytkee toisiinsa bakteerien taistelun, holokaustin organisoineen Adolf Eichmannin ja kristinuskon. Noin ensialkuun ja muun muassa.\" \/>\n<meta name=\"robots\" content=\"index, follow, max-snippet:-1, max-image-preview:large, max-video-preview:-1\" \/>\n<link rel=\"canonical\" href=\"https:\/\/suomenkuvalehti.fi\/kirjailijanpaivakirja\/markus-leikolan-jumalallinen-naytelma-laittaa-maailmanhistorian-tehosekoittimeen\/\" \/>\n<meta property=\"og:locale\" content=\"fi_FI\" \/>\n<meta property=\"og:type\" content=\"article\" \/>\n<meta property=\"og:title\" content=\"Markus Leikolan jumalallinen n\u00e4ytelm\u00e4 laittaa maailmanhistorian tehosekoittimeen - Kirjailijan p\u00e4iv\u00e4kirja\" \/>\n<meta property=\"og:description\" content=\"Markus Leikolan mammuttiromaani Teid\u00e4n edest\u00e4nne annettu on mielikuvituksen ilotulitusta. Leikola kytkee toisiinsa bakteerien taistelun, holokaustin organisoineen Adolf Eichmannin ja kristinuskon. Noin ensialkuun ja muun muassa.\" \/>\n<meta property=\"og:url\" content=\"https:\/\/suomenkuvalehti.fi\/kirjailijanpaivakirja\/markus-leikolan-jumalallinen-naytelma-laittaa-maailmanhistorian-tehosekoittimeen\/\" \/>\n<meta property=\"og:site_name\" content=\"Kirjailijan p\u00e4iv\u00e4kirja\" \/>\n<meta property=\"article:published_time\" content=\"2020-07-30T08:03:16+00:00\" \/>\n<meta property=\"article:modified_time\" content=\"2020-07-30T08:10:30+00:00\" \/>\n<meta property=\"og:image\" content=\"https:\/\/suomenkuvalehti.fi\/kirjailijanpaivakirja\/wp-content\/uploads\/sites\/21\/2020\/07\/teidan.jpg\" \/>\n\t<meta property=\"og:image:width\" content=\"1843\" \/>\n\t<meta property=\"og:image:height\" content=\"2728\" \/>\n\t<meta property=\"og:image:type\" content=\"image\/jpeg\" \/>\n<meta name=\"author\" content=\"Karo H\u00e4m\u00e4l\u00e4inen\" \/>\n<meta name=\"twitter:card\" content=\"summary_large_image\" \/>\n<meta name=\"twitter:label1\" content=\"Written by\" \/>\n\t<meta name=\"twitter:data1\" content=\"Karo H\u00e4m\u00e4l\u00e4inen\" \/>\n\t<meta name=\"twitter:label2\" content=\"Est. reading time\" \/>\n\t<meta name=\"twitter:data2\" content=\"3 minuuttia\" \/>\n<script type=\"application\/ld+json\" class=\"yoast-schema-graph\">{\"@context\":\"https:\/\/schema.org\",\"@graph\":[{\"@type\":\"WebPage\",\"@id\":\"https:\/\/suomenkuvalehti.fi\/kirjailijanpaivakirja\/markus-leikolan-jumalallinen-naytelma-laittaa-maailmanhistorian-tehosekoittimeen\/\",\"url\":\"https:\/\/suomenkuvalehti.fi\/kirjailijanpaivakirja\/markus-leikolan-jumalallinen-naytelma-laittaa-maailmanhistorian-tehosekoittimeen\/\",\"name\":\"Markus Leikolan jumalallinen n\u00e4ytelm\u00e4 laittaa maailmanhistorian tehosekoittimeen - Kirjailijan p\u00e4iv\u00e4kirja\",\"isPartOf\":{\"@id\":\"https:\/\/suomenkuvalehti.fi\/kirjailijanpaivakirja\/#website\"},\"primaryImageOfPage\":{\"@id\":\"https:\/\/suomenkuvalehti.fi\/kirjailijanpaivakirja\/markus-leikolan-jumalallinen-naytelma-laittaa-maailmanhistorian-tehosekoittimeen\/#primaryimage\"},\"image\":{\"@id\":\"https:\/\/suomenkuvalehti.fi\/kirjailijanpaivakirja\/markus-leikolan-jumalallinen-naytelma-laittaa-maailmanhistorian-tehosekoittimeen\/#primaryimage\"},\"thumbnailUrl\":\"https:\/\/suomenkuvalehti.fi\/kirjailijanpaivakirja\/wp-content\/uploads\/sites\/21\/2020\/07\/teidan.jpg\",\"datePublished\":\"2020-07-30T08:03:16+00:00\",\"dateModified\":\"2020-07-30T08:10:30+00:00\",\"author\":{\"@id\":\"https:\/\/suomenkuvalehti.fi\/kirjailijanpaivakirja\/#\/schema\/person\/ca2dfd9d508d8c675e07b3c099fc789b\"},\"description\":\"Markus Leikolan mammuttiromaani Teid\u00e4n edest\u00e4nne annettu on mielikuvituksen ilotulitusta. Leikola kytkee toisiinsa bakteerien taistelun, holokaustin organisoineen Adolf Eichmannin ja kristinuskon. Noin ensialkuun ja muun muassa.\",\"breadcrumb\":{\"@id\":\"https:\/\/suomenkuvalehti.fi\/kirjailijanpaivakirja\/markus-leikolan-jumalallinen-naytelma-laittaa-maailmanhistorian-tehosekoittimeen\/#breadcrumb\"},\"inLanguage\":\"fi\",\"potentialAction\":[{\"@type\":\"ReadAction\",\"target\":[\"https:\/\/suomenkuvalehti.fi\/kirjailijanpaivakirja\/markus-leikolan-jumalallinen-naytelma-laittaa-maailmanhistorian-tehosekoittimeen\/\"]}]},{\"@type\":\"ImageObject\",\"inLanguage\":\"fi\",\"@id\":\"https:\/\/suomenkuvalehti.fi\/kirjailijanpaivakirja\/markus-leikolan-jumalallinen-naytelma-laittaa-maailmanhistorian-tehosekoittimeen\/#primaryimage\",\"url\":\"https:\/\/suomenkuvalehti.fi\/kirjailijanpaivakirja\/wp-content\/uploads\/sites\/21\/2020\/07\/teidan.jpg\",\"contentUrl\":\"https:\/\/suomenkuvalehti.fi\/kirjailijanpaivakirja\/wp-content\/uploads\/sites\/21\/2020\/07\/teidan.jpg\",\"width\":1843,\"height\":2728,\"caption\":\"Markus Leikolan romaanin ulkoasun on suunnitellut Martti Ruokonen.\"},{\"@type\":\"BreadcrumbList\",\"@id\":\"https:\/\/suomenkuvalehti.fi\/kirjailijanpaivakirja\/markus-leikolan-jumalallinen-naytelma-laittaa-maailmanhistorian-tehosekoittimeen\/#breadcrumb\",\"itemListElement\":[{\"@type\":\"ListItem\",\"position\":1,\"name\":\"Home\",\"item\":\"https:\/\/suomenkuvalehti.fi\/kirjailijanpaivakirja\/\"},{\"@type\":\"ListItem\",\"position\":2,\"name\":\"Markus Leikolan jumalallinen n\u00e4ytelm\u00e4 laittaa maailmanhistorian tehosekoittimeen\"}]},{\"@type\":\"WebSite\",\"@id\":\"https:\/\/suomenkuvalehti.fi\/kirjailijanpaivakirja\/#website\",\"url\":\"https:\/\/suomenkuvalehti.fi\/kirjailijanpaivakirja\/\",\"name\":\"Kirjailijan p\u00e4iv\u00e4kirja\",\"description\":\"Proosakirjailijan arkea ja kirjallisuuden ajankohtaisia aiheita.\",\"potentialAction\":[{\"@type\":\"SearchAction\",\"target\":{\"@type\":\"EntryPoint\",\"urlTemplate\":\"https:\/\/suomenkuvalehti.fi\/haku\/?q={search_term_string}\"},\"query-input\":{\"@type\":\"PropertyValueSpecification\",\"valueRequired\":true,\"valueName\":\"search_term_string\"}}],\"inLanguage\":\"fi\"},{\"@type\":\"Person\",\"@id\":\"https:\/\/suomenkuvalehti.fi\/kirjailijanpaivakirja\/#\/schema\/person\/ca2dfd9d508d8c675e07b3c099fc789b\",\"name\":\"Karo H\u00e4m\u00e4l\u00e4inen\",\"image\":{\"@type\":\"ImageObject\",\"inLanguage\":\"fi\",\"@id\":\"https:\/\/suomenkuvalehti.fi\/kirjailijanpaivakirja\/#\/schema\/person\/image\/\",\"url\":\"https:\/\/suomenkuvalehti.fi\/kirjailijanpaivakirja\/wp-content\/uploads\/sites\/21\/2022\/04\/hamalainen_karo06-1-150x150.jpg\",\"contentUrl\":\"https:\/\/suomenkuvalehti.fi\/kirjailijanpaivakirja\/wp-content\/uploads\/sites\/21\/2022\/04\/hamalainen_karo06-1-150x150.jpg\",\"caption\":\"Karo H\u00e4m\u00e4l\u00e4inen\"},\"description\":\"Karo H\u00e4m\u00e4l\u00e4inen on kirjailija ja talouteen erikoistunut vapaa toimittaja.\"}]}<\/script>\n<!-- \/ Yoast SEO plugin. -->","yoast_head_json":{"title":"Markus Leikolan jumalallinen n\u00e4ytelm\u00e4 laittaa maailmanhistorian tehosekoittimeen - Kirjailijan p\u00e4iv\u00e4kirja","description":"Markus Leikolan mammuttiromaani Teid\u00e4n edest\u00e4nne annettu on mielikuvituksen ilotulitusta. Leikola kytkee toisiinsa bakteerien taistelun, holokaustin organisoineen Adolf Eichmannin ja kristinuskon. Noin ensialkuun ja muun muassa.","robots":{"index":"index","follow":"follow","max-snippet":"max-snippet:-1","max-image-preview":"max-image-preview:large","max-video-preview":"max-video-preview:-1"},"canonical":"https:\/\/suomenkuvalehti.fi\/kirjailijanpaivakirja\/markus-leikolan-jumalallinen-naytelma-laittaa-maailmanhistorian-tehosekoittimeen\/","og_locale":"fi_FI","og_type":"article","og_title":"Markus Leikolan jumalallinen n\u00e4ytelm\u00e4 laittaa maailmanhistorian tehosekoittimeen - Kirjailijan p\u00e4iv\u00e4kirja","og_description":"Markus Leikolan mammuttiromaani Teid\u00e4n edest\u00e4nne annettu on mielikuvituksen ilotulitusta. Leikola kytkee toisiinsa bakteerien taistelun, holokaustin organisoineen Adolf Eichmannin ja kristinuskon. Noin ensialkuun ja muun muassa.","og_url":"https:\/\/suomenkuvalehti.fi\/kirjailijanpaivakirja\/markus-leikolan-jumalallinen-naytelma-laittaa-maailmanhistorian-tehosekoittimeen\/","og_site_name":"Kirjailijan p\u00e4iv\u00e4kirja","article_published_time":"2020-07-30T08:03:16+00:00","article_modified_time":"2020-07-30T08:10:30+00:00","og_image":[{"width":1843,"height":2728,"url":"https:\/\/suomenkuvalehti.fi\/kirjailijanpaivakirja\/wp-content\/uploads\/sites\/21\/2020\/07\/teidan.jpg","type":"image\/jpeg"}],"author":"Karo H\u00e4m\u00e4l\u00e4inen","twitter_card":"summary_large_image","twitter_misc":{"Written by":"Karo H\u00e4m\u00e4l\u00e4inen","Est. reading time":"3 minuuttia"},"schema":{"@context":"https:\/\/schema.org","@graph":[{"@type":"WebPage","@id":"https:\/\/suomenkuvalehti.fi\/kirjailijanpaivakirja\/markus-leikolan-jumalallinen-naytelma-laittaa-maailmanhistorian-tehosekoittimeen\/","url":"https:\/\/suomenkuvalehti.fi\/kirjailijanpaivakirja\/markus-leikolan-jumalallinen-naytelma-laittaa-maailmanhistorian-tehosekoittimeen\/","name":"Markus Leikolan jumalallinen n\u00e4ytelm\u00e4 laittaa maailmanhistorian tehosekoittimeen - Kirjailijan p\u00e4iv\u00e4kirja","isPartOf":{"@id":"https:\/\/suomenkuvalehti.fi\/kirjailijanpaivakirja\/#website"},"primaryImageOfPage":{"@id":"https:\/\/suomenkuvalehti.fi\/kirjailijanpaivakirja\/markus-leikolan-jumalallinen-naytelma-laittaa-maailmanhistorian-tehosekoittimeen\/#primaryimage"},"image":{"@id":"https:\/\/suomenkuvalehti.fi\/kirjailijanpaivakirja\/markus-leikolan-jumalallinen-naytelma-laittaa-maailmanhistorian-tehosekoittimeen\/#primaryimage"},"thumbnailUrl":"https:\/\/suomenkuvalehti.fi\/kirjailijanpaivakirja\/wp-content\/uploads\/sites\/21\/2020\/07\/teidan.jpg","datePublished":"2020-07-30T08:03:16+00:00","dateModified":"2020-07-30T08:10:30+00:00","author":{"@id":"https:\/\/suomenkuvalehti.fi\/kirjailijanpaivakirja\/#\/schema\/person\/ca2dfd9d508d8c675e07b3c099fc789b"},"description":"Markus Leikolan mammuttiromaani Teid\u00e4n edest\u00e4nne annettu on mielikuvituksen ilotulitusta. Leikola kytkee toisiinsa bakteerien taistelun, holokaustin organisoineen Adolf Eichmannin ja kristinuskon. Noin ensialkuun ja muun muassa.","breadcrumb":{"@id":"https:\/\/suomenkuvalehti.fi\/kirjailijanpaivakirja\/markus-leikolan-jumalallinen-naytelma-laittaa-maailmanhistorian-tehosekoittimeen\/#breadcrumb"},"inLanguage":"fi","potentialAction":[{"@type":"ReadAction","target":["https:\/\/suomenkuvalehti.fi\/kirjailijanpaivakirja\/markus-leikolan-jumalallinen-naytelma-laittaa-maailmanhistorian-tehosekoittimeen\/"]}]},{"@type":"ImageObject","inLanguage":"fi","@id":"https:\/\/suomenkuvalehti.fi\/kirjailijanpaivakirja\/markus-leikolan-jumalallinen-naytelma-laittaa-maailmanhistorian-tehosekoittimeen\/#primaryimage","url":"https:\/\/suomenkuvalehti.fi\/kirjailijanpaivakirja\/wp-content\/uploads\/sites\/21\/2020\/07\/teidan.jpg","contentUrl":"https:\/\/suomenkuvalehti.fi\/kirjailijanpaivakirja\/wp-content\/uploads\/sites\/21\/2020\/07\/teidan.jpg","width":1843,"height":2728,"caption":"Markus Leikolan romaanin ulkoasun on suunnitellut Martti Ruokonen."},{"@type":"BreadcrumbList","@id":"https:\/\/suomenkuvalehti.fi\/kirjailijanpaivakirja\/markus-leikolan-jumalallinen-naytelma-laittaa-maailmanhistorian-tehosekoittimeen\/#breadcrumb","itemListElement":[{"@type":"ListItem","position":1,"name":"Home","item":"https:\/\/suomenkuvalehti.fi\/kirjailijanpaivakirja\/"},{"@type":"ListItem","position":2,"name":"Markus Leikolan jumalallinen n\u00e4ytelm\u00e4 laittaa maailmanhistorian tehosekoittimeen"}]},{"@type":"WebSite","@id":"https:\/\/suomenkuvalehti.fi\/kirjailijanpaivakirja\/#website","url":"https:\/\/suomenkuvalehti.fi\/kirjailijanpaivakirja\/","name":"Kirjailijan p\u00e4iv\u00e4kirja","description":"Proosakirjailijan arkea ja kirjallisuuden ajankohtaisia aiheita.","potentialAction":[{"@type":"SearchAction","target":{"@type":"EntryPoint","urlTemplate":"https:\/\/suomenkuvalehti.fi\/haku\/?q={search_term_string}"},"query-input":{"@type":"PropertyValueSpecification","valueRequired":true,"valueName":"search_term_string"}}],"inLanguage":"fi"},{"@type":"Person","@id":"https:\/\/suomenkuvalehti.fi\/kirjailijanpaivakirja\/#\/schema\/person\/ca2dfd9d508d8c675e07b3c099fc789b","name":"Karo H\u00e4m\u00e4l\u00e4inen","image":{"@type":"ImageObject","inLanguage":"fi","@id":"https:\/\/suomenkuvalehti.fi\/kirjailijanpaivakirja\/#\/schema\/person\/image\/","url":"https:\/\/suomenkuvalehti.fi\/kirjailijanpaivakirja\/wp-content\/uploads\/sites\/21\/2022\/04\/hamalainen_karo06-1-150x150.jpg","contentUrl":"https:\/\/suomenkuvalehti.fi\/kirjailijanpaivakirja\/wp-content\/uploads\/sites\/21\/2022\/04\/hamalainen_karo06-1-150x150.jpg","caption":"Karo H\u00e4m\u00e4l\u00e4inen"},"description":"Karo H\u00e4m\u00e4l\u00e4inen on kirjailija ja talouteen erikoistunut vapaa toimittaja."}]}},"_links":{"self":[{"href":"https:\/\/suomenkuvalehti.fi\/kirjailijanpaivakirja\/wp-json\/wp\/v2\/posts\/1852","targetHints":{"allow":["GET"]}}],"collection":[{"href":"https:\/\/suomenkuvalehti.fi\/kirjailijanpaivakirja\/wp-json\/wp\/v2\/posts"}],"about":[{"href":"https:\/\/suomenkuvalehti.fi\/kirjailijanpaivakirja\/wp-json\/wp\/v2\/types\/post"}],"author":[{"embeddable":true,"href":"https:\/\/suomenkuvalehti.fi\/kirjailijanpaivakirja\/wp-json\/wp\/v2\/users\/129"}],"replies":[{"embeddable":true,"href":"https:\/\/suomenkuvalehti.fi\/kirjailijanpaivakirja\/wp-json\/wp\/v2\/comments?post=1852"}],"version-history":[{"count":3,"href":"https:\/\/suomenkuvalehti.fi\/kirjailijanpaivakirja\/wp-json\/wp\/v2\/posts\/1852\/revisions"}],"predecessor-version":[{"id":1856,"href":"https:\/\/suomenkuvalehti.fi\/kirjailijanpaivakirja\/wp-json\/wp\/v2\/posts\/1852\/revisions\/1856"}],"wp:featuredmedia":[{"embeddable":true,"href":"https:\/\/suomenkuvalehti.fi\/kirjailijanpaivakirja\/wp-json\/wp\/v2\/media\/1853"}],"wp:attachment":[{"href":"https:\/\/suomenkuvalehti.fi\/kirjailijanpaivakirja\/wp-json\/wp\/v2\/media?parent=1852"}],"wp:term":[{"taxonomy":"category","embeddable":true,"href":"https:\/\/suomenkuvalehti.fi\/kirjailijanpaivakirja\/wp-json\/wp\/v2\/categories?post=1852"},{"taxonomy":"post_tag","embeddable":true,"href":"https:\/\/suomenkuvalehti.fi\/kirjailijanpaivakirja\/wp-json\/wp\/v2\/tags?post=1852"}],"curies":[{"name":"wp","href":"https:\/\/api.w.org\/{rel}","templated":true}]}}