{"id":1849,"date":"2020-07-27T10:32:11","date_gmt":"2020-07-27T07:32:11","guid":{"rendered":"https:\/\/suomenkuvalehti.fi\/kirjailijanpaivakirja\/?p=1849"},"modified":"2020-07-27T10:32:11","modified_gmt":"2020-07-27T07:32:11","slug":"x-sukupolvi-ja-millenniaalit-kayvat-verista-taistelua-puuroutuvassa-esikoistrillerissa","status":"publish","type":"post","link":"https:\/\/suomenkuvalehti.fi\/kirjailijanpaivakirja\/x-sukupolvi-ja-millenniaalit-kayvat-verista-taistelua-puuroutuvassa-esikoistrillerissa\/","title":{"rendered":"X-sukupolvi ja millenniaalit k\u00e4yv\u00e4t verist\u00e4 taistelua puuroutuvassa esikoistrilleriss\u00e4"},"content":{"rendered":"<figure class=\"alignleft size-medium is-resized wp-block-image\">\n  <div class=\"wp-block-image__inner-container\">\n    <a href='https:\/\/suomenkuvalehti.fi\/kirjailijanpaivakirja\/wp-content\/uploads\/sites\/21\/2020\/07\/9789511355427.jpg'><img loading=\"lazy\" decoding=\"async\" src=\"https:\/\/suomenkuvalehti.fi\/kirjailijanpaivakirja\/wp-content\/uploads\/sites\/21\/2020\/07\/9789511355427-207x300.jpg\" alt=\"\" class=\"wp-image-1850\" width=\"207\" height=\"300\" style=\"--aspect-ratio: 0.69\" srcset=\"https:\/\/suomenkuvalehti.fi\/kirjailijanpaivakirja\/wp-content\/uploads\/sites\/21\/2020\/07\/9789511355427-207x300.jpg 207w, https:\/\/suomenkuvalehti.fi\/kirjailijanpaivakirja\/wp-content\/uploads\/sites\/21\/2020\/07\/9789511355427-768x1112.jpg 768w, https:\/\/suomenkuvalehti.fi\/kirjailijanpaivakirja\/wp-content\/uploads\/sites\/21\/2020\/07\/9789511355427-707x1024.jpg 707w, https:\/\/suomenkuvalehti.fi\/kirjailijanpaivakirja\/wp-content\/uploads\/sites\/21\/2020\/07\/9789511355427-300x434.jpg 300w, https:\/\/suomenkuvalehti.fi\/kirjailijanpaivakirja\/wp-content\/uploads\/sites\/21\/2020\/07\/9789511355427-630x912.jpg 630w, https:\/\/suomenkuvalehti.fi\/kirjailijanpaivakirja\/wp-content\/uploads\/sites\/21\/2020\/07\/9789511355427.jpg 1689w\" sizes=\"auto, (max-width: 207px) 100vw, 207px\" \/><\/a>  <\/div>\n<\/figure>\n\n\n<p><span class=\"capitalized\">Alkoholisoituneesta<\/span> keski-ik\u00e4isest\u00e4 naisesta tuntuu tulleen psykologisiksi trillereiksi kutsuttujen romaanien vakiop\u00e4\u00e4henkil\u00f6. <a href=\"https:\/\/suomenkuvalehti.fi\/kirjailijanpaivakirja\/juristit-promillen-tuolla-puolen-veriappelsiinin-paahenkilo-on-psykologisen-trillerin-vakiohahmoksi-noussut-ristiriitainen-nainen\/?shared=1709-cd7f4097-999\">Puoli vuotta sitten kirjoitin<\/a> <strong>Harriet Tycen<\/strong> <em>Veriappelsiinista<\/em> (suom. <strong>Oona Nystr\u00f6m<\/strong>, Otava 2020) ja muista lajityypin viimevuotisista bestsellereist\u00e4.<\/p>\n\n\n\n<p>Huomattavan usein t\u00e4llaiset kirjat n\u00e4k\u00f6j\u00e4\u00e4n ovat my\u00f6s naispuolisten brittikirjailijoiden esikoisteoksia. Niin my\u00f6s lajityypin t\u00e4m\u00e4nkes\u00e4inen kansainv\u00e4linen menestys <strong>Helen Monks Takharin<\/strong> <em>Kaikki mit\u00e4 halusit<\/em> (suom. <strong>Kirsi Luoma<\/strong>, Like 2020).<\/p>\n\n\n\n<p>Romaanin p\u00e4\u00e4henkil\u00f6 Katherine Ross ty\u00f6skentelee johtamiseen erikoistuneen julkaisun p\u00e4\u00e4toimittajana. H\u00e4nen toimituksessaan aloittaa uusi harjoittelija Lily Lunt, joka tuntuu hallitsevan klikkijournalismin pelis\u00e4\u00e4nn\u00f6t kirkkaasti 41-vuotiasta p\u00e4\u00e4toimittajaa paremmin.<\/p>\n\n\n\n<p>Sek\u00e4 Ross ett\u00e4 Lunt ovat hykerrytt\u00e4v\u00e4n vastenmielisi\u00e4 henkil\u00f6it\u00e4, ylimielisi\u00e4 s\u00e4rkyneit\u00e4 sieluja, joita alkaa k\u00e4yd\u00e4 s\u00e4\u00e4liksi ja joille alkaa toivoa hyv\u00e4\u00e4.&nbsp;Vaan kovin niukastihan hyv\u00e4\u00e4 on tarjolla, kun trillerist\u00e4 on kyse.<\/p>\n\n\n\n<p>&nbsp;<\/p>\n\n\n\n<p><span class=\"capitalized\">Helen Monks Takhar<\/span> avaa romaanin tehokkaasti laittamalla naiset samaan taksiin. Keskustelun edetess\u00e4 paljastuu, ett\u00e4 nuorempi nainen on tulossa vanhemman toimitukseen t\u00f6ihin.<\/p>\n\n\n\n<p>Vasta hieman my\u00f6hemmin k\u00e4y ilmi, ett\u00e4 Lily Lunt on Kathrine Rossin oman pomon sisarentyt\u00e4r.<\/p>\n\n\n\n<p>Hieman my\u00f6hemmin, ett\u00e4 juuri Lily Lunt on saanut t\u00e4tins\u00e4 ostamaan vaikeuksissa olleen lehden.<\/p>\n\n\n\n<p>Eik\u00e4 Lily Lunt ollut tunnistavinaan Kathrine Rossia taksissa, vaikka tuntuu tiet\u00e4v\u00e4n t\u00e4st\u00e4 varsin paljon.<\/p>\n\n\n\n<p>T\u00e4llainen asioiden v\u00e4hitt\u00e4inen paljastuminen on psykologista trilleri\u00e4 parhaimmillaan. Kuvioon tietenkin kuuluu my\u00f6s se, ett\u00e4 v\u00e4hint\u00e4\u00e4n yksi henkil\u00f6 juonittelee jotain toisen tai toisten sel\u00e4n takana. Lukija v\u00e4hint\u00e4\u00e4n aavistaa sen ja odottaa asioiden paljastumista.<\/p>\n\n\n\n<p>&nbsp;<\/p>\n\n\n\n<p><span class=\"capitalized\"><em>Kaikki mit\u00e4 halusit<\/em><\/span> -romaanissa trillerij\u00e4nnitys kuitenkin puuroutuu ja sit\u00e4 t\u00e4rke\u00e4mm\u00e4ksi nousee sukupolvien v\u00e4linen kuilu. Ross ja Lunt edustavat per\u00e4kk\u00e4isi\u00e4 sukupolvia, ja aivan niin kuin feministisess\u00e4 keskustelussa ei ole yksil\u00f6it\u00e4 vaan sukupuolia, Takharin romaanissa p\u00e4\u00e4henkil\u00f6 ja toinen p\u00e4\u00e4henkil\u00f6 edustavat sukupolviaan.<\/p>\n\n\n\n<p>J\u00e4lkisanojen perusteella kirjailija liitt\u00e4\u00e4 sukupolven oheen sukupuolen. H\u00e4n on tarkoittanut heid\u00e4t nimenomaisesti X-sukupolven naiseksi ja millenniaalinaiseksi. Millenniaaleja teoksessa kutsutaan englantilaiseen tapaan lumihiutaleiksi (<em>snowflake<\/em>).<\/p>\n\n\n\n<p>Ross halveksuu lumihiutaleita, jotka k\u00e4ytt\u00e4v\u00e4t erikoisia sanoja ja paheksuvat, jos joku poikkeaa poliittisesti korrektista kielenk\u00e4yt\u00f6st\u00e4. Eiv\u00e4tk\u00e4 he edes juo alkoholia. Kaiken lis\u00e4ksi parikymppiset ovat nuoria toisin kuin nelikymppiset.<\/p>\n\n\n\n<p>Yht\u00e4 lailla Lunt tuntuu tekev\u00e4n kostoretke\u00e4 koko millenniaalisukupolven puolesta X-sukupolvea vastaan. H\u00e4n haluaa kumota rakenteet, jotka eiv\u00e4t ole en\u00e4\u00e4 t\u00e4t\u00e4 p\u00e4iv\u00e4\u00e4, ja riist\u00e4\u00e4 keski-ik\u00e4isten etuoikeutetun aseman.<\/p>\n\n\n\n<p>&nbsp;<\/p>\n\n\n\n<p><span class=\"capitalized\">Romaani<\/span> voisikin olla mit\u00e4 mainioin satiiri sukupolvien v\u00e4lisest\u00e4 sodasta, mutta Helen Monks Takhar juuttuu toistelemaan samoja sukupolvistereotypioita. Ehk\u00e4 kirjaan on pit\u00e4nyt saada tietty sivum\u00e4\u00e4r\u00e4, jotta se k\u00e4visi paremmin kaupaksi k\u00e4\u00e4nn\u00f6soikeusmarkkinoilla.<\/p>\n\n\n\n<p>Romaanin keitt\u00e4minen sellupuuroksi on suuri s\u00e4\u00e4li, sill\u00e4 Helen Monks Takhar osaa selv\u00e4sti rakentaa ja purkaa j\u00e4nnityst\u00e4 ja sukupolvistereotypioilla leikittely on hauskaa ennen kuin levy alkaa py\u00f6ri\u00e4 samaa uraa.<\/p>\n\n\n\n<p>Kirjailija kehittelee ajatusta Luntista Rossin kaksi vuosikymment\u00e4 nuorempana versiona, mik\u00e4 nostaa hyvin esiin ajatuksen: onko 1970-1980-lukujen taitteessa syntyneill\u00e4 tapana ratkaista vaikean lapsuutensa traumat alkoholilla, kun taas vuosituhannen vaihteessa syntyneet p\u00e4\u00e4tyv\u00e4t perfektionismiin?<\/p>\n\n\n\n<p>Helen Monks Takhar itse edustaa X-sukupolvea. H\u00e4n kertoo j\u00e4lkisanoissa saaneensa romaanin alkusys\u00e4yksen huomattuaan, etteiv\u00e4t tuntemattomat miehet en\u00e4\u00e4 kommentoi h\u00e4nt\u00e4, kun h\u00e4n k\u00e4y lenkill\u00e4.<\/p>\n\n\n","protected":false},"excerpt":{"rendered":"<p>Alkoholisoituneesta keski-ik\u00e4isest\u00e4 naisesta tuntuu tulleen psykologisiksi trillereiksi kutsuttujen romaanien vakiop\u00e4\u00e4henkil\u00f6. Puoli vuotta sitten kirjoitin Harriet Tycen Veriappelsiinista (suom. Oona Nystr\u00f6m, Otava 2020) ja muista<br \/>\nlajit&hellip;<\/p>\n","protected":false},"author":129,"featured_media":1850,"comment_status":"open","ping_status":"open","sticky":false,"template":"","format":"standard","meta":{"_acf_changed":false,"asauth_required_access_level":3,"asauth_cansharepaid":"true","om_header_attributes":[],"footnotes":"","om_featured_image_focal_point":[],"om_primary_tag":0,"om_contributors":[],"om_co_authors":[],"beyondwords_generate_audio":"","beyondwords_project_id":"","beyondwords_content_id":"","beyondwords_preview_token":"","beyondwords_player_content":"","beyondwords_player_style":"","beyondwords_language_code":"","beyondwords_language_id":"","beyondwords_title_voice_id":"","beyondwords_body_voice_id":"","beyondwords_summary_voice_id":"","beyondwords_error_message":"","beyondwords_disabled":"","beyondwords_delete_content":"","beyondwords_podcast_id":"","beyondwords_hash":"","publish_post_to_speechkit":"","speechkit_hash":"","speechkit_generate_audio":"","speechkit_project_id":"","speechkit_podcast_id":"","speechkit_error_message":"","speechkit_disabled":"","speechkit_access_key":"","speechkit_error":"","speechkit_info":"","speechkit_response":"","speechkit_retries":"","speechkit_status":"","speechkit_updated_at":"","_speechkit_link":"","_speechkit_text":""},"categories":[1],"tags":[1425,1426],"class_list":["post-1849","post","type-post","status-publish","format-standard","has-post-thumbnail","hentry","category-kirjailijan-paivakirja","tag-helen-monks-takhar","tag-kaikki-mita-halusit"],"om_views":null,"acf":{"tuuma_off":false,"tuuma_kysymys":"","tuuma_vastaus":""},"asauth":{"required_access_level":1,"share_token":"","is_paid":false},"yoast_head":"<!-- This site is optimized with the Yoast SEO plugin v26.4 - https:\/\/yoast.com\/wordpress\/plugins\/seo\/ -->\n<title>X-sukupolvi ja millenniaalit k\u00e4yv\u00e4t verist\u00e4 taistelua puuroutuvassa esikoistrilleriss\u00e4 - Kirjailijan p\u00e4iv\u00e4kirja<\/title>\n<meta name=\"robots\" content=\"index, follow, max-snippet:-1, max-image-preview:large, max-video-preview:-1\" \/>\n<link rel=\"canonical\" href=\"https:\/\/suomenkuvalehti.fi\/kirjailijanpaivakirja\/x-sukupolvi-ja-millenniaalit-kayvat-verista-taistelua-puuroutuvassa-esikoistrillerissa\/\" \/>\n<meta property=\"og:locale\" content=\"fi_FI\" \/>\n<meta property=\"og:type\" content=\"article\" \/>\n<meta property=\"og:title\" content=\"X-sukupolvi ja millenniaalit k\u00e4yv\u00e4t verist\u00e4 taistelua puuroutuvassa esikoistrilleriss\u00e4 - Kirjailijan p\u00e4iv\u00e4kirja\" \/>\n<meta property=\"og:description\" content=\"Alkoholisoituneesta keski-ik\u00e4isest\u00e4 naisesta tuntuu tulleen psykologisiksi trillereiksi kutsuttujen romaanien vakiop\u00e4\u00e4henkil\u00f6. Puoli vuotta sitten kirjoitin Harriet Tycen Veriappelsiinista (suom. Oona Nystr\u00f6m, Otava 2020) ja muista lajit&hellip;\" \/>\n<meta property=\"og:url\" content=\"https:\/\/suomenkuvalehti.fi\/kirjailijanpaivakirja\/x-sukupolvi-ja-millenniaalit-kayvat-verista-taistelua-puuroutuvassa-esikoistrillerissa\/\" \/>\n<meta property=\"og:site_name\" content=\"Kirjailijan p\u00e4iv\u00e4kirja\" \/>\n<meta property=\"article:published_time\" content=\"2020-07-27T07:32:11+00:00\" \/>\n<meta property=\"og:image\" content=\"https:\/\/suomenkuvalehti.fi\/kirjailijanpaivakirja\/wp-content\/uploads\/sites\/21\/2020\/07\/9789511355427.jpg\" \/>\n\t<meta property=\"og:image:width\" content=\"1689\" \/>\n\t<meta property=\"og:image:height\" content=\"2445\" \/>\n\t<meta property=\"og:image:type\" content=\"image\/jpeg\" \/>\n<meta name=\"author\" content=\"Karo H\u00e4m\u00e4l\u00e4inen\" \/>\n<meta name=\"twitter:card\" content=\"summary_large_image\" \/>\n<meta name=\"twitter:label1\" content=\"Written by\" \/>\n\t<meta name=\"twitter:data1\" content=\"Karo H\u00e4m\u00e4l\u00e4inen\" \/>\n\t<meta name=\"twitter:label2\" content=\"Est. reading time\" \/>\n\t<meta name=\"twitter:data2\" content=\"3 minuuttia\" \/>\n<script type=\"application\/ld+json\" class=\"yoast-schema-graph\">{\"@context\":\"https:\/\/schema.org\",\"@graph\":[{\"@type\":\"WebPage\",\"@id\":\"https:\/\/suomenkuvalehti.fi\/kirjailijanpaivakirja\/x-sukupolvi-ja-millenniaalit-kayvat-verista-taistelua-puuroutuvassa-esikoistrillerissa\/\",\"url\":\"https:\/\/suomenkuvalehti.fi\/kirjailijanpaivakirja\/x-sukupolvi-ja-millenniaalit-kayvat-verista-taistelua-puuroutuvassa-esikoistrillerissa\/\",\"name\":\"X-sukupolvi ja millenniaalit k\u00e4yv\u00e4t verist\u00e4 taistelua puuroutuvassa esikoistrilleriss\u00e4 - Kirjailijan p\u00e4iv\u00e4kirja\",\"isPartOf\":{\"@id\":\"https:\/\/suomenkuvalehti.fi\/kirjailijanpaivakirja\/#website\"},\"primaryImageOfPage\":{\"@id\":\"https:\/\/suomenkuvalehti.fi\/kirjailijanpaivakirja\/x-sukupolvi-ja-millenniaalit-kayvat-verista-taistelua-puuroutuvassa-esikoistrillerissa\/#primaryimage\"},\"image\":{\"@id\":\"https:\/\/suomenkuvalehti.fi\/kirjailijanpaivakirja\/x-sukupolvi-ja-millenniaalit-kayvat-verista-taistelua-puuroutuvassa-esikoistrillerissa\/#primaryimage\"},\"thumbnailUrl\":\"https:\/\/suomenkuvalehti.fi\/kirjailijanpaivakirja\/wp-content\/uploads\/sites\/21\/2020\/07\/9789511355427.jpg\",\"datePublished\":\"2020-07-27T07:32:11+00:00\",\"author\":{\"@id\":\"https:\/\/suomenkuvalehti.fi\/kirjailijanpaivakirja\/#\/schema\/person\/ca2dfd9d508d8c675e07b3c099fc789b\"},\"breadcrumb\":{\"@id\":\"https:\/\/suomenkuvalehti.fi\/kirjailijanpaivakirja\/x-sukupolvi-ja-millenniaalit-kayvat-verista-taistelua-puuroutuvassa-esikoistrillerissa\/#breadcrumb\"},\"inLanguage\":\"fi\",\"potentialAction\":[{\"@type\":\"ReadAction\",\"target\":[\"https:\/\/suomenkuvalehti.fi\/kirjailijanpaivakirja\/x-sukupolvi-ja-millenniaalit-kayvat-verista-taistelua-puuroutuvassa-esikoistrillerissa\/\"]}]},{\"@type\":\"ImageObject\",\"inLanguage\":\"fi\",\"@id\":\"https:\/\/suomenkuvalehti.fi\/kirjailijanpaivakirja\/x-sukupolvi-ja-millenniaalit-kayvat-verista-taistelua-puuroutuvassa-esikoistrillerissa\/#primaryimage\",\"url\":\"https:\/\/suomenkuvalehti.fi\/kirjailijanpaivakirja\/wp-content\/uploads\/sites\/21\/2020\/07\/9789511355427.jpg\",\"contentUrl\":\"https:\/\/suomenkuvalehti.fi\/kirjailijanpaivakirja\/wp-content\/uploads\/sites\/21\/2020\/07\/9789511355427.jpg\",\"width\":1689,\"height\":2445},{\"@type\":\"BreadcrumbList\",\"@id\":\"https:\/\/suomenkuvalehti.fi\/kirjailijanpaivakirja\/x-sukupolvi-ja-millenniaalit-kayvat-verista-taistelua-puuroutuvassa-esikoistrillerissa\/#breadcrumb\",\"itemListElement\":[{\"@type\":\"ListItem\",\"position\":1,\"name\":\"Home\",\"item\":\"https:\/\/suomenkuvalehti.fi\/kirjailijanpaivakirja\/\"},{\"@type\":\"ListItem\",\"position\":2,\"name\":\"X-sukupolvi ja millenniaalit k\u00e4yv\u00e4t verist\u00e4 taistelua puuroutuvassa esikoistrilleriss\u00e4\"}]},{\"@type\":\"WebSite\",\"@id\":\"https:\/\/suomenkuvalehti.fi\/kirjailijanpaivakirja\/#website\",\"url\":\"https:\/\/suomenkuvalehti.fi\/kirjailijanpaivakirja\/\",\"name\":\"Kirjailijan p\u00e4iv\u00e4kirja\",\"description\":\"Proosakirjailijan arkea ja kirjallisuuden ajankohtaisia aiheita.\",\"potentialAction\":[{\"@type\":\"SearchAction\",\"target\":{\"@type\":\"EntryPoint\",\"urlTemplate\":\"https:\/\/suomenkuvalehti.fi\/haku\/?q={search_term_string}\"},\"query-input\":{\"@type\":\"PropertyValueSpecification\",\"valueRequired\":true,\"valueName\":\"search_term_string\"}}],\"inLanguage\":\"fi\"},{\"@type\":\"Person\",\"@id\":\"https:\/\/suomenkuvalehti.fi\/kirjailijanpaivakirja\/#\/schema\/person\/ca2dfd9d508d8c675e07b3c099fc789b\",\"name\":\"Karo H\u00e4m\u00e4l\u00e4inen\",\"image\":{\"@type\":\"ImageObject\",\"inLanguage\":\"fi\",\"@id\":\"https:\/\/suomenkuvalehti.fi\/kirjailijanpaivakirja\/#\/schema\/person\/image\/\",\"url\":\"https:\/\/suomenkuvalehti.fi\/kirjailijanpaivakirja\/wp-content\/uploads\/sites\/21\/2022\/04\/hamalainen_karo06-1-150x150.jpg\",\"contentUrl\":\"https:\/\/suomenkuvalehti.fi\/kirjailijanpaivakirja\/wp-content\/uploads\/sites\/21\/2022\/04\/hamalainen_karo06-1-150x150.jpg\",\"caption\":\"Karo H\u00e4m\u00e4l\u00e4inen\"},\"description\":\"Karo H\u00e4m\u00e4l\u00e4inen on kirjailija ja talouteen erikoistunut vapaa toimittaja.\"}]}<\/script>\n<!-- \/ Yoast SEO plugin. -->","yoast_head_json":{"title":"X-sukupolvi ja millenniaalit k\u00e4yv\u00e4t verist\u00e4 taistelua puuroutuvassa esikoistrilleriss\u00e4 - Kirjailijan p\u00e4iv\u00e4kirja","robots":{"index":"index","follow":"follow","max-snippet":"max-snippet:-1","max-image-preview":"max-image-preview:large","max-video-preview":"max-video-preview:-1"},"canonical":"https:\/\/suomenkuvalehti.fi\/kirjailijanpaivakirja\/x-sukupolvi-ja-millenniaalit-kayvat-verista-taistelua-puuroutuvassa-esikoistrillerissa\/","og_locale":"fi_FI","og_type":"article","og_title":"X-sukupolvi ja millenniaalit k\u00e4yv\u00e4t verist\u00e4 taistelua puuroutuvassa esikoistrilleriss\u00e4 - Kirjailijan p\u00e4iv\u00e4kirja","og_description":"Alkoholisoituneesta keski-ik\u00e4isest\u00e4 naisesta tuntuu tulleen psykologisiksi trillereiksi kutsuttujen romaanien vakiop\u00e4\u00e4henkil\u00f6. Puoli vuotta sitten kirjoitin Harriet Tycen Veriappelsiinista (suom. Oona Nystr\u00f6m, Otava 2020) ja muista lajit&hellip;","og_url":"https:\/\/suomenkuvalehti.fi\/kirjailijanpaivakirja\/x-sukupolvi-ja-millenniaalit-kayvat-verista-taistelua-puuroutuvassa-esikoistrillerissa\/","og_site_name":"Kirjailijan p\u00e4iv\u00e4kirja","article_published_time":"2020-07-27T07:32:11+00:00","og_image":[{"width":1689,"height":2445,"url":"https:\/\/suomenkuvalehti.fi\/kirjailijanpaivakirja\/wp-content\/uploads\/sites\/21\/2020\/07\/9789511355427.jpg","type":"image\/jpeg"}],"author":"Karo H\u00e4m\u00e4l\u00e4inen","twitter_card":"summary_large_image","twitter_misc":{"Written by":"Karo H\u00e4m\u00e4l\u00e4inen","Est. reading time":"3 minuuttia"},"schema":{"@context":"https:\/\/schema.org","@graph":[{"@type":"WebPage","@id":"https:\/\/suomenkuvalehti.fi\/kirjailijanpaivakirja\/x-sukupolvi-ja-millenniaalit-kayvat-verista-taistelua-puuroutuvassa-esikoistrillerissa\/","url":"https:\/\/suomenkuvalehti.fi\/kirjailijanpaivakirja\/x-sukupolvi-ja-millenniaalit-kayvat-verista-taistelua-puuroutuvassa-esikoistrillerissa\/","name":"X-sukupolvi ja millenniaalit k\u00e4yv\u00e4t verist\u00e4 taistelua puuroutuvassa esikoistrilleriss\u00e4 - Kirjailijan p\u00e4iv\u00e4kirja","isPartOf":{"@id":"https:\/\/suomenkuvalehti.fi\/kirjailijanpaivakirja\/#website"},"primaryImageOfPage":{"@id":"https:\/\/suomenkuvalehti.fi\/kirjailijanpaivakirja\/x-sukupolvi-ja-millenniaalit-kayvat-verista-taistelua-puuroutuvassa-esikoistrillerissa\/#primaryimage"},"image":{"@id":"https:\/\/suomenkuvalehti.fi\/kirjailijanpaivakirja\/x-sukupolvi-ja-millenniaalit-kayvat-verista-taistelua-puuroutuvassa-esikoistrillerissa\/#primaryimage"},"thumbnailUrl":"https:\/\/suomenkuvalehti.fi\/kirjailijanpaivakirja\/wp-content\/uploads\/sites\/21\/2020\/07\/9789511355427.jpg","datePublished":"2020-07-27T07:32:11+00:00","author":{"@id":"https:\/\/suomenkuvalehti.fi\/kirjailijanpaivakirja\/#\/schema\/person\/ca2dfd9d508d8c675e07b3c099fc789b"},"breadcrumb":{"@id":"https:\/\/suomenkuvalehti.fi\/kirjailijanpaivakirja\/x-sukupolvi-ja-millenniaalit-kayvat-verista-taistelua-puuroutuvassa-esikoistrillerissa\/#breadcrumb"},"inLanguage":"fi","potentialAction":[{"@type":"ReadAction","target":["https:\/\/suomenkuvalehti.fi\/kirjailijanpaivakirja\/x-sukupolvi-ja-millenniaalit-kayvat-verista-taistelua-puuroutuvassa-esikoistrillerissa\/"]}]},{"@type":"ImageObject","inLanguage":"fi","@id":"https:\/\/suomenkuvalehti.fi\/kirjailijanpaivakirja\/x-sukupolvi-ja-millenniaalit-kayvat-verista-taistelua-puuroutuvassa-esikoistrillerissa\/#primaryimage","url":"https:\/\/suomenkuvalehti.fi\/kirjailijanpaivakirja\/wp-content\/uploads\/sites\/21\/2020\/07\/9789511355427.jpg","contentUrl":"https:\/\/suomenkuvalehti.fi\/kirjailijanpaivakirja\/wp-content\/uploads\/sites\/21\/2020\/07\/9789511355427.jpg","width":1689,"height":2445},{"@type":"BreadcrumbList","@id":"https:\/\/suomenkuvalehti.fi\/kirjailijanpaivakirja\/x-sukupolvi-ja-millenniaalit-kayvat-verista-taistelua-puuroutuvassa-esikoistrillerissa\/#breadcrumb","itemListElement":[{"@type":"ListItem","position":1,"name":"Home","item":"https:\/\/suomenkuvalehti.fi\/kirjailijanpaivakirja\/"},{"@type":"ListItem","position":2,"name":"X-sukupolvi ja millenniaalit k\u00e4yv\u00e4t verist\u00e4 taistelua puuroutuvassa esikoistrilleriss\u00e4"}]},{"@type":"WebSite","@id":"https:\/\/suomenkuvalehti.fi\/kirjailijanpaivakirja\/#website","url":"https:\/\/suomenkuvalehti.fi\/kirjailijanpaivakirja\/","name":"Kirjailijan p\u00e4iv\u00e4kirja","description":"Proosakirjailijan arkea ja kirjallisuuden ajankohtaisia aiheita.","potentialAction":[{"@type":"SearchAction","target":{"@type":"EntryPoint","urlTemplate":"https:\/\/suomenkuvalehti.fi\/haku\/?q={search_term_string}"},"query-input":{"@type":"PropertyValueSpecification","valueRequired":true,"valueName":"search_term_string"}}],"inLanguage":"fi"},{"@type":"Person","@id":"https:\/\/suomenkuvalehti.fi\/kirjailijanpaivakirja\/#\/schema\/person\/ca2dfd9d508d8c675e07b3c099fc789b","name":"Karo H\u00e4m\u00e4l\u00e4inen","image":{"@type":"ImageObject","inLanguage":"fi","@id":"https:\/\/suomenkuvalehti.fi\/kirjailijanpaivakirja\/#\/schema\/person\/image\/","url":"https:\/\/suomenkuvalehti.fi\/kirjailijanpaivakirja\/wp-content\/uploads\/sites\/21\/2022\/04\/hamalainen_karo06-1-150x150.jpg","contentUrl":"https:\/\/suomenkuvalehti.fi\/kirjailijanpaivakirja\/wp-content\/uploads\/sites\/21\/2022\/04\/hamalainen_karo06-1-150x150.jpg","caption":"Karo H\u00e4m\u00e4l\u00e4inen"},"description":"Karo H\u00e4m\u00e4l\u00e4inen on kirjailija ja talouteen erikoistunut vapaa toimittaja."}]}},"_links":{"self":[{"href":"https:\/\/suomenkuvalehti.fi\/kirjailijanpaivakirja\/wp-json\/wp\/v2\/posts\/1849","targetHints":{"allow":["GET"]}}],"collection":[{"href":"https:\/\/suomenkuvalehti.fi\/kirjailijanpaivakirja\/wp-json\/wp\/v2\/posts"}],"about":[{"href":"https:\/\/suomenkuvalehti.fi\/kirjailijanpaivakirja\/wp-json\/wp\/v2\/types\/post"}],"author":[{"embeddable":true,"href":"https:\/\/suomenkuvalehti.fi\/kirjailijanpaivakirja\/wp-json\/wp\/v2\/users\/129"}],"replies":[{"embeddable":true,"href":"https:\/\/suomenkuvalehti.fi\/kirjailijanpaivakirja\/wp-json\/wp\/v2\/comments?post=1849"}],"version-history":[{"count":1,"href":"https:\/\/suomenkuvalehti.fi\/kirjailijanpaivakirja\/wp-json\/wp\/v2\/posts\/1849\/revisions"}],"predecessor-version":[{"id":1851,"href":"https:\/\/suomenkuvalehti.fi\/kirjailijanpaivakirja\/wp-json\/wp\/v2\/posts\/1849\/revisions\/1851"}],"wp:featuredmedia":[{"embeddable":true,"href":"https:\/\/suomenkuvalehti.fi\/kirjailijanpaivakirja\/wp-json\/wp\/v2\/media\/1850"}],"wp:attachment":[{"href":"https:\/\/suomenkuvalehti.fi\/kirjailijanpaivakirja\/wp-json\/wp\/v2\/media?parent=1849"}],"wp:term":[{"taxonomy":"category","embeddable":true,"href":"https:\/\/suomenkuvalehti.fi\/kirjailijanpaivakirja\/wp-json\/wp\/v2\/categories?post=1849"},{"taxonomy":"post_tag","embeddable":true,"href":"https:\/\/suomenkuvalehti.fi\/kirjailijanpaivakirja\/wp-json\/wp\/v2\/tags?post=1849"}],"curies":[{"name":"wp","href":"https:\/\/api.w.org\/{rel}","templated":true}]}}