{"id":1820,"date":"2020-06-09T17:36:37","date_gmt":"2020-06-09T14:36:37","guid":{"rendered":"https:\/\/suomenkuvalehti.fi\/kirjailijanpaivakirja\/?p=1820"},"modified":"2020-06-09T19:35:39","modified_gmt":"2020-06-09T16:35:39","slug":"suomalaiset-rikoksen-ammattilaiset-kertovat-tama-on-minulle-kaikkien-aikojen-dekkari","status":"publish","type":"post","link":"https:\/\/suomenkuvalehti.fi\/kirjailijanpaivakirja\/suomalaiset-rikoksen-ammattilaiset-kertovat-tama-on-minulle-kaikkien-aikojen-dekkari\/","title":{"rendered":"Suomalaiset rikoksen ammattilaiset kertovat: T\u00e4m\u00e4 on minulle kaikkien aikojen dekkari"},"content":{"rendered":"\n<p>Mik\u00e4 on kaikkien aikojen dekkari?<\/p>\n\n\n\n<p>Kysymys on yht\u00e4 mahdoton kuin subjektiivinen, joten hyv\u00e4 onkin l\u00e4hesty\u00e4 sit\u00e4 t\u00e4ysin subjetiivisesta n\u00e4k\u00f6kulmasta. T\u00e4ll\u00e4 viikolla vietett\u00e4v\u00e4n Dekkariviikon tiimoilta pyysin nelj\u00e4\u00e4 eturivin suomalaisdekkaristia paljastamaan, mik\u00e4 rikoskirja on kaikkein t\u00e4rkein juuri heille itselleen.<\/p>\n\n\n\n<p>&nbsp;<\/p>\n\n\n\n<p><strong>JP Koskinen &amp; Umberto Eco<\/strong><\/p>\n\n\n\n<p><strong>JP Koskisen<\/strong> <em>Murhan vuosi<\/em> -sarja jatkui vastik\u00e4\u00e4n ilmestyneell\u00e4 <em>Kes\u00e4kuun kalmantanssilla<\/em> (Crime Time 2020). Sarjan vuodenkierto on edennyt puoliv\u00e4liin.<\/p>\n\n\n\n<p>Koskisen valinta on <strong>Umberto Econ<\/strong> <em>Ruusun nimi<\/em> (suom. <strong>Aira Buffa<\/strong>, WSOY 1983).<\/p>\n\n\n\n<p>&nbsp;<\/p>\n\n\n\n<p>&#8221;Tied\u00e4n, ett\u00e4 t\u00e4m\u00e4 on varmaan monellakin listalla, mutta ei voi mit\u00e4\u00e4n. <strong>Philip Kerrin<\/strong> <em>Field Grey<\/em> on loistava, mutta en nyt saa sit\u00e4 kuitenkaan nostettua ohitse <strong>Umberto Econ<\/strong> <em>Ruusun nimen<\/em>.<\/p>\n\n\n\n<p><em>Ruusun nimi<\/em> on taitavasti rakennettu historiallinen dekkari, jossa on flirttailevia viittauksia lajin perinteisiin (muun muassa p\u00e4\u00e4henkil\u00f6 William Baskerville ja h\u00e4nen apulaisensa Adson Melkin). Samaab kirjaan on saatu mahdutettua salaliittoteorioita, suljetun paikan mysteereit\u00e4 ja perinteist\u00e4 murhatutkintaa, kaikki vuoteen 1327 sovitettuna.<\/p>\n\n\n\n<p>Tarina vie mukanaan, ja sen lukuisat viittaukset eri suuntiin ovat tietysti sit\u00e4 antoisampia, mit\u00e4 enemm\u00e4n tiet\u00e4\u00e4 1300-luvun maailmasta. Tarina toimii hyvin ilman ennakko-opiskeluakin, ja murhien selvitys etenee perinteisen ep\u00e4ilyksen ja erehdyksen kautta kohti huimaavaa loppua.&#8221;<\/p>\n\n\n\n<p>&nbsp;<\/p>\n\n\n\n<p><strong>Leena Lehtolainen &amp; Sara Paretsky<\/strong><\/p>\n\n\n\n<p><strong>Leena Lehtolaisen<\/strong> seuraava teos on suosittuun <em>Maria Kallio<\/em> -sarjaan kuuluva <em>J\u00e4lkikaiku<\/em> (Tammi 2020), jonka kerrotaan tulevan kauppoihin viikolla 31.<\/p>\n\n\n\n<p>H\u00e4nen valintansa on <strong>Sara Paretskyn<\/strong> <em>Sohaisu pime\u00e4\u00e4n<\/em> (suom. <strong>Osmo Saarinen<\/strong>, WSOY 1990).<\/p>\n\n\n\n<p>&nbsp;<\/p>\n\n\n\n<p>&#8221;En ole lainkaan sellainen ihminen, joka osaa sanoa yhden suosikin yht\u00e4\u00e4n mist\u00e4\u00e4n, kaikkein v\u00e4hiten kirjallisuudesta. Yksi suurimmista tajunnanr\u00e4j\u00e4ytt\u00e4jist\u00e4 on ollut <strong>Sara Paretskyn<\/strong> esikoinen <em>Idenmnity only<\/em>, 1982, ilmestyi suomeksi nimell\u00e4 <em>Sohaisu pime\u00e4\u00e4n<\/em> vuonna 1990. Siin\u00e4 Paretsky esitteli uudenlaisen dekkarip\u00e4\u00e4henkil\u00f6n, naispuolisen yksityisetsiv\u00e4n nimelt\u00e4 V. I. Warshawski.<\/p>\n\n\n\n<p>Kirjaa lukiessani ajattelin ett\u00e4 vau, n\u00e4inkin voi kirjoittaa, naispuolisen p\u00e4\u00e4henkil\u00f6n ei tarvitse olla poliisin vaimo tai eksentrinen t\u00e4ti vaan kovan luokan ammattilainen, itsen\u00e4inen ja vahva, mutta kuitenkin tunteva ja my\u00f6t\u00e4el\u00e4v\u00e4 ihminen.<\/p>\n\n\n\n<p>Milj\u00f6\u00f6, kovaksikeitetty Chicago, on toisaalta hyvin klassinen yksityisetsiv\u00e4tarinamilj\u00f6\u00f6, mutta Paretsky kuvaa sen ammattiyhdistysliikekiemuroita ja vakuutusyhti\u00f6iden ved\u00e4tyksi\u00e4 tuoreesti ja uudesta n\u00e4k\u00f6kulmasta. Kielt\u00e4m\u00e4tt\u00e4 Paretskyn tuotannon l\u00f6ytymisell\u00e4 oli merkitt\u00e4v\u00e4 vaikutus siihen, ett\u00e4 uskaltauduin itse kirjoittamaan rikosromaaneita.&#8221;<\/p>\n\n\n\n<p>&nbsp;<\/p>\n\n\n\n<p><strong>Reijo M\u00e4ki &amp; Charles Willeford<\/strong><\/p>\n\n\n\n<p><strong>Reijo M\u00e4en<\/strong> Vares tapaa ilmesty\u00e4 kes\u00e4n kynnyksell\u00e4. Niin t\u00e4n\u00e4kin vuonna: <em>Soopelissa<\/em> (Otava 2020) yksityisetsiv\u00e4 Jussi Vares palkataan selvitt\u00e4m\u00e4\u00e4n punkkariprinsessan katoamistapausta.<\/p>\n\n\n\n<p>M\u00e4ki nostaa ykk\u00f6sekseen <strong>Charles Willefordin<\/strong> <em>Miami Bluesin<\/em> (suom. <strong>Hannu Tervaharju<\/strong>, Banana Press 1990, 2. painos Like 2001).<\/p>\n\n\n\n<p>&nbsp;<\/p>\n\n\n\n<p>&#8221;Eih\u00e4n mist\u00e4\u00e4n kirjasta voi sanoa: paras! Mutta jotkut tarinat vaan kolahtavat kovemmin siis juuri silloin lukuhetkell\u00e4. Minulle aikoinaan kolisi \u2013 ja tosi kovaa \u2013 <strong>Charles Willefordin<\/strong> dekkari <em>Miami Blues<\/em>.<\/p>\n\n\n\n<p>Kirjan p\u00e4\u00e4henkil\u00f6, poliisietsiv\u00e4 Hoke Moseley, on aika kaukana TV-sarja Miami Vicen sliipatuista etsivist\u00e4. Ja huono-onninenkin h\u00e4n on. Yhdess\u00e4kin k\u00e4\u00e4nteess\u00e4 niljakas konna varastaa Hokelta kaksi aika t\u00e4rke\u00e4\u00e4 juttua: virka-aseen ja tekohampaat. Kirjasta tehty elokuvakin oli muuten ihan katsottava.<\/p>\n\n\n\n<p>&nbsp;<\/p>\n\n\n\n<p><strong>Pauliina Susi &amp; Liza Marklund<\/strong><\/p>\n\n\n\n<p><strong>Pauliina Suden<\/strong> <em>Pulssissa<\/em> (Tammi 2020) keskeiset henkil\u00f6t ovat samoja kuin Suden kahdessa aiemmassa trilleriss\u00e4 <em>Takaikkunassa<\/em> ja <em>Seireeniss\u00e4<\/em>. Susi rakentaa lukijalleen Lappiin sijoittuvan pankkivankidraaman.<\/p>\n\n\n\n<p>Suden valinta osuu <strong>Liza Marklundin<\/strong> <em>Uutispommiin<\/em> (suom. <strong>Outi Knuuttila<\/strong>, Otava 2000).<\/p>\n\n\n\n<p>&nbsp;<\/p>\n\n\n\n<p>&#8221;Liza Marklund oli ensimm\u00e4isi\u00e4 ruotsalaisdekkareita, joihin tartuin, ja <em>Uutispommin <\/em>juoni kulki ja j\u00e4nnitys piti pihdeiss\u00e4\u00e4n niin, ett\u00e4 muistan ahmineeni kirjan yht\u00e4 soittoa jonakin syysy\u00f6n\u00e4. Se oli riemastuttavaa todellisuuspakoa kiireiselle ja stressaantuneelle nuorelle \u00e4idille, joka silloin olin.<\/p>\n\n\n\n<p>Otin tavaksi ostaa jokasyksyisen Annika Bengtzon -dekkarin aina itselleni joululahajaksi ja lukea sen sohvalla suklaita kiskoen, kun joulun hulinat olivat v\u00e4h\u00e4n rauhoittuneet ja kaipasin omaa aikaa. Marklundin fiksuun, feministiseen ja \u00e4kkiv\u00e4\u00e4r\u00e4\u00e4n sankarittareen, toimittaja Annika Bengtzoniin, oli helppo samaistua, sill\u00e4 h\u00e4n oli nuori kunnianhimoinen toimittaja kuten min\u00e4kin.<\/p>\n\n\n\n<p>Ruotsalainen el\u00e4m\u00e4nmeno oli samantapaista kuin Suomessa, ja kuitenkin kiinnostavasti erilaista. Ja sit\u00e4 mukaa kun kirjasarja eteni, koki toimittajanty\u00f6 ja mediaymp\u00e4rist\u00f6 melkoisen mullistuksen \u2013 digitalisaatio! viihteellistyminen! \u2013 niin kirjoissa kuin todellisuudessakin molemmin puolen lahtea.&#8221;<\/p>\n\n\n","protected":false},"excerpt":{"rendered":"<p>Mik\u00e4 on kaikkien aikojen dekkari? Kysymys on yht\u00e4 mahdoton kuin subjektiivinen, joten hyv\u00e4 onkin l\u00e4hesty\u00e4 sit\u00e4 t\u00e4ysin subjetiivisesta n\u00e4k\u00f6kulmasta. T\u00e4ll\u00e4 viikolla vietett\u00e4v\u00e4n Dekkariviikon tiimoilta pyysin nelj\u00e4\u00e4 eturivin<br \/>\nsuomalaisdekka&hellip;<\/p>\n","protected":false},"author":129,"featured_media":0,"comment_status":"open","ping_status":"open","sticky":false,"template":"","format":"standard","meta":{"_acf_changed":false,"asauth_required_access_level":3,"asauth_cansharepaid":"true","om_header_attributes":[],"footnotes":"","om_featured_image_focal_point":[],"om_primary_tag":0,"om_contributors":[],"om_co_authors":[],"beyondwords_generate_audio":"","beyondwords_project_id":"","beyondwords_content_id":"","beyondwords_preview_token":"","beyondwords_player_content":"","beyondwords_player_style":"","beyondwords_language_code":"","beyondwords_language_id":"","beyondwords_title_voice_id":"","beyondwords_body_voice_id":"","beyondwords_summary_voice_id":"","beyondwords_error_message":"","beyondwords_disabled":"","beyondwords_delete_content":"","beyondwords_podcast_id":"","beyondwords_hash":"","publish_post_to_speechkit":"","speechkit_hash":"","speechkit_generate_audio":"","speechkit_project_id":"","speechkit_podcast_id":"","speechkit_error_message":"","speechkit_disabled":"","speechkit_access_key":"","speechkit_error":"","speechkit_info":"","speechkit_response":"","speechkit_retries":"","speechkit_status":"","speechkit_updated_at":"","_speechkit_link":"","_speechkit_text":""},"categories":[1],"tags":[506,78,1409,80],"class_list":["post-1820","post","type-post","status-publish","format-standard","hentry","category-kirjailijan-paivakirja","tag-jp-koskinen","tag-leena-lehtolainen","tag-pauliina-susi","tag-reijo-maki"],"om_views":null,"acf":{"tuuma_off":false,"tuuma_kysymys":"","tuuma_vastaus":""},"asauth":{"required_access_level":1,"share_token":"","is_paid":false},"yoast_head":"<!-- This site is optimized with the Yoast SEO plugin v26.4 - https:\/\/yoast.com\/wordpress\/plugins\/seo\/ -->\n<title>Suomalaiset rikoksen ammattilaiset kertovat: T\u00e4m\u00e4 on minulle kaikkien aikojen dekkari - Kirjailijan p\u00e4iv\u00e4kirja<\/title>\n<meta name=\"robots\" content=\"index, follow, max-snippet:-1, max-image-preview:large, max-video-preview:-1\" \/>\n<link rel=\"canonical\" href=\"https:\/\/suomenkuvalehti.fi\/kirjailijanpaivakirja\/suomalaiset-rikoksen-ammattilaiset-kertovat-tama-on-minulle-kaikkien-aikojen-dekkari\/\" \/>\n<meta property=\"og:locale\" content=\"fi_FI\" \/>\n<meta property=\"og:type\" content=\"article\" \/>\n<meta property=\"og:title\" content=\"Suomalaiset rikoksen ammattilaiset kertovat: T\u00e4m\u00e4 on minulle kaikkien aikojen dekkari - Kirjailijan p\u00e4iv\u00e4kirja\" \/>\n<meta property=\"og:description\" content=\"Mik\u00e4 on kaikkien aikojen dekkari? Kysymys on yht\u00e4 mahdoton kuin subjektiivinen, joten hyv\u00e4 onkin l\u00e4hesty\u00e4 sit\u00e4 t\u00e4ysin subjetiivisesta n\u00e4k\u00f6kulmasta. T\u00e4ll\u00e4 viikolla vietett\u00e4v\u00e4n Dekkariviikon tiimoilta pyysin nelj\u00e4\u00e4 eturivin suomalaisdekka&hellip;\" \/>\n<meta property=\"og:url\" content=\"https:\/\/suomenkuvalehti.fi\/kirjailijanpaivakirja\/suomalaiset-rikoksen-ammattilaiset-kertovat-tama-on-minulle-kaikkien-aikojen-dekkari\/\" \/>\n<meta property=\"og:site_name\" content=\"Kirjailijan p\u00e4iv\u00e4kirja\" \/>\n<meta property=\"article:published_time\" content=\"2020-06-09T14:36:37+00:00\" \/>\n<meta property=\"article:modified_time\" content=\"2020-06-09T16:35:39+00:00\" \/>\n<meta property=\"og:image\" content=\"https:\/\/suomenkuvalehti.fi\/kirjailijanpaivakirja\/wp-content\/uploads\/sites\/21\/2022\/04\/hamalainen_karo06-1-scaled.jpg\" \/>\n\t<meta property=\"og:image:width\" content=\"2560\" \/>\n\t<meta property=\"og:image:height\" content=\"1706\" \/>\n\t<meta property=\"og:image:type\" content=\"image\/jpeg\" \/>\n<meta name=\"author\" content=\"Karo H\u00e4m\u00e4l\u00e4inen\" \/>\n<meta name=\"twitter:card\" content=\"summary_large_image\" \/>\n<meta name=\"twitter:label1\" content=\"Written by\" \/>\n\t<meta name=\"twitter:data1\" content=\"Karo H\u00e4m\u00e4l\u00e4inen\" \/>\n\t<meta name=\"twitter:label2\" content=\"Est. reading time\" \/>\n\t<meta name=\"twitter:data2\" content=\"3 minuuttia\" \/>\n<script type=\"application\/ld+json\" class=\"yoast-schema-graph\">{\"@context\":\"https:\/\/schema.org\",\"@graph\":[{\"@type\":\"WebPage\",\"@id\":\"https:\/\/suomenkuvalehti.fi\/kirjailijanpaivakirja\/suomalaiset-rikoksen-ammattilaiset-kertovat-tama-on-minulle-kaikkien-aikojen-dekkari\/\",\"url\":\"https:\/\/suomenkuvalehti.fi\/kirjailijanpaivakirja\/suomalaiset-rikoksen-ammattilaiset-kertovat-tama-on-minulle-kaikkien-aikojen-dekkari\/\",\"name\":\"Suomalaiset rikoksen ammattilaiset kertovat: T\u00e4m\u00e4 on minulle kaikkien aikojen dekkari - Kirjailijan p\u00e4iv\u00e4kirja\",\"isPartOf\":{\"@id\":\"https:\/\/suomenkuvalehti.fi\/kirjailijanpaivakirja\/#website\"},\"datePublished\":\"2020-06-09T14:36:37+00:00\",\"dateModified\":\"2020-06-09T16:35:39+00:00\",\"author\":{\"@id\":\"https:\/\/suomenkuvalehti.fi\/kirjailijanpaivakirja\/#\/schema\/person\/ca2dfd9d508d8c675e07b3c099fc789b\"},\"breadcrumb\":{\"@id\":\"https:\/\/suomenkuvalehti.fi\/kirjailijanpaivakirja\/suomalaiset-rikoksen-ammattilaiset-kertovat-tama-on-minulle-kaikkien-aikojen-dekkari\/#breadcrumb\"},\"inLanguage\":\"fi\",\"potentialAction\":[{\"@type\":\"ReadAction\",\"target\":[\"https:\/\/suomenkuvalehti.fi\/kirjailijanpaivakirja\/suomalaiset-rikoksen-ammattilaiset-kertovat-tama-on-minulle-kaikkien-aikojen-dekkari\/\"]}]},{\"@type\":\"BreadcrumbList\",\"@id\":\"https:\/\/suomenkuvalehti.fi\/kirjailijanpaivakirja\/suomalaiset-rikoksen-ammattilaiset-kertovat-tama-on-minulle-kaikkien-aikojen-dekkari\/#breadcrumb\",\"itemListElement\":[{\"@type\":\"ListItem\",\"position\":1,\"name\":\"Home\",\"item\":\"https:\/\/suomenkuvalehti.fi\/kirjailijanpaivakirja\/\"},{\"@type\":\"ListItem\",\"position\":2,\"name\":\"Suomalaiset rikoksen ammattilaiset kertovat: T\u00e4m\u00e4 on minulle kaikkien aikojen dekkari\"}]},{\"@type\":\"WebSite\",\"@id\":\"https:\/\/suomenkuvalehti.fi\/kirjailijanpaivakirja\/#website\",\"url\":\"https:\/\/suomenkuvalehti.fi\/kirjailijanpaivakirja\/\",\"name\":\"Kirjailijan p\u00e4iv\u00e4kirja\",\"description\":\"Proosakirjailijan arkea ja kirjallisuuden ajankohtaisia aiheita.\",\"potentialAction\":[{\"@type\":\"SearchAction\",\"target\":{\"@type\":\"EntryPoint\",\"urlTemplate\":\"https:\/\/suomenkuvalehti.fi\/haku\/?q={search_term_string}\"},\"query-input\":{\"@type\":\"PropertyValueSpecification\",\"valueRequired\":true,\"valueName\":\"search_term_string\"}}],\"inLanguage\":\"fi\"},{\"@type\":\"Person\",\"@id\":\"https:\/\/suomenkuvalehti.fi\/kirjailijanpaivakirja\/#\/schema\/person\/ca2dfd9d508d8c675e07b3c099fc789b\",\"name\":\"Karo H\u00e4m\u00e4l\u00e4inen\",\"image\":{\"@type\":\"ImageObject\",\"inLanguage\":\"fi\",\"@id\":\"https:\/\/suomenkuvalehti.fi\/kirjailijanpaivakirja\/#\/schema\/person\/image\/\",\"url\":\"https:\/\/suomenkuvalehti.fi\/kirjailijanpaivakirja\/wp-content\/uploads\/sites\/21\/2022\/04\/hamalainen_karo06-1-150x150.jpg\",\"contentUrl\":\"https:\/\/suomenkuvalehti.fi\/kirjailijanpaivakirja\/wp-content\/uploads\/sites\/21\/2022\/04\/hamalainen_karo06-1-150x150.jpg\",\"caption\":\"Karo H\u00e4m\u00e4l\u00e4inen\"},\"description\":\"Karo H\u00e4m\u00e4l\u00e4inen on kirjailija ja talouteen erikoistunut vapaa toimittaja.\"}]}<\/script>\n<!-- \/ Yoast SEO plugin. -->","yoast_head_json":{"title":"Suomalaiset rikoksen ammattilaiset kertovat: T\u00e4m\u00e4 on minulle kaikkien aikojen dekkari - Kirjailijan p\u00e4iv\u00e4kirja","robots":{"index":"index","follow":"follow","max-snippet":"max-snippet:-1","max-image-preview":"max-image-preview:large","max-video-preview":"max-video-preview:-1"},"canonical":"https:\/\/suomenkuvalehti.fi\/kirjailijanpaivakirja\/suomalaiset-rikoksen-ammattilaiset-kertovat-tama-on-minulle-kaikkien-aikojen-dekkari\/","og_locale":"fi_FI","og_type":"article","og_title":"Suomalaiset rikoksen ammattilaiset kertovat: T\u00e4m\u00e4 on minulle kaikkien aikojen dekkari - Kirjailijan p\u00e4iv\u00e4kirja","og_description":"Mik\u00e4 on kaikkien aikojen dekkari? Kysymys on yht\u00e4 mahdoton kuin subjektiivinen, joten hyv\u00e4 onkin l\u00e4hesty\u00e4 sit\u00e4 t\u00e4ysin subjetiivisesta n\u00e4k\u00f6kulmasta. T\u00e4ll\u00e4 viikolla vietett\u00e4v\u00e4n Dekkariviikon tiimoilta pyysin nelj\u00e4\u00e4 eturivin suomalaisdekka&hellip;","og_url":"https:\/\/suomenkuvalehti.fi\/kirjailijanpaivakirja\/suomalaiset-rikoksen-ammattilaiset-kertovat-tama-on-minulle-kaikkien-aikojen-dekkari\/","og_site_name":"Kirjailijan p\u00e4iv\u00e4kirja","article_published_time":"2020-06-09T14:36:37+00:00","article_modified_time":"2020-06-09T16:35:39+00:00","og_image":[{"width":2560,"height":1706,"url":"https:\/\/suomenkuvalehti.fi\/kirjailijanpaivakirja\/wp-content\/uploads\/sites\/21\/2022\/04\/hamalainen_karo06-1-scaled.jpg","type":"image\/jpeg"}],"author":"Karo H\u00e4m\u00e4l\u00e4inen","twitter_card":"summary_large_image","twitter_misc":{"Written by":"Karo H\u00e4m\u00e4l\u00e4inen","Est. reading time":"3 minuuttia"},"schema":{"@context":"https:\/\/schema.org","@graph":[{"@type":"WebPage","@id":"https:\/\/suomenkuvalehti.fi\/kirjailijanpaivakirja\/suomalaiset-rikoksen-ammattilaiset-kertovat-tama-on-minulle-kaikkien-aikojen-dekkari\/","url":"https:\/\/suomenkuvalehti.fi\/kirjailijanpaivakirja\/suomalaiset-rikoksen-ammattilaiset-kertovat-tama-on-minulle-kaikkien-aikojen-dekkari\/","name":"Suomalaiset rikoksen ammattilaiset kertovat: T\u00e4m\u00e4 on minulle kaikkien aikojen dekkari - Kirjailijan p\u00e4iv\u00e4kirja","isPartOf":{"@id":"https:\/\/suomenkuvalehti.fi\/kirjailijanpaivakirja\/#website"},"datePublished":"2020-06-09T14:36:37+00:00","dateModified":"2020-06-09T16:35:39+00:00","author":{"@id":"https:\/\/suomenkuvalehti.fi\/kirjailijanpaivakirja\/#\/schema\/person\/ca2dfd9d508d8c675e07b3c099fc789b"},"breadcrumb":{"@id":"https:\/\/suomenkuvalehti.fi\/kirjailijanpaivakirja\/suomalaiset-rikoksen-ammattilaiset-kertovat-tama-on-minulle-kaikkien-aikojen-dekkari\/#breadcrumb"},"inLanguage":"fi","potentialAction":[{"@type":"ReadAction","target":["https:\/\/suomenkuvalehti.fi\/kirjailijanpaivakirja\/suomalaiset-rikoksen-ammattilaiset-kertovat-tama-on-minulle-kaikkien-aikojen-dekkari\/"]}]},{"@type":"BreadcrumbList","@id":"https:\/\/suomenkuvalehti.fi\/kirjailijanpaivakirja\/suomalaiset-rikoksen-ammattilaiset-kertovat-tama-on-minulle-kaikkien-aikojen-dekkari\/#breadcrumb","itemListElement":[{"@type":"ListItem","position":1,"name":"Home","item":"https:\/\/suomenkuvalehti.fi\/kirjailijanpaivakirja\/"},{"@type":"ListItem","position":2,"name":"Suomalaiset rikoksen ammattilaiset kertovat: T\u00e4m\u00e4 on minulle kaikkien aikojen dekkari"}]},{"@type":"WebSite","@id":"https:\/\/suomenkuvalehti.fi\/kirjailijanpaivakirja\/#website","url":"https:\/\/suomenkuvalehti.fi\/kirjailijanpaivakirja\/","name":"Kirjailijan p\u00e4iv\u00e4kirja","description":"Proosakirjailijan arkea ja kirjallisuuden ajankohtaisia aiheita.","potentialAction":[{"@type":"SearchAction","target":{"@type":"EntryPoint","urlTemplate":"https:\/\/suomenkuvalehti.fi\/haku\/?q={search_term_string}"},"query-input":{"@type":"PropertyValueSpecification","valueRequired":true,"valueName":"search_term_string"}}],"inLanguage":"fi"},{"@type":"Person","@id":"https:\/\/suomenkuvalehti.fi\/kirjailijanpaivakirja\/#\/schema\/person\/ca2dfd9d508d8c675e07b3c099fc789b","name":"Karo H\u00e4m\u00e4l\u00e4inen","image":{"@type":"ImageObject","inLanguage":"fi","@id":"https:\/\/suomenkuvalehti.fi\/kirjailijanpaivakirja\/#\/schema\/person\/image\/","url":"https:\/\/suomenkuvalehti.fi\/kirjailijanpaivakirja\/wp-content\/uploads\/sites\/21\/2022\/04\/hamalainen_karo06-1-150x150.jpg","contentUrl":"https:\/\/suomenkuvalehti.fi\/kirjailijanpaivakirja\/wp-content\/uploads\/sites\/21\/2022\/04\/hamalainen_karo06-1-150x150.jpg","caption":"Karo H\u00e4m\u00e4l\u00e4inen"},"description":"Karo H\u00e4m\u00e4l\u00e4inen on kirjailija ja talouteen erikoistunut vapaa toimittaja."}]}},"_links":{"self":[{"href":"https:\/\/suomenkuvalehti.fi\/kirjailijanpaivakirja\/wp-json\/wp\/v2\/posts\/1820","targetHints":{"allow":["GET"]}}],"collection":[{"href":"https:\/\/suomenkuvalehti.fi\/kirjailijanpaivakirja\/wp-json\/wp\/v2\/posts"}],"about":[{"href":"https:\/\/suomenkuvalehti.fi\/kirjailijanpaivakirja\/wp-json\/wp\/v2\/types\/post"}],"author":[{"embeddable":true,"href":"https:\/\/suomenkuvalehti.fi\/kirjailijanpaivakirja\/wp-json\/wp\/v2\/users\/129"}],"replies":[{"embeddable":true,"href":"https:\/\/suomenkuvalehti.fi\/kirjailijanpaivakirja\/wp-json\/wp\/v2\/comments?post=1820"}],"version-history":[{"count":2,"href":"https:\/\/suomenkuvalehti.fi\/kirjailijanpaivakirja\/wp-json\/wp\/v2\/posts\/1820\/revisions"}],"predecessor-version":[{"id":1823,"href":"https:\/\/suomenkuvalehti.fi\/kirjailijanpaivakirja\/wp-json\/wp\/v2\/posts\/1820\/revisions\/1823"}],"wp:attachment":[{"href":"https:\/\/suomenkuvalehti.fi\/kirjailijanpaivakirja\/wp-json\/wp\/v2\/media?parent=1820"}],"wp:term":[{"taxonomy":"category","embeddable":true,"href":"https:\/\/suomenkuvalehti.fi\/kirjailijanpaivakirja\/wp-json\/wp\/v2\/categories?post=1820"},{"taxonomy":"post_tag","embeddable":true,"href":"https:\/\/suomenkuvalehti.fi\/kirjailijanpaivakirja\/wp-json\/wp\/v2\/tags?post=1820"}],"curies":[{"name":"wp","href":"https:\/\/api.w.org\/{rel}","templated":true}]}}