{"id":179,"date":"2014-07-31T13:00:45","date_gmt":"2014-07-31T10:00:45","guid":{"rendered":"https:\/\/suomenkuvalehti.fi\/kirjailijanpaivakirja\/?p=179"},"modified":"2014-07-31T13:00:45","modified_gmt":"2014-07-31T10:00:45","slug":"vainon-kulmilla","status":"publish","type":"post","link":"https:\/\/suomenkuvalehti.fi\/kirjailijanpaivakirja\/vainon-kulmilla\/","title":{"rendered":"V\u00e4in\u00f6n kulmilla"},"content":{"rendered":"\n<p>Pentinkulman p\u00e4iv\u00e4t on yksi kes\u00e4n hienoista kirjallisuustapahtumista. Viidentuhannen asukkaan Urjala muuttuu viikon ajaksi poikkeuksellisen kirjalliseksi kunnaksi. Ohjelmistossa korostuu V\u00e4in\u00f6 Linnan jalanj\u00e4ljill\u00e4 kulkeminen, mutta alkavan kolmen p\u00e4iv\u00e4n jakson aikana ohjelma on yleiskirjallinen.<\/p>\n\n\n\n<p>Oma monivuotinen kes\u00e4perinteeni on ollut Pentinkulman p\u00e4ivien Kirjailijakahvilan juontaminen. Tapahtuman silloinen toiminnanjohtaja Simo Laitakari esitteli viime vuosikymmenen loppupuolella ajatuksen torikansan kirjallisuustapahtumasta. Kehittelimme Tampereen yliopiston ravintolassa ideaa siit\u00e4, millainen voisi olla sis\u00e4ll\u00f6lt\u00e4\u00e4n, muodoltaan ja otteeltaan torikahvilassa tapahtuva kirjailijahaastattelu. Kynnys ei saisi olla sen korkeampi kuin torikahvilan runkopalkki. Kirjailija olisi samalla tasolla yleis\u00f6n kanssa. Juotaisiin kahvia ja keskusteltaisiin niit\u00e4 n\u00e4it\u00e4.<\/p>\n\n\n\n<p>Nyt jo asemansa Urjalan kes\u00e4ss\u00e4 vakiinnuttaneen Kirjailijakahvilan alku oli s\u00e4hlinki\u00e4. Torikahvilahaastattelujen ensimm\u00e4iseksi esiintyj\u00e4ksi olin ehdottanut Tuomas Kyr\u00f6\u00e4, jolta oli aiemmin samana vuonna ilmestynyt Mielens\u00e4pahoittaja-kirja, josta povailin Suomen Kuvalehdess\u00e4 &#8221;pient\u00e4 ilmi\u00f6t\u00e4&#8221;. V\u00e4\u00e4r\u00e4ss\u00e4 olin. Ilmi\u00f6st\u00e4 tuli suuri. Tuomas oli ollut tekem\u00e4ss\u00e4 ilmi\u00f6t\u00e4 haastattelua edelt\u00e4v\u00e4n\u00e4 iltana Tampereen Tapahtumien y\u00f6ss\u00e4 kirjakauppakeikoilla, ja kun h\u00e4nen piti l\u00e4hte\u00e4 aamulla Tammerista kohti Urjalaa, auton ilmastointi petti. Kirjailijakahvilan ensimm\u00e4iseksi haastateltavaksi tulikin ohjelman ulkopuolelta kahviyhti\u00f6n Paula-tytt\u00f6, joka tarjosi tapahtumavieraille sponsoroitua kahvia. Ensimm\u00e4inen kirjailijaesiintyj\u00e4 oli Sinikka Nopola.<\/p>\n\n\n\n<p>Yll\u00e4tyksi\u00e4 on tullut my\u00f6hemminkin. Er\u00e4\u00e4n\u00e4 vuotena kahvilaan marssi toistakymment\u00e4 E80-esikoiskirjailijaseminaarin osallistujaa. Mik\u00e4s siin\u00e4, polkaistiin pystyyn ex tempore -kiertohaastattelu.<\/p>\n\n\n\n<p>Viime vuosina kirjailijat on nostettu lattiatasolta lavalle, ja teltassa on ollut usein niin kuuma, ett\u00e4 kahvin sijaan on tavattu siemailla pullovett\u00e4. Silti kes\u00e4tapahtuman leppoisuus on mielest\u00e4ni s\u00e4ilynyt. Keskusteluissa ei puhuta yksitt\u00e4isist\u00e4 kirjoista niin kuin kymmeniss\u00e4 messu- ja kirjakauppahaastatteluissa vaan kirjailijan ty\u00f6st\u00e4 laajemmin. Niin my\u00f6s t\u00e4n\u00e4 vuonna, siis huomenna, kun kahvilaan tulevat kyl\u00e4\u00e4n Juha-Pekka Koskinen, Kirsti Manninen ja Matti R\u00f6nk\u00e4. P\u00e4ivien t\u00e4m\u00e4nvuotinen teema on &#8221;Tekstin hurmaa, mielen maisemia&#8221;, ja aion jutella kirjailijoiden kanssa ainakin siit\u00e4, kokevatko he kirjoittaessaan hurmoksen vaiheita ja millaisia ne ovat. Ent\u00e4 t\u00e4ytyyk\u00f6 kirjailijan olla v\u00e4h\u00e4n hullu?<\/p>\n\n\n\n<p>Omat vastaukseni: 1) Koen, harvoin, mutta juuri niiden hetkien takia olen kirjailija. 2) Jos ei olisi v\u00e4h\u00e4n hullu, ei p\u00e4\u00e4tyisi kirjailijaksi.<\/p>\n\n\n","protected":false},"excerpt":{"rendered":"<p>Pentinkulman p\u00e4iv\u00e4t on yksi kes\u00e4n hienoista kirjallisuustapahtumista. Viidentuhannen asukkaan Urjala muuttuu viikon ajaksi poikkeuksellisen kirjalliseksi kunnaksi. Ohjelmistossa korostuu V\u00e4in\u00f6 Linnan jalanj\u00e4ljill\u00e4 kulkeminen, mutta alkavan kolmen p\u00e4iv\u00e4n jakson aikana ohjelma on yleiskirjallinen. Oma<br \/>\nmonivuot&hellip;<\/p>\n","protected":false},"author":129,"featured_media":0,"comment_status":"open","ping_status":"open","sticky":false,"template":"","format":"standard","meta":{"_acf_changed":false,"asauth_required_access_level":3,"asauth_cansharepaid":"true","om_header_attributes":[],"footnotes":"","om_featured_image_focal_point":[],"om_primary_tag":0,"om_contributors":[],"om_co_authors":[],"beyondwords_generate_audio":"","beyondwords_project_id":"","beyondwords_content_id":"","beyondwords_preview_token":"","beyondwords_player_content":"","beyondwords_player_style":"","beyondwords_language_code":"","beyondwords_language_id":"","beyondwords_title_voice_id":"","beyondwords_body_voice_id":"","beyondwords_summary_voice_id":"","beyondwords_error_message":"","beyondwords_disabled":"","beyondwords_delete_content":"","beyondwords_podcast_id":"","beyondwords_hash":"","publish_post_to_speechkit":"","speechkit_hash":"","speechkit_generate_audio":"","speechkit_project_id":"","speechkit_podcast_id":"","speechkit_error_message":"","speechkit_disabled":"","speechkit_access_key":"","speechkit_error":"","speechkit_info":"","speechkit_response":"","speechkit_retries":"","speechkit_status":"","speechkit_updated_at":"","_speechkit_link":"","_speechkit_text":""},"categories":[1],"tags":[209,214,210,211,208,212,215,20,213,93],"class_list":["post-179","post","type-post","status-publish","format-standard","hentry","category-kirjailijan-paivakirja","tag-juha-pekka-koskinen","tag-kirjallisuustapahtumat","tag-kirsti-manninen","tag-matti-ronka","tag-pentinkulman-paivat","tag-simo-laitakari","tag-sinikka-nopola","tag-tuomas-kyro","tag-urjala","tag-vaino-linna"],"om_views":null,"acf":{"tuuma_off":false,"tuuma_kysymys":"","tuuma_vastaus":""},"asauth":{"required_access_level":1,"share_token":"","is_paid":false},"yoast_head":"<!-- This site is optimized with the Yoast SEO plugin v26.4 - https:\/\/yoast.com\/wordpress\/plugins\/seo\/ -->\n<title>V\u00e4in\u00f6n kulmilla - Kirjailijan p\u00e4iv\u00e4kirja<\/title>\n<meta name=\"robots\" content=\"index, follow, max-snippet:-1, max-image-preview:large, max-video-preview:-1\" \/>\n<link rel=\"canonical\" href=\"https:\/\/suomenkuvalehti.fi\/kirjailijanpaivakirja\/vainon-kulmilla\/\" \/>\n<meta property=\"og:locale\" content=\"fi_FI\" \/>\n<meta property=\"og:type\" content=\"article\" \/>\n<meta property=\"og:title\" content=\"V\u00e4in\u00f6n kulmilla - Kirjailijan p\u00e4iv\u00e4kirja\" \/>\n<meta property=\"og:description\" content=\"Pentinkulman p\u00e4iv\u00e4t on yksi kes\u00e4n hienoista kirjallisuustapahtumista. Viidentuhannen asukkaan Urjala muuttuu viikon ajaksi poikkeuksellisen kirjalliseksi kunnaksi. Ohjelmistossa korostuu V\u00e4in\u00f6 Linnan jalanj\u00e4ljill\u00e4 kulkeminen, mutta alkavan kolmen p\u00e4iv\u00e4n jakson aikana ohjelma on yleiskirjallinen. Oma monivuot&hellip;\" \/>\n<meta property=\"og:url\" content=\"https:\/\/suomenkuvalehti.fi\/kirjailijanpaivakirja\/vainon-kulmilla\/\" \/>\n<meta property=\"og:site_name\" content=\"Kirjailijan p\u00e4iv\u00e4kirja\" \/>\n<meta property=\"article:published_time\" content=\"2014-07-31T10:00:45+00:00\" \/>\n<meta property=\"og:image\" content=\"https:\/\/suomenkuvalehti.fi\/kirjailijanpaivakirja\/wp-content\/uploads\/sites\/21\/2022\/04\/hamalainen_karo06-1-scaled.jpg\" \/>\n\t<meta property=\"og:image:width\" content=\"2560\" \/>\n\t<meta property=\"og:image:height\" content=\"1706\" \/>\n\t<meta property=\"og:image:type\" content=\"image\/jpeg\" \/>\n<meta name=\"author\" content=\"Karo H\u00e4m\u00e4l\u00e4inen\" \/>\n<meta name=\"twitter:card\" content=\"summary_large_image\" \/>\n<meta name=\"twitter:label1\" content=\"Written by\" \/>\n\t<meta name=\"twitter:data1\" content=\"Karo H\u00e4m\u00e4l\u00e4inen\" \/>\n\t<meta name=\"twitter:label2\" content=\"Est. reading time\" \/>\n\t<meta name=\"twitter:data2\" content=\"2 minuuttia\" \/>\n<script type=\"application\/ld+json\" class=\"yoast-schema-graph\">{\"@context\":\"https:\/\/schema.org\",\"@graph\":[{\"@type\":\"WebPage\",\"@id\":\"https:\/\/suomenkuvalehti.fi\/kirjailijanpaivakirja\/vainon-kulmilla\/\",\"url\":\"https:\/\/suomenkuvalehti.fi\/kirjailijanpaivakirja\/vainon-kulmilla\/\",\"name\":\"V\u00e4in\u00f6n kulmilla - Kirjailijan p\u00e4iv\u00e4kirja\",\"isPartOf\":{\"@id\":\"https:\/\/suomenkuvalehti.fi\/kirjailijanpaivakirja\/#website\"},\"datePublished\":\"2014-07-31T10:00:45+00:00\",\"author\":{\"@id\":\"https:\/\/suomenkuvalehti.fi\/kirjailijanpaivakirja\/#\/schema\/person\/ca2dfd9d508d8c675e07b3c099fc789b\"},\"breadcrumb\":{\"@id\":\"https:\/\/suomenkuvalehti.fi\/kirjailijanpaivakirja\/vainon-kulmilla\/#breadcrumb\"},\"inLanguage\":\"fi\",\"potentialAction\":[{\"@type\":\"ReadAction\",\"target\":[\"https:\/\/suomenkuvalehti.fi\/kirjailijanpaivakirja\/vainon-kulmilla\/\"]}]},{\"@type\":\"BreadcrumbList\",\"@id\":\"https:\/\/suomenkuvalehti.fi\/kirjailijanpaivakirja\/vainon-kulmilla\/#breadcrumb\",\"itemListElement\":[{\"@type\":\"ListItem\",\"position\":1,\"name\":\"Home\",\"item\":\"https:\/\/suomenkuvalehti.fi\/kirjailijanpaivakirja\/\"},{\"@type\":\"ListItem\",\"position\":2,\"name\":\"V\u00e4in\u00f6n kulmilla\"}]},{\"@type\":\"WebSite\",\"@id\":\"https:\/\/suomenkuvalehti.fi\/kirjailijanpaivakirja\/#website\",\"url\":\"https:\/\/suomenkuvalehti.fi\/kirjailijanpaivakirja\/\",\"name\":\"Kirjailijan p\u00e4iv\u00e4kirja\",\"description\":\"Proosakirjailijan arkea ja kirjallisuuden ajankohtaisia aiheita.\",\"potentialAction\":[{\"@type\":\"SearchAction\",\"target\":{\"@type\":\"EntryPoint\",\"urlTemplate\":\"https:\/\/suomenkuvalehti.fi\/haku\/?q={search_term_string}\"},\"query-input\":{\"@type\":\"PropertyValueSpecification\",\"valueRequired\":true,\"valueName\":\"search_term_string\"}}],\"inLanguage\":\"fi\"},{\"@type\":\"Person\",\"@id\":\"https:\/\/suomenkuvalehti.fi\/kirjailijanpaivakirja\/#\/schema\/person\/ca2dfd9d508d8c675e07b3c099fc789b\",\"name\":\"Karo H\u00e4m\u00e4l\u00e4inen\",\"image\":{\"@type\":\"ImageObject\",\"inLanguage\":\"fi\",\"@id\":\"https:\/\/suomenkuvalehti.fi\/kirjailijanpaivakirja\/#\/schema\/person\/image\/\",\"url\":\"https:\/\/suomenkuvalehti.fi\/kirjailijanpaivakirja\/wp-content\/uploads\/sites\/21\/2022\/04\/hamalainen_karo06-1-150x150.jpg\",\"contentUrl\":\"https:\/\/suomenkuvalehti.fi\/kirjailijanpaivakirja\/wp-content\/uploads\/sites\/21\/2022\/04\/hamalainen_karo06-1-150x150.jpg\",\"caption\":\"Karo H\u00e4m\u00e4l\u00e4inen\"},\"description\":\"Karo H\u00e4m\u00e4l\u00e4inen on kirjailija ja talouteen erikoistunut vapaa toimittaja.\"}]}<\/script>\n<!-- \/ Yoast SEO plugin. -->","yoast_head_json":{"title":"V\u00e4in\u00f6n kulmilla - Kirjailijan p\u00e4iv\u00e4kirja","robots":{"index":"index","follow":"follow","max-snippet":"max-snippet:-1","max-image-preview":"max-image-preview:large","max-video-preview":"max-video-preview:-1"},"canonical":"https:\/\/suomenkuvalehti.fi\/kirjailijanpaivakirja\/vainon-kulmilla\/","og_locale":"fi_FI","og_type":"article","og_title":"V\u00e4in\u00f6n kulmilla - Kirjailijan p\u00e4iv\u00e4kirja","og_description":"Pentinkulman p\u00e4iv\u00e4t on yksi kes\u00e4n hienoista kirjallisuustapahtumista. Viidentuhannen asukkaan Urjala muuttuu viikon ajaksi poikkeuksellisen kirjalliseksi kunnaksi. Ohjelmistossa korostuu V\u00e4in\u00f6 Linnan jalanj\u00e4ljill\u00e4 kulkeminen, mutta alkavan kolmen p\u00e4iv\u00e4n jakson aikana ohjelma on yleiskirjallinen. Oma monivuot&hellip;","og_url":"https:\/\/suomenkuvalehti.fi\/kirjailijanpaivakirja\/vainon-kulmilla\/","og_site_name":"Kirjailijan p\u00e4iv\u00e4kirja","article_published_time":"2014-07-31T10:00:45+00:00","og_image":[{"width":2560,"height":1706,"url":"https:\/\/suomenkuvalehti.fi\/kirjailijanpaivakirja\/wp-content\/uploads\/sites\/21\/2022\/04\/hamalainen_karo06-1-scaled.jpg","type":"image\/jpeg"}],"author":"Karo H\u00e4m\u00e4l\u00e4inen","twitter_card":"summary_large_image","twitter_misc":{"Written by":"Karo H\u00e4m\u00e4l\u00e4inen","Est. reading time":"2 minuuttia"},"schema":{"@context":"https:\/\/schema.org","@graph":[{"@type":"WebPage","@id":"https:\/\/suomenkuvalehti.fi\/kirjailijanpaivakirja\/vainon-kulmilla\/","url":"https:\/\/suomenkuvalehti.fi\/kirjailijanpaivakirja\/vainon-kulmilla\/","name":"V\u00e4in\u00f6n kulmilla - Kirjailijan p\u00e4iv\u00e4kirja","isPartOf":{"@id":"https:\/\/suomenkuvalehti.fi\/kirjailijanpaivakirja\/#website"},"datePublished":"2014-07-31T10:00:45+00:00","author":{"@id":"https:\/\/suomenkuvalehti.fi\/kirjailijanpaivakirja\/#\/schema\/person\/ca2dfd9d508d8c675e07b3c099fc789b"},"breadcrumb":{"@id":"https:\/\/suomenkuvalehti.fi\/kirjailijanpaivakirja\/vainon-kulmilla\/#breadcrumb"},"inLanguage":"fi","potentialAction":[{"@type":"ReadAction","target":["https:\/\/suomenkuvalehti.fi\/kirjailijanpaivakirja\/vainon-kulmilla\/"]}]},{"@type":"BreadcrumbList","@id":"https:\/\/suomenkuvalehti.fi\/kirjailijanpaivakirja\/vainon-kulmilla\/#breadcrumb","itemListElement":[{"@type":"ListItem","position":1,"name":"Home","item":"https:\/\/suomenkuvalehti.fi\/kirjailijanpaivakirja\/"},{"@type":"ListItem","position":2,"name":"V\u00e4in\u00f6n kulmilla"}]},{"@type":"WebSite","@id":"https:\/\/suomenkuvalehti.fi\/kirjailijanpaivakirja\/#website","url":"https:\/\/suomenkuvalehti.fi\/kirjailijanpaivakirja\/","name":"Kirjailijan p\u00e4iv\u00e4kirja","description":"Proosakirjailijan arkea ja kirjallisuuden ajankohtaisia aiheita.","potentialAction":[{"@type":"SearchAction","target":{"@type":"EntryPoint","urlTemplate":"https:\/\/suomenkuvalehti.fi\/haku\/?q={search_term_string}"},"query-input":{"@type":"PropertyValueSpecification","valueRequired":true,"valueName":"search_term_string"}}],"inLanguage":"fi"},{"@type":"Person","@id":"https:\/\/suomenkuvalehti.fi\/kirjailijanpaivakirja\/#\/schema\/person\/ca2dfd9d508d8c675e07b3c099fc789b","name":"Karo H\u00e4m\u00e4l\u00e4inen","image":{"@type":"ImageObject","inLanguage":"fi","@id":"https:\/\/suomenkuvalehti.fi\/kirjailijanpaivakirja\/#\/schema\/person\/image\/","url":"https:\/\/suomenkuvalehti.fi\/kirjailijanpaivakirja\/wp-content\/uploads\/sites\/21\/2022\/04\/hamalainen_karo06-1-150x150.jpg","contentUrl":"https:\/\/suomenkuvalehti.fi\/kirjailijanpaivakirja\/wp-content\/uploads\/sites\/21\/2022\/04\/hamalainen_karo06-1-150x150.jpg","caption":"Karo H\u00e4m\u00e4l\u00e4inen"},"description":"Karo H\u00e4m\u00e4l\u00e4inen on kirjailija ja talouteen erikoistunut vapaa toimittaja."}]}},"_links":{"self":[{"href":"https:\/\/suomenkuvalehti.fi\/kirjailijanpaivakirja\/wp-json\/wp\/v2\/posts\/179","targetHints":{"allow":["GET"]}}],"collection":[{"href":"https:\/\/suomenkuvalehti.fi\/kirjailijanpaivakirja\/wp-json\/wp\/v2\/posts"}],"about":[{"href":"https:\/\/suomenkuvalehti.fi\/kirjailijanpaivakirja\/wp-json\/wp\/v2\/types\/post"}],"author":[{"embeddable":true,"href":"https:\/\/suomenkuvalehti.fi\/kirjailijanpaivakirja\/wp-json\/wp\/v2\/users\/129"}],"replies":[{"embeddable":true,"href":"https:\/\/suomenkuvalehti.fi\/kirjailijanpaivakirja\/wp-json\/wp\/v2\/comments?post=179"}],"version-history":[{"count":1,"href":"https:\/\/suomenkuvalehti.fi\/kirjailijanpaivakirja\/wp-json\/wp\/v2\/posts\/179\/revisions"}],"predecessor-version":[{"id":180,"href":"https:\/\/suomenkuvalehti.fi\/kirjailijanpaivakirja\/wp-json\/wp\/v2\/posts\/179\/revisions\/180"}],"wp:attachment":[{"href":"https:\/\/suomenkuvalehti.fi\/kirjailijanpaivakirja\/wp-json\/wp\/v2\/media?parent=179"}],"wp:term":[{"taxonomy":"category","embeddable":true,"href":"https:\/\/suomenkuvalehti.fi\/kirjailijanpaivakirja\/wp-json\/wp\/v2\/categories?post=179"},{"taxonomy":"post_tag","embeddable":true,"href":"https:\/\/suomenkuvalehti.fi\/kirjailijanpaivakirja\/wp-json\/wp\/v2\/tags?post=179"}],"curies":[{"name":"wp","href":"https:\/\/api.w.org\/{rel}","templated":true}]}}