{"id":1701,"date":"2020-01-05T11:01:48","date_gmt":"2020-01-05T09:01:48","guid":{"rendered":"https:\/\/suomenkuvalehti.fi\/kirjailijanpaivakirja\/?p=1701"},"modified":"2020-01-05T12:37:58","modified_gmt":"2020-01-05T10:37:58","slug":"talvi-ja-jatkosodan-paamajan-sijaintipaikan-ratkaisivat-maantiede-yhteydet-ja-mikkelin-keskustassa-sijaitseva-vuori","status":"publish","type":"post","link":"https:\/\/suomenkuvalehti.fi\/kirjailijanpaivakirja\/talvi-ja-jatkosodan-paamajan-sijaintipaikan-ratkaisivat-maantiede-yhteydet-ja-mikkelin-keskustassa-sijaitseva-vuori\/","title":{"rendered":"Talvi- ja jatkosodan p\u00e4\u00e4majan sijaintipaikan ratkaisivat maantiede, yhteydet \u2013 ja Mikkelin keskustassa sijaitseva vuori"},"content":{"rendered":"<figure class=\"alignleft size-medium is-resized wp-block-image\">\n  <div class=\"wp-block-image__inner-container\">\n    <a href='https:\/\/suomenkuvalehti.fi\/kirjailijanpaivakirja\/wp-content\/uploads\/sites\/21\/2020\/01\/9789511330950.jpg'><img loading=\"lazy\" decoding=\"async\" src=\"https:\/\/suomenkuvalehti.fi\/kirjailijanpaivakirja\/wp-content\/uploads\/sites\/21\/2020\/01\/9789511330950-201x300.jpg\" alt=\"\" class=\"wp-image-1702\" width=\"201\" height=\"300\" style=\"--aspect-ratio: 0.67\" srcset=\"https:\/\/suomenkuvalehti.fi\/kirjailijanpaivakirja\/wp-content\/uploads\/sites\/21\/2020\/01\/9789511330950-201x300.jpg 201w, https:\/\/suomenkuvalehti.fi\/kirjailijanpaivakirja\/wp-content\/uploads\/sites\/21\/2020\/01\/9789511330950-768x1144.jpg 768w, https:\/\/suomenkuvalehti.fi\/kirjailijanpaivakirja\/wp-content\/uploads\/sites\/21\/2020\/01\/9789511330950-687x1024.jpg 687w, https:\/\/suomenkuvalehti.fi\/kirjailijanpaivakirja\/wp-content\/uploads\/sites\/21\/2020\/01\/9789511330950-300x447.jpg 300w, https:\/\/suomenkuvalehti.fi\/kirjailijanpaivakirja\/wp-content\/uploads\/sites\/21\/2020\/01\/9789511330950-630x939.jpg 630w, https:\/\/suomenkuvalehti.fi\/kirjailijanpaivakirja\/wp-content\/uploads\/sites\/21\/2020\/01\/9789511330950.jpg 1756w\" sizes=\"auto, (max-width: 201px) 100vw, 201px\" \/><\/a>  <\/div>\n<\/figure>\n\n\n<p><span class=\"capitalized\">P\u00e4iv\u00e4lleen <\/span>80 vuotta sitten oli perjantai ja mummillani ty\u00f6p\u00e4iv\u00e4. Loppiaisaatto oli valjennut Mikkeliss\u00e4 kirkkaana, pakkasta oli parikymment\u00e4 astetta, ja mummini oli k\u00e4vellyt ty\u00f6paikalleen, kaupungin toisen p\u00e4\u00e4kadun Porrassalmenkadun varrella sijaitsevaan kahvilaan.<\/p>\n\n\n\n<p>Aamup\u00e4iv\u00e4n lopulla alkoi yht\u00e4kki\u00e4 kuulua jylin\u00e4\u00e4. Se muuttui meteliksi ja sekasorroksi.<\/p>\n\n\n\n<p>Neuvostoliiton pommikoneet olivat l\u00e4p\u00e4isseet Suomen ilmavalvonnan ja p\u00e4\u00e4sseet kylv\u00e4m\u00e4\u00e4n tuhoa sotaa k\u00e4yv\u00e4n maan p\u00e4\u00e4majakaupunkiin. Kirkas s\u00e4\u00e4 helpotti pommittajien ty\u00f6t\u00e4.<\/p>\n\n\n\n<p>Kahvilan asiakkaat ja ty\u00f6ntekij\u00e4t pakenivat kellariin suojaan. Kun pommitus\u00e4\u00e4net lakkasivat \u2013 pommitusiin tuli tauko, mutta &#8221;vaara ohi&#8221; -merkki\u00e4 ei kuitenkaan viel\u00e4 kuulunut \u2013, tytt\u00f6 (mummini oli tuolloin 27-vuotias eli rokkarin kuolini\u00e4ss\u00e4) l\u00e4hetettiin hakemaan keitti\u00f6st\u00e4 kahvia ja kahvikuppeja.<\/p>\n\n\n\n<p>&nbsp;<\/p>\n\n\n\n<p><span class=\"capitalized\">Loppiaisaaton 1940<\/span> pommitukset ovat yksi Mikkelin historian merkitt\u00e4vist\u00e4 p\u00e4ivist\u00e4. Niist\u00e4 on kerrottu tarinoita vuosikymmenien ajan.<\/p>\n\n\n\n<p>&#8221;Viholliskoneet hy\u00f6kk\u00e4siv\u00e4t p\u00e4iv\u00e4n aikana Mikkeli\u00e4 vastaan yhteens\u00e4 42 koneen voimalla kello 10.49\u201312.33 v\u00e4lisen\u00e4 aikana. Viiden pommitusaallon (jokaisessa aallossa 5\u20139 pommikonetta) my\u00f6t\u00e4 menehtyi 21 ihmist\u00e4, 64 rakennusta paloi maan tasalle ja 128 rakennukselle aiheutui pienempi\u00e4 vaurioita&#8221;, kertoo sotahistorian apulaisprofessori <strong>Mikko Karjalainen<\/strong> kirjassaan <em>Mannerheimin p\u00e4\u00e4maja<\/em> (Otava 2019).<\/p>\n\n\n\n<p>Karjalainen kuvaa kaupungin k\u00e4rsimi\u00e4 tuhoja katastrofaalisiksi. Osaltaan tuhojen laajuuteen vaikuttivat h\u00e4nen mukaansa Mikkelin suppea ja selv\u00e4piirteinen asemakaava sek\u00e4 ilmapuolustuksen heikko valmius.<\/p>\n\n\n\n<p>&nbsp;<\/p>\n\n\n\n<p><span class=\"capitalized\">Loppiaispommitusten<\/span> kohteeksi joutuminen on vain pieni osa Mikkelin el\u00e4m\u00e4\u00e4 Suomen p\u00e4\u00e4majakaupunkina. Eik\u00e4 itse asiassa ole edes varmaa, pommitettiinko Mikkeli\u00e4 siit\u00e4 syyst\u00e4, ett\u00e4 p\u00e4\u00e4maja sijaitsi siell\u00e4. Ei tiedet\u00e4, tiesik\u00f6 Neuvostoliitto ainakaan tuossa vaiheessa, ett\u00e4 Suomen ylin sodanjohto sijaitsi etel\u00e4savolaiskaupungissa.<\/p>\n\n\n\n<p>Mikkeli mainostaa olleensa p\u00e4\u00e4majakaupunki kolmessa sodassa. Ensimm\u00e4inen niist\u00e4 on Suomen sis\u00e4llissota: Mannerheim l\u00e4himpine alaisineen siirtyi Mikkeliin 10. huhtikuuta 1918, jolloin valkoiset olivat vallanneet Tampereen ja painopiste siirtyi Viipuriin.<\/p>\n\n\n\n<p>Sis\u00e4llissodassa valkoisten p\u00e4\u00e4maja oli rakenteeltaan kevyt. Mannerheim johteli sotatoimia junanvaunusta. Mikkeliss\u00e4 h\u00e4n asettui aivan rautatieaseman vieress\u00e4 sijainneelle hotelli Seurahuoneelle, joka oli yksi talvisodan pommituksissa tuhoutuneista rakennuksista.<\/p>\n\n\n\n<p>&nbsp;<\/p>\n\n\n\n<p><span class=\"capitalized\">Vasta kes\u00e4ll\u00e4 1939<\/span> Suomessa havahduttiin toden teolla miettim\u00e4\u00e4n, mihin Suomen p\u00e4\u00e4maja sijoittuisi, jos Suomi p\u00e4\u00e4tyisi sotaan. Vaihtoehtoina olivat Mikkelin ohella Pieks\u00e4m\u00e4ki ja Jyv\u00e4skyl\u00e4.<\/p>\n\n\n\n<p>&#8221;Suunnittelu pohjasi kahteen perusperiaatteeseen. Ensinn\u00e4kin p\u00e4\u00e4majasta piti olla varmat ja monipuoliset liikenneyhteydet eri puolille maata, ja toiseksi sijoituspaikan piti olla sellainen, ett\u00e4 se mahdollisti henkil\u00f6st\u00f6n suojatun ja rauhallisen ty\u00f6skentelyn&#8221;, Mikko Karjalainen kirjoittaa.<\/p>\n\n\n\n<p>Etel\u00e4-Savo sijaitsi riitt\u00e4v\u00e4n kaukana odotetulta rintamalta mutta kuitenkin hyvin yhteyksien p\u00e4\u00e4ss\u00e4. Mikkelist\u00e4 yhteydet rintamaesikuntiin olivat varmemmat kuin Pieks\u00e4m\u00e4elt\u00e4, ja sijaitseehan Mikkeli l\u00e4hemp\u00e4n\u00e4 Helsinki\u00e4.<\/p>\n\n\n\n<p>&#8221;My\u00f6s ilmahy\u00f6kk\u00e4ysten torjunnan osalta Mikkeli koettiin Pieks\u00e4m\u00e4ke\u00e4 paremmaksi sijoituspaikaksi. Lentokent\u00e4lle oli mahdollista sijoittaa tarvittaessa h\u00e4vitt\u00e4j\u00e4laivue, ja kaupunki oli kooltaan Pieks\u00e4m\u00e4ke\u00e4 suurempi. \u2013\u2013 Desanttien ja mahdollisten sabotaasien osalta Mikkelin varuskunta pystyisi j\u00e4rjest\u00e4m\u00e4\u00e4n tarvittavan suojauksen. Mikkelin etuna oli my\u00f6s se, ett\u00e4 siell\u00e4 oli Pieks\u00e4m\u00e4ke\u00e4 enemm\u00e4n koulu- ja hallintorakennuksia, jotka tarjosivat P\u00e4\u00e4majan tarvitsemia ty\u00f6skentelytiloja&#8221;, h\u00e4n jatkaa.<\/p>\n\n\n\n<p>Mikkelill\u00e4 oli viel\u00e4 yksi valtti: aivan kaupungin keskustassa sijaitsi Naisvuori, johon voitaisiin louhia pommituksen kest\u00e4vi\u00e4 ty\u00f6skentelytiloja.<\/p>\n\n\n\n<p>&nbsp;<\/p>\n\n\n\n<p><span class=\"capitalized\">Naisvuoren<\/span> louhinta p\u00e4\u00e4majan k\u00e4ytt\u00f6\u00f6n alkoi vasta 7. joulukuuta 1939, jolloin talvisota oli jo k\u00e4ynniss\u00e4. Luolastolouhinta valmistui vasta Moskovan rauhansopimuksen solmimisen j\u00e4lkeen.<\/p>\n\n\n\n<p>Ei luolastoja silti turhaan louhittu. Jatkosodan aikana luolastoissa sijaitsi p\u00e4\u00e4majan toimintoja, muun muassa viestikeskus. Viestikeskuksen varustaminen alkoi toukokuussa 1941 ja valmistui muutama p\u00e4iv\u00e4 ennen jatkosodan alkua.<\/p>\n\n\n\n<p>Nykyisin luolastoissa toimii Viestikeskus Lokki -museo \u2013 ja kallion toisella laidalla pommituksen kest\u00e4v\u00e4 uimahalli.<\/p>\n\n\n","protected":false},"excerpt":{"rendered":"<p>P\u00e4iv\u00e4lleen 80 vuotta sitten oli perjantai ja mummillani ty\u00f6p\u00e4iv\u00e4. Loppiaisaatto oli valjennut Mikkeliss\u00e4 kirkkaana, pakkasta oli parikymment\u00e4 astetta, ja mummini oli k\u00e4vellyt ty\u00f6paikalleen, kaupungin<br \/>\ntoisen p&hellip;<\/p>\n","protected":false},"author":129,"featured_media":1702,"comment_status":"open","ping_status":"open","sticky":false,"template":"","format":"standard","meta":{"_acf_changed":false,"asauth_required_access_level":3,"asauth_cansharepaid":"true","om_header_attributes":[],"footnotes":"","om_featured_image_focal_point":[],"om_primary_tag":0,"om_contributors":[],"om_co_authors":[],"beyondwords_generate_audio":"","beyondwords_project_id":"","beyondwords_content_id":"","beyondwords_preview_token":"","beyondwords_player_content":"","beyondwords_player_style":"","beyondwords_language_code":"","beyondwords_language_id":"","beyondwords_title_voice_id":"","beyondwords_body_voice_id":"","beyondwords_summary_voice_id":"","beyondwords_error_message":"","beyondwords_disabled":"","beyondwords_delete_content":"","beyondwords_podcast_id":"","beyondwords_hash":"","publish_post_to_speechkit":"","speechkit_hash":"","speechkit_generate_audio":"","speechkit_project_id":"","speechkit_podcast_id":"","speechkit_error_message":"","speechkit_disabled":"","speechkit_access_key":"","speechkit_error":"","speechkit_info":"","speechkit_response":"","speechkit_retries":"","speechkit_status":"","speechkit_updated_at":"","_speechkit_link":"","_speechkit_text":""},"categories":[1],"tags":[1361,1357,1358,1356,1359,1360],"class_list":["post-1701","post","type-post","status-publish","format-standard","has-post-thumbnail","hentry","category-kirjailijan-paivakirja","tag-jatkosota","tag-mannerheimin-paamaja","tag-mikkeli","tag-mikko-karjalainen","tag-paamaja","tag-talvisota"],"om_views":null,"acf":{"tuuma_off":false,"tuuma_kysymys":"","tuuma_vastaus":""},"asauth":{"required_access_level":1,"share_token":"","is_paid":false},"yoast_head":"<!-- This site is optimized with the Yoast SEO plugin v26.4 - https:\/\/yoast.com\/wordpress\/plugins\/seo\/ -->\n<title>Talvi- ja jatkosodan p\u00e4\u00e4majan sijaintipaikan ratkaisivat maantiede, yhteydet \u2013 ja Mikkelin keskustassa sijaitseva vuori - Kirjailijan p\u00e4iv\u00e4kirja<\/title>\n<meta name=\"description\" content=\"Mikkelill\u00e4 oli viel\u00e4 yksi valtti: aivan kaupungin keskustassa sijaitsi Naisvuori, johon voitaisiin louhia pommituksen kest\u00e4vi\u00e4 ty\u00f6skentelytiloja.\" \/>\n<meta name=\"robots\" content=\"index, follow, max-snippet:-1, max-image-preview:large, max-video-preview:-1\" \/>\n<link rel=\"canonical\" href=\"https:\/\/suomenkuvalehti.fi\/kirjailijanpaivakirja\/talvi-ja-jatkosodan-paamajan-sijaintipaikan-ratkaisivat-maantiede-yhteydet-ja-mikkelin-keskustassa-sijaitseva-vuori\/\" \/>\n<meta property=\"og:locale\" content=\"fi_FI\" \/>\n<meta property=\"og:type\" content=\"article\" \/>\n<meta property=\"og:title\" content=\"Talvi- ja jatkosodan p\u00e4\u00e4majan sijaintipaikan ratkaisivat maantiede, yhteydet \u2013 ja Mikkelin keskustassa sijaitseva vuori - Kirjailijan p\u00e4iv\u00e4kirja\" \/>\n<meta property=\"og:description\" content=\"Mikkelill\u00e4 oli viel\u00e4 yksi valtti: aivan kaupungin keskustassa sijaitsi Naisvuori, johon voitaisiin louhia pommituksen kest\u00e4vi\u00e4 ty\u00f6skentelytiloja.\" \/>\n<meta property=\"og:url\" content=\"https:\/\/suomenkuvalehti.fi\/kirjailijanpaivakirja\/talvi-ja-jatkosodan-paamajan-sijaintipaikan-ratkaisivat-maantiede-yhteydet-ja-mikkelin-keskustassa-sijaitseva-vuori\/\" \/>\n<meta property=\"og:site_name\" content=\"Kirjailijan p\u00e4iv\u00e4kirja\" \/>\n<meta property=\"article:published_time\" content=\"2020-01-05T09:01:48+00:00\" \/>\n<meta property=\"article:modified_time\" content=\"2020-01-05T10:37:58+00:00\" \/>\n<meta property=\"og:image\" content=\"https:\/\/suomenkuvalehti.fi\/kirjailijanpaivakirja\/wp-content\/uploads\/sites\/21\/2018\/05\/karo_hamalainen_blogi_pieni.jpg\" \/>\n\t<meta property=\"og:image:width\" content=\"600\" \/>\n\t<meta property=\"og:image:height\" content=\"600\" \/>\n\t<meta property=\"og:image:type\" content=\"image\/jpeg\" \/>\n<meta name=\"author\" content=\"Karo H\u00e4m\u00e4l\u00e4inen\" \/>\n<meta name=\"twitter:card\" content=\"summary_large_image\" \/>\n<meta name=\"twitter:image\" content=\"https:\/\/suomenkuvalehti.fi\/kirjailijanpaivakirja\/wp-content\/uploads\/sites\/21\/2018\/05\/karo_hamalainen_blogi_pieni.jpg\" \/>\n<meta name=\"twitter:label1\" content=\"Written by\" \/>\n\t<meta name=\"twitter:data1\" content=\"Karo H\u00e4m\u00e4l\u00e4inen\" \/>\n\t<meta name=\"twitter:label2\" content=\"Est. reading time\" \/>\n\t<meta name=\"twitter:data2\" content=\"3 minuuttia\" \/>\n<script type=\"application\/ld+json\" class=\"yoast-schema-graph\">{\"@context\":\"https:\/\/schema.org\",\"@graph\":[{\"@type\":\"WebPage\",\"@id\":\"https:\/\/suomenkuvalehti.fi\/kirjailijanpaivakirja\/talvi-ja-jatkosodan-paamajan-sijaintipaikan-ratkaisivat-maantiede-yhteydet-ja-mikkelin-keskustassa-sijaitseva-vuori\/\",\"url\":\"https:\/\/suomenkuvalehti.fi\/kirjailijanpaivakirja\/talvi-ja-jatkosodan-paamajan-sijaintipaikan-ratkaisivat-maantiede-yhteydet-ja-mikkelin-keskustassa-sijaitseva-vuori\/\",\"name\":\"Talvi- ja jatkosodan p\u00e4\u00e4majan sijaintipaikan ratkaisivat maantiede, yhteydet \u2013 ja Mikkelin keskustassa sijaitseva vuori - Kirjailijan p\u00e4iv\u00e4kirja\",\"isPartOf\":{\"@id\":\"https:\/\/suomenkuvalehti.fi\/kirjailijanpaivakirja\/#website\"},\"primaryImageOfPage\":{\"@id\":\"https:\/\/suomenkuvalehti.fi\/kirjailijanpaivakirja\/talvi-ja-jatkosodan-paamajan-sijaintipaikan-ratkaisivat-maantiede-yhteydet-ja-mikkelin-keskustassa-sijaitseva-vuori\/#primaryimage\"},\"image\":{\"@id\":\"https:\/\/suomenkuvalehti.fi\/kirjailijanpaivakirja\/talvi-ja-jatkosodan-paamajan-sijaintipaikan-ratkaisivat-maantiede-yhteydet-ja-mikkelin-keskustassa-sijaitseva-vuori\/#primaryimage\"},\"thumbnailUrl\":\"https:\/\/suomenkuvalehti.fi\/kirjailijanpaivakirja\/wp-content\/uploads\/sites\/21\/2020\/01\/9789511330950.jpg\",\"datePublished\":\"2020-01-05T09:01:48+00:00\",\"dateModified\":\"2020-01-05T10:37:58+00:00\",\"author\":{\"@id\":\"https:\/\/suomenkuvalehti.fi\/kirjailijanpaivakirja\/#\/schema\/person\/ca2dfd9d508d8c675e07b3c099fc789b\"},\"description\":\"Mikkelill\u00e4 oli viel\u00e4 yksi valtti: aivan kaupungin keskustassa sijaitsi Naisvuori, johon voitaisiin louhia pommituksen kest\u00e4vi\u00e4 ty\u00f6skentelytiloja.\",\"breadcrumb\":{\"@id\":\"https:\/\/suomenkuvalehti.fi\/kirjailijanpaivakirja\/talvi-ja-jatkosodan-paamajan-sijaintipaikan-ratkaisivat-maantiede-yhteydet-ja-mikkelin-keskustassa-sijaitseva-vuori\/#breadcrumb\"},\"inLanguage\":\"fi\",\"potentialAction\":[{\"@type\":\"ReadAction\",\"target\":[\"https:\/\/suomenkuvalehti.fi\/kirjailijanpaivakirja\/talvi-ja-jatkosodan-paamajan-sijaintipaikan-ratkaisivat-maantiede-yhteydet-ja-mikkelin-keskustassa-sijaitseva-vuori\/\"]}]},{\"@type\":\"ImageObject\",\"inLanguage\":\"fi\",\"@id\":\"https:\/\/suomenkuvalehti.fi\/kirjailijanpaivakirja\/talvi-ja-jatkosodan-paamajan-sijaintipaikan-ratkaisivat-maantiede-yhteydet-ja-mikkelin-keskustassa-sijaitseva-vuori\/#primaryimage\",\"url\":\"https:\/\/suomenkuvalehti.fi\/kirjailijanpaivakirja\/wp-content\/uploads\/sites\/21\/2020\/01\/9789511330950.jpg\",\"contentUrl\":\"https:\/\/suomenkuvalehti.fi\/kirjailijanpaivakirja\/wp-content\/uploads\/sites\/21\/2020\/01\/9789511330950.jpg\",\"width\":1756,\"height\":2616},{\"@type\":\"BreadcrumbList\",\"@id\":\"https:\/\/suomenkuvalehti.fi\/kirjailijanpaivakirja\/talvi-ja-jatkosodan-paamajan-sijaintipaikan-ratkaisivat-maantiede-yhteydet-ja-mikkelin-keskustassa-sijaitseva-vuori\/#breadcrumb\",\"itemListElement\":[{\"@type\":\"ListItem\",\"position\":1,\"name\":\"Home\",\"item\":\"https:\/\/suomenkuvalehti.fi\/kirjailijanpaivakirja\/\"},{\"@type\":\"ListItem\",\"position\":2,\"name\":\"Talvi- ja jatkosodan p\u00e4\u00e4majan sijaintipaikan ratkaisivat maantiede, yhteydet \u2013 ja Mikkelin keskustassa sijaitseva vuori\"}]},{\"@type\":\"WebSite\",\"@id\":\"https:\/\/suomenkuvalehti.fi\/kirjailijanpaivakirja\/#website\",\"url\":\"https:\/\/suomenkuvalehti.fi\/kirjailijanpaivakirja\/\",\"name\":\"Kirjailijan p\u00e4iv\u00e4kirja\",\"description\":\"Proosakirjailijan arkea ja kirjallisuuden ajankohtaisia aiheita.\",\"potentialAction\":[{\"@type\":\"SearchAction\",\"target\":{\"@type\":\"EntryPoint\",\"urlTemplate\":\"https:\/\/suomenkuvalehti.fi\/haku\/?q={search_term_string}\"},\"query-input\":{\"@type\":\"PropertyValueSpecification\",\"valueRequired\":true,\"valueName\":\"search_term_string\"}}],\"inLanguage\":\"fi\"},{\"@type\":\"Person\",\"@id\":\"https:\/\/suomenkuvalehti.fi\/kirjailijanpaivakirja\/#\/schema\/person\/ca2dfd9d508d8c675e07b3c099fc789b\",\"name\":\"Karo H\u00e4m\u00e4l\u00e4inen\",\"image\":{\"@type\":\"ImageObject\",\"inLanguage\":\"fi\",\"@id\":\"https:\/\/suomenkuvalehti.fi\/kirjailijanpaivakirja\/#\/schema\/person\/image\/\",\"url\":\"https:\/\/suomenkuvalehti.fi\/kirjailijanpaivakirja\/wp-content\/uploads\/sites\/21\/2022\/04\/hamalainen_karo06-1-150x150.jpg\",\"contentUrl\":\"https:\/\/suomenkuvalehti.fi\/kirjailijanpaivakirja\/wp-content\/uploads\/sites\/21\/2022\/04\/hamalainen_karo06-1-150x150.jpg\",\"caption\":\"Karo H\u00e4m\u00e4l\u00e4inen\"},\"description\":\"Karo H\u00e4m\u00e4l\u00e4inen on kirjailija ja talouteen erikoistunut vapaa toimittaja.\"}]}<\/script>\n<!-- \/ Yoast SEO plugin. -->","yoast_head_json":{"title":"Talvi- ja jatkosodan p\u00e4\u00e4majan sijaintipaikan ratkaisivat maantiede, yhteydet \u2013 ja Mikkelin keskustassa sijaitseva vuori - Kirjailijan p\u00e4iv\u00e4kirja","description":"Mikkelill\u00e4 oli viel\u00e4 yksi valtti: aivan kaupungin keskustassa sijaitsi Naisvuori, johon voitaisiin louhia pommituksen kest\u00e4vi\u00e4 ty\u00f6skentelytiloja.","robots":{"index":"index","follow":"follow","max-snippet":"max-snippet:-1","max-image-preview":"max-image-preview:large","max-video-preview":"max-video-preview:-1"},"canonical":"https:\/\/suomenkuvalehti.fi\/kirjailijanpaivakirja\/talvi-ja-jatkosodan-paamajan-sijaintipaikan-ratkaisivat-maantiede-yhteydet-ja-mikkelin-keskustassa-sijaitseva-vuori\/","og_locale":"fi_FI","og_type":"article","og_title":"Talvi- ja jatkosodan p\u00e4\u00e4majan sijaintipaikan ratkaisivat maantiede, yhteydet \u2013 ja Mikkelin keskustassa sijaitseva vuori - Kirjailijan p\u00e4iv\u00e4kirja","og_description":"Mikkelill\u00e4 oli viel\u00e4 yksi valtti: aivan kaupungin keskustassa sijaitsi Naisvuori, johon voitaisiin louhia pommituksen kest\u00e4vi\u00e4 ty\u00f6skentelytiloja.","og_url":"https:\/\/suomenkuvalehti.fi\/kirjailijanpaivakirja\/talvi-ja-jatkosodan-paamajan-sijaintipaikan-ratkaisivat-maantiede-yhteydet-ja-mikkelin-keskustassa-sijaitseva-vuori\/","og_site_name":"Kirjailijan p\u00e4iv\u00e4kirja","article_published_time":"2020-01-05T09:01:48+00:00","article_modified_time":"2020-01-05T10:37:58+00:00","og_image":[{"width":600,"height":600,"url":"https:\/\/suomenkuvalehti.fi\/kirjailijanpaivakirja\/wp-content\/uploads\/sites\/21\/2018\/05\/karo_hamalainen_blogi_pieni.jpg","type":"image\/jpeg"}],"author":"Karo H\u00e4m\u00e4l\u00e4inen","twitter_card":"summary_large_image","twitter_image":"https:\/\/suomenkuvalehti.fi\/kirjailijanpaivakirja\/wp-content\/uploads\/sites\/21\/2018\/05\/karo_hamalainen_blogi_pieni.jpg","twitter_misc":{"Written by":"Karo H\u00e4m\u00e4l\u00e4inen","Est. reading time":"3 minuuttia"},"schema":{"@context":"https:\/\/schema.org","@graph":[{"@type":"WebPage","@id":"https:\/\/suomenkuvalehti.fi\/kirjailijanpaivakirja\/talvi-ja-jatkosodan-paamajan-sijaintipaikan-ratkaisivat-maantiede-yhteydet-ja-mikkelin-keskustassa-sijaitseva-vuori\/","url":"https:\/\/suomenkuvalehti.fi\/kirjailijanpaivakirja\/talvi-ja-jatkosodan-paamajan-sijaintipaikan-ratkaisivat-maantiede-yhteydet-ja-mikkelin-keskustassa-sijaitseva-vuori\/","name":"Talvi- ja jatkosodan p\u00e4\u00e4majan sijaintipaikan ratkaisivat maantiede, yhteydet \u2013 ja Mikkelin keskustassa sijaitseva vuori - Kirjailijan p\u00e4iv\u00e4kirja","isPartOf":{"@id":"https:\/\/suomenkuvalehti.fi\/kirjailijanpaivakirja\/#website"},"primaryImageOfPage":{"@id":"https:\/\/suomenkuvalehti.fi\/kirjailijanpaivakirja\/talvi-ja-jatkosodan-paamajan-sijaintipaikan-ratkaisivat-maantiede-yhteydet-ja-mikkelin-keskustassa-sijaitseva-vuori\/#primaryimage"},"image":{"@id":"https:\/\/suomenkuvalehti.fi\/kirjailijanpaivakirja\/talvi-ja-jatkosodan-paamajan-sijaintipaikan-ratkaisivat-maantiede-yhteydet-ja-mikkelin-keskustassa-sijaitseva-vuori\/#primaryimage"},"thumbnailUrl":"https:\/\/suomenkuvalehti.fi\/kirjailijanpaivakirja\/wp-content\/uploads\/sites\/21\/2020\/01\/9789511330950.jpg","datePublished":"2020-01-05T09:01:48+00:00","dateModified":"2020-01-05T10:37:58+00:00","author":{"@id":"https:\/\/suomenkuvalehti.fi\/kirjailijanpaivakirja\/#\/schema\/person\/ca2dfd9d508d8c675e07b3c099fc789b"},"description":"Mikkelill\u00e4 oli viel\u00e4 yksi valtti: aivan kaupungin keskustassa sijaitsi Naisvuori, johon voitaisiin louhia pommituksen kest\u00e4vi\u00e4 ty\u00f6skentelytiloja.","breadcrumb":{"@id":"https:\/\/suomenkuvalehti.fi\/kirjailijanpaivakirja\/talvi-ja-jatkosodan-paamajan-sijaintipaikan-ratkaisivat-maantiede-yhteydet-ja-mikkelin-keskustassa-sijaitseva-vuori\/#breadcrumb"},"inLanguage":"fi","potentialAction":[{"@type":"ReadAction","target":["https:\/\/suomenkuvalehti.fi\/kirjailijanpaivakirja\/talvi-ja-jatkosodan-paamajan-sijaintipaikan-ratkaisivat-maantiede-yhteydet-ja-mikkelin-keskustassa-sijaitseva-vuori\/"]}]},{"@type":"ImageObject","inLanguage":"fi","@id":"https:\/\/suomenkuvalehti.fi\/kirjailijanpaivakirja\/talvi-ja-jatkosodan-paamajan-sijaintipaikan-ratkaisivat-maantiede-yhteydet-ja-mikkelin-keskustassa-sijaitseva-vuori\/#primaryimage","url":"https:\/\/suomenkuvalehti.fi\/kirjailijanpaivakirja\/wp-content\/uploads\/sites\/21\/2020\/01\/9789511330950.jpg","contentUrl":"https:\/\/suomenkuvalehti.fi\/kirjailijanpaivakirja\/wp-content\/uploads\/sites\/21\/2020\/01\/9789511330950.jpg","width":1756,"height":2616},{"@type":"BreadcrumbList","@id":"https:\/\/suomenkuvalehti.fi\/kirjailijanpaivakirja\/talvi-ja-jatkosodan-paamajan-sijaintipaikan-ratkaisivat-maantiede-yhteydet-ja-mikkelin-keskustassa-sijaitseva-vuori\/#breadcrumb","itemListElement":[{"@type":"ListItem","position":1,"name":"Home","item":"https:\/\/suomenkuvalehti.fi\/kirjailijanpaivakirja\/"},{"@type":"ListItem","position":2,"name":"Talvi- ja jatkosodan p\u00e4\u00e4majan sijaintipaikan ratkaisivat maantiede, yhteydet \u2013 ja Mikkelin keskustassa sijaitseva vuori"}]},{"@type":"WebSite","@id":"https:\/\/suomenkuvalehti.fi\/kirjailijanpaivakirja\/#website","url":"https:\/\/suomenkuvalehti.fi\/kirjailijanpaivakirja\/","name":"Kirjailijan p\u00e4iv\u00e4kirja","description":"Proosakirjailijan arkea ja kirjallisuuden ajankohtaisia aiheita.","potentialAction":[{"@type":"SearchAction","target":{"@type":"EntryPoint","urlTemplate":"https:\/\/suomenkuvalehti.fi\/haku\/?q={search_term_string}"},"query-input":{"@type":"PropertyValueSpecification","valueRequired":true,"valueName":"search_term_string"}}],"inLanguage":"fi"},{"@type":"Person","@id":"https:\/\/suomenkuvalehti.fi\/kirjailijanpaivakirja\/#\/schema\/person\/ca2dfd9d508d8c675e07b3c099fc789b","name":"Karo H\u00e4m\u00e4l\u00e4inen","image":{"@type":"ImageObject","inLanguage":"fi","@id":"https:\/\/suomenkuvalehti.fi\/kirjailijanpaivakirja\/#\/schema\/person\/image\/","url":"https:\/\/suomenkuvalehti.fi\/kirjailijanpaivakirja\/wp-content\/uploads\/sites\/21\/2022\/04\/hamalainen_karo06-1-150x150.jpg","contentUrl":"https:\/\/suomenkuvalehti.fi\/kirjailijanpaivakirja\/wp-content\/uploads\/sites\/21\/2022\/04\/hamalainen_karo06-1-150x150.jpg","caption":"Karo H\u00e4m\u00e4l\u00e4inen"},"description":"Karo H\u00e4m\u00e4l\u00e4inen on kirjailija ja talouteen erikoistunut vapaa toimittaja."}]}},"_links":{"self":[{"href":"https:\/\/suomenkuvalehti.fi\/kirjailijanpaivakirja\/wp-json\/wp\/v2\/posts\/1701","targetHints":{"allow":["GET"]}}],"collection":[{"href":"https:\/\/suomenkuvalehti.fi\/kirjailijanpaivakirja\/wp-json\/wp\/v2\/posts"}],"about":[{"href":"https:\/\/suomenkuvalehti.fi\/kirjailijanpaivakirja\/wp-json\/wp\/v2\/types\/post"}],"author":[{"embeddable":true,"href":"https:\/\/suomenkuvalehti.fi\/kirjailijanpaivakirja\/wp-json\/wp\/v2\/users\/129"}],"replies":[{"embeddable":true,"href":"https:\/\/suomenkuvalehti.fi\/kirjailijanpaivakirja\/wp-json\/wp\/v2\/comments?post=1701"}],"version-history":[{"count":2,"href":"https:\/\/suomenkuvalehti.fi\/kirjailijanpaivakirja\/wp-json\/wp\/v2\/posts\/1701\/revisions"}],"predecessor-version":[{"id":1705,"href":"https:\/\/suomenkuvalehti.fi\/kirjailijanpaivakirja\/wp-json\/wp\/v2\/posts\/1701\/revisions\/1705"}],"wp:featuredmedia":[{"embeddable":true,"href":"https:\/\/suomenkuvalehti.fi\/kirjailijanpaivakirja\/wp-json\/wp\/v2\/media\/1702"}],"wp:attachment":[{"href":"https:\/\/suomenkuvalehti.fi\/kirjailijanpaivakirja\/wp-json\/wp\/v2\/media?parent=1701"}],"wp:term":[{"taxonomy":"category","embeddable":true,"href":"https:\/\/suomenkuvalehti.fi\/kirjailijanpaivakirja\/wp-json\/wp\/v2\/categories?post=1701"},{"taxonomy":"post_tag","embeddable":true,"href":"https:\/\/suomenkuvalehti.fi\/kirjailijanpaivakirja\/wp-json\/wp\/v2\/tags?post=1701"}],"curies":[{"name":"wp","href":"https:\/\/api.w.org\/{rel}","templated":true}]}}