{"id":1676,"date":"2019-12-07T12:26:48","date_gmt":"2019-12-07T10:26:48","guid":{"rendered":"https:\/\/suomenkuvalehti.fi\/kirjailijanpaivakirja\/?p=1676"},"modified":"2019-12-07T12:26:48","modified_gmt":"2019-12-07T10:26:48","slug":"nain-risto-isomaki-ratkaisee-ilmastonmuutoksen","status":"publish","type":"post","link":"https:\/\/suomenkuvalehti.fi\/kirjailijanpaivakirja\/nain-risto-isomaki-ratkaisee-ilmastonmuutoksen\/","title":{"rendered":"N\u00e4in Risto Isom\u00e4ki ratkaisee ilmastonmuutoksen"},"content":{"rendered":"<figure class=\"alignleft size-medium is-resized wp-block-image\">\n  <div class=\"wp-block-image__inner-container\">\n    <a href='https:\/\/suomenkuvalehti.fi\/kirjailijanpaivakirja\/wp-content\/uploads\/sites\/21\/2019\/12\/isomaki.jpg'><img loading=\"lazy\" decoding=\"async\" src=\"https:\/\/suomenkuvalehti.fi\/kirjailijanpaivakirja\/wp-content\/uploads\/sites\/21\/2019\/12\/isomaki-195x300.jpg\" alt=\"\" class=\"wp-image-1677\" width=\"195\" height=\"300\" style=\"--aspect-ratio: 0.65\" srcset=\"https:\/\/suomenkuvalehti.fi\/kirjailijanpaivakirja\/wp-content\/uploads\/sites\/21\/2019\/12\/isomaki-195x300.jpg 195w, https:\/\/suomenkuvalehti.fi\/kirjailijanpaivakirja\/wp-content\/uploads\/sites\/21\/2019\/12\/isomaki-768x1182.jpg 768w, https:\/\/suomenkuvalehti.fi\/kirjailijanpaivakirja\/wp-content\/uploads\/sites\/21\/2019\/12\/isomaki-666x1024.jpg 666w, https:\/\/suomenkuvalehti.fi\/kirjailijanpaivakirja\/wp-content\/uploads\/sites\/21\/2019\/12\/isomaki-300x462.jpg 300w, https:\/\/suomenkuvalehti.fi\/kirjailijanpaivakirja\/wp-content\/uploads\/sites\/21\/2019\/12\/isomaki-630x969.jpg 630w, https:\/\/suomenkuvalehti.fi\/kirjailijanpaivakirja\/wp-content\/uploads\/sites\/21\/2019\/12\/isomaki.jpg 975w\" sizes=\"auto, (max-width: 195px) 100vw, 195px\" \/><\/a>  <\/div>\n<\/figure>\n\n\n<p><span class=\"capitalized\">On helppo<\/span> olla samaa mielt\u00e4 YK:n ilmastokokouksessa Madridissa <a href=\"https:\/\/yle.fi\/uutiset\/3-11106484\" target=\"_blank\" rel=\"noopener\">esiintyneen<\/a> <strong>Greta Thunbergin<\/strong> kanssa: ilmastoaktivistien \u00e4\u00e4ni kuuluu yh\u00e4 enemm\u00e4n ja enemm\u00e4n mutta ei muutu poliittiseksi toiminnaksi.<\/p>\n\n\n\n<p>Samalla kun politiikan hitaat p\u00e4\u00e4t\u00f6ksentekoprosessit tuntuvat junnaavan paikallaan, monet yritykset kehittelev\u00e4t t\u00e4ytt\u00e4 p\u00e4\u00e4t\u00e4 ratkaisuja, joilla estet\u00e4\u00e4n ilmaston l\u00e4mpenemist\u00e4. Kun asiakkaat, sijoittajat ja ty\u00f6ntekij\u00e4t vaativat yrityksilt\u00e4 ilmastotietoisuutta, yritykset toimivat rivakasti.<\/p>\n\n\n\n<p>Ilmastonmuutos on ep\u00e4ilem\u00e4tt\u00e4 monille yhti\u00f6ille my\u00f6s hyv\u00e4 bisnes ja mahdollisuus parantaa omaa asemaa.<\/p>\n\n\n\n<p>&nbsp;<\/p>\n\n\n\n<p><span class=\"capitalized\">Monet ilmastonmuutosta<\/span> k\u00e4sittelev\u00e4t kirjat maalailevat synkki\u00e4 tulevaisuuskuvia. T\u00e4m\u00e4n lajin edustajiin kuuluu esimerkiksi kansainv\u00e4liseksi bestselleriksi noussut toimittaja <strong>David Wallace-Wellsin <\/strong><em>Asumiskelvoton maapallo<\/em> (suom. <strong>Tarja Kontro<\/strong>, Otava 2019).<\/p>\n\n\n\n<p>Lohduttomuudesta on lyhyt matka ep\u00e4toivoon: peli on menetetty.<\/p>\n\n\n\n<p>Synkistelyn keskell\u00e4 tekee todella hyv\u00e4\u00e4 lukea tiedetoimittaja <strong>Risto Isom\u00e4en<\/strong> <em>Miten Suomi pys\u00e4ytt\u00e4\u00e4 ilmastonmuutoksen<\/em> (Into 2019), jonka n\u00e4k\u00f6kulma on tyystin toinen. Isom\u00e4ki n\u00e4kee uhan, mutta surkuttelun sijaan h\u00e4n esittelee lukuisia potentiaalisia keinoja, joilla ilmastonmuutoksen eri kohtia voidaan ratkaista.<\/p>\n\n\n\n<p>&nbsp;<\/p>\n\n\n\n<p><span class=\"capitalized\">Isom\u00e4ki kirjoittaa<\/span> v\u00e4rikk\u00e4\u00e4sti ja innostuneesti. Erityisesti h\u00e4n intoilee piioksidiaerogeelist\u00e4, johon h\u00e4nell\u00e4 \u201dalkaa olla traumaattisempi suhtautuminen kuin Linnan juhliin\u201d.<\/p>\n\n\n\n<p>Piioksidiaerogeeli on 98-prosenttisesti ilmaa. Se on Isom\u00e4en mukaan \u201dparas tunnettu l\u00e4mp\u00f6eriste, paras tunnettu \u00e4\u00e4nieriste, paras tunnettu paloeriste ja paras tunnettu iskunvaimennin\u201d.<\/p>\n\n\n\n<p>Jos ihmiset pukeutuisivat piioksidiaerogeelist\u00e4 valmistettuihin vaatteisiin, taloja ei tarvitsisi l\u00e4mmitt\u00e4\u00e4 kuin sen verran, ett\u00e4 putket eiv\u00e4t j\u00e4\u00e4tyisi! Iskunvaimennusominaisuuksiensa ansiosta piioksidiaerogeelipaita toimisi kevlar-liivin korvikkeena \u2013 kevyemp\u00e4n\u00e4 ja ohuempana vain.<\/p>\n\n\n\n<p>Mutta ent\u00e4p\u00e4 jos piioksidiaerogeeli\u00e4 alettaisiin hy\u00f6dynt\u00e4\u00e4 rakentamisessa?<\/p>\n\n\n\n<p>&nbsp;<\/p>\n\n\n\n<p><span class=\"capitalized\">Villien visioiden<\/span> lis\u00e4ksi Isom\u00e4ki k\u00e4sittelee monipuolisesti ja jalat l\u00e4hemp\u00e4n\u00e4 maan pintaa monia ilmastonmuutoksen hillitsemisen my\u00f6t\u00e4 agendalle nousseita asioita. Esimerkiksi s\u00e4hk\u00f6autoista, niiden akkuteknologiasta ja ylip\u00e4\u00e4t\u00e4\u00e4n liikkumisesta Isom\u00e4ell\u00e4 on kiinnostavia tietoja ja oivalluksia.<\/p>\n\n\n\n<p>Palmu\u00f6ljyst\u00e4 h\u00e4n innostuu pit\u00e4m\u00e4\u00e4n polveilevan luennon, joka muistuttaa monessa kohtaa, ett\u00e4 yhden asian per\u00e4ss\u00e4 juokseminen saattaa johtaa ongelmiin toisaalla. Isom\u00e4ki vaatii palmu\u00f6ljyn maineenpalautusta: \u00e4lykk\u00e4\u00e4ll\u00e4 tavalla tuotetusta biokerosiinista pit\u00e4isi tehd\u00e4 lentoliikenteen p\u00e4\u00e4asiallinen energianl\u00e4hde.<\/p>\n\n\n\n<p>Siin\u00e4 onkin Isom\u00e4en teoksen t\u00e4rke\u00e4 oppi: \u00e4l\u00e4 usko ehdottomia totuuksia laukovia profeettoja tai fanaattisia lobbareita, jotka eiv\u00e4t kyseenalaista piiruakaan omasta sanomastaan.<\/p>\n\n\n\n<p>&nbsp;<\/p>\n\n\n\n<p><span class=\"capitalized\">Suomessa<\/span> erityisen polarisoituneelta tuntuu keskustelu metsien asemasta ilmastonmuutoksessa. Isom\u00e4ki muotoilee diplomaattisesti: \u201dSiit\u00e4 on p\u00e4\u00e4s\u00e4\u00e4nt\u00f6isesti puuttunut aito yritys ymm\u00e4rt\u00e4\u00e4 hiukan toisella tavalla ajattelevien ihmisten n\u00e4k\u00f6kantoja.\u201d<\/p>\n\n\n\n<p>Isom\u00e4ell\u00e4 on kyky\u00e4 ja halua n\u00e4hd\u00e4 niin ymp\u00e4rist\u00f6nsuojelun kuin mets\u00e4talouden n\u00e4k\u00f6kulmat ja asetella niit\u00e4 yhteen.<\/p>\n\n\n\n<p>Asiat my\u00f6s kytkeytyv\u00e4t toisiinsa, mik\u00e4 helposti unohtuu \u00e4\u00e4nekk\u00e4\u00e4ss\u00e4 p\u00e4iv\u00e4npoliittisessa kiivailussa. Maapallon on dynaamisten vaikutusj\u00e4rjestelmien kokonaisuus. Osaoptimointi voi johtaa kokonaisuuden kannalta haitallisiin lopputuloksiin.<\/p>\n\n\n\n<p>Se onkin kirjan toinen t\u00e4rke\u00e4 muistutus. Nopeassa argumentoinnissa keskityt\u00e4\u00e4n herk\u00e4sti jonkin helposti mitattavissa olevan asian tavoittelemiseen, ja kun sit\u00e4 kohden menn\u00e4\u00e4n t\u00e4ydell\u00e4 tarmolla, toisaalla saattaa romahtaa.<\/p>\n\n\n\n<p>&nbsp;<\/p>\n\n\n\n<p><span class=\"capitalized\"><em>Miten Suomi pys\u00e4ytt\u00e4\u00e4 ilmastonmuutoksen<\/em><\/span> on minulle vuoden t\u00e4rkein ilmastokirja.<\/p>\n\n\n\n<p>Se on villi, optimistinen ja viisas. Vakava ja hillitt\u00f6m\u00e4n hauska.<\/p>\n\n\n\n<p>Isom\u00e4en uskottavuutta \u2013 kaikkien villien ajatuksenjuoksujen seassa \u2013 lis\u00e4\u00e4 se, ett\u00e4 h\u00e4n selv\u00e4sti my\u00f6nt\u00e4\u00e4 my\u00f6s ne asiat, joissa h\u00e4n itse on ollut v\u00e4\u00e4r\u00e4ss\u00e4 ja mit\u00e4 on siit\u00e4 oppinut.&nbsp;Kirjan kertojan\u00e4\u00e4neen ei voi olla ihastumatta.<\/p>\n\n\n","protected":false},"excerpt":{"rendered":"<p>On helppo olla samaa mielt\u00e4 YK:n ilmastokokouksessa Madridissa esiintyneen Greta Thunbergin kanssa: ilmastoaktivistien \u00e4\u00e4ni kuuluu yh\u00e4 enemm\u00e4n ja enemm\u00e4n mutta ei muutu poliittiseksi toiminnaksi. Samalla kun politiikan hitaat p\u00e4\u00e4t\u00f6ksentekoprosessit tuntuvat junnaavan<br \/>\npaikalla&hellip;<\/p>\n","protected":false},"author":129,"featured_media":1677,"comment_status":"open","ping_status":"open","sticky":false,"template":"","format":"standard","meta":{"_acf_changed":false,"asauth_required_access_level":3,"asauth_cansharepaid":"true","om_header_attributes":[],"footnotes":"","om_featured_image_focal_point":[],"om_primary_tag":0,"om_contributors":[],"om_co_authors":[],"beyondwords_generate_audio":"","beyondwords_project_id":"","beyondwords_content_id":"","beyondwords_preview_token":"","beyondwords_player_content":"","beyondwords_player_style":"","beyondwords_language_code":"","beyondwords_language_id":"","beyondwords_title_voice_id":"","beyondwords_body_voice_id":"","beyondwords_summary_voice_id":"","beyondwords_error_message":"","beyondwords_disabled":"","beyondwords_delete_content":"","beyondwords_podcast_id":"","beyondwords_hash":"","publish_post_to_speechkit":"","speechkit_hash":"","speechkit_generate_audio":"","speechkit_project_id":"","speechkit_podcast_id":"","speechkit_error_message":"","speechkit_disabled":"","speechkit_access_key":"","speechkit_error":"","speechkit_info":"","speechkit_response":"","speechkit_retries":"","speechkit_status":"","speechkit_updated_at":"","_speechkit_link":"","_speechkit_text":""},"categories":[1],"tags":[1343,1344],"class_list":["post-1676","post","type-post","status-publish","format-standard","has-post-thumbnail","hentry","category-kirjailijan-paivakirja","tag-ilmastonmuutos","tag-risto-isomaki"],"om_views":null,"acf":{"tuuma_off":false,"tuuma_kysymys":"","tuuma_vastaus":""},"asauth":{"required_access_level":1,"share_token":"","is_paid":false},"yoast_head":"<!-- This site is optimized with the Yoast SEO plugin v26.4 - https:\/\/yoast.com\/wordpress\/plugins\/seo\/ -->\n<title>N\u00e4in Risto Isom\u00e4ki ratkaisee ilmastonmuutoksen - Kirjailijan p\u00e4iv\u00e4kirja<\/title>\n<meta name=\"robots\" content=\"index, follow, max-snippet:-1, max-image-preview:large, max-video-preview:-1\" \/>\n<link rel=\"canonical\" href=\"https:\/\/suomenkuvalehti.fi\/kirjailijanpaivakirja\/nain-risto-isomaki-ratkaisee-ilmastonmuutoksen\/\" \/>\n<meta property=\"og:locale\" content=\"fi_FI\" \/>\n<meta property=\"og:type\" content=\"article\" \/>\n<meta property=\"og:title\" content=\"N\u00e4in Risto Isom\u00e4ki ratkaisee ilmastonmuutoksen - Kirjailijan p\u00e4iv\u00e4kirja\" \/>\n<meta property=\"og:description\" content=\"On helppo olla samaa mielt\u00e4 YK:n ilmastokokouksessa Madridissa esiintyneen Greta Thunbergin kanssa: ilmastoaktivistien \u00e4\u00e4ni kuuluu yh\u00e4 enemm\u00e4n ja enemm\u00e4n mutta ei muutu poliittiseksi toiminnaksi. Samalla kun politiikan hitaat p\u00e4\u00e4t\u00f6ksentekoprosessit tuntuvat junnaavan paikalla&hellip;\" \/>\n<meta property=\"og:url\" content=\"https:\/\/suomenkuvalehti.fi\/kirjailijanpaivakirja\/nain-risto-isomaki-ratkaisee-ilmastonmuutoksen\/\" \/>\n<meta property=\"og:site_name\" content=\"Kirjailijan p\u00e4iv\u00e4kirja\" \/>\n<meta property=\"article:published_time\" content=\"2019-12-07T10:26:48+00:00\" \/>\n<meta property=\"og:image\" content=\"https:\/\/suomenkuvalehti.fi\/kirjailijanpaivakirja\/wp-content\/uploads\/sites\/21\/2019\/12\/isomaki.jpg\" \/>\n\t<meta property=\"og:image:width\" content=\"975\" \/>\n\t<meta property=\"og:image:height\" content=\"1500\" \/>\n\t<meta property=\"og:image:type\" content=\"image\/jpeg\" \/>\n<meta name=\"author\" content=\"Karo H\u00e4m\u00e4l\u00e4inen\" \/>\n<meta name=\"twitter:card\" content=\"summary_large_image\" \/>\n<meta name=\"twitter:label1\" content=\"Written by\" \/>\n\t<meta name=\"twitter:data1\" content=\"Karo H\u00e4m\u00e4l\u00e4inen\" \/>\n\t<meta name=\"twitter:label2\" content=\"Est. reading time\" \/>\n\t<meta name=\"twitter:data2\" content=\"3 minuuttia\" \/>\n<script type=\"application\/ld+json\" class=\"yoast-schema-graph\">{\"@context\":\"https:\/\/schema.org\",\"@graph\":[{\"@type\":\"WebPage\",\"@id\":\"https:\/\/suomenkuvalehti.fi\/kirjailijanpaivakirja\/nain-risto-isomaki-ratkaisee-ilmastonmuutoksen\/\",\"url\":\"https:\/\/suomenkuvalehti.fi\/kirjailijanpaivakirja\/nain-risto-isomaki-ratkaisee-ilmastonmuutoksen\/\",\"name\":\"N\u00e4in Risto Isom\u00e4ki ratkaisee ilmastonmuutoksen - Kirjailijan p\u00e4iv\u00e4kirja\",\"isPartOf\":{\"@id\":\"https:\/\/suomenkuvalehti.fi\/kirjailijanpaivakirja\/#website\"},\"primaryImageOfPage\":{\"@id\":\"https:\/\/suomenkuvalehti.fi\/kirjailijanpaivakirja\/nain-risto-isomaki-ratkaisee-ilmastonmuutoksen\/#primaryimage\"},\"image\":{\"@id\":\"https:\/\/suomenkuvalehti.fi\/kirjailijanpaivakirja\/nain-risto-isomaki-ratkaisee-ilmastonmuutoksen\/#primaryimage\"},\"thumbnailUrl\":\"https:\/\/suomenkuvalehti.fi\/kirjailijanpaivakirja\/wp-content\/uploads\/sites\/21\/2019\/12\/isomaki.jpg\",\"datePublished\":\"2019-12-07T10:26:48+00:00\",\"author\":{\"@id\":\"https:\/\/suomenkuvalehti.fi\/kirjailijanpaivakirja\/#\/schema\/person\/ca2dfd9d508d8c675e07b3c099fc789b\"},\"breadcrumb\":{\"@id\":\"https:\/\/suomenkuvalehti.fi\/kirjailijanpaivakirja\/nain-risto-isomaki-ratkaisee-ilmastonmuutoksen\/#breadcrumb\"},\"inLanguage\":\"fi\",\"potentialAction\":[{\"@type\":\"ReadAction\",\"target\":[\"https:\/\/suomenkuvalehti.fi\/kirjailijanpaivakirja\/nain-risto-isomaki-ratkaisee-ilmastonmuutoksen\/\"]}]},{\"@type\":\"ImageObject\",\"inLanguage\":\"fi\",\"@id\":\"https:\/\/suomenkuvalehti.fi\/kirjailijanpaivakirja\/nain-risto-isomaki-ratkaisee-ilmastonmuutoksen\/#primaryimage\",\"url\":\"https:\/\/suomenkuvalehti.fi\/kirjailijanpaivakirja\/wp-content\/uploads\/sites\/21\/2019\/12\/isomaki.jpg\",\"contentUrl\":\"https:\/\/suomenkuvalehti.fi\/kirjailijanpaivakirja\/wp-content\/uploads\/sites\/21\/2019\/12\/isomaki.jpg\",\"width\":975,\"height\":1500},{\"@type\":\"BreadcrumbList\",\"@id\":\"https:\/\/suomenkuvalehti.fi\/kirjailijanpaivakirja\/nain-risto-isomaki-ratkaisee-ilmastonmuutoksen\/#breadcrumb\",\"itemListElement\":[{\"@type\":\"ListItem\",\"position\":1,\"name\":\"Home\",\"item\":\"https:\/\/suomenkuvalehti.fi\/kirjailijanpaivakirja\/\"},{\"@type\":\"ListItem\",\"position\":2,\"name\":\"N\u00e4in Risto Isom\u00e4ki ratkaisee ilmastonmuutoksen\"}]},{\"@type\":\"WebSite\",\"@id\":\"https:\/\/suomenkuvalehti.fi\/kirjailijanpaivakirja\/#website\",\"url\":\"https:\/\/suomenkuvalehti.fi\/kirjailijanpaivakirja\/\",\"name\":\"Kirjailijan p\u00e4iv\u00e4kirja\",\"description\":\"Proosakirjailijan arkea ja kirjallisuuden ajankohtaisia aiheita.\",\"potentialAction\":[{\"@type\":\"SearchAction\",\"target\":{\"@type\":\"EntryPoint\",\"urlTemplate\":\"https:\/\/suomenkuvalehti.fi\/haku\/?q={search_term_string}\"},\"query-input\":{\"@type\":\"PropertyValueSpecification\",\"valueRequired\":true,\"valueName\":\"search_term_string\"}}],\"inLanguage\":\"fi\"},{\"@type\":\"Person\",\"@id\":\"https:\/\/suomenkuvalehti.fi\/kirjailijanpaivakirja\/#\/schema\/person\/ca2dfd9d508d8c675e07b3c099fc789b\",\"name\":\"Karo H\u00e4m\u00e4l\u00e4inen\",\"image\":{\"@type\":\"ImageObject\",\"inLanguage\":\"fi\",\"@id\":\"https:\/\/suomenkuvalehti.fi\/kirjailijanpaivakirja\/#\/schema\/person\/image\/\",\"url\":\"https:\/\/suomenkuvalehti.fi\/kirjailijanpaivakirja\/wp-content\/uploads\/sites\/21\/2022\/04\/hamalainen_karo06-1-150x150.jpg\",\"contentUrl\":\"https:\/\/suomenkuvalehti.fi\/kirjailijanpaivakirja\/wp-content\/uploads\/sites\/21\/2022\/04\/hamalainen_karo06-1-150x150.jpg\",\"caption\":\"Karo H\u00e4m\u00e4l\u00e4inen\"},\"description\":\"Karo H\u00e4m\u00e4l\u00e4inen on kirjailija ja talouteen erikoistunut vapaa toimittaja.\"}]}<\/script>\n<!-- \/ Yoast SEO plugin. -->","yoast_head_json":{"title":"N\u00e4in Risto Isom\u00e4ki ratkaisee ilmastonmuutoksen - Kirjailijan p\u00e4iv\u00e4kirja","robots":{"index":"index","follow":"follow","max-snippet":"max-snippet:-1","max-image-preview":"max-image-preview:large","max-video-preview":"max-video-preview:-1"},"canonical":"https:\/\/suomenkuvalehti.fi\/kirjailijanpaivakirja\/nain-risto-isomaki-ratkaisee-ilmastonmuutoksen\/","og_locale":"fi_FI","og_type":"article","og_title":"N\u00e4in Risto Isom\u00e4ki ratkaisee ilmastonmuutoksen - Kirjailijan p\u00e4iv\u00e4kirja","og_description":"On helppo olla samaa mielt\u00e4 YK:n ilmastokokouksessa Madridissa esiintyneen Greta Thunbergin kanssa: ilmastoaktivistien \u00e4\u00e4ni kuuluu yh\u00e4 enemm\u00e4n ja enemm\u00e4n mutta ei muutu poliittiseksi toiminnaksi. Samalla kun politiikan hitaat p\u00e4\u00e4t\u00f6ksentekoprosessit tuntuvat junnaavan paikalla&hellip;","og_url":"https:\/\/suomenkuvalehti.fi\/kirjailijanpaivakirja\/nain-risto-isomaki-ratkaisee-ilmastonmuutoksen\/","og_site_name":"Kirjailijan p\u00e4iv\u00e4kirja","article_published_time":"2019-12-07T10:26:48+00:00","og_image":[{"width":975,"height":1500,"url":"https:\/\/suomenkuvalehti.fi\/kirjailijanpaivakirja\/wp-content\/uploads\/sites\/21\/2019\/12\/isomaki.jpg","type":"image\/jpeg"}],"author":"Karo H\u00e4m\u00e4l\u00e4inen","twitter_card":"summary_large_image","twitter_misc":{"Written by":"Karo H\u00e4m\u00e4l\u00e4inen","Est. reading time":"3 minuuttia"},"schema":{"@context":"https:\/\/schema.org","@graph":[{"@type":"WebPage","@id":"https:\/\/suomenkuvalehti.fi\/kirjailijanpaivakirja\/nain-risto-isomaki-ratkaisee-ilmastonmuutoksen\/","url":"https:\/\/suomenkuvalehti.fi\/kirjailijanpaivakirja\/nain-risto-isomaki-ratkaisee-ilmastonmuutoksen\/","name":"N\u00e4in Risto Isom\u00e4ki ratkaisee ilmastonmuutoksen - Kirjailijan p\u00e4iv\u00e4kirja","isPartOf":{"@id":"https:\/\/suomenkuvalehti.fi\/kirjailijanpaivakirja\/#website"},"primaryImageOfPage":{"@id":"https:\/\/suomenkuvalehti.fi\/kirjailijanpaivakirja\/nain-risto-isomaki-ratkaisee-ilmastonmuutoksen\/#primaryimage"},"image":{"@id":"https:\/\/suomenkuvalehti.fi\/kirjailijanpaivakirja\/nain-risto-isomaki-ratkaisee-ilmastonmuutoksen\/#primaryimage"},"thumbnailUrl":"https:\/\/suomenkuvalehti.fi\/kirjailijanpaivakirja\/wp-content\/uploads\/sites\/21\/2019\/12\/isomaki.jpg","datePublished":"2019-12-07T10:26:48+00:00","author":{"@id":"https:\/\/suomenkuvalehti.fi\/kirjailijanpaivakirja\/#\/schema\/person\/ca2dfd9d508d8c675e07b3c099fc789b"},"breadcrumb":{"@id":"https:\/\/suomenkuvalehti.fi\/kirjailijanpaivakirja\/nain-risto-isomaki-ratkaisee-ilmastonmuutoksen\/#breadcrumb"},"inLanguage":"fi","potentialAction":[{"@type":"ReadAction","target":["https:\/\/suomenkuvalehti.fi\/kirjailijanpaivakirja\/nain-risto-isomaki-ratkaisee-ilmastonmuutoksen\/"]}]},{"@type":"ImageObject","inLanguage":"fi","@id":"https:\/\/suomenkuvalehti.fi\/kirjailijanpaivakirja\/nain-risto-isomaki-ratkaisee-ilmastonmuutoksen\/#primaryimage","url":"https:\/\/suomenkuvalehti.fi\/kirjailijanpaivakirja\/wp-content\/uploads\/sites\/21\/2019\/12\/isomaki.jpg","contentUrl":"https:\/\/suomenkuvalehti.fi\/kirjailijanpaivakirja\/wp-content\/uploads\/sites\/21\/2019\/12\/isomaki.jpg","width":975,"height":1500},{"@type":"BreadcrumbList","@id":"https:\/\/suomenkuvalehti.fi\/kirjailijanpaivakirja\/nain-risto-isomaki-ratkaisee-ilmastonmuutoksen\/#breadcrumb","itemListElement":[{"@type":"ListItem","position":1,"name":"Home","item":"https:\/\/suomenkuvalehti.fi\/kirjailijanpaivakirja\/"},{"@type":"ListItem","position":2,"name":"N\u00e4in Risto Isom\u00e4ki ratkaisee ilmastonmuutoksen"}]},{"@type":"WebSite","@id":"https:\/\/suomenkuvalehti.fi\/kirjailijanpaivakirja\/#website","url":"https:\/\/suomenkuvalehti.fi\/kirjailijanpaivakirja\/","name":"Kirjailijan p\u00e4iv\u00e4kirja","description":"Proosakirjailijan arkea ja kirjallisuuden ajankohtaisia aiheita.","potentialAction":[{"@type":"SearchAction","target":{"@type":"EntryPoint","urlTemplate":"https:\/\/suomenkuvalehti.fi\/haku\/?q={search_term_string}"},"query-input":{"@type":"PropertyValueSpecification","valueRequired":true,"valueName":"search_term_string"}}],"inLanguage":"fi"},{"@type":"Person","@id":"https:\/\/suomenkuvalehti.fi\/kirjailijanpaivakirja\/#\/schema\/person\/ca2dfd9d508d8c675e07b3c099fc789b","name":"Karo H\u00e4m\u00e4l\u00e4inen","image":{"@type":"ImageObject","inLanguage":"fi","@id":"https:\/\/suomenkuvalehti.fi\/kirjailijanpaivakirja\/#\/schema\/person\/image\/","url":"https:\/\/suomenkuvalehti.fi\/kirjailijanpaivakirja\/wp-content\/uploads\/sites\/21\/2022\/04\/hamalainen_karo06-1-150x150.jpg","contentUrl":"https:\/\/suomenkuvalehti.fi\/kirjailijanpaivakirja\/wp-content\/uploads\/sites\/21\/2022\/04\/hamalainen_karo06-1-150x150.jpg","caption":"Karo H\u00e4m\u00e4l\u00e4inen"},"description":"Karo H\u00e4m\u00e4l\u00e4inen on kirjailija ja talouteen erikoistunut vapaa toimittaja."}]}},"_links":{"self":[{"href":"https:\/\/suomenkuvalehti.fi\/kirjailijanpaivakirja\/wp-json\/wp\/v2\/posts\/1676","targetHints":{"allow":["GET"]}}],"collection":[{"href":"https:\/\/suomenkuvalehti.fi\/kirjailijanpaivakirja\/wp-json\/wp\/v2\/posts"}],"about":[{"href":"https:\/\/suomenkuvalehti.fi\/kirjailijanpaivakirja\/wp-json\/wp\/v2\/types\/post"}],"author":[{"embeddable":true,"href":"https:\/\/suomenkuvalehti.fi\/kirjailijanpaivakirja\/wp-json\/wp\/v2\/users\/129"}],"replies":[{"embeddable":true,"href":"https:\/\/suomenkuvalehti.fi\/kirjailijanpaivakirja\/wp-json\/wp\/v2\/comments?post=1676"}],"version-history":[{"count":1,"href":"https:\/\/suomenkuvalehti.fi\/kirjailijanpaivakirja\/wp-json\/wp\/v2\/posts\/1676\/revisions"}],"predecessor-version":[{"id":1678,"href":"https:\/\/suomenkuvalehti.fi\/kirjailijanpaivakirja\/wp-json\/wp\/v2\/posts\/1676\/revisions\/1678"}],"wp:featuredmedia":[{"embeddable":true,"href":"https:\/\/suomenkuvalehti.fi\/kirjailijanpaivakirja\/wp-json\/wp\/v2\/media\/1677"}],"wp:attachment":[{"href":"https:\/\/suomenkuvalehti.fi\/kirjailijanpaivakirja\/wp-json\/wp\/v2\/media?parent=1676"}],"wp:term":[{"taxonomy":"category","embeddable":true,"href":"https:\/\/suomenkuvalehti.fi\/kirjailijanpaivakirja\/wp-json\/wp\/v2\/categories?post=1676"},{"taxonomy":"post_tag","embeddable":true,"href":"https:\/\/suomenkuvalehti.fi\/kirjailijanpaivakirja\/wp-json\/wp\/v2\/tags?post=1676"}],"curies":[{"name":"wp","href":"https:\/\/api.w.org\/{rel}","templated":true}]}}