{"id":163,"date":"2014-06-26T17:29:08","date_gmt":"2014-06-26T14:29:08","guid":{"rendered":"https:\/\/suomenkuvalehti.fi\/kirjailijanpaivakirja\/?p=163"},"modified":"2014-06-26T17:29:08","modified_gmt":"2014-06-26T14:29:08","slug":"satuja","status":"publish","type":"post","link":"https:\/\/suomenkuvalehti.fi\/kirjailijanpaivakirja\/satuja\/","title":{"rendered":"Satuja"},"content":{"rendered":"\n<p>\u00c4iti l\u00e4hetti pikkupojan lentokoneella Oslon Fornebun kent\u00e4lt\u00e4 Pariisin lentoasemalle, josta pojan is\u00e4 haki t\u00e4m\u00e4n. Pojan vanhemmat olivat eronneet; is\u00e4 ty\u00f6skenteli diplomaattina ja tapasi viett\u00e4\u00e4 kes\u00e4t Normandian-m\u00f6kill\u00e4\u00e4n, \u00e4iti oli sosiaaliviranomaisten piiriss\u00e4 tunnettu siit\u00e4, ett\u00e4 h\u00e4nell\u00e4 oli tapana flirttailla.<\/p>\n\n\n\n<p>Kun poika oli ollut viiden vanha, Norjan valtion lasten- ja nuortenpsykiatrian keskuksen psykologi ajoi huostaanottoa: poika otettaisiin v\u00e4kisin pois \u00e4idilt\u00e4\u00e4n. Lastensuojeluviranomaiset kuitenkin totesivat, ett\u00e4 huostaanoton edellytykset eiv\u00e4t t\u00e4yttyneet.<\/p>\n\n\n\n<p>Normandian kes\u00e4huvilalla pojan is\u00e4n kolmas vaimo piti huolta pojasta ja teki jotain pojan mielest\u00e4 aivan erikoista. Nainen luki pojalle satuja.<\/p>\n\n\n\n<p>&#8221;Haluatko ihan oikeasti lukea?&#8221; poika kysyi \u00e4itipuoleltaan.<\/p>\n\n\n\n<p>Levoton poika saattoi istua \u00e4itipuolensa syliss\u00e4 tuntikausia ja kuunnella.<\/p>\n\n\n\n<p>&#8221;Silloin h\u00e4n oli aivan rauhallinen. Aivan turvassa. Ja unohti kaiken muun ymp\u00e4rill\u00e4\u00e4n&#8221;, kirjoittaa norjalaiskirjailija \u00c5sne Seierstad.<\/p>\n\n\n\n<p>Poika oli Anders Bering Breivik, joka kolme kes\u00e4\u00e4 sitten iski Ut\u00f8yan saarelle ja tappoi yhteens\u00e4 77 ihmist\u00e4.<\/p>\n\n\n\n<p>\u00c5sne Seierstadin massiivisessa, vastik\u00e4\u00e4n suomennetussa <em>Yksi meist\u00e4<\/em> -teoksessa k\u00e4yd\u00e4\u00e4n Anders Behring Breivikin el\u00e4m\u00e4nkaari. Olen vasta teoksen alkupuolella. Satuja koskeva muutaman rivin mittainen kohta kuitenkin pys\u00e4ytti ja j\u00e4i vaivaamaan. Tuollaisesta teoksesta etsii ja l\u00f6yt\u00e4\u00e4 kulmapaikkoja, joissa toisin toimiminen olisi saattanut muuttaa el\u00e4m\u00e4nkulkua ja siten 77 ihmisen ja heid\u00e4n l\u00e4heistens\u00e4 el\u00e4m\u00e4nkulkua.<\/p>\n\n\n\n<p>On yksinkertaistettua mutta ei turhaa kysy\u00e4: ent\u00e4 jos Anders Behring Breivikille olisi luettu lapsena satuja muulloinkin kuin jollakin lomalla Normandiassa?<\/p>\n\n\n\n<p>***<\/p>\n\n\n\n<p>Huomenna alkavilla Vanhan kirjallisuuden p\u00e4ivill\u00e4 osallistun Kirsti M\u00e4kisen vet\u00e4m\u00e4\u00e4n Topelius-aiheiseen paneeliin. Zachris Topelius on nykyisin parhaiten tunnettu satuset\u00e4n\u00e4, vaikka h\u00e4nen yhteiskunnallinen vaikuttamisensa oli monialaista. H\u00e4n oli professori ja Turun yliopiston rehtori, sanomalehtimies ja mielipidevaikuttaja.<\/p>\n\n\n\n<p>Topelius edusti valistuksen eetosta. Saduillaan h\u00e4n kasvatti, mutta olennaisempaa on, ett\u00e4 h\u00e4n valitsi sadut. H\u00e4nell\u00e4 oli monta muutakin tapaa vaikuttaa, monta muuta keinoa kasvattaa Suomen kansaa. Topelius valitsi sadut.<\/p>\n\n\n\n<p>Tarinan mukaan Albert Einsteinilta olisi kysytty neuvoa: mit\u00e4 \u00e4idin pit\u00e4isi tehd\u00e4, ett\u00e4 h\u00e4nen lapsestaan tulisi yht\u00e4 nerokas kuin Einsteinista.<\/p>\n\n\n\n<p>&#8221;Lukekaa satuja&#8221;, Einstein vastasi.<\/p>\n\n\n\n<p>Totta tai satua, sadut ovat paitsi ovat my\u00f6s viritt\u00e4v\u00e4t mielikuvitusta.<\/p>\n\n\n\n<p>Oli miten oli, lukeminen on l\u00e4heisyytt\u00e4.<\/p>\n\n\n","protected":false},"excerpt":{"rendered":"<p>\u00c4iti l\u00e4hetti pikkupojan lentokoneella Oslon Fornebun kent\u00e4lt\u00e4 Pariisin lentoasemalle, josta pojan is\u00e4 haki t\u00e4m\u00e4n. Pojan vanhemmat olivat eronneet; is\u00e4 ty\u00f6skenteli diplomaattina ja tapasi viett\u00e4\u00e4 kes\u00e4t Normandian-m\u00f6kill\u00e4\u00e4n, \u00e4iti oli sosiaaliviranomaisten piiriss\u00e4 tunnettu siit\u00e4, ett\u00e4 h\u00e4nell\u00e4 oli tapana<br \/>\nflirttailla. Kun poi&hellip;<\/p>\n","protected":false},"author":129,"featured_media":0,"comment_status":"open","ping_status":"open","sticky":false,"template":"","format":"standard","meta":{"_acf_changed":false,"asauth_required_access_level":3,"asauth_cansharepaid":"true","om_header_attributes":[],"footnotes":"","om_featured_image_focal_point":[],"om_primary_tag":0,"om_contributors":[],"om_co_authors":[],"beyondwords_generate_audio":"","beyondwords_project_id":"","beyondwords_content_id":"","beyondwords_preview_token":"","beyondwords_player_content":"","beyondwords_player_style":"","beyondwords_language_code":"","beyondwords_language_id":"","beyondwords_title_voice_id":"","beyondwords_body_voice_id":"","beyondwords_summary_voice_id":"","beyondwords_error_message":"","beyondwords_disabled":"","beyondwords_delete_content":"","beyondwords_podcast_id":"","beyondwords_hash":"","publish_post_to_speechkit":"","speechkit_hash":"","speechkit_generate_audio":"","speechkit_project_id":"","speechkit_podcast_id":"","speechkit_error_message":"","speechkit_disabled":"","speechkit_access_key":"","speechkit_error":"","speechkit_info":"","speechkit_response":"","speechkit_retries":"","speechkit_status":"","speechkit_updated_at":"","_speechkit_link":"","_speechkit_text":""},"categories":[1],"tags":[178,179,180,182,177,176,181,183],"class_list":["post-163","post","type-post","status-publish","format-standard","hentry","category-kirjailijan-paivakirja","tag-albert-einstein","tag-anders-behring-breivik","tag-asne-seierstad","tag-kirsti-makinen","tag-sadut","tag-satu","tag-yksi-meista","tag-zachris-topelius"],"om_views":null,"acf":{"tuuma_off":false,"tuuma_kysymys":"","tuuma_vastaus":""},"asauth":{"required_access_level":1,"share_token":"","is_paid":false},"yoast_head":"<!-- This site is optimized with the Yoast SEO plugin v26.4 - https:\/\/yoast.com\/wordpress\/plugins\/seo\/ -->\n<title>Satuja - Kirjailijan p\u00e4iv\u00e4kirja<\/title>\n<meta name=\"robots\" content=\"index, follow, max-snippet:-1, max-image-preview:large, max-video-preview:-1\" \/>\n<link rel=\"canonical\" href=\"https:\/\/suomenkuvalehti.fi\/kirjailijanpaivakirja\/satuja\/\" \/>\n<meta property=\"og:locale\" content=\"fi_FI\" \/>\n<meta property=\"og:type\" content=\"article\" \/>\n<meta property=\"og:title\" content=\"Satuja - Kirjailijan p\u00e4iv\u00e4kirja\" \/>\n<meta property=\"og:description\" content=\"\u00c4iti l\u00e4hetti pikkupojan lentokoneella Oslon Fornebun kent\u00e4lt\u00e4 Pariisin lentoasemalle, josta pojan is\u00e4 haki t\u00e4m\u00e4n. Pojan vanhemmat olivat eronneet; is\u00e4 ty\u00f6skenteli diplomaattina ja tapasi viett\u00e4\u00e4 kes\u00e4t Normandian-m\u00f6kill\u00e4\u00e4n, \u00e4iti oli sosiaaliviranomaisten piiriss\u00e4 tunnettu siit\u00e4, ett\u00e4 h\u00e4nell\u00e4 oli tapana flirttailla. Kun poi&hellip;\" \/>\n<meta property=\"og:url\" content=\"https:\/\/suomenkuvalehti.fi\/kirjailijanpaivakirja\/satuja\/\" \/>\n<meta property=\"og:site_name\" content=\"Kirjailijan p\u00e4iv\u00e4kirja\" \/>\n<meta property=\"article:published_time\" content=\"2014-06-26T14:29:08+00:00\" \/>\n<meta property=\"og:image\" content=\"https:\/\/suomenkuvalehti.fi\/kirjailijanpaivakirja\/wp-content\/uploads\/sites\/21\/2022\/04\/hamalainen_karo06-1-scaled.jpg\" \/>\n\t<meta property=\"og:image:width\" content=\"2560\" \/>\n\t<meta property=\"og:image:height\" content=\"1706\" \/>\n\t<meta property=\"og:image:type\" content=\"image\/jpeg\" \/>\n<meta name=\"author\" content=\"Karo H\u00e4m\u00e4l\u00e4inen\" \/>\n<meta name=\"twitter:card\" content=\"summary_large_image\" \/>\n<meta name=\"twitter:label1\" content=\"Written by\" \/>\n\t<meta name=\"twitter:data1\" content=\"Karo H\u00e4m\u00e4l\u00e4inen\" \/>\n\t<meta name=\"twitter:label2\" content=\"Est. reading time\" \/>\n\t<meta name=\"twitter:data2\" content=\"2 minuuttia\" \/>\n<script type=\"application\/ld+json\" class=\"yoast-schema-graph\">{\"@context\":\"https:\/\/schema.org\",\"@graph\":[{\"@type\":\"WebPage\",\"@id\":\"https:\/\/suomenkuvalehti.fi\/kirjailijanpaivakirja\/satuja\/\",\"url\":\"https:\/\/suomenkuvalehti.fi\/kirjailijanpaivakirja\/satuja\/\",\"name\":\"Satuja - Kirjailijan p\u00e4iv\u00e4kirja\",\"isPartOf\":{\"@id\":\"https:\/\/suomenkuvalehti.fi\/kirjailijanpaivakirja\/#website\"},\"datePublished\":\"2014-06-26T14:29:08+00:00\",\"author\":{\"@id\":\"https:\/\/suomenkuvalehti.fi\/kirjailijanpaivakirja\/#\/schema\/person\/ca2dfd9d508d8c675e07b3c099fc789b\"},\"breadcrumb\":{\"@id\":\"https:\/\/suomenkuvalehti.fi\/kirjailijanpaivakirja\/satuja\/#breadcrumb\"},\"inLanguage\":\"fi\",\"potentialAction\":[{\"@type\":\"ReadAction\",\"target\":[\"https:\/\/suomenkuvalehti.fi\/kirjailijanpaivakirja\/satuja\/\"]}]},{\"@type\":\"BreadcrumbList\",\"@id\":\"https:\/\/suomenkuvalehti.fi\/kirjailijanpaivakirja\/satuja\/#breadcrumb\",\"itemListElement\":[{\"@type\":\"ListItem\",\"position\":1,\"name\":\"Home\",\"item\":\"https:\/\/suomenkuvalehti.fi\/kirjailijanpaivakirja\/\"},{\"@type\":\"ListItem\",\"position\":2,\"name\":\"Satuja\"}]},{\"@type\":\"WebSite\",\"@id\":\"https:\/\/suomenkuvalehti.fi\/kirjailijanpaivakirja\/#website\",\"url\":\"https:\/\/suomenkuvalehti.fi\/kirjailijanpaivakirja\/\",\"name\":\"Kirjailijan p\u00e4iv\u00e4kirja\",\"description\":\"Proosakirjailijan arkea ja kirjallisuuden ajankohtaisia aiheita.\",\"potentialAction\":[{\"@type\":\"SearchAction\",\"target\":{\"@type\":\"EntryPoint\",\"urlTemplate\":\"https:\/\/suomenkuvalehti.fi\/haku\/?q={search_term_string}\"},\"query-input\":{\"@type\":\"PropertyValueSpecification\",\"valueRequired\":true,\"valueName\":\"search_term_string\"}}],\"inLanguage\":\"fi\"},{\"@type\":\"Person\",\"@id\":\"https:\/\/suomenkuvalehti.fi\/kirjailijanpaivakirja\/#\/schema\/person\/ca2dfd9d508d8c675e07b3c099fc789b\",\"name\":\"Karo H\u00e4m\u00e4l\u00e4inen\",\"image\":{\"@type\":\"ImageObject\",\"inLanguage\":\"fi\",\"@id\":\"https:\/\/suomenkuvalehti.fi\/kirjailijanpaivakirja\/#\/schema\/person\/image\/\",\"url\":\"https:\/\/suomenkuvalehti.fi\/kirjailijanpaivakirja\/wp-content\/uploads\/sites\/21\/2022\/04\/hamalainen_karo06-1-150x150.jpg\",\"contentUrl\":\"https:\/\/suomenkuvalehti.fi\/kirjailijanpaivakirja\/wp-content\/uploads\/sites\/21\/2022\/04\/hamalainen_karo06-1-150x150.jpg\",\"caption\":\"Karo H\u00e4m\u00e4l\u00e4inen\"},\"description\":\"Karo H\u00e4m\u00e4l\u00e4inen on kirjailija ja talouteen erikoistunut vapaa toimittaja.\"}]}<\/script>\n<!-- \/ Yoast SEO plugin. -->","yoast_head_json":{"title":"Satuja - Kirjailijan p\u00e4iv\u00e4kirja","robots":{"index":"index","follow":"follow","max-snippet":"max-snippet:-1","max-image-preview":"max-image-preview:large","max-video-preview":"max-video-preview:-1"},"canonical":"https:\/\/suomenkuvalehti.fi\/kirjailijanpaivakirja\/satuja\/","og_locale":"fi_FI","og_type":"article","og_title":"Satuja - Kirjailijan p\u00e4iv\u00e4kirja","og_description":"\u00c4iti l\u00e4hetti pikkupojan lentokoneella Oslon Fornebun kent\u00e4lt\u00e4 Pariisin lentoasemalle, josta pojan is\u00e4 haki t\u00e4m\u00e4n. Pojan vanhemmat olivat eronneet; is\u00e4 ty\u00f6skenteli diplomaattina ja tapasi viett\u00e4\u00e4 kes\u00e4t Normandian-m\u00f6kill\u00e4\u00e4n, \u00e4iti oli sosiaaliviranomaisten piiriss\u00e4 tunnettu siit\u00e4, ett\u00e4 h\u00e4nell\u00e4 oli tapana flirttailla. Kun poi&hellip;","og_url":"https:\/\/suomenkuvalehti.fi\/kirjailijanpaivakirja\/satuja\/","og_site_name":"Kirjailijan p\u00e4iv\u00e4kirja","article_published_time":"2014-06-26T14:29:08+00:00","og_image":[{"width":2560,"height":1706,"url":"https:\/\/suomenkuvalehti.fi\/kirjailijanpaivakirja\/wp-content\/uploads\/sites\/21\/2022\/04\/hamalainen_karo06-1-scaled.jpg","type":"image\/jpeg"}],"author":"Karo H\u00e4m\u00e4l\u00e4inen","twitter_card":"summary_large_image","twitter_misc":{"Written by":"Karo H\u00e4m\u00e4l\u00e4inen","Est. reading time":"2 minuuttia"},"schema":{"@context":"https:\/\/schema.org","@graph":[{"@type":"WebPage","@id":"https:\/\/suomenkuvalehti.fi\/kirjailijanpaivakirja\/satuja\/","url":"https:\/\/suomenkuvalehti.fi\/kirjailijanpaivakirja\/satuja\/","name":"Satuja - Kirjailijan p\u00e4iv\u00e4kirja","isPartOf":{"@id":"https:\/\/suomenkuvalehti.fi\/kirjailijanpaivakirja\/#website"},"datePublished":"2014-06-26T14:29:08+00:00","author":{"@id":"https:\/\/suomenkuvalehti.fi\/kirjailijanpaivakirja\/#\/schema\/person\/ca2dfd9d508d8c675e07b3c099fc789b"},"breadcrumb":{"@id":"https:\/\/suomenkuvalehti.fi\/kirjailijanpaivakirja\/satuja\/#breadcrumb"},"inLanguage":"fi","potentialAction":[{"@type":"ReadAction","target":["https:\/\/suomenkuvalehti.fi\/kirjailijanpaivakirja\/satuja\/"]}]},{"@type":"BreadcrumbList","@id":"https:\/\/suomenkuvalehti.fi\/kirjailijanpaivakirja\/satuja\/#breadcrumb","itemListElement":[{"@type":"ListItem","position":1,"name":"Home","item":"https:\/\/suomenkuvalehti.fi\/kirjailijanpaivakirja\/"},{"@type":"ListItem","position":2,"name":"Satuja"}]},{"@type":"WebSite","@id":"https:\/\/suomenkuvalehti.fi\/kirjailijanpaivakirja\/#website","url":"https:\/\/suomenkuvalehti.fi\/kirjailijanpaivakirja\/","name":"Kirjailijan p\u00e4iv\u00e4kirja","description":"Proosakirjailijan arkea ja kirjallisuuden ajankohtaisia aiheita.","potentialAction":[{"@type":"SearchAction","target":{"@type":"EntryPoint","urlTemplate":"https:\/\/suomenkuvalehti.fi\/haku\/?q={search_term_string}"},"query-input":{"@type":"PropertyValueSpecification","valueRequired":true,"valueName":"search_term_string"}}],"inLanguage":"fi"},{"@type":"Person","@id":"https:\/\/suomenkuvalehti.fi\/kirjailijanpaivakirja\/#\/schema\/person\/ca2dfd9d508d8c675e07b3c099fc789b","name":"Karo H\u00e4m\u00e4l\u00e4inen","image":{"@type":"ImageObject","inLanguage":"fi","@id":"https:\/\/suomenkuvalehti.fi\/kirjailijanpaivakirja\/#\/schema\/person\/image\/","url":"https:\/\/suomenkuvalehti.fi\/kirjailijanpaivakirja\/wp-content\/uploads\/sites\/21\/2022\/04\/hamalainen_karo06-1-150x150.jpg","contentUrl":"https:\/\/suomenkuvalehti.fi\/kirjailijanpaivakirja\/wp-content\/uploads\/sites\/21\/2022\/04\/hamalainen_karo06-1-150x150.jpg","caption":"Karo H\u00e4m\u00e4l\u00e4inen"},"description":"Karo H\u00e4m\u00e4l\u00e4inen on kirjailija ja talouteen erikoistunut vapaa toimittaja."}]}},"_links":{"self":[{"href":"https:\/\/suomenkuvalehti.fi\/kirjailijanpaivakirja\/wp-json\/wp\/v2\/posts\/163","targetHints":{"allow":["GET"]}}],"collection":[{"href":"https:\/\/suomenkuvalehti.fi\/kirjailijanpaivakirja\/wp-json\/wp\/v2\/posts"}],"about":[{"href":"https:\/\/suomenkuvalehti.fi\/kirjailijanpaivakirja\/wp-json\/wp\/v2\/types\/post"}],"author":[{"embeddable":true,"href":"https:\/\/suomenkuvalehti.fi\/kirjailijanpaivakirja\/wp-json\/wp\/v2\/users\/129"}],"replies":[{"embeddable":true,"href":"https:\/\/suomenkuvalehti.fi\/kirjailijanpaivakirja\/wp-json\/wp\/v2\/comments?post=163"}],"version-history":[{"count":1,"href":"https:\/\/suomenkuvalehti.fi\/kirjailijanpaivakirja\/wp-json\/wp\/v2\/posts\/163\/revisions"}],"predecessor-version":[{"id":164,"href":"https:\/\/suomenkuvalehti.fi\/kirjailijanpaivakirja\/wp-json\/wp\/v2\/posts\/163\/revisions\/164"}],"wp:attachment":[{"href":"https:\/\/suomenkuvalehti.fi\/kirjailijanpaivakirja\/wp-json\/wp\/v2\/media?parent=163"}],"wp:term":[{"taxonomy":"category","embeddable":true,"href":"https:\/\/suomenkuvalehti.fi\/kirjailijanpaivakirja\/wp-json\/wp\/v2\/categories?post=163"},{"taxonomy":"post_tag","embeddable":true,"href":"https:\/\/suomenkuvalehti.fi\/kirjailijanpaivakirja\/wp-json\/wp\/v2\/tags?post=163"}],"curies":[{"name":"wp","href":"https:\/\/api.w.org\/{rel}","templated":true}]}}