{"id":1605,"date":"2019-09-10T19:14:30","date_gmt":"2019-09-10T16:14:30","guid":{"rendered":"https:\/\/suomenkuvalehti.fi\/kirjailijanpaivakirja\/?p=1605"},"modified":"2019-09-10T19:14:30","modified_gmt":"2019-09-10T16:14:30","slug":"rauhanneuvottelija-unelmoi-toisen-osapuolen-kuristamisesta-kukaan-ei-tieda-miten-paljon-pimeaa-minuun-mahtuu","status":"publish","type":"post","link":"https:\/\/suomenkuvalehti.fi\/kirjailijanpaivakirja\/rauhanneuvottelija-unelmoi-toisen-osapuolen-kuristamisesta-kukaan-ei-tieda-miten-paljon-pimeaa-minuun-mahtuu\/","title":{"rendered":"Rauhanneuvottelija unelmoi toisen osapuolen kuristamisesta \u2013 \u201dKukaan ei tied\u00e4, miten paljon pime\u00e4\u00e4 minuun mahtuu\u201d"},"content":{"rendered":"<figure class=\"alignleft size-medium is-resized wp-block-image\">\n  <div class=\"wp-block-image__inner-container\">\n    <a href='https:\/\/suomenkuvalehti.fi\/kirjailijanpaivakirja\/wp-content\/uploads\/sites\/21\/2019\/09\/punainen.jpg'><img loading=\"lazy\" decoding=\"async\" src=\"https:\/\/suomenkuvalehti.fi\/kirjailijanpaivakirja\/wp-content\/uploads\/sites\/21\/2019\/09\/punainen-186x300.jpg\" alt=\"\" class=\"wp-image-1606\" width=\"186\" height=\"300\" style=\"--aspect-ratio: 0.62\" srcset=\"https:\/\/suomenkuvalehti.fi\/kirjailijanpaivakirja\/wp-content\/uploads\/sites\/21\/2019\/09\/punainen-186x300.jpg 186w, https:\/\/suomenkuvalehti.fi\/kirjailijanpaivakirja\/wp-content\/uploads\/sites\/21\/2019\/09\/punainen.jpg 259w\" sizes=\"auto, (max-width: 186px) 100vw, 186px\" \/><\/a>    <figcaption class=\"wp-block-image__figcaption\">\n      Punaisen myrskyn kannen on suunnitellut Ville Tiet\u00e4v\u00e4inen.          <\/figcaption>\n      <\/div>\n<\/figure>\n\n\n<p><em>Haluan rikkoa kaiken. Haluan heitt\u00e4\u00e4 kyn\u00e4n ja lehti\u00f6n miehen kasvoille, hyp\u00e4t\u00e4 Italiasta tilatun, tuhansien eurojen arvoisen p\u00f6yd\u00e4n yli. Haluan painaa k\u00e4teni miehen kaulalle ja kuristaa, tuntea h\u00e4nen aataminomenansa painuvan peukaloni alla, kuulla hengityksen pihin\u00e4n, n\u00e4hd\u00e4 kasvojen inkiv\u00e4\u00e4rinpunan tummuvan. Haluan pit\u00e4\u00e4 miest\u00e4 paikoillaan ja huutaa h\u00e4nen korvaansa niin kovaa, ett\u00e4 t\u00e4rykalvo repe\u00e4\u00e4.<\/em><\/p>\n\n\n\n<p><em>\u2013\u2013<\/em><\/p>\n\n\n\n<p><em>Te vallanhimoiset, kultaan k\u00e4\u00e4rityt paskat.<\/em><\/p>\n\n\n\n<p><em>Te ylimieliset paskaa jauhavat siat.<\/em><\/p>\n\n\n\n<p><em>\u2013\u2013<\/em><\/p>\n\n\n\n<p><em>Teill\u00e4 ei ole oikeutta el\u00e4\u00e4.<\/em><\/p>\n\n\n\n<p><em>Hirtt\u00e4k\u00e4\u00e4 itsenne.<\/em><\/p>\n\n\n\n<p><em>Palakaa.<\/em><\/p>\n\n\n\n<p>&nbsp;<\/p>\n\n\n\n<p><span class=\"capitalized\"><strong>Elina Hirvosen<\/strong><\/span> <em>Punaisen myrskyn<\/em> pys\u00e4ytt\u00e4vimm\u00e4t kohdat eiv\u00e4t l\u00f6ydy romaanin alkuosasta, jossa irakilainen pikkupoika el\u00e4\u00e4 salaisuuden varjossa ja vaarassa, koska h\u00e4nen is\u00e4ns\u00e4 vastustaa Irakin diktaattoria <strong>Saddam Husseinia<\/strong>.<\/p>\n\n\n\n<p>Ne eiv\u00e4t l\u00f6ydy Valkeakoskelta tehtaan tuoksusta, jossa Irakista Suomeen perheens\u00e4 mukana muuttanut poika ihmettelee, kuinka t\u00e4ss\u00e4 maassa kaikki tapahtuu hitaasti, ja haluaa oppia uudesta kotimaastaan kaiken.<\/p>\n\n\n\n<p>Pys\u00e4ytt\u00e4vin kohta on se, kun nuoreksi mieheksi kasvanut poika ty\u00f6skentelee konfliktia sovittelevien neuvottelijoiden tulkkina ja h\u00e4nen sis\u00e4ll\u00e4\u00e4n kuohuu. H\u00e4nen sis\u00e4ll\u00e4\u00e4n roihuavat v\u00e4kivaltafantasiat.<\/p>\n\n\n\n<p>Tuo kohtaus iskee kirjan min\u00e4kertojana toimivan, aikuiseksi kasvavan pojan siloiseen kuvaan s\u00e4r\u00f6\u00e4 syvemm\u00e4n railon. Se tekee h\u00e4nest\u00e4 hahmon sijaan ihmisen.<\/p>\n\n\n\n<p>Samalla tuolla pienell\u00e4 kohtauksella Hirvonen nostaa kirjan minulle olennaisimmaksi teemaksi anteeksiannon. Onko v\u00e4\u00e4ryytt\u00e4 ja julmuutta kokeneen mahdollista antaa anteeksi? Pit\u00e4\u00e4k\u00f6 silloin antaa anteeksi?<\/p>\n\n\n\n<p>\u201dKukaan ei tied\u00e4, miten paljon pime\u00e4\u00e4 minuun mahtuu\u201d, romaanin kertoja sanoo.<\/p>\n\n\n\n<p>&nbsp;<\/p>\n\n\n\n<p><span class=\"capitalized\">Toinen<\/span> syntyper\u00e4isen suomalaisen kannalta kiinnostava kohtaus liittyy Yhdysvaltain presidentti\u00e4&nbsp;<strong>George W. Bushia<\/strong> vastustavaan mielenosoitukseen, johon osallistumista min\u00e4kertojan luokkakaverit suunnittelevat.<\/p>\n\n\n\n<p>Kuinka vankkoja mielipiteit\u00e4 nuoret latelevatkaan? Kuinka he voivat kuvitella tiet\u00e4v\u00e4ns\u00e4 asioista ja niiden taustoista?<\/p>\n\n\n\n<p>\u201dKaikki puhuvat Irakista, mutta min\u00e4 en tied\u00e4, mist\u00e4 he puhuvat. Kaikilla on mielipide sodasta, Irakista ja irakilaisista, mutta min\u00e4 en tied\u00e4, mist\u00e4 he puhuvat, eik\u00e4 kukaan kysy minulta.\u201d<\/p>\n\n\n\n<p>Konfliktit harvoin ovat niin mustavalkoisia kuin milt\u00e4 ne typistetyiss\u00e4 kommenteissa tai taistelevissa twiiteiss\u00e4 n\u00e4ytt\u00e4v\u00e4t.<\/p>\n\n\n\n<p>&nbsp;<\/p>\n\n\n\n<p><span class=\"capitalized\"><em>Punaisen myrskyn<\/em> <\/span>pohjana ovat kansanedustaja<strong> Hussein al-Taeen<\/strong> (sd.) ja h\u00e4nen perheens\u00e4 tarinat. Mediassa romaania on k\u00e4sitelty jonkin verran juuri tosipohjaisuutta vasten.<\/p>\n\n\n\n<p>Romaanin kannalta tarinoiden alkuper\u00e4 on sivuseikka. <em>Punainen myrsky s<\/em>eisoo omilla jaloillaan, ei al-Taeen jaloilla.<\/p>\n\n\n\n<p><em>Punainen myrsky<\/em> on ilmestynyt paitsi romaanina my\u00f6s Ylen kaksiosaisena <a href=\"https:\/\/areena.yle.fi\/1-50270793\" target=\"_blank\" rel=\"noopener\">kuunnelmana<\/a>. <strong>Jussi Lehtonen<\/strong> tuo kuunnelman min\u00e4\u00e4n siihen kuuluvan impulsiivisuuden, joka romaanin kerronnassa pilkahtaa esiin harvemmin. Juuri kuohahdukset ovat tarinan vahvimmat kohdat.<\/p>\n\n\n","protected":false},"excerpt":{"rendered":"<p>Haluan rikkoa kaiken. Haluan heitt\u00e4\u00e4 kyn\u00e4n ja lehti\u00f6n miehen kasvoille, hyp\u00e4t\u00e4 Italiasta tilatun, tuhansien eurojen arvoisen p\u00f6yd\u00e4n yli. Haluan painaa k\u00e4teni miehen kaulalle ja kuristaa, tuntea h\u00e4nen<br \/>\naataminom&hellip;<\/p>\n","protected":false},"author":129,"featured_media":1606,"comment_status":"open","ping_status":"open","sticky":false,"template":"","format":"standard","meta":{"_acf_changed":false,"asauth_required_access_level":3,"asauth_cansharepaid":"true","om_header_attributes":[],"footnotes":"","om_featured_image_focal_point":[],"om_primary_tag":0,"om_contributors":[],"om_co_authors":[],"beyondwords_generate_audio":"","beyondwords_project_id":"","beyondwords_content_id":"","beyondwords_preview_token":"","beyondwords_player_content":"","beyondwords_player_style":"","beyondwords_language_code":"","beyondwords_language_id":"","beyondwords_title_voice_id":"","beyondwords_body_voice_id":"","beyondwords_summary_voice_id":"","beyondwords_error_message":"","beyondwords_disabled":"","beyondwords_delete_content":"","beyondwords_podcast_id":"","beyondwords_hash":"","publish_post_to_speechkit":"","speechkit_hash":"","speechkit_generate_audio":"","speechkit_project_id":"","speechkit_podcast_id":"","speechkit_error_message":"","speechkit_disabled":"","speechkit_access_key":"","speechkit_error":"","speechkit_info":"","speechkit_response":"","speechkit_retries":"","speechkit_status":"","speechkit_updated_at":"","_speechkit_link":"","_speechkit_text":""},"categories":[1],"tags":[1317,1318],"class_list":["post-1605","post","type-post","status-publish","format-standard","has-post-thumbnail","hentry","category-kirjailijan-paivakirja","tag-elina-hirvonen","tag-punainen-myrsky"],"om_views":null,"acf":{"tuuma_off":false,"tuuma_kysymys":"","tuuma_vastaus":""},"asauth":{"required_access_level":1,"share_token":"","is_paid":false},"yoast_head":"<!-- This site is optimized with the Yoast SEO plugin v26.4 - https:\/\/yoast.com\/wordpress\/plugins\/seo\/ -->\n<title>Rauhanneuvottelija unelmoi toisen osapuolen kuristamisesta \u2013 \u201dKukaan ei tied\u00e4, miten paljon pime\u00e4\u00e4 minuun mahtuu\u201d - Kirjailijan p\u00e4iv\u00e4kirja<\/title>\n<meta name=\"robots\" content=\"index, follow, max-snippet:-1, max-image-preview:large, max-video-preview:-1\" \/>\n<link rel=\"canonical\" href=\"https:\/\/suomenkuvalehti.fi\/kirjailijanpaivakirja\/rauhanneuvottelija-unelmoi-toisen-osapuolen-kuristamisesta-kukaan-ei-tieda-miten-paljon-pimeaa-minuun-mahtuu\/\" \/>\n<meta property=\"og:locale\" content=\"fi_FI\" \/>\n<meta property=\"og:type\" content=\"article\" \/>\n<meta property=\"og:title\" content=\"Rauhanneuvottelija unelmoi toisen osapuolen kuristamisesta \u2013 \u201dKukaan ei tied\u00e4, miten paljon pime\u00e4\u00e4 minuun mahtuu\u201d - Kirjailijan p\u00e4iv\u00e4kirja\" \/>\n<meta property=\"og:description\" content=\"Haluan rikkoa kaiken. Haluan heitt\u00e4\u00e4 kyn\u00e4n ja lehti\u00f6n miehen kasvoille, hyp\u00e4t\u00e4 Italiasta tilatun, tuhansien eurojen arvoisen p\u00f6yd\u00e4n yli. Haluan painaa k\u00e4teni miehen kaulalle ja kuristaa, tuntea h\u00e4nen aataminom&hellip;\" \/>\n<meta property=\"og:url\" content=\"https:\/\/suomenkuvalehti.fi\/kirjailijanpaivakirja\/rauhanneuvottelija-unelmoi-toisen-osapuolen-kuristamisesta-kukaan-ei-tieda-miten-paljon-pimeaa-minuun-mahtuu\/\" \/>\n<meta property=\"og:site_name\" content=\"Kirjailijan p\u00e4iv\u00e4kirja\" \/>\n<meta property=\"article:published_time\" content=\"2019-09-10T16:14:30+00:00\" \/>\n<meta property=\"og:image\" content=\"https:\/\/suomenkuvalehti.fi\/kirjailijanpaivakirja\/wp-content\/uploads\/sites\/21\/2019\/09\/punainen.jpg\" \/>\n\t<meta property=\"og:image:width\" content=\"259\" \/>\n\t<meta property=\"og:image:height\" content=\"418\" \/>\n\t<meta property=\"og:image:type\" content=\"image\/jpeg\" \/>\n<meta name=\"author\" content=\"Karo H\u00e4m\u00e4l\u00e4inen\" \/>\n<meta name=\"twitter:card\" content=\"summary_large_image\" \/>\n<meta name=\"twitter:label1\" content=\"Written by\" \/>\n\t<meta name=\"twitter:data1\" content=\"Karo H\u00e4m\u00e4l\u00e4inen\" \/>\n\t<meta name=\"twitter:label2\" content=\"Est. reading time\" \/>\n\t<meta name=\"twitter:data2\" content=\"2 minuuttia\" \/>\n<script type=\"application\/ld+json\" class=\"yoast-schema-graph\">{\"@context\":\"https:\/\/schema.org\",\"@graph\":[{\"@type\":\"WebPage\",\"@id\":\"https:\/\/suomenkuvalehti.fi\/kirjailijanpaivakirja\/rauhanneuvottelija-unelmoi-toisen-osapuolen-kuristamisesta-kukaan-ei-tieda-miten-paljon-pimeaa-minuun-mahtuu\/\",\"url\":\"https:\/\/suomenkuvalehti.fi\/kirjailijanpaivakirja\/rauhanneuvottelija-unelmoi-toisen-osapuolen-kuristamisesta-kukaan-ei-tieda-miten-paljon-pimeaa-minuun-mahtuu\/\",\"name\":\"Rauhanneuvottelija unelmoi toisen osapuolen kuristamisesta \u2013 \u201dKukaan ei tied\u00e4, miten paljon pime\u00e4\u00e4 minuun mahtuu\u201d - Kirjailijan p\u00e4iv\u00e4kirja\",\"isPartOf\":{\"@id\":\"https:\/\/suomenkuvalehti.fi\/kirjailijanpaivakirja\/#website\"},\"primaryImageOfPage\":{\"@id\":\"https:\/\/suomenkuvalehti.fi\/kirjailijanpaivakirja\/rauhanneuvottelija-unelmoi-toisen-osapuolen-kuristamisesta-kukaan-ei-tieda-miten-paljon-pimeaa-minuun-mahtuu\/#primaryimage\"},\"image\":{\"@id\":\"https:\/\/suomenkuvalehti.fi\/kirjailijanpaivakirja\/rauhanneuvottelija-unelmoi-toisen-osapuolen-kuristamisesta-kukaan-ei-tieda-miten-paljon-pimeaa-minuun-mahtuu\/#primaryimage\"},\"thumbnailUrl\":\"https:\/\/suomenkuvalehti.fi\/kirjailijanpaivakirja\/wp-content\/uploads\/sites\/21\/2019\/09\/punainen.jpg\",\"datePublished\":\"2019-09-10T16:14:30+00:00\",\"author\":{\"@id\":\"https:\/\/suomenkuvalehti.fi\/kirjailijanpaivakirja\/#\/schema\/person\/ca2dfd9d508d8c675e07b3c099fc789b\"},\"breadcrumb\":{\"@id\":\"https:\/\/suomenkuvalehti.fi\/kirjailijanpaivakirja\/rauhanneuvottelija-unelmoi-toisen-osapuolen-kuristamisesta-kukaan-ei-tieda-miten-paljon-pimeaa-minuun-mahtuu\/#breadcrumb\"},\"inLanguage\":\"fi\",\"potentialAction\":[{\"@type\":\"ReadAction\",\"target\":[\"https:\/\/suomenkuvalehti.fi\/kirjailijanpaivakirja\/rauhanneuvottelija-unelmoi-toisen-osapuolen-kuristamisesta-kukaan-ei-tieda-miten-paljon-pimeaa-minuun-mahtuu\/\"]}]},{\"@type\":\"ImageObject\",\"inLanguage\":\"fi\",\"@id\":\"https:\/\/suomenkuvalehti.fi\/kirjailijanpaivakirja\/rauhanneuvottelija-unelmoi-toisen-osapuolen-kuristamisesta-kukaan-ei-tieda-miten-paljon-pimeaa-minuun-mahtuu\/#primaryimage\",\"url\":\"https:\/\/suomenkuvalehti.fi\/kirjailijanpaivakirja\/wp-content\/uploads\/sites\/21\/2019\/09\/punainen.jpg\",\"contentUrl\":\"https:\/\/suomenkuvalehti.fi\/kirjailijanpaivakirja\/wp-content\/uploads\/sites\/21\/2019\/09\/punainen.jpg\",\"width\":259,\"height\":418,\"caption\":\"Punaisen myrskyn kannen on suunnitellut Ville Tiet\u00e4v\u00e4inen.\"},{\"@type\":\"BreadcrumbList\",\"@id\":\"https:\/\/suomenkuvalehti.fi\/kirjailijanpaivakirja\/rauhanneuvottelija-unelmoi-toisen-osapuolen-kuristamisesta-kukaan-ei-tieda-miten-paljon-pimeaa-minuun-mahtuu\/#breadcrumb\",\"itemListElement\":[{\"@type\":\"ListItem\",\"position\":1,\"name\":\"Home\",\"item\":\"https:\/\/suomenkuvalehti.fi\/kirjailijanpaivakirja\/\"},{\"@type\":\"ListItem\",\"position\":2,\"name\":\"Rauhanneuvottelija unelmoi toisen osapuolen kuristamisesta \u2013 \u201dKukaan ei tied\u00e4, miten paljon pime\u00e4\u00e4 minuun mahtuu\u201d\"}]},{\"@type\":\"WebSite\",\"@id\":\"https:\/\/suomenkuvalehti.fi\/kirjailijanpaivakirja\/#website\",\"url\":\"https:\/\/suomenkuvalehti.fi\/kirjailijanpaivakirja\/\",\"name\":\"Kirjailijan p\u00e4iv\u00e4kirja\",\"description\":\"Proosakirjailijan arkea ja kirjallisuuden ajankohtaisia aiheita.\",\"potentialAction\":[{\"@type\":\"SearchAction\",\"target\":{\"@type\":\"EntryPoint\",\"urlTemplate\":\"https:\/\/suomenkuvalehti.fi\/haku\/?q={search_term_string}\"},\"query-input\":{\"@type\":\"PropertyValueSpecification\",\"valueRequired\":true,\"valueName\":\"search_term_string\"}}],\"inLanguage\":\"fi\"},{\"@type\":\"Person\",\"@id\":\"https:\/\/suomenkuvalehti.fi\/kirjailijanpaivakirja\/#\/schema\/person\/ca2dfd9d508d8c675e07b3c099fc789b\",\"name\":\"Karo H\u00e4m\u00e4l\u00e4inen\",\"image\":{\"@type\":\"ImageObject\",\"inLanguage\":\"fi\",\"@id\":\"https:\/\/suomenkuvalehti.fi\/kirjailijanpaivakirja\/#\/schema\/person\/image\/\",\"url\":\"https:\/\/suomenkuvalehti.fi\/kirjailijanpaivakirja\/wp-content\/uploads\/sites\/21\/2022\/04\/hamalainen_karo06-1-150x150.jpg\",\"contentUrl\":\"https:\/\/suomenkuvalehti.fi\/kirjailijanpaivakirja\/wp-content\/uploads\/sites\/21\/2022\/04\/hamalainen_karo06-1-150x150.jpg\",\"caption\":\"Karo H\u00e4m\u00e4l\u00e4inen\"},\"description\":\"Karo H\u00e4m\u00e4l\u00e4inen on kirjailija ja talouteen erikoistunut vapaa toimittaja.\"}]}<\/script>\n<!-- \/ Yoast SEO plugin. -->","yoast_head_json":{"title":"Rauhanneuvottelija unelmoi toisen osapuolen kuristamisesta \u2013 \u201dKukaan ei tied\u00e4, miten paljon pime\u00e4\u00e4 minuun mahtuu\u201d - Kirjailijan p\u00e4iv\u00e4kirja","robots":{"index":"index","follow":"follow","max-snippet":"max-snippet:-1","max-image-preview":"max-image-preview:large","max-video-preview":"max-video-preview:-1"},"canonical":"https:\/\/suomenkuvalehti.fi\/kirjailijanpaivakirja\/rauhanneuvottelija-unelmoi-toisen-osapuolen-kuristamisesta-kukaan-ei-tieda-miten-paljon-pimeaa-minuun-mahtuu\/","og_locale":"fi_FI","og_type":"article","og_title":"Rauhanneuvottelija unelmoi toisen osapuolen kuristamisesta \u2013 \u201dKukaan ei tied\u00e4, miten paljon pime\u00e4\u00e4 minuun mahtuu\u201d - Kirjailijan p\u00e4iv\u00e4kirja","og_description":"Haluan rikkoa kaiken. Haluan heitt\u00e4\u00e4 kyn\u00e4n ja lehti\u00f6n miehen kasvoille, hyp\u00e4t\u00e4 Italiasta tilatun, tuhansien eurojen arvoisen p\u00f6yd\u00e4n yli. Haluan painaa k\u00e4teni miehen kaulalle ja kuristaa, tuntea h\u00e4nen aataminom&hellip;","og_url":"https:\/\/suomenkuvalehti.fi\/kirjailijanpaivakirja\/rauhanneuvottelija-unelmoi-toisen-osapuolen-kuristamisesta-kukaan-ei-tieda-miten-paljon-pimeaa-minuun-mahtuu\/","og_site_name":"Kirjailijan p\u00e4iv\u00e4kirja","article_published_time":"2019-09-10T16:14:30+00:00","og_image":[{"width":259,"height":418,"url":"https:\/\/suomenkuvalehti.fi\/kirjailijanpaivakirja\/wp-content\/uploads\/sites\/21\/2019\/09\/punainen.jpg","type":"image\/jpeg"}],"author":"Karo H\u00e4m\u00e4l\u00e4inen","twitter_card":"summary_large_image","twitter_misc":{"Written by":"Karo H\u00e4m\u00e4l\u00e4inen","Est. reading time":"2 minuuttia"},"schema":{"@context":"https:\/\/schema.org","@graph":[{"@type":"WebPage","@id":"https:\/\/suomenkuvalehti.fi\/kirjailijanpaivakirja\/rauhanneuvottelija-unelmoi-toisen-osapuolen-kuristamisesta-kukaan-ei-tieda-miten-paljon-pimeaa-minuun-mahtuu\/","url":"https:\/\/suomenkuvalehti.fi\/kirjailijanpaivakirja\/rauhanneuvottelija-unelmoi-toisen-osapuolen-kuristamisesta-kukaan-ei-tieda-miten-paljon-pimeaa-minuun-mahtuu\/","name":"Rauhanneuvottelija unelmoi toisen osapuolen kuristamisesta \u2013 \u201dKukaan ei tied\u00e4, miten paljon pime\u00e4\u00e4 minuun mahtuu\u201d - Kirjailijan p\u00e4iv\u00e4kirja","isPartOf":{"@id":"https:\/\/suomenkuvalehti.fi\/kirjailijanpaivakirja\/#website"},"primaryImageOfPage":{"@id":"https:\/\/suomenkuvalehti.fi\/kirjailijanpaivakirja\/rauhanneuvottelija-unelmoi-toisen-osapuolen-kuristamisesta-kukaan-ei-tieda-miten-paljon-pimeaa-minuun-mahtuu\/#primaryimage"},"image":{"@id":"https:\/\/suomenkuvalehti.fi\/kirjailijanpaivakirja\/rauhanneuvottelija-unelmoi-toisen-osapuolen-kuristamisesta-kukaan-ei-tieda-miten-paljon-pimeaa-minuun-mahtuu\/#primaryimage"},"thumbnailUrl":"https:\/\/suomenkuvalehti.fi\/kirjailijanpaivakirja\/wp-content\/uploads\/sites\/21\/2019\/09\/punainen.jpg","datePublished":"2019-09-10T16:14:30+00:00","author":{"@id":"https:\/\/suomenkuvalehti.fi\/kirjailijanpaivakirja\/#\/schema\/person\/ca2dfd9d508d8c675e07b3c099fc789b"},"breadcrumb":{"@id":"https:\/\/suomenkuvalehti.fi\/kirjailijanpaivakirja\/rauhanneuvottelija-unelmoi-toisen-osapuolen-kuristamisesta-kukaan-ei-tieda-miten-paljon-pimeaa-minuun-mahtuu\/#breadcrumb"},"inLanguage":"fi","potentialAction":[{"@type":"ReadAction","target":["https:\/\/suomenkuvalehti.fi\/kirjailijanpaivakirja\/rauhanneuvottelija-unelmoi-toisen-osapuolen-kuristamisesta-kukaan-ei-tieda-miten-paljon-pimeaa-minuun-mahtuu\/"]}]},{"@type":"ImageObject","inLanguage":"fi","@id":"https:\/\/suomenkuvalehti.fi\/kirjailijanpaivakirja\/rauhanneuvottelija-unelmoi-toisen-osapuolen-kuristamisesta-kukaan-ei-tieda-miten-paljon-pimeaa-minuun-mahtuu\/#primaryimage","url":"https:\/\/suomenkuvalehti.fi\/kirjailijanpaivakirja\/wp-content\/uploads\/sites\/21\/2019\/09\/punainen.jpg","contentUrl":"https:\/\/suomenkuvalehti.fi\/kirjailijanpaivakirja\/wp-content\/uploads\/sites\/21\/2019\/09\/punainen.jpg","width":259,"height":418,"caption":"Punaisen myrskyn kannen on suunnitellut Ville Tiet\u00e4v\u00e4inen."},{"@type":"BreadcrumbList","@id":"https:\/\/suomenkuvalehti.fi\/kirjailijanpaivakirja\/rauhanneuvottelija-unelmoi-toisen-osapuolen-kuristamisesta-kukaan-ei-tieda-miten-paljon-pimeaa-minuun-mahtuu\/#breadcrumb","itemListElement":[{"@type":"ListItem","position":1,"name":"Home","item":"https:\/\/suomenkuvalehti.fi\/kirjailijanpaivakirja\/"},{"@type":"ListItem","position":2,"name":"Rauhanneuvottelija unelmoi toisen osapuolen kuristamisesta \u2013 \u201dKukaan ei tied\u00e4, miten paljon pime\u00e4\u00e4 minuun mahtuu\u201d"}]},{"@type":"WebSite","@id":"https:\/\/suomenkuvalehti.fi\/kirjailijanpaivakirja\/#website","url":"https:\/\/suomenkuvalehti.fi\/kirjailijanpaivakirja\/","name":"Kirjailijan p\u00e4iv\u00e4kirja","description":"Proosakirjailijan arkea ja kirjallisuuden ajankohtaisia aiheita.","potentialAction":[{"@type":"SearchAction","target":{"@type":"EntryPoint","urlTemplate":"https:\/\/suomenkuvalehti.fi\/haku\/?q={search_term_string}"},"query-input":{"@type":"PropertyValueSpecification","valueRequired":true,"valueName":"search_term_string"}}],"inLanguage":"fi"},{"@type":"Person","@id":"https:\/\/suomenkuvalehti.fi\/kirjailijanpaivakirja\/#\/schema\/person\/ca2dfd9d508d8c675e07b3c099fc789b","name":"Karo H\u00e4m\u00e4l\u00e4inen","image":{"@type":"ImageObject","inLanguage":"fi","@id":"https:\/\/suomenkuvalehti.fi\/kirjailijanpaivakirja\/#\/schema\/person\/image\/","url":"https:\/\/suomenkuvalehti.fi\/kirjailijanpaivakirja\/wp-content\/uploads\/sites\/21\/2022\/04\/hamalainen_karo06-1-150x150.jpg","contentUrl":"https:\/\/suomenkuvalehti.fi\/kirjailijanpaivakirja\/wp-content\/uploads\/sites\/21\/2022\/04\/hamalainen_karo06-1-150x150.jpg","caption":"Karo H\u00e4m\u00e4l\u00e4inen"},"description":"Karo H\u00e4m\u00e4l\u00e4inen on kirjailija ja talouteen erikoistunut vapaa toimittaja."}]}},"_links":{"self":[{"href":"https:\/\/suomenkuvalehti.fi\/kirjailijanpaivakirja\/wp-json\/wp\/v2\/posts\/1605","targetHints":{"allow":["GET"]}}],"collection":[{"href":"https:\/\/suomenkuvalehti.fi\/kirjailijanpaivakirja\/wp-json\/wp\/v2\/posts"}],"about":[{"href":"https:\/\/suomenkuvalehti.fi\/kirjailijanpaivakirja\/wp-json\/wp\/v2\/types\/post"}],"author":[{"embeddable":true,"href":"https:\/\/suomenkuvalehti.fi\/kirjailijanpaivakirja\/wp-json\/wp\/v2\/users\/129"}],"replies":[{"embeddable":true,"href":"https:\/\/suomenkuvalehti.fi\/kirjailijanpaivakirja\/wp-json\/wp\/v2\/comments?post=1605"}],"version-history":[{"count":1,"href":"https:\/\/suomenkuvalehti.fi\/kirjailijanpaivakirja\/wp-json\/wp\/v2\/posts\/1605\/revisions"}],"predecessor-version":[{"id":1607,"href":"https:\/\/suomenkuvalehti.fi\/kirjailijanpaivakirja\/wp-json\/wp\/v2\/posts\/1605\/revisions\/1607"}],"wp:featuredmedia":[{"embeddable":true,"href":"https:\/\/suomenkuvalehti.fi\/kirjailijanpaivakirja\/wp-json\/wp\/v2\/media\/1606"}],"wp:attachment":[{"href":"https:\/\/suomenkuvalehti.fi\/kirjailijanpaivakirja\/wp-json\/wp\/v2\/media?parent=1605"}],"wp:term":[{"taxonomy":"category","embeddable":true,"href":"https:\/\/suomenkuvalehti.fi\/kirjailijanpaivakirja\/wp-json\/wp\/v2\/categories?post=1605"},{"taxonomy":"post_tag","embeddable":true,"href":"https:\/\/suomenkuvalehti.fi\/kirjailijanpaivakirja\/wp-json\/wp\/v2\/tags?post=1605"}],"curies":[{"name":"wp","href":"https:\/\/api.w.org\/{rel}","templated":true}]}}