{"id":1584,"date":"2019-08-18T17:06:41","date_gmt":"2019-08-18T14:06:41","guid":{"rendered":"https:\/\/suomenkuvalehti.fi\/kirjailijanpaivakirja\/?p=1584"},"modified":"2019-08-18T17:06:41","modified_gmt":"2019-08-18T14:06:41","slug":"maja-lunde-on-cli-fi-kirjallisuuden-suurnimi-sinisessa-makean-veden-puute-ajaa-lansieurooppalaiset-pakolaisleireille","status":"publish","type":"post","link":"https:\/\/suomenkuvalehti.fi\/kirjailijanpaivakirja\/maja-lunde-on-cli-fi-kirjallisuuden-suurnimi-sinisessa-makean-veden-puute-ajaa-lansieurooppalaiset-pakolaisleireille\/","title":{"rendered":"Maja Lunde on cli-fi-kirjallisuuden suurnimi \u2013 Sinisess\u00e4 makean veden puute ajaa l\u00e4nsieurooppalaiset pakolaisleireille"},"content":{"rendered":"<figure class=\"alignleft size-medium wp-block-image\">\n  <div class=\"wp-block-image__inner-container\">\n    <a href='https:\/\/suomenkuvalehti.fi\/kirjailijanpaivakirja\/wp-content\/uploads\/sites\/21\/2019\/08\/lunde_maja.jpg'><img loading=\"lazy\" decoding=\"async\" src=\"https:\/\/suomenkuvalehti.fi\/kirjailijanpaivakirja\/wp-content\/uploads\/sites\/21\/2019\/08\/lunde_maja-200x300.jpg\" alt=\"\" class=\"wp-image-1585\" width=\"1971\" height=\"2953\" style=\"--aspect-ratio: 0.67\" srcset=\"https:\/\/suomenkuvalehti.fi\/kirjailijanpaivakirja\/wp-content\/uploads\/sites\/21\/2019\/08\/lunde_maja-200x300.jpg 200w, https:\/\/suomenkuvalehti.fi\/kirjailijanpaivakirja\/wp-content\/uploads\/sites\/21\/2019\/08\/lunde_maja-768x1151.jpg 768w, https:\/\/suomenkuvalehti.fi\/kirjailijanpaivakirja\/wp-content\/uploads\/sites\/21\/2019\/08\/lunde_maja-683x1024.jpg 683w, https:\/\/suomenkuvalehti.fi\/kirjailijanpaivakirja\/wp-content\/uploads\/sites\/21\/2019\/08\/lunde_maja-300x449.jpg 300w, https:\/\/suomenkuvalehti.fi\/kirjailijanpaivakirja\/wp-content\/uploads\/sites\/21\/2019\/08\/lunde_maja-630x944.jpg 630w, https:\/\/suomenkuvalehti.fi\/kirjailijanpaivakirja\/wp-content\/uploads\/sites\/21\/2019\/08\/lunde_maja.jpg 1971w\" sizes=\"auto, (max-width: 1971px) 100vw, 1971px\" \/><\/a>    <figcaption class=\"wp-block-image__figcaption\">\n      Maja Lunde.      <span class='wp-block-image__copyright'>&copy; Tammi \/ Oda Berby<\/span>    <\/figcaption>\n      <\/div>\n<\/figure>\n\n\n<p><span class=\"capitalized\">Cli-fi eli<\/span> <em>climate fiction<\/em>, ilmastonmuutosta ja maapallon l\u00e4mpenemist\u00e4 k\u00e4sittelev\u00e4 kaunokirjallisuus, on k\u00e4sitteen\u00e4 tuore mutta t\u00e4ll\u00e4 hetkell\u00e4 kovin trendik\u00e4s, ovathan ilmastoasiat esill\u00e4 keskusteluissa ja arjen valinnoissa luultavasti enemm\u00e4n kuin koskaan.<\/p>\n\n\n\n<p>Wikipedia mukaan cli-fi-kirjallisuudesta puhuttiin ensi kerran huhtikuussa 2013. Ymp\u00e4rist\u00f6aiheista ja ekologisia kysymyksi\u00e4 k\u00e4sittelev\u00e4\u00e4 kaunokirjallisuutta on tietenkin kirjoitettu jo paljon ennen markkinointik\u00e4ytt\u00f6\u00f6n erinomaisesti sopivaa genrenime\u00e4, joka rimmaa mainiosti l\u00e4hi- ja osin emogenren tieteiskirjallisuuden eli sci-fin kanssa.<\/p>\n\n\n\n<p>Ylip\u00e4\u00e4t\u00e4\u00e4n parempi olisi ehk\u00e4 puhua ymp\u00e4rist\u00f6kirjallisuudesta. Se, mik\u00e4 ymp\u00e4rist\u00f6asia kulloinkin sattuu olemaan pinnalla, vaihtelee eri aikoina. T\u00e4ll\u00e4 hetkell\u00e4 otsikoita hallitsee ilmaston l\u00e4mpeneminen, joskin my\u00f6s lajikadosta ja mikromuoveista puhutaan.<\/p>\n\n\n\n<p>&nbsp;<\/p>\n\n\n\n<p><span class=\"capitalized\">Norjalainen<\/span> <strong>Maja Lunde<\/strong>&nbsp;(s. 1975) nousi ensimm\u00e4isell\u00e4 aikuistenromaanillaan <em>Mehil\u00e4isten historia<\/em> kertaheitolla pohjoismaisen ymp\u00e4rist\u00f6fiktion eturiviin. Vuonna 2015 norjaksi ilmestynyt ja seuraavana vuotena <strong>Katriina Huttusen<\/strong> suomentamana ilmestyneen teoksen k\u00e4\u00e4nn\u00f6soikeudet on myyty 35 maahan.<\/p>\n\n\n\n<p><em>Mehil\u00e4isten historian<\/em> aiheena on hy\u00f6nteiskato. Uudessa, juuri suomeksi ilmestyneess\u00e4 romaanissaan <em>Sininen<\/em> (suom. Katriina Huttunen, Tammi 2019) Lunde k\u00e4sittelee makean veden pulaa.<\/p>\n\n\n\n<p>2040-luvulla kuivuus on vallannut Euroopan, ilmastopakolaiset vaeltavat kohti pohjoista. Niin my\u00f6s David tytt\u00e4rens\u00e4 Loun kanssa. He asettuvat Pohjois-Ranskassa sijaitsevalle pakolaisleirille.<\/p>\n\n\n\n<p>Pakolaismatkalla David on hukannut vaimonsa ja viel\u00e4 vauvaik\u00e4isen lapsensa. H\u00e4n k\u00e4y p\u00e4ivitt\u00e4in kyselem\u00e4ss\u00e4, olisiko heist\u00e4 saatu tietoja.<\/p>\n\n\n\n<p>&nbsp;<\/p>\n\n\n\n<p><span class=\"capitalized\">Toisella aikatasolla<\/span> norjalainen Signe purjehtii Sininen-nimisell\u00e4 veneell\u00e4\u00e4n tapaamaan miest\u00e4, jonka kanssa h\u00e4nell\u00e4 on yhteinen historia. Lukijalle Signe kertoo omaa aiempaa el\u00e4m\u00e4\u00e4ns\u00e4 ja palaa lapsuutensa, nuoruuteensa ja varhaisaikuisuuteensa, jolloin vedest\u00e4 ei viel\u00e4 ollut pula mutta jossa pulan siemen ilmeisesti kylvettiin.<\/p>\n\n\n\n<p>Signe on ilmastoaktivisti, ja h\u00e4nen suullaan Lunde saa luontevasti uitettua romaaniinsa ekologisen paatoksen. Signe on vahva ja kova nainen, kiinnostava persoona, ja h\u00e4nen henkil\u00f6historiaansa Lunde kehittelee paremmin kuin Davidin.<\/p>\n\n\n\n<p>David l\u00e4hinn\u00e4 vain on t\u00e4ss\u00e4 hetkess\u00e4. Kovin niukasti kuulemme h\u00e4nen kauttaan siit\u00e4, mit\u00e4 on ollut \u2013 sen paremmin henkil\u00f6suhteissa kuin luonnossakaan.<\/p>\n\n\n\n<p>Davidin kautta Lunde kuitenkin tuo vesikriisin l\u00e4nsimaisen ihmisen iholle: Voisiko makean veden niukkuus ajaa vauraan l\u00e4nsimaan samanmoiseen sekasortoon kuin sodat nykyisin?<\/p>\n\n\n\n<p>&nbsp;<\/p>\n\n\n\n<p><span class=\"capitalized\">Ehk\u00e4 kirjaa<\/span> kuunnellessani (lukijat <strong>Erja Manto<\/strong> Signen ja <strong>Panu Kangas<\/strong> Davidin osioissa) olin juuri ratkaisevalla hetkell\u00e4 keskittynyt maksamaan kauppaostoksiani tai v\u00e4ist\u00e4m\u00e4\u00e4n s\u00e4hk\u00f6potkulautaa, sill\u00e4 ep\u00e4selv\u00e4ksi j\u00e4i se tapahtumaketju, joka makean veden niukkuuteen on johtanut.<\/p>\n\n\n\n<p>T\u00e4ss\u00e4 onkin merkitt\u00e4v\u00e4 ero Lunden ja Suomen tunnetuimman ymp\u00e4rist\u00f6fiktiokirjailijan <strong>Risto Isom\u00e4en<\/strong> v\u00e4lill\u00e4. Isom\u00e4ki kehittelee poikamaisella innolla teorioita, joilla on tieteellinen pohja, ja h\u00e4n esitt\u00e4\u00e4 p\u00e4\u00e4ttelyketjunsa ja kehityskulun lukijoille. Teorioiden seuraaminen on keskeinen osa h\u00e4nen romaaniensa vieh\u00e4tyst\u00e4.<\/p>\n\n\n\n<p>Lunde sen sijaan rakentaa toimivaksi koettuja rakkaustarinoita, ja tarinankertojana h\u00e4n onkin Isom\u00e4ke\u00e4 sujuvampi.<\/p>\n\n\n\n<p>Ilmastopakolaisleirin staattisuudessa David jo teoksen alussa iskee sopimattomasti silm\u00e4ns\u00e4 Margueriteen. Kuinka miehen ja naisen v\u00e4lit etenev\u00e4t? Se on Ranskaan sijoittuvan romaaninpuolikkaan keskeisin kysymys.<\/p>\n\n\n\n<p>Toinen keskeinen kysymys on laiva, jonka David ja Lou l\u00f6yt\u00e4v\u00e4t. Voisiko se vied\u00e4 heid\u00e4t vapauteen?<\/p>\n\n\n\n<p>Maalla olevassa laivassa istuvien Davidin ja Loun rinnalla toisella tasolla purjehtii Sininen ja sen mukana Signe yksin. Rinnastuksessa on jylhyytt\u00e4.<\/p>\n\n\n","protected":false},"excerpt":{"rendered":"<p>Cli-fi eli climate fiction, ilmastonmuutosta ja maapallon l\u00e4mpenemist\u00e4 k\u00e4sittelev\u00e4 kaunokirjallisuus, on k\u00e4sitteen\u00e4 tuore mutta t\u00e4ll\u00e4 hetkell\u00e4 kovin trendik\u00e4s, ovathan ilmastoasiat esill\u00e4<br \/>\nkeskustelu&hellip;<\/p>\n","protected":false},"author":129,"featured_media":1585,"comment_status":"open","ping_status":"open","sticky":false,"template":"","format":"standard","meta":{"_acf_changed":false,"asauth_required_access_level":3,"asauth_cansharepaid":"true","om_header_attributes":[],"footnotes":"","om_featured_image_focal_point":[],"om_primary_tag":0,"om_contributors":[],"om_co_authors":[],"beyondwords_generate_audio":"","beyondwords_project_id":"","beyondwords_content_id":"","beyondwords_preview_token":"","beyondwords_player_content":"","beyondwords_player_style":"","beyondwords_language_code":"","beyondwords_language_id":"","beyondwords_title_voice_id":"","beyondwords_body_voice_id":"","beyondwords_summary_voice_id":"","beyondwords_error_message":"","beyondwords_disabled":"","beyondwords_delete_content":"","beyondwords_podcast_id":"","beyondwords_hash":"","publish_post_to_speechkit":"","speechkit_hash":"","speechkit_generate_audio":"","speechkit_project_id":"","speechkit_podcast_id":"","speechkit_error_message":"","speechkit_disabled":"","speechkit_access_key":"","speechkit_error":"","speechkit_info":"","speechkit_response":"","speechkit_retries":"","speechkit_status":"","speechkit_updated_at":"","_speechkit_link":"","_speechkit_text":""},"categories":[1],"tags":[1308,1309,83],"class_list":["post-1584","post","type-post","status-publish","format-standard","has-post-thumbnail","hentry","category-kirjailijan-paivakirja","tag-maja-lunde","tag-sininen","tag-tammi"],"om_views":null,"acf":{"tuuma_off":false,"tuuma_kysymys":"","tuuma_vastaus":""},"asauth":{"required_access_level":1,"share_token":"","is_paid":false},"yoast_head":"<!-- This site is optimized with the Yoast SEO plugin v26.4 - https:\/\/yoast.com\/wordpress\/plugins\/seo\/ -->\n<title>Maja Lunde on cli-fi-kirjallisuuden suurnimi \u2013 Sinisess\u00e4 makean veden puute ajaa l\u00e4nsieurooppalaiset pakolaisleireille - Kirjailijan p\u00e4iv\u00e4kirja<\/title>\n<meta name=\"description\" content=\"Kuivuus on vallannut Euroopan, ilmastopakolaiset vaeltavat kohti pohjoista.\" \/>\n<meta name=\"robots\" content=\"index, follow, max-snippet:-1, max-image-preview:large, max-video-preview:-1\" \/>\n<link rel=\"canonical\" href=\"https:\/\/suomenkuvalehti.fi\/kirjailijanpaivakirja\/maja-lunde-on-cli-fi-kirjallisuuden-suurnimi-sinisessa-makean-veden-puute-ajaa-lansieurooppalaiset-pakolaisleireille\/\" \/>\n<meta property=\"og:locale\" content=\"fi_FI\" \/>\n<meta property=\"og:type\" content=\"article\" \/>\n<meta property=\"og:title\" content=\"Maja Lunde on cli-fi-kirjallisuuden suurnimi \u2013 Sinisess\u00e4 makean veden puute ajaa l\u00e4nsieurooppalaiset pakolaisleireille - Kirjailijan p\u00e4iv\u00e4kirja\" \/>\n<meta property=\"og:description\" content=\"Kuivuus on vallannut Euroopan, ilmastopakolaiset vaeltavat kohti pohjoista.\" \/>\n<meta property=\"og:url\" content=\"https:\/\/suomenkuvalehti.fi\/kirjailijanpaivakirja\/maja-lunde-on-cli-fi-kirjallisuuden-suurnimi-sinisessa-makean-veden-puute-ajaa-lansieurooppalaiset-pakolaisleireille\/\" \/>\n<meta property=\"og:site_name\" content=\"Kirjailijan p\u00e4iv\u00e4kirja\" \/>\n<meta property=\"article:published_time\" content=\"2019-08-18T14:06:41+00:00\" \/>\n<meta property=\"og:image\" content=\"https:\/\/suomenkuvalehti.fi\/kirjailijanpaivakirja\/wp-content\/uploads\/sites\/21\/2019\/08\/lunde_maja-683x1024.jpg\" \/>\n\t<meta property=\"og:image:width\" content=\"683\" \/>\n\t<meta property=\"og:image:height\" content=\"1024\" \/>\n\t<meta property=\"og:image:type\" content=\"image\/jpeg\" \/>\n<meta name=\"author\" content=\"Karo H\u00e4m\u00e4l\u00e4inen\" \/>\n<meta name=\"twitter:card\" content=\"summary_large_image\" \/>\n<meta name=\"twitter:label1\" content=\"Written by\" \/>\n\t<meta name=\"twitter:data1\" content=\"Karo H\u00e4m\u00e4l\u00e4inen\" \/>\n\t<meta name=\"twitter:label2\" content=\"Est. reading time\" \/>\n\t<meta name=\"twitter:data2\" content=\"3 minuuttia\" \/>\n<script type=\"application\/ld+json\" class=\"yoast-schema-graph\">{\"@context\":\"https:\/\/schema.org\",\"@graph\":[{\"@type\":\"WebPage\",\"@id\":\"https:\/\/suomenkuvalehti.fi\/kirjailijanpaivakirja\/maja-lunde-on-cli-fi-kirjallisuuden-suurnimi-sinisessa-makean-veden-puute-ajaa-lansieurooppalaiset-pakolaisleireille\/\",\"url\":\"https:\/\/suomenkuvalehti.fi\/kirjailijanpaivakirja\/maja-lunde-on-cli-fi-kirjallisuuden-suurnimi-sinisessa-makean-veden-puute-ajaa-lansieurooppalaiset-pakolaisleireille\/\",\"name\":\"Maja Lunde on cli-fi-kirjallisuuden suurnimi \u2013 Sinisess\u00e4 makean veden puute ajaa l\u00e4nsieurooppalaiset pakolaisleireille - Kirjailijan p\u00e4iv\u00e4kirja\",\"isPartOf\":{\"@id\":\"https:\/\/suomenkuvalehti.fi\/kirjailijanpaivakirja\/#website\"},\"primaryImageOfPage\":{\"@id\":\"https:\/\/suomenkuvalehti.fi\/kirjailijanpaivakirja\/maja-lunde-on-cli-fi-kirjallisuuden-suurnimi-sinisessa-makean-veden-puute-ajaa-lansieurooppalaiset-pakolaisleireille\/#primaryimage\"},\"image\":{\"@id\":\"https:\/\/suomenkuvalehti.fi\/kirjailijanpaivakirja\/maja-lunde-on-cli-fi-kirjallisuuden-suurnimi-sinisessa-makean-veden-puute-ajaa-lansieurooppalaiset-pakolaisleireille\/#primaryimage\"},\"thumbnailUrl\":\"https:\/\/suomenkuvalehti.fi\/kirjailijanpaivakirja\/wp-content\/uploads\/sites\/21\/2019\/08\/lunde_maja.jpg\",\"datePublished\":\"2019-08-18T14:06:41+00:00\",\"author\":{\"@id\":\"https:\/\/suomenkuvalehti.fi\/kirjailijanpaivakirja\/#\/schema\/person\/ca2dfd9d508d8c675e07b3c099fc789b\"},\"description\":\"Kuivuus on vallannut Euroopan, ilmastopakolaiset vaeltavat kohti pohjoista.\",\"breadcrumb\":{\"@id\":\"https:\/\/suomenkuvalehti.fi\/kirjailijanpaivakirja\/maja-lunde-on-cli-fi-kirjallisuuden-suurnimi-sinisessa-makean-veden-puute-ajaa-lansieurooppalaiset-pakolaisleireille\/#breadcrumb\"},\"inLanguage\":\"fi\",\"potentialAction\":[{\"@type\":\"ReadAction\",\"target\":[\"https:\/\/suomenkuvalehti.fi\/kirjailijanpaivakirja\/maja-lunde-on-cli-fi-kirjallisuuden-suurnimi-sinisessa-makean-veden-puute-ajaa-lansieurooppalaiset-pakolaisleireille\/\"]}]},{\"@type\":\"ImageObject\",\"inLanguage\":\"fi\",\"@id\":\"https:\/\/suomenkuvalehti.fi\/kirjailijanpaivakirja\/maja-lunde-on-cli-fi-kirjallisuuden-suurnimi-sinisessa-makean-veden-puute-ajaa-lansieurooppalaiset-pakolaisleireille\/#primaryimage\",\"url\":\"https:\/\/suomenkuvalehti.fi\/kirjailijanpaivakirja\/wp-content\/uploads\/sites\/21\/2019\/08\/lunde_maja.jpg\",\"contentUrl\":\"https:\/\/suomenkuvalehti.fi\/kirjailijanpaivakirja\/wp-content\/uploads\/sites\/21\/2019\/08\/lunde_maja.jpg\",\"width\":1971,\"height\":2953,\"caption\":\"Maja Lunde.\"},{\"@type\":\"BreadcrumbList\",\"@id\":\"https:\/\/suomenkuvalehti.fi\/kirjailijanpaivakirja\/maja-lunde-on-cli-fi-kirjallisuuden-suurnimi-sinisessa-makean-veden-puute-ajaa-lansieurooppalaiset-pakolaisleireille\/#breadcrumb\",\"itemListElement\":[{\"@type\":\"ListItem\",\"position\":1,\"name\":\"Home\",\"item\":\"https:\/\/suomenkuvalehti.fi\/kirjailijanpaivakirja\/\"},{\"@type\":\"ListItem\",\"position\":2,\"name\":\"Maja Lunde on cli-fi-kirjallisuuden suurnimi \u2013 Sinisess\u00e4 makean veden puute ajaa l\u00e4nsieurooppalaiset pakolaisleireille\"}]},{\"@type\":\"WebSite\",\"@id\":\"https:\/\/suomenkuvalehti.fi\/kirjailijanpaivakirja\/#website\",\"url\":\"https:\/\/suomenkuvalehti.fi\/kirjailijanpaivakirja\/\",\"name\":\"Kirjailijan p\u00e4iv\u00e4kirja\",\"description\":\"Proosakirjailijan arkea ja kirjallisuuden ajankohtaisia aiheita.\",\"potentialAction\":[{\"@type\":\"SearchAction\",\"target\":{\"@type\":\"EntryPoint\",\"urlTemplate\":\"https:\/\/suomenkuvalehti.fi\/haku\/?q={search_term_string}\"},\"query-input\":{\"@type\":\"PropertyValueSpecification\",\"valueRequired\":true,\"valueName\":\"search_term_string\"}}],\"inLanguage\":\"fi\"},{\"@type\":\"Person\",\"@id\":\"https:\/\/suomenkuvalehti.fi\/kirjailijanpaivakirja\/#\/schema\/person\/ca2dfd9d508d8c675e07b3c099fc789b\",\"name\":\"Karo H\u00e4m\u00e4l\u00e4inen\",\"image\":{\"@type\":\"ImageObject\",\"inLanguage\":\"fi\",\"@id\":\"https:\/\/suomenkuvalehti.fi\/kirjailijanpaivakirja\/#\/schema\/person\/image\/\",\"url\":\"https:\/\/suomenkuvalehti.fi\/kirjailijanpaivakirja\/wp-content\/uploads\/sites\/21\/2022\/04\/hamalainen_karo06-1-150x150.jpg\",\"contentUrl\":\"https:\/\/suomenkuvalehti.fi\/kirjailijanpaivakirja\/wp-content\/uploads\/sites\/21\/2022\/04\/hamalainen_karo06-1-150x150.jpg\",\"caption\":\"Karo H\u00e4m\u00e4l\u00e4inen\"},\"description\":\"Karo H\u00e4m\u00e4l\u00e4inen on kirjailija ja talouteen erikoistunut vapaa toimittaja.\"}]}<\/script>\n<!-- \/ Yoast SEO plugin. -->","yoast_head_json":{"title":"Maja Lunde on cli-fi-kirjallisuuden suurnimi \u2013 Sinisess\u00e4 makean veden puute ajaa l\u00e4nsieurooppalaiset pakolaisleireille - Kirjailijan p\u00e4iv\u00e4kirja","description":"Kuivuus on vallannut Euroopan, ilmastopakolaiset vaeltavat kohti pohjoista.","robots":{"index":"index","follow":"follow","max-snippet":"max-snippet:-1","max-image-preview":"max-image-preview:large","max-video-preview":"max-video-preview:-1"},"canonical":"https:\/\/suomenkuvalehti.fi\/kirjailijanpaivakirja\/maja-lunde-on-cli-fi-kirjallisuuden-suurnimi-sinisessa-makean-veden-puute-ajaa-lansieurooppalaiset-pakolaisleireille\/","og_locale":"fi_FI","og_type":"article","og_title":"Maja Lunde on cli-fi-kirjallisuuden suurnimi \u2013 Sinisess\u00e4 makean veden puute ajaa l\u00e4nsieurooppalaiset pakolaisleireille - Kirjailijan p\u00e4iv\u00e4kirja","og_description":"Kuivuus on vallannut Euroopan, ilmastopakolaiset vaeltavat kohti pohjoista.","og_url":"https:\/\/suomenkuvalehti.fi\/kirjailijanpaivakirja\/maja-lunde-on-cli-fi-kirjallisuuden-suurnimi-sinisessa-makean-veden-puute-ajaa-lansieurooppalaiset-pakolaisleireille\/","og_site_name":"Kirjailijan p\u00e4iv\u00e4kirja","article_published_time":"2019-08-18T14:06:41+00:00","og_image":[{"width":683,"height":1024,"url":"https:\/\/suomenkuvalehti.fi\/kirjailijanpaivakirja\/wp-content\/uploads\/sites\/21\/2019\/08\/lunde_maja-683x1024.jpg","type":"image\/jpeg"}],"author":"Karo H\u00e4m\u00e4l\u00e4inen","twitter_card":"summary_large_image","twitter_misc":{"Written by":"Karo H\u00e4m\u00e4l\u00e4inen","Est. reading time":"3 minuuttia"},"schema":{"@context":"https:\/\/schema.org","@graph":[{"@type":"WebPage","@id":"https:\/\/suomenkuvalehti.fi\/kirjailijanpaivakirja\/maja-lunde-on-cli-fi-kirjallisuuden-suurnimi-sinisessa-makean-veden-puute-ajaa-lansieurooppalaiset-pakolaisleireille\/","url":"https:\/\/suomenkuvalehti.fi\/kirjailijanpaivakirja\/maja-lunde-on-cli-fi-kirjallisuuden-suurnimi-sinisessa-makean-veden-puute-ajaa-lansieurooppalaiset-pakolaisleireille\/","name":"Maja Lunde on cli-fi-kirjallisuuden suurnimi \u2013 Sinisess\u00e4 makean veden puute ajaa l\u00e4nsieurooppalaiset pakolaisleireille - Kirjailijan p\u00e4iv\u00e4kirja","isPartOf":{"@id":"https:\/\/suomenkuvalehti.fi\/kirjailijanpaivakirja\/#website"},"primaryImageOfPage":{"@id":"https:\/\/suomenkuvalehti.fi\/kirjailijanpaivakirja\/maja-lunde-on-cli-fi-kirjallisuuden-suurnimi-sinisessa-makean-veden-puute-ajaa-lansieurooppalaiset-pakolaisleireille\/#primaryimage"},"image":{"@id":"https:\/\/suomenkuvalehti.fi\/kirjailijanpaivakirja\/maja-lunde-on-cli-fi-kirjallisuuden-suurnimi-sinisessa-makean-veden-puute-ajaa-lansieurooppalaiset-pakolaisleireille\/#primaryimage"},"thumbnailUrl":"https:\/\/suomenkuvalehti.fi\/kirjailijanpaivakirja\/wp-content\/uploads\/sites\/21\/2019\/08\/lunde_maja.jpg","datePublished":"2019-08-18T14:06:41+00:00","author":{"@id":"https:\/\/suomenkuvalehti.fi\/kirjailijanpaivakirja\/#\/schema\/person\/ca2dfd9d508d8c675e07b3c099fc789b"},"description":"Kuivuus on vallannut Euroopan, ilmastopakolaiset vaeltavat kohti pohjoista.","breadcrumb":{"@id":"https:\/\/suomenkuvalehti.fi\/kirjailijanpaivakirja\/maja-lunde-on-cli-fi-kirjallisuuden-suurnimi-sinisessa-makean-veden-puute-ajaa-lansieurooppalaiset-pakolaisleireille\/#breadcrumb"},"inLanguage":"fi","potentialAction":[{"@type":"ReadAction","target":["https:\/\/suomenkuvalehti.fi\/kirjailijanpaivakirja\/maja-lunde-on-cli-fi-kirjallisuuden-suurnimi-sinisessa-makean-veden-puute-ajaa-lansieurooppalaiset-pakolaisleireille\/"]}]},{"@type":"ImageObject","inLanguage":"fi","@id":"https:\/\/suomenkuvalehti.fi\/kirjailijanpaivakirja\/maja-lunde-on-cli-fi-kirjallisuuden-suurnimi-sinisessa-makean-veden-puute-ajaa-lansieurooppalaiset-pakolaisleireille\/#primaryimage","url":"https:\/\/suomenkuvalehti.fi\/kirjailijanpaivakirja\/wp-content\/uploads\/sites\/21\/2019\/08\/lunde_maja.jpg","contentUrl":"https:\/\/suomenkuvalehti.fi\/kirjailijanpaivakirja\/wp-content\/uploads\/sites\/21\/2019\/08\/lunde_maja.jpg","width":1971,"height":2953,"caption":"Maja Lunde."},{"@type":"BreadcrumbList","@id":"https:\/\/suomenkuvalehti.fi\/kirjailijanpaivakirja\/maja-lunde-on-cli-fi-kirjallisuuden-suurnimi-sinisessa-makean-veden-puute-ajaa-lansieurooppalaiset-pakolaisleireille\/#breadcrumb","itemListElement":[{"@type":"ListItem","position":1,"name":"Home","item":"https:\/\/suomenkuvalehti.fi\/kirjailijanpaivakirja\/"},{"@type":"ListItem","position":2,"name":"Maja Lunde on cli-fi-kirjallisuuden suurnimi \u2013 Sinisess\u00e4 makean veden puute ajaa l\u00e4nsieurooppalaiset pakolaisleireille"}]},{"@type":"WebSite","@id":"https:\/\/suomenkuvalehti.fi\/kirjailijanpaivakirja\/#website","url":"https:\/\/suomenkuvalehti.fi\/kirjailijanpaivakirja\/","name":"Kirjailijan p\u00e4iv\u00e4kirja","description":"Proosakirjailijan arkea ja kirjallisuuden ajankohtaisia aiheita.","potentialAction":[{"@type":"SearchAction","target":{"@type":"EntryPoint","urlTemplate":"https:\/\/suomenkuvalehti.fi\/haku\/?q={search_term_string}"},"query-input":{"@type":"PropertyValueSpecification","valueRequired":true,"valueName":"search_term_string"}}],"inLanguage":"fi"},{"@type":"Person","@id":"https:\/\/suomenkuvalehti.fi\/kirjailijanpaivakirja\/#\/schema\/person\/ca2dfd9d508d8c675e07b3c099fc789b","name":"Karo H\u00e4m\u00e4l\u00e4inen","image":{"@type":"ImageObject","inLanguage":"fi","@id":"https:\/\/suomenkuvalehti.fi\/kirjailijanpaivakirja\/#\/schema\/person\/image\/","url":"https:\/\/suomenkuvalehti.fi\/kirjailijanpaivakirja\/wp-content\/uploads\/sites\/21\/2022\/04\/hamalainen_karo06-1-150x150.jpg","contentUrl":"https:\/\/suomenkuvalehti.fi\/kirjailijanpaivakirja\/wp-content\/uploads\/sites\/21\/2022\/04\/hamalainen_karo06-1-150x150.jpg","caption":"Karo H\u00e4m\u00e4l\u00e4inen"},"description":"Karo H\u00e4m\u00e4l\u00e4inen on kirjailija ja talouteen erikoistunut vapaa toimittaja."}]}},"_links":{"self":[{"href":"https:\/\/suomenkuvalehti.fi\/kirjailijanpaivakirja\/wp-json\/wp\/v2\/posts\/1584","targetHints":{"allow":["GET"]}}],"collection":[{"href":"https:\/\/suomenkuvalehti.fi\/kirjailijanpaivakirja\/wp-json\/wp\/v2\/posts"}],"about":[{"href":"https:\/\/suomenkuvalehti.fi\/kirjailijanpaivakirja\/wp-json\/wp\/v2\/types\/post"}],"author":[{"embeddable":true,"href":"https:\/\/suomenkuvalehti.fi\/kirjailijanpaivakirja\/wp-json\/wp\/v2\/users\/129"}],"replies":[{"embeddable":true,"href":"https:\/\/suomenkuvalehti.fi\/kirjailijanpaivakirja\/wp-json\/wp\/v2\/comments?post=1584"}],"version-history":[{"count":1,"href":"https:\/\/suomenkuvalehti.fi\/kirjailijanpaivakirja\/wp-json\/wp\/v2\/posts\/1584\/revisions"}],"predecessor-version":[{"id":1586,"href":"https:\/\/suomenkuvalehti.fi\/kirjailijanpaivakirja\/wp-json\/wp\/v2\/posts\/1584\/revisions\/1586"}],"wp:featuredmedia":[{"embeddable":true,"href":"https:\/\/suomenkuvalehti.fi\/kirjailijanpaivakirja\/wp-json\/wp\/v2\/media\/1585"}],"wp:attachment":[{"href":"https:\/\/suomenkuvalehti.fi\/kirjailijanpaivakirja\/wp-json\/wp\/v2\/media?parent=1584"}],"wp:term":[{"taxonomy":"category","embeddable":true,"href":"https:\/\/suomenkuvalehti.fi\/kirjailijanpaivakirja\/wp-json\/wp\/v2\/categories?post=1584"},{"taxonomy":"post_tag","embeddable":true,"href":"https:\/\/suomenkuvalehti.fi\/kirjailijanpaivakirja\/wp-json\/wp\/v2\/tags?post=1584"}],"curies":[{"name":"wp","href":"https:\/\/api.w.org\/{rel}","templated":true}]}}