{"id":1557,"date":"2019-07-25T20:47:48","date_gmt":"2019-07-25T17:47:48","guid":{"rendered":"https:\/\/suomenkuvalehti.fi\/kirjailijanpaivakirja\/?p=1557"},"modified":"2019-07-25T20:51:06","modified_gmt":"2019-07-25T17:51:06","slug":"ranskalainen-kesaviihde-kiihtyy-loppua-kohden","status":"publish","type":"post","link":"https:\/\/suomenkuvalehti.fi\/kirjailijanpaivakirja\/ranskalainen-kesaviihde-kiihtyy-loppua-kohden\/","title":{"rendered":"Ranskalainen kes\u00e4viihde kiihtyy loppua kohden"},"content":{"rendered":"<figure class=\"alignleft size-medium wp-block-image\">\n  <div class=\"wp-block-image__inner-container\">\n    <a href='https:\/\/suomenkuvalehti.fi\/kirjailijanpaivakirja\/wp-content\/uploads\/sites\/21\/2019\/07\/fred-vargas.jpg'><img loading=\"lazy\" decoding=\"async\" src=\"https:\/\/suomenkuvalehti.fi\/kirjailijanpaivakirja\/wp-content\/uploads\/sites\/21\/2019\/07\/fred-vargas-200x300.jpg\" alt=\"\" class=\"wp-image-1559\" width=\"3744\" height=\"5616\" style=\"--aspect-ratio: 0.67\" srcset=\"https:\/\/suomenkuvalehti.fi\/kirjailijanpaivakirja\/wp-content\/uploads\/sites\/21\/2019\/07\/fred-vargas-200x300.jpg 200w, https:\/\/suomenkuvalehti.fi\/kirjailijanpaivakirja\/wp-content\/uploads\/sites\/21\/2019\/07\/fred-vargas-768x1152.jpg 768w, https:\/\/suomenkuvalehti.fi\/kirjailijanpaivakirja\/wp-content\/uploads\/sites\/21\/2019\/07\/fred-vargas-683x1024.jpg 683w, https:\/\/suomenkuvalehti.fi\/kirjailijanpaivakirja\/wp-content\/uploads\/sites\/21\/2019\/07\/fred-vargas-300x450.jpg 300w, https:\/\/suomenkuvalehti.fi\/kirjailijanpaivakirja\/wp-content\/uploads\/sites\/21\/2019\/07\/fred-vargas-630x945.jpg 630w\" sizes=\"auto, (max-width: 3744px) 100vw, 3744px\" \/><\/a>    <figcaption class=\"wp-block-image__figcaption\">\n      Fred Vargas.      <span class='wp-block-image__copyright'>&copy; Gummerus \/ Louise Oligny<\/span>    <\/figcaption>\n      <\/div>\n<\/figure>\n\n\n<p><span class=\"capitalized\">Jos astelee<\/span> sis\u00e4\u00e4n BMW-myym\u00e4l\u00e4\u00e4n, harvoin myyj\u00e4 alkaa kehua vuolaasti Audia. Kirjallisuusmaailmassa kapitalismin ja markkinoinnin itsest\u00e4\u00e4n selv\u00e4t periaatteet eiv\u00e4t kuitenkaan aina p\u00e4de. Kustantaja saattaa suositella kilpailevan kustantamon kustantamaa kirjaa tai kirjailijaa. Rakkaus kirjoihin ylitt\u00e4\u00e4 osakeyhti\u00f6rajat.<\/p>\n\n\n\n<p>Tammen kustannusjohtaja <strong>Outi M\u00e4kinen <\/strong>on kuuluisa dekkariharrastuksestaan. Kai jo pari vuotta sitten samassa p\u00e4iv\u00e4llisp\u00f6yd\u00e4ss\u00e4 istuessamme p\u00e4\u00e4dyimme jostain syyst\u00e4 puhumaan <strong>Fred Vargasista<\/strong>, jonka kokoinen aukko sivistyksess\u00e4ni oli. Fred Vargasia on Suomessa kustantanut Gummerus, mutta k\u00e4vi ilmeiseksi, ett\u00e4 Vargas on yksi Outi M\u00e4kisen suosikeista. H\u00e4n k\u00e4yt\u00e4nn\u00f6ss\u00e4 vaati minua tutustumaan Vargasin tuotantoon.<\/p>\n\n\n\n<p>Aukkoni oli niin ammottava, ett\u00e4 viittasin kirjailijaan <em>he<\/em>-pronominilla, vaikka M\u00e4kinen k\u00e4ytti englanninkielisess\u00e4 keskustelussa <em>she:t\u00e4<\/em>. Fred Vargas on todellakin nainen, varsinaiselta etunimelt\u00e4\u00e4n <strong>Fr\u00e9d\u00e9rique<\/strong> ja varsinaiselta sukunimelt\u00e4\u00e4n <strong>Audouin-Rouzeau<\/strong>, syntynyt vuonna 1957 Pariisissa.<\/p>\n\n\n\n<p>&nbsp;<\/p>\n\n\n\n<p><span class=\"capitalized\">Siit\u00e4 asti<\/span> tarkoitukseni on ollut tutustua Fred Vargasin tuotantoon. Sopiva sauma osui viimein t\u00e4n\u00e4 kes\u00e4n\u00e4, kun p\u00f6yd\u00e4lleni kulkeutui uusi, kolmas painos Vargasin <em>Pystyyn, kuolleet!<\/em> \u2013romaanista, joka on ilmestynyt alkukielell\u00e4\u00e4n ranskaksi vuonna 1995 ja <strong>Marja Luoman<\/strong> suomentamana vuonna 2002.<\/p>\n\n\n\n<p>Jo se, ett\u00e4 romaanista otetaan uusi kovakantinen painos 17 vuotta suomennoksen ensi-ilmestymisen j\u00e4lkeen ilman elokuvan tai televisiosarjan ajankohtaisvetoapua, kertoo kirjailijan saavuttamasta asemasta. Kysynt\u00e4\u00e4 on, siihen halutaan vastata.<\/p>\n\n\n\n<p>Vargasilta on suomennettu alun toistakymment\u00e4 rikosromaania, joista suurin osa kuuluu komisario Adamsbergin ymp\u00e4rille kehittyneeseen sarjaan. <em>Pystyyn, kuolleet!<\/em> \u2013 ensimm\u00e4inen Vargas-suomennos \u2013 on kuitenkin Kolme evankelistaa -sarjan avausosa. Uuden painoksen motivoi se, ett\u00e4 kolmiosaisen sarjan toinen osa on ollut t\u00e4h\u00e4n asti suomentamatta ja ilmestyi t\u00e4n\u00e4 kes\u00e4n\u00e4 Marja Luoman suomentamana nimell\u00e4 <em>Muistoksi k\u00e4ynnist\u00e4si<\/em>.<\/p>\n\n\n\n<p>&nbsp;<\/p>\n\n\n\n<p><span class=\"capitalized\">Kolme evankelistaa<\/span> eiv\u00e4t ole evankelistoja vaan historioitsijoita. Samaan taloon asettuvien \u2013 ja toistensa tutkimuskohteita veljellisesti halveksuvien \u2013 miesten nimet vain sattuvat sopivasti olemaan Mathias, Marc ja Lucien, aivan kuin Uuden testamentin Matteus, Markus ja Luukas. Nelj\u00e4nten\u00e4 taloa asuttaa Armand Vandoosler, Marcin eno ja entinen poliisi.<\/p>\n\n\n\n<p>H\u00e4din tuskin nelj\u00e4n miehen kommuuni on saanut asettauduttua taloksi, kun naapurissa asuva entinen oopperalaulajatar tulee pyyt\u00e4m\u00e4\u00e4n miehilt\u00e4 palvelusta: H\u00e4nen puutarhaansa on yll\u00e4tt\u00e4en ilmestynyt pieni py\u00f6kki, ja h\u00e4n pyyt\u00e4\u00e4 miehi\u00e4 kaivamaan sen luokse kuopan varmistuakseen, ettei sen luona ole hautaa tai muuta outoa.<\/p>\n\n\n\n<p>Kolmenkymmenentuhannen frangin palkkio saa historioitsijat tarttumaan lapioon.<\/p>\n\n\n\n<p>&nbsp;<\/p>\n\n\n\n<p><span class=\"capitalized\">Teos k\u00e4ynnistyy<\/span> verkkaisesti, kun kaverusten yhteensaattaminen ja luonnehtiminen vaatii sivuja. Viel\u00e4 senkin j\u00e4lkeen, kun oopperalaulajatar katoaa, historioitsijat ja kirjailija jahkailevat.<\/p>\n\n\n\n<p>Lopussa juoni k\u00e4\u00e4ntyilee sitten senkin edest\u00e4 aivan kuin <strong>Agatha Christie<\/strong> olisi vauhdissa. Ep\u00e4illyt vaihtuvat kuin numerot Jokerin arvontakoneessa.<\/p>\n\n\n\n<p>Rakenteeltaan <em>Pystyyn, kuolleet!<\/em> on siksi oudon ep\u00e4tasapainoinen. Siin\u00e4 miss\u00e4 trillerit tavataan aloittaa tapahtuminen keskelt\u00e4 ja loppuun tarjotaan seesteinen rauhan hetkin, Fred Vargas petaa rauhassa ja lopettaa tapahtumien tuoksinaan. Lukijaa ei taluteta turvaan taistelutantereen tuoksinasta kuin puolentoista sivun p\u00e4\u00e4h\u00e4n.<\/p>\n\n\n\n<p>&nbsp;<\/p>\n\n\n\n<p><span class=\"capitalized\">Hieman samalla<\/span> tapaa toimii toinen ranskalaiskirjailija <strong>Pierre Lemaitre<\/strong> \u2013 syntynyt Vargasin tavoin Pariisissa mutta nelj\u00e4 vuotta t\u00e4t\u00e4 aiemmin \u2013, jonka <em>Verih\u00e4\u00e4t<\/em> (suom. <strong>Kaija Holma<\/strong>, Minerva 2018) kuuntelin rinnan Fred Vargasin lukemisen kanssa.<\/p>\n\n\n\n<p>Lemaitre on juonen kirjailija. H\u00e4nen vahvuutensa ovat n\u00e4k\u00f6kulmanvaihdokset, jotka saattavat k\u00e4\u00e4nt\u00e4\u00e4 kaiken aiemmin luetun uuteen valoon ja tehd\u00e4 takaa-ajetusta takaa-ajajan, tai toisinp\u00e4in.<\/p>\n\n\n\n<p>Kumpikaan ranskalaiskirjailija ei m\u00e4ss\u00e4ile v\u00e4kivallalla toisin kuin monet skandikollegansa. Ruumiita syntyy, se on selv\u00e4\u00e4, mutta Vargasille ainakin <em>Pystyyn, kuolleet!<\/em> -romaanissa v\u00e4kivaltaa olennaisempaa on kaverusten keskin\u00e4inen sanailu ja Lemaitrelle henkil\u00f6iden v\u00e4listen intensiivisten suhteiden tihent\u00e4minen.<\/p>\n\n\n\n<p>&nbsp;<\/p>\n\n\n\n<p><span class=\"capitalized\">Ei n\u00e4iden kahden<\/span> sattumanvaraisesti lukulistalleni p\u00e4\u00e4tyneen kirjailijan perusteella kannata vet\u00e4\u00e4 pitk\u00e4lle menevi\u00e4 johtop\u00e4\u00e4t\u00f6ksi\u00e4 ranskalaisen nykyrikoskirjallisuuden luonteesta, mutta se n\u00e4ytt\u00e4\u00e4 ilmeiselt\u00e4, ett\u00e4 Ranskasta Suomeen tuodaan laadukkaita rikosromaaneja.<\/p>\n\n\n\n<p>Vargasin ja Lemaitren tuotantojen lis\u00e4ksi esiin kannattaa nostaa vaikkapa <em>Kehtolaulullaan <\/em>(suom. <strong>Lotta Toivanen<\/strong>, WSOY 2018) maailmanmaineeseen noussut <strong>Le\u00efla Slimani<\/strong>, jonka esikoisromaanin suomennos <em>Ad\u00e8le<\/em> ilmestyy alkavana syksyn\u00e4.<\/p>\n\n\n\n<p>Trillerim\u00e4ist\u00e4 imua joskin ilman rikoksen ratkaisemisen juonta on my\u00f6s <strong>Maylis de Kerangalin<\/strong> <em>Haudataan kuolleet, paikkaillaan el\u00e4v\u00e4t<\/em> -romaanissa (suom. <strong>Ville Keyn\u00e4s<\/strong> ja <strong>Anu Partanen<\/strong>, Siltala 2016). Maylis de Kerangalin toinen suomennos <strong>Maailma k\u00e4den ulottuvilla<\/strong> ilmestyy syksyll\u00e4 Siltalalta samojen suomentajien suomentamana.<\/p>\n\n\n\n<p>Ne molemmat aion lukea, ja ehk\u00e4p\u00e4 taas ensi kes\u00e4n\u00e4 jatkan tutustumistani Fred Vargasin ja Pierre Lemaitren tuotantoon. Kumpikin heist\u00e4 on my\u00f6s hyvin \u00e4\u00e4nikirjana kuunneltavaksi sopiva tekij\u00e4.<\/p>\n\n\n","protected":false},"excerpt":{"rendered":"<p>Jos astelee sis\u00e4\u00e4n BMW-myym\u00e4l\u00e4\u00e4n, harvoin myyj\u00e4 alkaa kehua vuolaasti Audia. Kirjallisuusmaailmassa kapitalismin ja markkinoinnin itsest\u00e4\u00e4n selv\u00e4t periaatteet eiv\u00e4t kuitenkaan aina p\u00e4de. Kustantaja saattaa suositella kilpailevan kustantamon kustantamaa kirjaa tai<br \/>\nkirjailija&hellip;<\/p>\n","protected":false},"author":129,"featured_media":0,"comment_status":"open","ping_status":"open","sticky":false,"template":"","format":"standard","meta":{"_acf_changed":false,"asauth_required_access_level":3,"asauth_cansharepaid":"true","om_header_attributes":[],"footnotes":"","om_featured_image_focal_point":[],"om_primary_tag":0,"om_contributors":[],"om_co_authors":[],"beyondwords_generate_audio":"","beyondwords_project_id":"","beyondwords_content_id":"","beyondwords_preview_token":"","beyondwords_player_content":"","beyondwords_player_style":"","beyondwords_language_code":"","beyondwords_language_id":"","beyondwords_title_voice_id":"","beyondwords_body_voice_id":"","beyondwords_summary_voice_id":"","beyondwords_error_message":"","beyondwords_disabled":"","beyondwords_delete_content":"","beyondwords_podcast_id":"","beyondwords_hash":"","publish_post_to_speechkit":"","speechkit_hash":"","speechkit_generate_audio":"","speechkit_project_id":"","speechkit_podcast_id":"","speechkit_error_message":"","speechkit_disabled":"","speechkit_access_key":"","speechkit_error":"","speechkit_info":"","speechkit_response":"","speechkit_retries":"","speechkit_status":"","speechkit_updated_at":"","_speechkit_link":"","_speechkit_text":""},"categories":[1],"tags":[672,1297,1256,1258],"class_list":["post-1557","post","type-post","status-publish","format-standard","hentry","category-kirjailijan-paivakirja","tag-dekkari","tag-fred-vargas","tag-pierre-lemaitre","tag-ranskalainen-kirjallisuus"],"om_views":null,"acf":{"tuuma_off":false,"tuuma_kysymys":"","tuuma_vastaus":""},"asauth":{"required_access_level":1,"share_token":"","is_paid":false},"yoast_head":"<!-- This site is optimized with the Yoast SEO plugin v26.4 - https:\/\/yoast.com\/wordpress\/plugins\/seo\/ -->\n<title>Ranskalainen kes\u00e4viihde kiihtyy loppua kohden - Kirjailijan p\u00e4iv\u00e4kirja<\/title>\n<meta name=\"description\" content=\"Jo se, ett\u00e4 romaanista otetaan uusi kovakantinen painos 17 vuotta suomennoksen ensi-ilmestymisen j\u00e4lkeen ilman elokuvan tai televisiosarjan ajankohtaisvetoapua, kertoo kirjailijan saavuttamasta asemasta.\" \/>\n<meta name=\"robots\" content=\"index, follow, max-snippet:-1, max-image-preview:large, max-video-preview:-1\" \/>\n<link rel=\"canonical\" href=\"https:\/\/suomenkuvalehti.fi\/kirjailijanpaivakirja\/ranskalainen-kesaviihde-kiihtyy-loppua-kohden\/\" \/>\n<meta property=\"og:locale\" content=\"fi_FI\" \/>\n<meta property=\"og:type\" content=\"article\" \/>\n<meta property=\"og:title\" content=\"Ranskalainen kes\u00e4viihde kiihtyy loppua kohden - Kirjailijan p\u00e4iv\u00e4kirja\" \/>\n<meta property=\"og:description\" content=\"Jo se, ett\u00e4 romaanista otetaan uusi kovakantinen painos 17 vuotta suomennoksen ensi-ilmestymisen j\u00e4lkeen ilman elokuvan tai televisiosarjan ajankohtaisvetoapua, kertoo kirjailijan saavuttamasta asemasta.\" \/>\n<meta property=\"og:url\" content=\"https:\/\/suomenkuvalehti.fi\/kirjailijanpaivakirja\/ranskalainen-kesaviihde-kiihtyy-loppua-kohden\/\" \/>\n<meta property=\"og:site_name\" content=\"Kirjailijan p\u00e4iv\u00e4kirja\" \/>\n<meta property=\"article:published_time\" content=\"2019-07-25T17:47:48+00:00\" \/>\n<meta property=\"article:modified_time\" content=\"2019-07-25T17:51:06+00:00\" \/>\n<meta property=\"og:image\" content=\"https:\/\/suomenkuvalehti.fi\/kirjailijanpaivakirja\/wp-content\/uploads\/sites\/21\/2019\/07\/fred-vargas-200x300.jpg\" \/>\n<meta name=\"author\" content=\"Karo H\u00e4m\u00e4l\u00e4inen\" \/>\n<meta name=\"twitter:card\" content=\"summary_large_image\" \/>\n<meta name=\"twitter:label1\" content=\"Written by\" \/>\n\t<meta name=\"twitter:data1\" content=\"Karo H\u00e4m\u00e4l\u00e4inen\" \/>\n\t<meta name=\"twitter:label2\" content=\"Est. reading time\" \/>\n\t<meta name=\"twitter:data2\" content=\"3 minuuttia\" \/>\n<script type=\"application\/ld+json\" class=\"yoast-schema-graph\">{\"@context\":\"https:\/\/schema.org\",\"@graph\":[{\"@type\":\"WebPage\",\"@id\":\"https:\/\/suomenkuvalehti.fi\/kirjailijanpaivakirja\/ranskalainen-kesaviihde-kiihtyy-loppua-kohden\/\",\"url\":\"https:\/\/suomenkuvalehti.fi\/kirjailijanpaivakirja\/ranskalainen-kesaviihde-kiihtyy-loppua-kohden\/\",\"name\":\"Ranskalainen kes\u00e4viihde kiihtyy loppua kohden - Kirjailijan p\u00e4iv\u00e4kirja\",\"isPartOf\":{\"@id\":\"https:\/\/suomenkuvalehti.fi\/kirjailijanpaivakirja\/#website\"},\"primaryImageOfPage\":{\"@id\":\"https:\/\/suomenkuvalehti.fi\/kirjailijanpaivakirja\/ranskalainen-kesaviihde-kiihtyy-loppua-kohden\/#primaryimage\"},\"image\":{\"@id\":\"https:\/\/suomenkuvalehti.fi\/kirjailijanpaivakirja\/ranskalainen-kesaviihde-kiihtyy-loppua-kohden\/#primaryimage\"},\"thumbnailUrl\":\"https:\/\/suomenkuvalehti.fi\/kirjailijanpaivakirja\/wp-content\/uploads\/sites\/21\/2019\/07\/fred-vargas-200x300.jpg\",\"datePublished\":\"2019-07-25T17:47:48+00:00\",\"dateModified\":\"2019-07-25T17:51:06+00:00\",\"author\":{\"@id\":\"https:\/\/suomenkuvalehti.fi\/kirjailijanpaivakirja\/#\/schema\/person\/ca2dfd9d508d8c675e07b3c099fc789b\"},\"description\":\"Jo se, ett\u00e4 romaanista otetaan uusi kovakantinen painos 17 vuotta suomennoksen ensi-ilmestymisen j\u00e4lkeen ilman elokuvan tai televisiosarjan ajankohtaisvetoapua, kertoo kirjailijan saavuttamasta asemasta.\",\"breadcrumb\":{\"@id\":\"https:\/\/suomenkuvalehti.fi\/kirjailijanpaivakirja\/ranskalainen-kesaviihde-kiihtyy-loppua-kohden\/#breadcrumb\"},\"inLanguage\":\"fi\",\"potentialAction\":[{\"@type\":\"ReadAction\",\"target\":[\"https:\/\/suomenkuvalehti.fi\/kirjailijanpaivakirja\/ranskalainen-kesaviihde-kiihtyy-loppua-kohden\/\"]}]},{\"@type\":\"ImageObject\",\"inLanguage\":\"fi\",\"@id\":\"https:\/\/suomenkuvalehti.fi\/kirjailijanpaivakirja\/ranskalainen-kesaviihde-kiihtyy-loppua-kohden\/#primaryimage\",\"url\":\"https:\/\/suomenkuvalehti.fi\/kirjailijanpaivakirja\/wp-content\/uploads\/sites\/21\/2019\/07\/fred-vargas.jpg\",\"contentUrl\":\"https:\/\/suomenkuvalehti.fi\/kirjailijanpaivakirja\/wp-content\/uploads\/sites\/21\/2019\/07\/fred-vargas.jpg\",\"width\":3744,\"height\":5616,\"caption\":\"Fred Vargas\"},{\"@type\":\"BreadcrumbList\",\"@id\":\"https:\/\/suomenkuvalehti.fi\/kirjailijanpaivakirja\/ranskalainen-kesaviihde-kiihtyy-loppua-kohden\/#breadcrumb\",\"itemListElement\":[{\"@type\":\"ListItem\",\"position\":1,\"name\":\"Home\",\"item\":\"https:\/\/suomenkuvalehti.fi\/kirjailijanpaivakirja\/\"},{\"@type\":\"ListItem\",\"position\":2,\"name\":\"Ranskalainen kes\u00e4viihde kiihtyy loppua kohden\"}]},{\"@type\":\"WebSite\",\"@id\":\"https:\/\/suomenkuvalehti.fi\/kirjailijanpaivakirja\/#website\",\"url\":\"https:\/\/suomenkuvalehti.fi\/kirjailijanpaivakirja\/\",\"name\":\"Kirjailijan p\u00e4iv\u00e4kirja\",\"description\":\"Proosakirjailijan arkea ja kirjallisuuden ajankohtaisia aiheita.\",\"potentialAction\":[{\"@type\":\"SearchAction\",\"target\":{\"@type\":\"EntryPoint\",\"urlTemplate\":\"https:\/\/suomenkuvalehti.fi\/haku\/?q={search_term_string}\"},\"query-input\":{\"@type\":\"PropertyValueSpecification\",\"valueRequired\":true,\"valueName\":\"search_term_string\"}}],\"inLanguage\":\"fi\"},{\"@type\":\"Person\",\"@id\":\"https:\/\/suomenkuvalehti.fi\/kirjailijanpaivakirja\/#\/schema\/person\/ca2dfd9d508d8c675e07b3c099fc789b\",\"name\":\"Karo H\u00e4m\u00e4l\u00e4inen\",\"image\":{\"@type\":\"ImageObject\",\"inLanguage\":\"fi\",\"@id\":\"https:\/\/suomenkuvalehti.fi\/kirjailijanpaivakirja\/#\/schema\/person\/image\/\",\"url\":\"https:\/\/suomenkuvalehti.fi\/kirjailijanpaivakirja\/wp-content\/uploads\/sites\/21\/2022\/04\/hamalainen_karo06-1-150x150.jpg\",\"contentUrl\":\"https:\/\/suomenkuvalehti.fi\/kirjailijanpaivakirja\/wp-content\/uploads\/sites\/21\/2022\/04\/hamalainen_karo06-1-150x150.jpg\",\"caption\":\"Karo H\u00e4m\u00e4l\u00e4inen\"},\"description\":\"Karo H\u00e4m\u00e4l\u00e4inen on kirjailija ja talouteen erikoistunut vapaa toimittaja.\"}]}<\/script>\n<!-- \/ Yoast SEO plugin. -->","yoast_head_json":{"title":"Ranskalainen kes\u00e4viihde kiihtyy loppua kohden - Kirjailijan p\u00e4iv\u00e4kirja","description":"Jo se, ett\u00e4 romaanista otetaan uusi kovakantinen painos 17 vuotta suomennoksen ensi-ilmestymisen j\u00e4lkeen ilman elokuvan tai televisiosarjan ajankohtaisvetoapua, kertoo kirjailijan saavuttamasta asemasta.","robots":{"index":"index","follow":"follow","max-snippet":"max-snippet:-1","max-image-preview":"max-image-preview:large","max-video-preview":"max-video-preview:-1"},"canonical":"https:\/\/suomenkuvalehti.fi\/kirjailijanpaivakirja\/ranskalainen-kesaviihde-kiihtyy-loppua-kohden\/","og_locale":"fi_FI","og_type":"article","og_title":"Ranskalainen kes\u00e4viihde kiihtyy loppua kohden - Kirjailijan p\u00e4iv\u00e4kirja","og_description":"Jo se, ett\u00e4 romaanista otetaan uusi kovakantinen painos 17 vuotta suomennoksen ensi-ilmestymisen j\u00e4lkeen ilman elokuvan tai televisiosarjan ajankohtaisvetoapua, kertoo kirjailijan saavuttamasta asemasta.","og_url":"https:\/\/suomenkuvalehti.fi\/kirjailijanpaivakirja\/ranskalainen-kesaviihde-kiihtyy-loppua-kohden\/","og_site_name":"Kirjailijan p\u00e4iv\u00e4kirja","article_published_time":"2019-07-25T17:47:48+00:00","article_modified_time":"2019-07-25T17:51:06+00:00","og_image":[{"url":"https:\/\/suomenkuvalehti.fi\/kirjailijanpaivakirja\/wp-content\/uploads\/sites\/21\/2019\/07\/fred-vargas-200x300.jpg","type":"","width":"","height":""}],"author":"Karo H\u00e4m\u00e4l\u00e4inen","twitter_card":"summary_large_image","twitter_misc":{"Written by":"Karo H\u00e4m\u00e4l\u00e4inen","Est. reading time":"3 minuuttia"},"schema":{"@context":"https:\/\/schema.org","@graph":[{"@type":"WebPage","@id":"https:\/\/suomenkuvalehti.fi\/kirjailijanpaivakirja\/ranskalainen-kesaviihde-kiihtyy-loppua-kohden\/","url":"https:\/\/suomenkuvalehti.fi\/kirjailijanpaivakirja\/ranskalainen-kesaviihde-kiihtyy-loppua-kohden\/","name":"Ranskalainen kes\u00e4viihde kiihtyy loppua kohden - Kirjailijan p\u00e4iv\u00e4kirja","isPartOf":{"@id":"https:\/\/suomenkuvalehti.fi\/kirjailijanpaivakirja\/#website"},"primaryImageOfPage":{"@id":"https:\/\/suomenkuvalehti.fi\/kirjailijanpaivakirja\/ranskalainen-kesaviihde-kiihtyy-loppua-kohden\/#primaryimage"},"image":{"@id":"https:\/\/suomenkuvalehti.fi\/kirjailijanpaivakirja\/ranskalainen-kesaviihde-kiihtyy-loppua-kohden\/#primaryimage"},"thumbnailUrl":"https:\/\/suomenkuvalehti.fi\/kirjailijanpaivakirja\/wp-content\/uploads\/sites\/21\/2019\/07\/fred-vargas-200x300.jpg","datePublished":"2019-07-25T17:47:48+00:00","dateModified":"2019-07-25T17:51:06+00:00","author":{"@id":"https:\/\/suomenkuvalehti.fi\/kirjailijanpaivakirja\/#\/schema\/person\/ca2dfd9d508d8c675e07b3c099fc789b"},"description":"Jo se, ett\u00e4 romaanista otetaan uusi kovakantinen painos 17 vuotta suomennoksen ensi-ilmestymisen j\u00e4lkeen ilman elokuvan tai televisiosarjan ajankohtaisvetoapua, kertoo kirjailijan saavuttamasta asemasta.","breadcrumb":{"@id":"https:\/\/suomenkuvalehti.fi\/kirjailijanpaivakirja\/ranskalainen-kesaviihde-kiihtyy-loppua-kohden\/#breadcrumb"},"inLanguage":"fi","potentialAction":[{"@type":"ReadAction","target":["https:\/\/suomenkuvalehti.fi\/kirjailijanpaivakirja\/ranskalainen-kesaviihde-kiihtyy-loppua-kohden\/"]}]},{"@type":"ImageObject","inLanguage":"fi","@id":"https:\/\/suomenkuvalehti.fi\/kirjailijanpaivakirja\/ranskalainen-kesaviihde-kiihtyy-loppua-kohden\/#primaryimage","url":"https:\/\/suomenkuvalehti.fi\/kirjailijanpaivakirja\/wp-content\/uploads\/sites\/21\/2019\/07\/fred-vargas.jpg","contentUrl":"https:\/\/suomenkuvalehti.fi\/kirjailijanpaivakirja\/wp-content\/uploads\/sites\/21\/2019\/07\/fred-vargas.jpg","width":3744,"height":5616,"caption":"Fred Vargas"},{"@type":"BreadcrumbList","@id":"https:\/\/suomenkuvalehti.fi\/kirjailijanpaivakirja\/ranskalainen-kesaviihde-kiihtyy-loppua-kohden\/#breadcrumb","itemListElement":[{"@type":"ListItem","position":1,"name":"Home","item":"https:\/\/suomenkuvalehti.fi\/kirjailijanpaivakirja\/"},{"@type":"ListItem","position":2,"name":"Ranskalainen kes\u00e4viihde kiihtyy loppua kohden"}]},{"@type":"WebSite","@id":"https:\/\/suomenkuvalehti.fi\/kirjailijanpaivakirja\/#website","url":"https:\/\/suomenkuvalehti.fi\/kirjailijanpaivakirja\/","name":"Kirjailijan p\u00e4iv\u00e4kirja","description":"Proosakirjailijan arkea ja kirjallisuuden ajankohtaisia aiheita.","potentialAction":[{"@type":"SearchAction","target":{"@type":"EntryPoint","urlTemplate":"https:\/\/suomenkuvalehti.fi\/haku\/?q={search_term_string}"},"query-input":{"@type":"PropertyValueSpecification","valueRequired":true,"valueName":"search_term_string"}}],"inLanguage":"fi"},{"@type":"Person","@id":"https:\/\/suomenkuvalehti.fi\/kirjailijanpaivakirja\/#\/schema\/person\/ca2dfd9d508d8c675e07b3c099fc789b","name":"Karo H\u00e4m\u00e4l\u00e4inen","image":{"@type":"ImageObject","inLanguage":"fi","@id":"https:\/\/suomenkuvalehti.fi\/kirjailijanpaivakirja\/#\/schema\/person\/image\/","url":"https:\/\/suomenkuvalehti.fi\/kirjailijanpaivakirja\/wp-content\/uploads\/sites\/21\/2022\/04\/hamalainen_karo06-1-150x150.jpg","contentUrl":"https:\/\/suomenkuvalehti.fi\/kirjailijanpaivakirja\/wp-content\/uploads\/sites\/21\/2022\/04\/hamalainen_karo06-1-150x150.jpg","caption":"Karo H\u00e4m\u00e4l\u00e4inen"},"description":"Karo H\u00e4m\u00e4l\u00e4inen on kirjailija ja talouteen erikoistunut vapaa toimittaja."}]}},"_links":{"self":[{"href":"https:\/\/suomenkuvalehti.fi\/kirjailijanpaivakirja\/wp-json\/wp\/v2\/posts\/1557","targetHints":{"allow":["GET"]}}],"collection":[{"href":"https:\/\/suomenkuvalehti.fi\/kirjailijanpaivakirja\/wp-json\/wp\/v2\/posts"}],"about":[{"href":"https:\/\/suomenkuvalehti.fi\/kirjailijanpaivakirja\/wp-json\/wp\/v2\/types\/post"}],"author":[{"embeddable":true,"href":"https:\/\/suomenkuvalehti.fi\/kirjailijanpaivakirja\/wp-json\/wp\/v2\/users\/129"}],"replies":[{"embeddable":true,"href":"https:\/\/suomenkuvalehti.fi\/kirjailijanpaivakirja\/wp-json\/wp\/v2\/comments?post=1557"}],"version-history":[{"count":2,"href":"https:\/\/suomenkuvalehti.fi\/kirjailijanpaivakirja\/wp-json\/wp\/v2\/posts\/1557\/revisions"}],"predecessor-version":[{"id":1560,"href":"https:\/\/suomenkuvalehti.fi\/kirjailijanpaivakirja\/wp-json\/wp\/v2\/posts\/1557\/revisions\/1560"}],"wp:attachment":[{"href":"https:\/\/suomenkuvalehti.fi\/kirjailijanpaivakirja\/wp-json\/wp\/v2\/media?parent=1557"}],"wp:term":[{"taxonomy":"category","embeddable":true,"href":"https:\/\/suomenkuvalehti.fi\/kirjailijanpaivakirja\/wp-json\/wp\/v2\/categories?post=1557"},{"taxonomy":"post_tag","embeddable":true,"href":"https:\/\/suomenkuvalehti.fi\/kirjailijanpaivakirja\/wp-json\/wp\/v2\/tags?post=1557"}],"curies":[{"name":"wp","href":"https:\/\/api.w.org\/{rel}","templated":true}]}}