{"id":1502,"date":"2019-05-21T10:15:16","date_gmt":"2019-05-21T07:15:16","guid":{"rendered":"https:\/\/suomenkuvalehti.fi\/kirjailijanpaivakirja\/?p=1502"},"modified":"2019-05-21T10:22:08","modified_gmt":"2019-05-21T07:22:08","slug":"kirjailijat-kertovat-mitka-kirjat-he-haluaisivat-ylioppilaslahjaksi","status":"publish","type":"post","link":"https:\/\/suomenkuvalehti.fi\/kirjailijanpaivakirja\/kirjailijat-kertovat-mitka-kirjat-he-haluaisivat-ylioppilaslahjaksi\/","title":{"rendered":"Kirjailijat kertovat, mitk\u00e4 kirjat he haluaisivat ylioppilaslahjaksi"},"content":{"rendered":"<figure class=\"alignleft size-medium is-resized wp-block-image\">\n  <div class=\"wp-block-image__inner-container\">\n    <a href='https:\/\/suomenkuvalehti.fi\/kirjailijanpaivakirja\/wp-content\/uploads\/sites\/21\/2019\/05\/laura-lindstedt.jpg'><img loading=\"lazy\" decoding=\"async\" src=\"https:\/\/suomenkuvalehti.fi\/kirjailijanpaivakirja\/wp-content\/uploads\/sites\/21\/2019\/05\/laura-lindstedt-215x300.jpg\" alt=\"\" class=\"wp-image-1503\" width=\"215\" height=\"300\" style=\"--aspect-ratio: 0.72\" srcset=\"https:\/\/suomenkuvalehti.fi\/kirjailijanpaivakirja\/wp-content\/uploads\/sites\/21\/2019\/05\/laura-lindstedt-215x300.jpg 215w, https:\/\/suomenkuvalehti.fi\/kirjailijanpaivakirja\/wp-content\/uploads\/sites\/21\/2019\/05\/laura-lindstedt-768x1071.jpg 768w, https:\/\/suomenkuvalehti.fi\/kirjailijanpaivakirja\/wp-content\/uploads\/sites\/21\/2019\/05\/laura-lindstedt-734x1024.jpg 734w, https:\/\/suomenkuvalehti.fi\/kirjailijanpaivakirja\/wp-content\/uploads\/sites\/21\/2019\/05\/laura-lindstedt-300x418.jpg 300w, https:\/\/suomenkuvalehti.fi\/kirjailijanpaivakirja\/wp-content\/uploads\/sites\/21\/2019\/05\/laura-lindstedt-630x878.jpg 630w\" sizes=\"auto, (max-width: 215px) 100vw, 215px\" \/><\/a>    <figcaption class=\"wp-block-image__figcaption\">\n      Laura Lindstedt.      <span class='wp-block-image__copyright'>&copy; Teos \/ Jarkko Mikkonen<\/span>    <\/figcaption>\n      <\/div>\n<\/figure>\n\n\n<p><span class=\"capitalized\">\u201dJos valmistuisin<\/span> nyt ylioppilaaksi, t\u00e4m\u00e4nhetkinen min\u00e4ni antaisi nuorelle min\u00e4lle lahjaksi kolmen kirjan paketin: <strong>Primo Levin<\/strong> j\u00e4lleen ajankohtaisen muistelmateoksen <em>T\u00e4llainenko on ihminen<\/em> (1947\/1962), <strong>Antti Nyl\u00e9nin<\/strong> pamfletin <em>H\u00e4vi\u00f6<\/em> (2018), jonka lukeminen kenties karsisi turhaa taiteilijaromantiikkaa wanna-be-kirjailijan mielest\u00e4, sek\u00e4 <strong>Maria Matinmikon<\/strong> runoromaanin <em>Kolkka<\/em> (2019), joka on kiistaton todiste siit\u00e4, ett\u00e4 kaunokirjallisuuden kirjoittamiselle on t\u00e4ss\u00e4kin ajassa vahvat perusteet\u201d, listaa kirjailija Laura Lindstedt (s. 1976).<\/p>\n\n\n\n<p>Pyysin Lindstedti\u00e4 ja kolme muuta kirjailijaa miettim\u00e4\u00e4n, mink\u00e4 kirjan he olisivat halunneet ylioppilaslahjaksi. Annoin vapauden l\u00e4hesty\u00e4 kysymyst\u00e4 luovasti: voisi ajatella omaa valmistujaiskev\u00e4tt\u00e4 (tai -syksy\u00e4), voisi ajatella, mink\u00e4 kirjan haluaisi, jos valmistuisi nyt, ja hyvin voisi hyvin mainita my\u00f6s teoksen, joka on ilmestynyt omien lakkiaisten j\u00e4lkeen.<\/p>\n\n\n\n<p>Kirjailijat selv\u00e4sti innostuivat pohtimaan asiaa. Punnitut vastaukset heijastelevat my\u00f6s heid\u00e4n tulkintaansa itsest\u00e4\u00e4n, ovat ik\u00e4\u00e4n kuin miniesseit\u00e4 nuoruudesta, haaveista ja kirjallisuudesta.<\/p>\n\n\n\n<p>&nbsp;<\/p>\n\n\n\n<p>&nbsp;<\/p>\n\n\n<figure class=\"alignleft size-medium wp-block-image\">\n  <div class=\"wp-block-image__inner-container\">\n    <a href='https:\/\/suomenkuvalehti.fi\/kirjailijanpaivakirja\/wp-content\/uploads\/sites\/21\/2019\/05\/envall_markku01.jpg'><img loading=\"lazy\" decoding=\"async\" src=\"https:\/\/suomenkuvalehti.fi\/kirjailijanpaivakirja\/wp-content\/uploads\/sites\/21\/2019\/05\/envall_markku01-200x300.jpg\" alt=\"\" class=\"wp-image-1504\" width=\"3744\" height=\"5616\" style=\"--aspect-ratio: 0.67\" srcset=\"https:\/\/suomenkuvalehti.fi\/kirjailijanpaivakirja\/wp-content\/uploads\/sites\/21\/2019\/05\/envall_markku01-200x300.jpg 200w, https:\/\/suomenkuvalehti.fi\/kirjailijanpaivakirja\/wp-content\/uploads\/sites\/21\/2019\/05\/envall_markku01-768x1152.jpg 768w, https:\/\/suomenkuvalehti.fi\/kirjailijanpaivakirja\/wp-content\/uploads\/sites\/21\/2019\/05\/envall_markku01-683x1024.jpg 683w, https:\/\/suomenkuvalehti.fi\/kirjailijanpaivakirja\/wp-content\/uploads\/sites\/21\/2019\/05\/envall_markku01-300x450.jpg 300w, https:\/\/suomenkuvalehti.fi\/kirjailijanpaivakirja\/wp-content\/uploads\/sites\/21\/2019\/05\/envall_markku01-630x945.jpg 630w\" sizes=\"auto, (max-width: 3744px) 100vw, 3744px\" \/><\/a>    <figcaption class=\"wp-block-image__figcaption\">\n      Markku Envall.      <span class='wp-block-image__copyright'>&copy; WSOY \/ Pertti Nisonen<\/span>    <\/figcaption>\n      <\/div>\n<\/figure>\n\n\n<p><span class=\"capitalized\">\u201dArvokkain<\/span> kev\u00e4\u00e4ll\u00e4 1964 ylioppilaslahjaksi saamani kirja oli <strong>Eino Leinon<\/strong> <em>Helkavirsi\u00e4<\/em> <strong>Kalle Carlstedtin<\/strong> puupiirroksin kuvitettuna. Runot on painettu fraktuuralla. Kirja vieh\u00e4tt\u00e4\u00e4 minua harvinaisena kirjapainotaidon n\u00e4ytteen\u00e4, Carlstedtin puupiirrokset ovat ilmeikk\u00e4it\u00e4 ja runojen sis\u00e4lt\u00f6\u00e4 oivaltavia\u201d, <strong>Markku Envall<\/strong> (s. 1944) muistelee.<\/p>\n\n\n\n<p>\u201dJos aikamatka sallitaan, olisin saattanut haluta my\u00f6s <strong>Wolfgang Hildesheimerin<\/strong> kirjan<em> Mozart<\/em>. Saksankielinen alkuteos ilmestyi vuonna 1977, <strong>Seppo <\/strong>ja <strong>P\u00e4ivi Heikinheimon<\/strong> suomennos 1984. Sain ja luin kirjan kymmenkunta vuotta sitten. Tavalla, jota j\u00e4rkeni ei t\u00e4ysin k\u00e4sitt\u00e4nyt, se syvensi ja rikasti <strong>Mozartin<\/strong> musiikin kuunteluel\u00e4myksi\u00e4.\u201d<\/p>\n\n\n\n<p>\u201dJos tulisin ylioppilaaksi t\u00e4n\u00e4 kev\u00e4\u00e4n\u00e4, toivoisin lahjaksi <strong>Marke Ahosen<\/strong> suomentamaa <strong>Diogenes Laertioksen <\/strong>teosta <em>Merkitt\u00e4vien filosofien el\u00e4m\u00e4t ja opit<\/em>. Niin hieno ja t\u00e4rke\u00e4 kirja, ett\u00e4 on suru olla omistamatta.\u201d<\/p>\n\n\n\n<p>&nbsp;<\/p>\n\n\n\n<p>&nbsp;<\/p>\n\n\n\n<p>&nbsp;<\/p>\n\n\n\n<p>&nbsp;<\/p>\n\n\n<figure class=\"alignleft size-medium wp-block-image\">\n  <div class=\"wp-block-image__inner-container\">\n    <a href='https:\/\/suomenkuvalehti.fi\/kirjailijanpaivakirja\/wp-content\/uploads\/sites\/21\/2019\/05\/anita-konkka.jpeg'><img loading=\"lazy\" decoding=\"async\" src=\"https:\/\/suomenkuvalehti.fi\/kirjailijanpaivakirja\/wp-content\/uploads\/sites\/21\/2019\/05\/anita-konkka-300x200.jpeg\" alt=\"\" class=\"wp-image-1505\" width=\"1500\" height=\"1000\" style=\"--aspect-ratio: 1.5\" srcset=\"https:\/\/suomenkuvalehti.fi\/kirjailijanpaivakirja\/wp-content\/uploads\/sites\/21\/2019\/05\/anita-konkka-300x200.jpeg 300w, https:\/\/suomenkuvalehti.fi\/kirjailijanpaivakirja\/wp-content\/uploads\/sites\/21\/2019\/05\/anita-konkka-768x512.jpeg 768w, https:\/\/suomenkuvalehti.fi\/kirjailijanpaivakirja\/wp-content\/uploads\/sites\/21\/2019\/05\/anita-konkka-1024x683.jpeg 1024w, https:\/\/suomenkuvalehti.fi\/kirjailijanpaivakirja\/wp-content\/uploads\/sites\/21\/2019\/05\/anita-konkka-630x420.jpeg 630w, https:\/\/suomenkuvalehti.fi\/kirjailijanpaivakirja\/wp-content\/uploads\/sites\/21\/2019\/05\/anita-konkka.jpeg 1500w\" sizes=\"auto, (max-width: 1500px) 100vw, 1500px\" \/><\/a>    <figcaption class=\"wp-block-image__figcaption\">\n      Anita Konkka.      <span class='wp-block-image__copyright'>&copy; Teos \/ Heini Lehv\u00e4slaiho<\/span>    <\/figcaption>\n      <\/div>\n<\/figure>\n\n\n<p><span class=\"capitalized\">Jos <strong>Anita Konkka<\/strong><\/span> (s. 1941) olisi t\u00e4m\u00e4n kev\u00e4\u00e4n ylioppilas, h\u00e4n toivoisi lahjaksi <strong>Mia Kankim\u00e4en<\/strong> teosta <em>Naiset joita ajattelen \u00f6isin<\/em>.<\/p>\n\n\n\n<p>\u201dKuuntelin sen viime vuoden puolella \u00e4\u00e4nikirjana ja ihastuin korviani my\u00f6ten kirjoittajan kieleen ja tapaan kertoa matkoista ja kommentoida esikuviaan: naiskirjailijoita ja -taiteilijoita, jotka ovat tehneet mahdottomasta mahdollisen.\u201d<\/p>\n\n\n\n<p>Konkka aprikoi, ett\u00e4 painettuna kirjana Kankim\u00e4en esseist\u00e4 olisi viel\u00e4 enemm\u00e4n iloa.<\/p>\n\n\n\n<p>\u201dTeoksen voisi ottaa hyllyst\u00e4 ja lukea y\u00f6naisten neuvoja aina, kun alkaa tuntua silt\u00e4, ettei minusta ole mihink\u00e4\u00e4n eik\u00e4 minusta ikin\u00e4 tule mit\u00e4\u00e4n.\u201d<\/p>\n\n\n\n<p>\u201dYksi neuvoista miellytt\u00e4\u00e4 minua t\u00e4ll\u00e4 hetkell\u00e4 suuresti: Kirjoita kirjoja, ker\u00e4\u00e4 kivi\u00e4, nuku vaikka p\u00f6yd\u00e4n alla, jos tarpeen \u2013 tee mit\u00e4 tahansa, jotta voit tehd\u00e4 sit\u00e4 mit\u00e4 haluat.\u201d<\/p>\n\n\n\n<p>&nbsp;<\/p>\n\n\n\n<p>&nbsp;<\/p>\n\n\n<figure class=\"alignleft size-medium wp-block-image\">\n  <div class=\"wp-block-image__inner-container\">\n    <a href='https:\/\/suomenkuvalehti.fi\/kirjailijanpaivakirja\/wp-content\/uploads\/sites\/21\/2019\/05\/valtonen_jussi_2.jpg'><img loading=\"lazy\" decoding=\"async\" src=\"https:\/\/suomenkuvalehti.fi\/kirjailijanpaivakirja\/wp-content\/uploads\/sites\/21\/2019\/05\/valtonen_jussi_2-300x200.jpg\" alt=\"\" class=\"wp-image-1506\" width=\"3543\" height=\"2362\" style=\"--aspect-ratio: 1.5\" srcset=\"https:\/\/suomenkuvalehti.fi\/kirjailijanpaivakirja\/wp-content\/uploads\/sites\/21\/2019\/05\/valtonen_jussi_2-300x200.jpg 300w, https:\/\/suomenkuvalehti.fi\/kirjailijanpaivakirja\/wp-content\/uploads\/sites\/21\/2019\/05\/valtonen_jussi_2-768x512.jpg 768w, https:\/\/suomenkuvalehti.fi\/kirjailijanpaivakirja\/wp-content\/uploads\/sites\/21\/2019\/05\/valtonen_jussi_2-1024x683.jpg 1024w, https:\/\/suomenkuvalehti.fi\/kirjailijanpaivakirja\/wp-content\/uploads\/sites\/21\/2019\/05\/valtonen_jussi_2-630x420.jpg 630w\" sizes=\"auto, (max-width: 3543px) 100vw, 3543px\" \/><\/a>    <figcaption class=\"wp-block-image__figcaption\">\n      Jussi Valtonen.      <span class='wp-block-image__copyright'>&copy; Tammi \/ Markko Taina<\/span>    <\/figcaption>\n      <\/div>\n<\/figure>\n\n\n<p><span class=\"capitalized\"><strong>Jussi Valtonen<\/strong><\/span> (s. 1974) toivoisi valmistujaislahjaksi <strong>Margaret Atwoodin<\/strong> kirjoittamista k\u00e4sittelev\u00e4n kirjan <em>Negotiating with the Dead<\/em>.<\/p>\n\n\n\n<p>\u201dAtwoodin huumori, viisaus ja tervej\u00e4rkinen idealismi riemastuttavat joka lukukerralla. Atwood kuorii mielemme kerrostumia myytti kerrallaan ja n\u00e4ytt\u00e4\u00e4, miksi emme ilman kirjallisuuden ja kulttuurihistorian tuntemusta ymm\u00e4rr\u00e4 oman mielemme liikkeit\u00e4 lainkaan.\u201d<\/p>\n\n\n\n<p>\u201dOlisipa edes puolet Atwoodin humanistisesta sivistyksest\u00e4.\u201d<\/p>\n\n\n","protected":false},"excerpt":{"rendered":"<p>\u201dJos valmistuisin nyt ylioppilaaksi, t\u00e4m\u00e4nhetkinen min\u00e4ni antaisi nuorelle min\u00e4lle lahjaksi kolmen kirjan paketin: Primo Levin j\u00e4lleen ajankohtaisen muistelmateoksen T\u00e4llainenko on ihminen (1947\/1962), Antti Nyl\u00e9nin pamfletin H\u00e4vi\u00f6 (2018), jonka<br \/>\nlukeminen &hellip;<\/p>\n","protected":false},"author":129,"featured_media":0,"comment_status":"open","ping_status":"open","sticky":false,"template":"","format":"standard","meta":{"_acf_changed":false,"asauth_required_access_level":3,"asauth_cansharepaid":"true","om_header_attributes":[],"footnotes":"","om_featured_image_focal_point":[],"om_primary_tag":0,"om_contributors":[],"om_co_authors":[],"beyondwords_generate_audio":"","beyondwords_project_id":"","beyondwords_content_id":"","beyondwords_preview_token":"","beyondwords_player_content":"","beyondwords_player_style":"","beyondwords_language_code":"","beyondwords_language_id":"","beyondwords_title_voice_id":"","beyondwords_body_voice_id":"","beyondwords_summary_voice_id":"","beyondwords_error_message":"","beyondwords_disabled":"","beyondwords_delete_content":"","beyondwords_podcast_id":"","beyondwords_hash":"","publish_post_to_speechkit":"","speechkit_hash":"","speechkit_generate_audio":"","speechkit_project_id":"","speechkit_podcast_id":"","speechkit_error_message":"","speechkit_disabled":"","speechkit_access_key":"","speechkit_error":"","speechkit_info":"","speechkit_response":"","speechkit_retries":"","speechkit_status":"","speechkit_updated_at":"","_speechkit_link":"","_speechkit_text":""},"categories":[1],"tags":[367,314,525,1282,1280,1281],"class_list":["post-1502","post","type-post","status-publish","format-standard","hentry","category-kirjailijan-paivakirja","tag-anita-konkka","tag-jussi-valtonen","tag-laura-lindstedt","tag-markku-envall","tag-valmistujaislahja","tag-ylioppilaslahja"],"om_views":null,"acf":{"tuuma_off":false,"tuuma_kysymys":"","tuuma_vastaus":""},"asauth":{"required_access_level":1,"share_token":"","is_paid":false},"yoast_head":"<!-- This site is optimized with the Yoast SEO plugin v26.4 - https:\/\/yoast.com\/wordpress\/plugins\/seo\/ -->\n<title>Kirjailijat kertovat, mitk\u00e4 kirjat he haluaisivat ylioppilaslahjaksi - Kirjailijan p\u00e4iv\u00e4kirja<\/title>\n<meta name=\"robots\" content=\"index, follow, max-snippet:-1, max-image-preview:large, max-video-preview:-1\" \/>\n<link rel=\"canonical\" href=\"https:\/\/suomenkuvalehti.fi\/kirjailijanpaivakirja\/kirjailijat-kertovat-mitka-kirjat-he-haluaisivat-ylioppilaslahjaksi\/\" \/>\n<meta property=\"og:locale\" content=\"fi_FI\" \/>\n<meta property=\"og:type\" content=\"article\" \/>\n<meta property=\"og:title\" content=\"Kirjailijat kertovat, mitk\u00e4 kirjat he haluaisivat ylioppilaslahjaksi - Kirjailijan p\u00e4iv\u00e4kirja\" \/>\n<meta property=\"og:description\" content=\"\u201dJos valmistuisin nyt ylioppilaaksi, t\u00e4m\u00e4nhetkinen min\u00e4ni antaisi nuorelle min\u00e4lle lahjaksi kolmen kirjan paketin: Primo Levin j\u00e4lleen ajankohtaisen muistelmateoksen T\u00e4llainenko on ihminen (1947\/1962), Antti Nyl\u00e9nin pamfletin H\u00e4vi\u00f6 (2018), jonka lukeminen &hellip;\" \/>\n<meta property=\"og:url\" content=\"https:\/\/suomenkuvalehti.fi\/kirjailijanpaivakirja\/kirjailijat-kertovat-mitka-kirjat-he-haluaisivat-ylioppilaslahjaksi\/\" \/>\n<meta property=\"og:site_name\" content=\"Kirjailijan p\u00e4iv\u00e4kirja\" \/>\n<meta property=\"article:published_time\" content=\"2019-05-21T07:15:16+00:00\" \/>\n<meta property=\"article:modified_time\" content=\"2019-05-21T07:22:08+00:00\" \/>\n<meta property=\"og:image\" content=\"https:\/\/suomenkuvalehti.fi\/kirjailijanpaivakirja\/wp-content\/uploads\/sites\/21\/2019\/05\/laura-lindstedt-215x300.jpg\" \/>\n<meta name=\"author\" content=\"Karo H\u00e4m\u00e4l\u00e4inen\" \/>\n<meta name=\"twitter:card\" content=\"summary_large_image\" \/>\n<meta name=\"twitter:label1\" content=\"Written by\" \/>\n\t<meta name=\"twitter:data1\" content=\"Karo H\u00e4m\u00e4l\u00e4inen\" \/>\n\t<meta name=\"twitter:label2\" content=\"Est. reading time\" \/>\n\t<meta name=\"twitter:data2\" content=\"2 minuuttia\" \/>\n<script type=\"application\/ld+json\" class=\"yoast-schema-graph\">{\"@context\":\"https:\/\/schema.org\",\"@graph\":[{\"@type\":\"WebPage\",\"@id\":\"https:\/\/suomenkuvalehti.fi\/kirjailijanpaivakirja\/kirjailijat-kertovat-mitka-kirjat-he-haluaisivat-ylioppilaslahjaksi\/\",\"url\":\"https:\/\/suomenkuvalehti.fi\/kirjailijanpaivakirja\/kirjailijat-kertovat-mitka-kirjat-he-haluaisivat-ylioppilaslahjaksi\/\",\"name\":\"Kirjailijat kertovat, mitk\u00e4 kirjat he haluaisivat ylioppilaslahjaksi - Kirjailijan p\u00e4iv\u00e4kirja\",\"isPartOf\":{\"@id\":\"https:\/\/suomenkuvalehti.fi\/kirjailijanpaivakirja\/#website\"},\"primaryImageOfPage\":{\"@id\":\"https:\/\/suomenkuvalehti.fi\/kirjailijanpaivakirja\/kirjailijat-kertovat-mitka-kirjat-he-haluaisivat-ylioppilaslahjaksi\/#primaryimage\"},\"image\":{\"@id\":\"https:\/\/suomenkuvalehti.fi\/kirjailijanpaivakirja\/kirjailijat-kertovat-mitka-kirjat-he-haluaisivat-ylioppilaslahjaksi\/#primaryimage\"},\"thumbnailUrl\":\"https:\/\/suomenkuvalehti.fi\/kirjailijanpaivakirja\/wp-content\/uploads\/sites\/21\/2019\/05\/laura-lindstedt-215x300.jpg\",\"datePublished\":\"2019-05-21T07:15:16+00:00\",\"dateModified\":\"2019-05-21T07:22:08+00:00\",\"author\":{\"@id\":\"https:\/\/suomenkuvalehti.fi\/kirjailijanpaivakirja\/#\/schema\/person\/ca2dfd9d508d8c675e07b3c099fc789b\"},\"breadcrumb\":{\"@id\":\"https:\/\/suomenkuvalehti.fi\/kirjailijanpaivakirja\/kirjailijat-kertovat-mitka-kirjat-he-haluaisivat-ylioppilaslahjaksi\/#breadcrumb\"},\"inLanguage\":\"fi\",\"potentialAction\":[{\"@type\":\"ReadAction\",\"target\":[\"https:\/\/suomenkuvalehti.fi\/kirjailijanpaivakirja\/kirjailijat-kertovat-mitka-kirjat-he-haluaisivat-ylioppilaslahjaksi\/\"]}]},{\"@type\":\"ImageObject\",\"inLanguage\":\"fi\",\"@id\":\"https:\/\/suomenkuvalehti.fi\/kirjailijanpaivakirja\/kirjailijat-kertovat-mitka-kirjat-he-haluaisivat-ylioppilaslahjaksi\/#primaryimage\",\"url\":\"https:\/\/suomenkuvalehti.fi\/kirjailijanpaivakirja\/wp-content\/uploads\/sites\/21\/2019\/05\/laura-lindstedt.jpg\",\"contentUrl\":\"https:\/\/suomenkuvalehti.fi\/kirjailijanpaivakirja\/wp-content\/uploads\/sites\/21\/2019\/05\/laura-lindstedt.jpg\",\"width\":4589,\"height\":6399,\"caption\":\"Laura Lindstedt.\"},{\"@type\":\"BreadcrumbList\",\"@id\":\"https:\/\/suomenkuvalehti.fi\/kirjailijanpaivakirja\/kirjailijat-kertovat-mitka-kirjat-he-haluaisivat-ylioppilaslahjaksi\/#breadcrumb\",\"itemListElement\":[{\"@type\":\"ListItem\",\"position\":1,\"name\":\"Home\",\"item\":\"https:\/\/suomenkuvalehti.fi\/kirjailijanpaivakirja\/\"},{\"@type\":\"ListItem\",\"position\":2,\"name\":\"Kirjailijat kertovat, mitk\u00e4 kirjat he haluaisivat ylioppilaslahjaksi\"}]},{\"@type\":\"WebSite\",\"@id\":\"https:\/\/suomenkuvalehti.fi\/kirjailijanpaivakirja\/#website\",\"url\":\"https:\/\/suomenkuvalehti.fi\/kirjailijanpaivakirja\/\",\"name\":\"Kirjailijan p\u00e4iv\u00e4kirja\",\"description\":\"Proosakirjailijan arkea ja kirjallisuuden ajankohtaisia aiheita.\",\"potentialAction\":[{\"@type\":\"SearchAction\",\"target\":{\"@type\":\"EntryPoint\",\"urlTemplate\":\"https:\/\/suomenkuvalehti.fi\/haku\/?q={search_term_string}\"},\"query-input\":{\"@type\":\"PropertyValueSpecification\",\"valueRequired\":true,\"valueName\":\"search_term_string\"}}],\"inLanguage\":\"fi\"},{\"@type\":\"Person\",\"@id\":\"https:\/\/suomenkuvalehti.fi\/kirjailijanpaivakirja\/#\/schema\/person\/ca2dfd9d508d8c675e07b3c099fc789b\",\"name\":\"Karo H\u00e4m\u00e4l\u00e4inen\",\"image\":{\"@type\":\"ImageObject\",\"inLanguage\":\"fi\",\"@id\":\"https:\/\/suomenkuvalehti.fi\/kirjailijanpaivakirja\/#\/schema\/person\/image\/\",\"url\":\"https:\/\/suomenkuvalehti.fi\/kirjailijanpaivakirja\/wp-content\/uploads\/sites\/21\/2022\/04\/hamalainen_karo06-1-150x150.jpg\",\"contentUrl\":\"https:\/\/suomenkuvalehti.fi\/kirjailijanpaivakirja\/wp-content\/uploads\/sites\/21\/2022\/04\/hamalainen_karo06-1-150x150.jpg\",\"caption\":\"Karo H\u00e4m\u00e4l\u00e4inen\"},\"description\":\"Karo H\u00e4m\u00e4l\u00e4inen on kirjailija ja talouteen erikoistunut vapaa toimittaja.\"}]}<\/script>\n<!-- \/ Yoast SEO plugin. -->","yoast_head_json":{"title":"Kirjailijat kertovat, mitk\u00e4 kirjat he haluaisivat ylioppilaslahjaksi - Kirjailijan p\u00e4iv\u00e4kirja","robots":{"index":"index","follow":"follow","max-snippet":"max-snippet:-1","max-image-preview":"max-image-preview:large","max-video-preview":"max-video-preview:-1"},"canonical":"https:\/\/suomenkuvalehti.fi\/kirjailijanpaivakirja\/kirjailijat-kertovat-mitka-kirjat-he-haluaisivat-ylioppilaslahjaksi\/","og_locale":"fi_FI","og_type":"article","og_title":"Kirjailijat kertovat, mitk\u00e4 kirjat he haluaisivat ylioppilaslahjaksi - Kirjailijan p\u00e4iv\u00e4kirja","og_description":"\u201dJos valmistuisin nyt ylioppilaaksi, t\u00e4m\u00e4nhetkinen min\u00e4ni antaisi nuorelle min\u00e4lle lahjaksi kolmen kirjan paketin: Primo Levin j\u00e4lleen ajankohtaisen muistelmateoksen T\u00e4llainenko on ihminen (1947\/1962), Antti Nyl\u00e9nin pamfletin H\u00e4vi\u00f6 (2018), jonka lukeminen &hellip;","og_url":"https:\/\/suomenkuvalehti.fi\/kirjailijanpaivakirja\/kirjailijat-kertovat-mitka-kirjat-he-haluaisivat-ylioppilaslahjaksi\/","og_site_name":"Kirjailijan p\u00e4iv\u00e4kirja","article_published_time":"2019-05-21T07:15:16+00:00","article_modified_time":"2019-05-21T07:22:08+00:00","og_image":[{"url":"https:\/\/suomenkuvalehti.fi\/kirjailijanpaivakirja\/wp-content\/uploads\/sites\/21\/2019\/05\/laura-lindstedt-215x300.jpg","type":"","width":"","height":""}],"author":"Karo H\u00e4m\u00e4l\u00e4inen","twitter_card":"summary_large_image","twitter_misc":{"Written by":"Karo H\u00e4m\u00e4l\u00e4inen","Est. reading time":"2 minuuttia"},"schema":{"@context":"https:\/\/schema.org","@graph":[{"@type":"WebPage","@id":"https:\/\/suomenkuvalehti.fi\/kirjailijanpaivakirja\/kirjailijat-kertovat-mitka-kirjat-he-haluaisivat-ylioppilaslahjaksi\/","url":"https:\/\/suomenkuvalehti.fi\/kirjailijanpaivakirja\/kirjailijat-kertovat-mitka-kirjat-he-haluaisivat-ylioppilaslahjaksi\/","name":"Kirjailijat kertovat, mitk\u00e4 kirjat he haluaisivat ylioppilaslahjaksi - Kirjailijan p\u00e4iv\u00e4kirja","isPartOf":{"@id":"https:\/\/suomenkuvalehti.fi\/kirjailijanpaivakirja\/#website"},"primaryImageOfPage":{"@id":"https:\/\/suomenkuvalehti.fi\/kirjailijanpaivakirja\/kirjailijat-kertovat-mitka-kirjat-he-haluaisivat-ylioppilaslahjaksi\/#primaryimage"},"image":{"@id":"https:\/\/suomenkuvalehti.fi\/kirjailijanpaivakirja\/kirjailijat-kertovat-mitka-kirjat-he-haluaisivat-ylioppilaslahjaksi\/#primaryimage"},"thumbnailUrl":"https:\/\/suomenkuvalehti.fi\/kirjailijanpaivakirja\/wp-content\/uploads\/sites\/21\/2019\/05\/laura-lindstedt-215x300.jpg","datePublished":"2019-05-21T07:15:16+00:00","dateModified":"2019-05-21T07:22:08+00:00","author":{"@id":"https:\/\/suomenkuvalehti.fi\/kirjailijanpaivakirja\/#\/schema\/person\/ca2dfd9d508d8c675e07b3c099fc789b"},"breadcrumb":{"@id":"https:\/\/suomenkuvalehti.fi\/kirjailijanpaivakirja\/kirjailijat-kertovat-mitka-kirjat-he-haluaisivat-ylioppilaslahjaksi\/#breadcrumb"},"inLanguage":"fi","potentialAction":[{"@type":"ReadAction","target":["https:\/\/suomenkuvalehti.fi\/kirjailijanpaivakirja\/kirjailijat-kertovat-mitka-kirjat-he-haluaisivat-ylioppilaslahjaksi\/"]}]},{"@type":"ImageObject","inLanguage":"fi","@id":"https:\/\/suomenkuvalehti.fi\/kirjailijanpaivakirja\/kirjailijat-kertovat-mitka-kirjat-he-haluaisivat-ylioppilaslahjaksi\/#primaryimage","url":"https:\/\/suomenkuvalehti.fi\/kirjailijanpaivakirja\/wp-content\/uploads\/sites\/21\/2019\/05\/laura-lindstedt.jpg","contentUrl":"https:\/\/suomenkuvalehti.fi\/kirjailijanpaivakirja\/wp-content\/uploads\/sites\/21\/2019\/05\/laura-lindstedt.jpg","width":4589,"height":6399,"caption":"Laura Lindstedt."},{"@type":"BreadcrumbList","@id":"https:\/\/suomenkuvalehti.fi\/kirjailijanpaivakirja\/kirjailijat-kertovat-mitka-kirjat-he-haluaisivat-ylioppilaslahjaksi\/#breadcrumb","itemListElement":[{"@type":"ListItem","position":1,"name":"Home","item":"https:\/\/suomenkuvalehti.fi\/kirjailijanpaivakirja\/"},{"@type":"ListItem","position":2,"name":"Kirjailijat kertovat, mitk\u00e4 kirjat he haluaisivat ylioppilaslahjaksi"}]},{"@type":"WebSite","@id":"https:\/\/suomenkuvalehti.fi\/kirjailijanpaivakirja\/#website","url":"https:\/\/suomenkuvalehti.fi\/kirjailijanpaivakirja\/","name":"Kirjailijan p\u00e4iv\u00e4kirja","description":"Proosakirjailijan arkea ja kirjallisuuden ajankohtaisia aiheita.","potentialAction":[{"@type":"SearchAction","target":{"@type":"EntryPoint","urlTemplate":"https:\/\/suomenkuvalehti.fi\/haku\/?q={search_term_string}"},"query-input":{"@type":"PropertyValueSpecification","valueRequired":true,"valueName":"search_term_string"}}],"inLanguage":"fi"},{"@type":"Person","@id":"https:\/\/suomenkuvalehti.fi\/kirjailijanpaivakirja\/#\/schema\/person\/ca2dfd9d508d8c675e07b3c099fc789b","name":"Karo H\u00e4m\u00e4l\u00e4inen","image":{"@type":"ImageObject","inLanguage":"fi","@id":"https:\/\/suomenkuvalehti.fi\/kirjailijanpaivakirja\/#\/schema\/person\/image\/","url":"https:\/\/suomenkuvalehti.fi\/kirjailijanpaivakirja\/wp-content\/uploads\/sites\/21\/2022\/04\/hamalainen_karo06-1-150x150.jpg","contentUrl":"https:\/\/suomenkuvalehti.fi\/kirjailijanpaivakirja\/wp-content\/uploads\/sites\/21\/2022\/04\/hamalainen_karo06-1-150x150.jpg","caption":"Karo H\u00e4m\u00e4l\u00e4inen"},"description":"Karo H\u00e4m\u00e4l\u00e4inen on kirjailija ja talouteen erikoistunut vapaa toimittaja."}]}},"_links":{"self":[{"href":"https:\/\/suomenkuvalehti.fi\/kirjailijanpaivakirja\/wp-json\/wp\/v2\/posts\/1502","targetHints":{"allow":["GET"]}}],"collection":[{"href":"https:\/\/suomenkuvalehti.fi\/kirjailijanpaivakirja\/wp-json\/wp\/v2\/posts"}],"about":[{"href":"https:\/\/suomenkuvalehti.fi\/kirjailijanpaivakirja\/wp-json\/wp\/v2\/types\/post"}],"author":[{"embeddable":true,"href":"https:\/\/suomenkuvalehti.fi\/kirjailijanpaivakirja\/wp-json\/wp\/v2\/users\/129"}],"replies":[{"embeddable":true,"href":"https:\/\/suomenkuvalehti.fi\/kirjailijanpaivakirja\/wp-json\/wp\/v2\/comments?post=1502"}],"version-history":[{"count":4,"href":"https:\/\/suomenkuvalehti.fi\/kirjailijanpaivakirja\/wp-json\/wp\/v2\/posts\/1502\/revisions"}],"predecessor-version":[{"id":1510,"href":"https:\/\/suomenkuvalehti.fi\/kirjailijanpaivakirja\/wp-json\/wp\/v2\/posts\/1502\/revisions\/1510"}],"wp:attachment":[{"href":"https:\/\/suomenkuvalehti.fi\/kirjailijanpaivakirja\/wp-json\/wp\/v2\/media?parent=1502"}],"wp:term":[{"taxonomy":"category","embeddable":true,"href":"https:\/\/suomenkuvalehti.fi\/kirjailijanpaivakirja\/wp-json\/wp\/v2\/categories?post=1502"},{"taxonomy":"post_tag","embeddable":true,"href":"https:\/\/suomenkuvalehti.fi\/kirjailijanpaivakirja\/wp-json\/wp\/v2\/tags?post=1502"}],"curies":[{"name":"wp","href":"https:\/\/api.w.org\/{rel}","templated":true}]}}