{"id":1456,"date":"2019-04-03T15:45:33","date_gmt":"2019-04-03T12:45:33","guid":{"rendered":"https:\/\/suomenkuvalehti.fi\/kirjailijanpaivakirja\/?p=1456"},"modified":"2019-04-03T15:46:44","modified_gmt":"2019-04-03T12:46:44","slug":"yli-kahdenkymmenen-vuoden-suhteen-jalkeen-kirjailija-maarit-verronen-vaihtoi-kustantamoa-koin-etta-luottamukseni-oli-petetty","status":"publish","type":"post","link":"https:\/\/suomenkuvalehti.fi\/kirjailijanpaivakirja\/yli-kahdenkymmenen-vuoden-suhteen-jalkeen-kirjailija-maarit-verronen-vaihtoi-kustantamoa-koin-etta-luottamukseni-oli-petetty\/","title":{"rendered":"Yli kahdenkymmenen vuoden suhteen j\u00e4lkeen kirjailija Maarit Verronen vaihtoi kustantamoa \u2013 \u201dKoin, ett\u00e4 luottamukseni oli petetty\u201d"},"content":{"rendered":"<figure class=\"alignleft size-medium wp-block-image\">\n  <div class=\"wp-block-image__inner-container\">\n    <a href='https:\/\/suomenkuvalehti.fi\/kirjailijanpaivakirja\/wp-content\/uploads\/sites\/21\/2019\/04\/verronen_maarit_2012_2.jpg'><img loading=\"lazy\" decoding=\"async\" src=\"https:\/\/suomenkuvalehti.fi\/kirjailijanpaivakirja\/wp-content\/uploads\/sites\/21\/2019\/04\/verronen_maarit_2012_2-200x300.jpg\" alt=\"\" class=\"wp-image-1457\" width=\"2048\" height=\"3072\" style=\"--aspect-ratio: 0.67\" srcset=\"https:\/\/suomenkuvalehti.fi\/kirjailijanpaivakirja\/wp-content\/uploads\/sites\/21\/2019\/04\/verronen_maarit_2012_2-200x300.jpg 200w, https:\/\/suomenkuvalehti.fi\/kirjailijanpaivakirja\/wp-content\/uploads\/sites\/21\/2019\/04\/verronen_maarit_2012_2-768x1152.jpg 768w, https:\/\/suomenkuvalehti.fi\/kirjailijanpaivakirja\/wp-content\/uploads\/sites\/21\/2019\/04\/verronen_maarit_2012_2-683x1024.jpg 683w, https:\/\/suomenkuvalehti.fi\/kirjailijanpaivakirja\/wp-content\/uploads\/sites\/21\/2019\/04\/verronen_maarit_2012_2-300x450.jpg 300w, https:\/\/suomenkuvalehti.fi\/kirjailijanpaivakirja\/wp-content\/uploads\/sites\/21\/2019\/04\/verronen_maarit_2012_2-630x945.jpg 630w, https:\/\/suomenkuvalehti.fi\/kirjailijanpaivakirja\/wp-content\/uploads\/sites\/21\/2019\/04\/verronen_maarit_2012_2.jpg 2048w\" sizes=\"auto, (max-width: 2048px) 100vw, 2048px\" \/><\/a>    <figcaption class=\"wp-block-image__figcaption\">\n      Maarit Verronen vuonna 2011, jolloin h\u00e4n kirjoitti viel\u00e4 Tammelle.      <span class='wp-block-image__copyright'>&copy; Tammi \/ Karoliina Ek<\/span>    <\/figcaption>\n      <\/div>\n<\/figure>\n\n\n<p><span class=\"capitalized\"><strong>Maarit Verronen<\/strong><\/span> on menestynyt kirjailija. H\u00e4n on ollut kahdesti kaunokirjallisuuden Finlandia-ehdokkaana, ja viime vuonna h\u00e4n sai kirjallisuuden valtionpalkinnon.<\/p>\n\n\n\n<p>Kustannusosakeyhti\u00f6 Tammi julkaisi viime marraskuun lopulla jaetuista valtionpalkinnoista <a href=\"https:\/\/www.tammi.fi\/uutiset\/kirjallisuuden-valtionpalkinnot-vappu-orloville-ja-maarit-verroselle\" target=\"_blank\" rel=\"noopener\">tiedotteen<\/a>.<\/p>\n\n\n\n<p>\u201dTammi on julkaissut Verroselta 13 teosta, joista viimeisimp\u00e4n\u00e4 <em>Varjonainen<\/em>-romaanin vuonna 2013\u201d, Tammi tiedotti.<\/p>\n\n\n\n<p>Miksip\u00e4 ei olisi tiedottanut, onhan Verronen ollut Tammen vakiokalustoa 1990-luvulta asti. Verrosen vuonna 1992 julkaistun ja Kalevi J\u00e4ntin palkinnolla palkitun esikoisteoksen <em>\u00c4l\u00e4 maksa lautturille <\/em>julkaisi Kirjayhtym\u00e4. Tammi ja Kirjayhtym\u00e4 yhdistyiv\u00e4t Bonnierin omistuksessa, ja vuodesta 1999 Verrosen kirjojen sel\u00e4ss\u00e4 on ollut Tammen T-logo.<\/p>\n\n\n\n<p>Paitsi ettei ole ollut en\u00e4\u00e4 moneen vuoteen.<\/p>\n\n\n\n<p>&nbsp;<\/p>\n\n\n\n<p><span class=\"capitalized\">Verrosen<\/span> viimeisimm\u00e4t kaunokirjalliset teokset on julkaissut Aviador-kustantamo, ja kes\u00e4kuussa Aviador kustantaa <a href=\"https:\/\/www.aviador.fi\/kirjat\/muutama-lammin-paiva.htm\" target=\"_blank\" rel=\"noopener\">ennakkotietojen mukaan<\/a> Verrosen seuraavan kirjan, novellikokoelman <em>Muutama l\u00e4mmin p\u00e4iv\u00e4<\/em>.<\/p>\n\n\n\n<p>Verronen ei ole sill\u00e4 lailla mediassa n\u00e4kyv\u00e4 kirjailija, ett\u00e4 h\u00e4nen kustantamonvaihdoksestaan olisi kohistu, vaikka toki kirjallisuuspiireiss\u00e4 asia pantiin merkille. Kustantamonvaihdoksesta Verrosen kohdalla voi todella puhua, sill\u00e4 h\u00e4n on ollut leimallisesti \u201dTammen kirjailija\u201d.<\/p>\n\n\n\n<p>Vuodesta 1992 vuoteen 2013 h\u00e4nelt\u00e4 on ilmestynyt vuosittain Tammen (tai sit\u00e4 ennen Kirjayhtym\u00e4n) kustantama kirja. V\u00e4liin ovat j\u00e4\u00e4neet vain vuodet 2000, 2003, 2005 \u2013 vuonna 2004 kirjoja ilmestyi kaksi.&nbsp;Eik\u00e4 Maarit Verronen ole tuona aikana kirjoittanut muille kustantamoille.<\/p>\n\n\n\n<p>Mutta t\u00e4m\u00e4n vuosikymmenen alussa h\u00e4n koki, ett\u00e4 kustannustoimittaja oli pett\u00e4nyt h\u00e4nen luottamuksensa.<\/p>\n\n\n\n<p>&nbsp;<\/p>\n\n\n\n<p><span class=\"capitalized\">\u201dLuin<\/span> kustannustoimittajan viestist\u00e4 ehdotuksen: voisitko kirjoittaa hupsun romaanin. Se tuntui huonolta vitsilt\u00e4\u201d, Maarit Verronen muistelee. \u201dEhdotus toistui pari kertaa, aina kun olin luovuttanut k\u00e4sikirjoituksen, joka ei ollut hupsu.\u201d<\/p>\n\n\n\n<p>Maarit Verronen kertoo tapauksesta <em>Parnassossa<\/em> 2\/2019 julkaistavassa laajassa esseess\u00e4\u00e4n.<\/p>\n\n\n\n<p>Verronen ei voinut uskoa, ett\u00e4 ehdotus oli \u201dniin idioottimainen kuin milt\u00e4 se kuulosti\u201d.<\/p>\n\n\n\n<p>\u201dMinulla on ollut hyvi\u00e4 kustannustoimittajia, arvostan suuresti heid\u00e4n ammattitaitoaan. Mutta t\u00e4ss\u00e4 oli nyt yksi, joka selv\u00e4stik\u00e4\u00e4n ei arvostanut minun ammattitaitoani, tai koko ammattia, vaan pyrki t\u00f6ker\u00f6sti sorkkimaan perusteita ja tekem\u00e4\u00e4n ty\u00f6t\u00e4ni, tai teett\u00e4m\u00e4\u00e4n minulla ties kenen t\u00f6it\u00e4.\u201d<\/p>\n\n\n\n<p>&nbsp;<\/p>\n\n\n\n<p><span class=\"capitalized\">Verronen<\/span> kirjoittaa, ett\u00e4 kaikista maailman ihmisist\u00e4 juuri kustannustoimittajan pit\u00e4isi tiet\u00e4\u00e4, miten kirjat syntyv\u00e4t ja mik\u00e4 kirjailijaa motivoi \u2013 ja miten ne todellakaan eiv\u00e4t synny, ja mik\u00e4 ei v\u00e4h\u00e4\u00e4k\u00e4\u00e4n motivoi.<\/p>\n\n\n\n<p>\u201dEhdottaja perusteli, ett\u00e4 hauska myisi paremmin, tai sit\u00e4 h\u00e4n tarkoitti, kun puhui menestyksest\u00e4 ja enemmist\u00e4 lukijoista.\u201d<\/p>\n\n\n\n<p>Verronen ei ryhtynyt selvitt\u00e4m\u00e4\u00e4n, oliko kyseess\u00e4 kustannustoimittajan yksityisajattelu vai kustantamon taholta tullut ohjeistus. H\u00e4n p\u00e4\u00e4tyi ottaman et\u00e4isyytt\u00e4, k\u00e4sitteli tilannetta kirjoittamalla ja vaihtoi kustantajaa.<\/p>\n\n\n\n<p>\u201dHiljalleen toivuin. Ehk\u00e4 oli hyv\u00e4kin saada l\u00e4hikosketus siihen, millaisia vahingollisia suuntauksia ymp\u00e4r\u00f6iv\u00e4ss\u00e4 maailmassa on meneill\u00e4\u00e4n.\u201d<\/p>\n\n\n\n<p>&nbsp;<\/p>\n\n\n\n<p><em><span class=\"capitalized\">Mill\u00e4 tavoin<\/span> kustantamo ohjailee kirjailijoidensa estetiikkaa, kustannusjohtaja <strong>Outi M\u00e4kinen<\/strong> Tammesta?<\/em><\/p>\n\n\n\n<p>\u201dN\u00e4en, ett\u00e4 kustantamon teht\u00e4v\u00e4 on yhdess\u00e4 kirjailijan kanssa varmistaa, ett\u00e4 k\u00e4sikirjoituksesta rakentuu mahdollisimman hyv\u00e4 teos. T\u00e4ss\u00e4 prosessissa kustannustoimittajan teht\u00e4v\u00e4 on tukea kirjailijaa niin, ett\u00e4 teoksesta tulee paras mahdollinen. On tavallista, ett\u00e4 toimittaja ehdottaa joskus ratkaisua, jota kirjailija ei koe omakseen. Lopulliset ratkaisut teoksen olemuksesta ovat aina kirjailijan.\u201d<\/p>\n\n\n\n<p><em>Maarit Verronen koki, ett\u00e4 h\u00e4nelle oli \u201dehdottelutuputettu\u201d hupsun romaanin kirjoittamista. Kuinka kommentoit?<\/em><\/p>\n\n\n\n<p>\u201dKustantamon ja kirjailijan v\u00e4liset keskustelut k\u00e4sikirjoituksen muokkaamisesta ovat hyvinkin luottamuksellisia.\u201d<\/p>\n\n\n\n<p>&nbsp;<\/p>\n\n\n\n<p><em>Kirjoittaja on Parnasson vastaava tuottaja, joka on yksin tai yhdess\u00e4 toisen tekij\u00e4n kanssa kirjoittanut Tammelle 29 kirjaa.<\/em><\/p>\n\n\n\n<p><strong>Parnasso 2\/2019 ilmestyy 4.4.2019. Parnasson voit tilata <a href=\"https:\/\/tilaus.otavamedia.fi\/tilausParnasso?utm_source=omfi&amp;utm_medium=painike&amp;utm_campaign=PA_2088\" target=\"_blank\" rel=\"noopener\">t\u00e4st\u00e4<\/a>.<\/strong><\/p>\n\n\n","protected":false},"excerpt":{"rendered":"<p>Maarit Verronen on menestynyt kirjailija. H\u00e4n on ollut kahdesti kaunokirjallisuuden Finlandia-ehdokkaana, ja viime vuonna h\u00e4n sai kirjallisuuden valtionpalkinnon. Kustannusosakeyhti\u00f6 Tammi julkaisi<br \/>\nvi&hellip;<\/p>\n","protected":false},"author":129,"featured_media":0,"comment_status":"open","ping_status":"open","sticky":false,"template":"","format":"standard","meta":{"_acf_changed":false,"asauth_required_access_level":3,"asauth_cansharepaid":"true","om_header_attributes":[],"footnotes":"","om_featured_image_focal_point":[],"om_primary_tag":0,"om_contributors":[],"om_co_authors":[],"beyondwords_generate_audio":"","beyondwords_project_id":"","beyondwords_content_id":"","beyondwords_preview_token":"","beyondwords_player_content":"","beyondwords_player_style":"","beyondwords_language_code":"","beyondwords_language_id":"","beyondwords_title_voice_id":"","beyondwords_body_voice_id":"","beyondwords_summary_voice_id":"","beyondwords_error_message":"","beyondwords_disabled":"","beyondwords_delete_content":"","beyondwords_podcast_id":"","beyondwords_hash":"","publish_post_to_speechkit":"","speechkit_hash":"","speechkit_generate_audio":"","speechkit_project_id":"","speechkit_podcast_id":"","speechkit_error_message":"","speechkit_disabled":"","speechkit_access_key":"","speechkit_error":"","speechkit_info":"","speechkit_response":"","speechkit_retries":"","speechkit_status":"","speechkit_updated_at":"","_speechkit_link":"","_speechkit_text":""},"categories":[1],"tags":[1158,1269,83],"class_list":["post-1456","post","type-post","status-publish","format-standard","hentry","category-kirjailijan-paivakirja","tag-aviador","tag-maarit-verronen","tag-tammi"],"om_views":null,"acf":{"tuuma_off":false,"tuuma_kysymys":"","tuuma_vastaus":""},"asauth":{"required_access_level":1,"share_token":"","is_paid":false},"yoast_head":"<!-- This site is optimized with the Yoast SEO plugin v26.4 - https:\/\/yoast.com\/wordpress\/plugins\/seo\/ -->\n<title>Yli kahdenkymmenen vuoden suhteen j\u00e4lkeen kirjailija Maarit Verronen vaihtoi kustantamoa \u2013 \u201dKoin, ett\u00e4 luottamukseni oli petetty\u201d - Kirjailijan p\u00e4iv\u00e4kirja<\/title>\n<meta name=\"description\" content=\"&quot;Kustantamon teht\u00e4v\u00e4 on yhdess\u00e4 kirjailijan kanssa varmistaa, ett\u00e4 k\u00e4sikirjoituksesta rakentuu mahdollisimman hyv\u00e4 teos. On tavallista, ett\u00e4 toimittaja ehdottaa joskus ratkaisua, jota kirjailija ei koe omakseen. Lopulliset ratkaisut teoksen olemuksesta ovat aina kirjailijan&quot;, kommentoi Tammen kustannusjohtaja Outi M\u00e4kinen.\" \/>\n<meta name=\"robots\" content=\"index, follow, max-snippet:-1, max-image-preview:large, max-video-preview:-1\" \/>\n<link rel=\"canonical\" href=\"https:\/\/suomenkuvalehti.fi\/kirjailijanpaivakirja\/yli-kahdenkymmenen-vuoden-suhteen-jalkeen-kirjailija-maarit-verronen-vaihtoi-kustantamoa-koin-etta-luottamukseni-oli-petetty\/\" \/>\n<meta property=\"og:locale\" content=\"fi_FI\" \/>\n<meta property=\"og:type\" content=\"article\" \/>\n<meta property=\"og:title\" content=\"Yli kahdenkymmenen vuoden suhteen j\u00e4lkeen kirjailija Maarit Verronen vaihtoi kustantamoa \u2013 \u201dKoin, ett\u00e4 luottamukseni oli petetty\u201d - Kirjailijan p\u00e4iv\u00e4kirja\" \/>\n<meta property=\"og:description\" content=\"&quot;Kustantamon teht\u00e4v\u00e4 on yhdess\u00e4 kirjailijan kanssa varmistaa, ett\u00e4 k\u00e4sikirjoituksesta rakentuu mahdollisimman hyv\u00e4 teos. On tavallista, ett\u00e4 toimittaja ehdottaa joskus ratkaisua, jota kirjailija ei koe omakseen. Lopulliset ratkaisut teoksen olemuksesta ovat aina kirjailijan&quot;, kommentoi Tammen kustannusjohtaja Outi M\u00e4kinen.\" \/>\n<meta property=\"og:url\" content=\"https:\/\/suomenkuvalehti.fi\/kirjailijanpaivakirja\/yli-kahdenkymmenen-vuoden-suhteen-jalkeen-kirjailija-maarit-verronen-vaihtoi-kustantamoa-koin-etta-luottamukseni-oli-petetty\/\" \/>\n<meta property=\"og:site_name\" content=\"Kirjailijan p\u00e4iv\u00e4kirja\" \/>\n<meta property=\"article:published_time\" content=\"2019-04-03T12:45:33+00:00\" \/>\n<meta property=\"article:modified_time\" content=\"2019-04-03T12:46:44+00:00\" \/>\n<meta property=\"og:image\" content=\"https:\/\/suomenkuvalehti.fi\/kirjailijanpaivakirja\/wp-content\/uploads\/sites\/21\/2019\/04\/verronen_maarit_2012_2-200x300.jpg\" \/>\n<meta name=\"author\" content=\"Karo H\u00e4m\u00e4l\u00e4inen\" \/>\n<meta name=\"twitter:card\" content=\"summary_large_image\" \/>\n<meta name=\"twitter:label1\" content=\"Written by\" \/>\n\t<meta name=\"twitter:data1\" content=\"Karo H\u00e4m\u00e4l\u00e4inen\" \/>\n\t<meta name=\"twitter:label2\" content=\"Est. reading time\" \/>\n\t<meta name=\"twitter:data2\" content=\"3 minuuttia\" \/>\n<script type=\"application\/ld+json\" class=\"yoast-schema-graph\">{\"@context\":\"https:\/\/schema.org\",\"@graph\":[{\"@type\":\"WebPage\",\"@id\":\"https:\/\/suomenkuvalehti.fi\/kirjailijanpaivakirja\/yli-kahdenkymmenen-vuoden-suhteen-jalkeen-kirjailija-maarit-verronen-vaihtoi-kustantamoa-koin-etta-luottamukseni-oli-petetty\/\",\"url\":\"https:\/\/suomenkuvalehti.fi\/kirjailijanpaivakirja\/yli-kahdenkymmenen-vuoden-suhteen-jalkeen-kirjailija-maarit-verronen-vaihtoi-kustantamoa-koin-etta-luottamukseni-oli-petetty\/\",\"name\":\"Yli kahdenkymmenen vuoden suhteen j\u00e4lkeen kirjailija Maarit Verronen vaihtoi kustantamoa \u2013 \u201dKoin, ett\u00e4 luottamukseni oli petetty\u201d - Kirjailijan p\u00e4iv\u00e4kirja\",\"isPartOf\":{\"@id\":\"https:\/\/suomenkuvalehti.fi\/kirjailijanpaivakirja\/#website\"},\"primaryImageOfPage\":{\"@id\":\"https:\/\/suomenkuvalehti.fi\/kirjailijanpaivakirja\/yli-kahdenkymmenen-vuoden-suhteen-jalkeen-kirjailija-maarit-verronen-vaihtoi-kustantamoa-koin-etta-luottamukseni-oli-petetty\/#primaryimage\"},\"image\":{\"@id\":\"https:\/\/suomenkuvalehti.fi\/kirjailijanpaivakirja\/yli-kahdenkymmenen-vuoden-suhteen-jalkeen-kirjailija-maarit-verronen-vaihtoi-kustantamoa-koin-etta-luottamukseni-oli-petetty\/#primaryimage\"},\"thumbnailUrl\":\"https:\/\/suomenkuvalehti.fi\/kirjailijanpaivakirja\/wp-content\/uploads\/sites\/21\/2019\/04\/verronen_maarit_2012_2-200x300.jpg\",\"datePublished\":\"2019-04-03T12:45:33+00:00\",\"dateModified\":\"2019-04-03T12:46:44+00:00\",\"author\":{\"@id\":\"https:\/\/suomenkuvalehti.fi\/kirjailijanpaivakirja\/#\/schema\/person\/ca2dfd9d508d8c675e07b3c099fc789b\"},\"description\":\"\\\"Kustantamon teht\u00e4v\u00e4 on yhdess\u00e4 kirjailijan kanssa varmistaa, ett\u00e4 k\u00e4sikirjoituksesta rakentuu mahdollisimman hyv\u00e4 teos. On tavallista, ett\u00e4 toimittaja ehdottaa joskus ratkaisua, jota kirjailija ei koe omakseen. Lopulliset ratkaisut teoksen olemuksesta ovat aina kirjailijan\\\", kommentoi Tammen kustannusjohtaja Outi M\u00e4kinen.\",\"breadcrumb\":{\"@id\":\"https:\/\/suomenkuvalehti.fi\/kirjailijanpaivakirja\/yli-kahdenkymmenen-vuoden-suhteen-jalkeen-kirjailija-maarit-verronen-vaihtoi-kustantamoa-koin-etta-luottamukseni-oli-petetty\/#breadcrumb\"},\"inLanguage\":\"fi\",\"potentialAction\":[{\"@type\":\"ReadAction\",\"target\":[\"https:\/\/suomenkuvalehti.fi\/kirjailijanpaivakirja\/yli-kahdenkymmenen-vuoden-suhteen-jalkeen-kirjailija-maarit-verronen-vaihtoi-kustantamoa-koin-etta-luottamukseni-oli-petetty\/\"]}]},{\"@type\":\"ImageObject\",\"inLanguage\":\"fi\",\"@id\":\"https:\/\/suomenkuvalehti.fi\/kirjailijanpaivakirja\/yli-kahdenkymmenen-vuoden-suhteen-jalkeen-kirjailija-maarit-verronen-vaihtoi-kustantamoa-koin-etta-luottamukseni-oli-petetty\/#primaryimage\",\"url\":\"https:\/\/suomenkuvalehti.fi\/kirjailijanpaivakirja\/wp-content\/uploads\/sites\/21\/2019\/04\/verronen_maarit_2012_2.jpg\",\"contentUrl\":\"https:\/\/suomenkuvalehti.fi\/kirjailijanpaivakirja\/wp-content\/uploads\/sites\/21\/2019\/04\/verronen_maarit_2012_2.jpg\",\"width\":2048,\"height\":3072,\"caption\":\"Maarit Verronen vuonna 2011, jolloin h\u00e4n kirjoitti viel\u00e4 Tammelle.\"},{\"@type\":\"BreadcrumbList\",\"@id\":\"https:\/\/suomenkuvalehti.fi\/kirjailijanpaivakirja\/yli-kahdenkymmenen-vuoden-suhteen-jalkeen-kirjailija-maarit-verronen-vaihtoi-kustantamoa-koin-etta-luottamukseni-oli-petetty\/#breadcrumb\",\"itemListElement\":[{\"@type\":\"ListItem\",\"position\":1,\"name\":\"Home\",\"item\":\"https:\/\/suomenkuvalehti.fi\/kirjailijanpaivakirja\/\"},{\"@type\":\"ListItem\",\"position\":2,\"name\":\"Yli kahdenkymmenen vuoden suhteen j\u00e4lkeen kirjailija Maarit Verronen vaihtoi kustantamoa \u2013 \u201dKoin, ett\u00e4 luottamukseni oli petetty\u201d\"}]},{\"@type\":\"WebSite\",\"@id\":\"https:\/\/suomenkuvalehti.fi\/kirjailijanpaivakirja\/#website\",\"url\":\"https:\/\/suomenkuvalehti.fi\/kirjailijanpaivakirja\/\",\"name\":\"Kirjailijan p\u00e4iv\u00e4kirja\",\"description\":\"Proosakirjailijan arkea ja kirjallisuuden ajankohtaisia aiheita.\",\"potentialAction\":[{\"@type\":\"SearchAction\",\"target\":{\"@type\":\"EntryPoint\",\"urlTemplate\":\"https:\/\/suomenkuvalehti.fi\/haku\/?q={search_term_string}\"},\"query-input\":{\"@type\":\"PropertyValueSpecification\",\"valueRequired\":true,\"valueName\":\"search_term_string\"}}],\"inLanguage\":\"fi\"},{\"@type\":\"Person\",\"@id\":\"https:\/\/suomenkuvalehti.fi\/kirjailijanpaivakirja\/#\/schema\/person\/ca2dfd9d508d8c675e07b3c099fc789b\",\"name\":\"Karo H\u00e4m\u00e4l\u00e4inen\",\"image\":{\"@type\":\"ImageObject\",\"inLanguage\":\"fi\",\"@id\":\"https:\/\/suomenkuvalehti.fi\/kirjailijanpaivakirja\/#\/schema\/person\/image\/\",\"url\":\"https:\/\/suomenkuvalehti.fi\/kirjailijanpaivakirja\/wp-content\/uploads\/sites\/21\/2022\/04\/hamalainen_karo06-1-150x150.jpg\",\"contentUrl\":\"https:\/\/suomenkuvalehti.fi\/kirjailijanpaivakirja\/wp-content\/uploads\/sites\/21\/2022\/04\/hamalainen_karo06-1-150x150.jpg\",\"caption\":\"Karo H\u00e4m\u00e4l\u00e4inen\"},\"description\":\"Karo H\u00e4m\u00e4l\u00e4inen on kirjailija ja talouteen erikoistunut vapaa toimittaja.\"}]}<\/script>\n<!-- \/ Yoast SEO plugin. -->","yoast_head_json":{"title":"Yli kahdenkymmenen vuoden suhteen j\u00e4lkeen kirjailija Maarit Verronen vaihtoi kustantamoa \u2013 \u201dKoin, ett\u00e4 luottamukseni oli petetty\u201d - Kirjailijan p\u00e4iv\u00e4kirja","description":"\"Kustantamon teht\u00e4v\u00e4 on yhdess\u00e4 kirjailijan kanssa varmistaa, ett\u00e4 k\u00e4sikirjoituksesta rakentuu mahdollisimman hyv\u00e4 teos. On tavallista, ett\u00e4 toimittaja ehdottaa joskus ratkaisua, jota kirjailija ei koe omakseen. Lopulliset ratkaisut teoksen olemuksesta ovat aina kirjailijan\", kommentoi Tammen kustannusjohtaja Outi M\u00e4kinen.","robots":{"index":"index","follow":"follow","max-snippet":"max-snippet:-1","max-image-preview":"max-image-preview:large","max-video-preview":"max-video-preview:-1"},"canonical":"https:\/\/suomenkuvalehti.fi\/kirjailijanpaivakirja\/yli-kahdenkymmenen-vuoden-suhteen-jalkeen-kirjailija-maarit-verronen-vaihtoi-kustantamoa-koin-etta-luottamukseni-oli-petetty\/","og_locale":"fi_FI","og_type":"article","og_title":"Yli kahdenkymmenen vuoden suhteen j\u00e4lkeen kirjailija Maarit Verronen vaihtoi kustantamoa \u2013 \u201dKoin, ett\u00e4 luottamukseni oli petetty\u201d - Kirjailijan p\u00e4iv\u00e4kirja","og_description":"\"Kustantamon teht\u00e4v\u00e4 on yhdess\u00e4 kirjailijan kanssa varmistaa, ett\u00e4 k\u00e4sikirjoituksesta rakentuu mahdollisimman hyv\u00e4 teos. On tavallista, ett\u00e4 toimittaja ehdottaa joskus ratkaisua, jota kirjailija ei koe omakseen. Lopulliset ratkaisut teoksen olemuksesta ovat aina kirjailijan\", kommentoi Tammen kustannusjohtaja Outi M\u00e4kinen.","og_url":"https:\/\/suomenkuvalehti.fi\/kirjailijanpaivakirja\/yli-kahdenkymmenen-vuoden-suhteen-jalkeen-kirjailija-maarit-verronen-vaihtoi-kustantamoa-koin-etta-luottamukseni-oli-petetty\/","og_site_name":"Kirjailijan p\u00e4iv\u00e4kirja","article_published_time":"2019-04-03T12:45:33+00:00","article_modified_time":"2019-04-03T12:46:44+00:00","og_image":[{"url":"https:\/\/suomenkuvalehti.fi\/kirjailijanpaivakirja\/wp-content\/uploads\/sites\/21\/2019\/04\/verronen_maarit_2012_2-200x300.jpg","type":"","width":"","height":""}],"author":"Karo H\u00e4m\u00e4l\u00e4inen","twitter_card":"summary_large_image","twitter_misc":{"Written by":"Karo H\u00e4m\u00e4l\u00e4inen","Est. reading time":"3 minuuttia"},"schema":{"@context":"https:\/\/schema.org","@graph":[{"@type":"WebPage","@id":"https:\/\/suomenkuvalehti.fi\/kirjailijanpaivakirja\/yli-kahdenkymmenen-vuoden-suhteen-jalkeen-kirjailija-maarit-verronen-vaihtoi-kustantamoa-koin-etta-luottamukseni-oli-petetty\/","url":"https:\/\/suomenkuvalehti.fi\/kirjailijanpaivakirja\/yli-kahdenkymmenen-vuoden-suhteen-jalkeen-kirjailija-maarit-verronen-vaihtoi-kustantamoa-koin-etta-luottamukseni-oli-petetty\/","name":"Yli kahdenkymmenen vuoden suhteen j\u00e4lkeen kirjailija Maarit Verronen vaihtoi kustantamoa \u2013 \u201dKoin, ett\u00e4 luottamukseni oli petetty\u201d - Kirjailijan p\u00e4iv\u00e4kirja","isPartOf":{"@id":"https:\/\/suomenkuvalehti.fi\/kirjailijanpaivakirja\/#website"},"primaryImageOfPage":{"@id":"https:\/\/suomenkuvalehti.fi\/kirjailijanpaivakirja\/yli-kahdenkymmenen-vuoden-suhteen-jalkeen-kirjailija-maarit-verronen-vaihtoi-kustantamoa-koin-etta-luottamukseni-oli-petetty\/#primaryimage"},"image":{"@id":"https:\/\/suomenkuvalehti.fi\/kirjailijanpaivakirja\/yli-kahdenkymmenen-vuoden-suhteen-jalkeen-kirjailija-maarit-verronen-vaihtoi-kustantamoa-koin-etta-luottamukseni-oli-petetty\/#primaryimage"},"thumbnailUrl":"https:\/\/suomenkuvalehti.fi\/kirjailijanpaivakirja\/wp-content\/uploads\/sites\/21\/2019\/04\/verronen_maarit_2012_2-200x300.jpg","datePublished":"2019-04-03T12:45:33+00:00","dateModified":"2019-04-03T12:46:44+00:00","author":{"@id":"https:\/\/suomenkuvalehti.fi\/kirjailijanpaivakirja\/#\/schema\/person\/ca2dfd9d508d8c675e07b3c099fc789b"},"description":"\"Kustantamon teht\u00e4v\u00e4 on yhdess\u00e4 kirjailijan kanssa varmistaa, ett\u00e4 k\u00e4sikirjoituksesta rakentuu mahdollisimman hyv\u00e4 teos. On tavallista, ett\u00e4 toimittaja ehdottaa joskus ratkaisua, jota kirjailija ei koe omakseen. Lopulliset ratkaisut teoksen olemuksesta ovat aina kirjailijan\", kommentoi Tammen kustannusjohtaja Outi M\u00e4kinen.","breadcrumb":{"@id":"https:\/\/suomenkuvalehti.fi\/kirjailijanpaivakirja\/yli-kahdenkymmenen-vuoden-suhteen-jalkeen-kirjailija-maarit-verronen-vaihtoi-kustantamoa-koin-etta-luottamukseni-oli-petetty\/#breadcrumb"},"inLanguage":"fi","potentialAction":[{"@type":"ReadAction","target":["https:\/\/suomenkuvalehti.fi\/kirjailijanpaivakirja\/yli-kahdenkymmenen-vuoden-suhteen-jalkeen-kirjailija-maarit-verronen-vaihtoi-kustantamoa-koin-etta-luottamukseni-oli-petetty\/"]}]},{"@type":"ImageObject","inLanguage":"fi","@id":"https:\/\/suomenkuvalehti.fi\/kirjailijanpaivakirja\/yli-kahdenkymmenen-vuoden-suhteen-jalkeen-kirjailija-maarit-verronen-vaihtoi-kustantamoa-koin-etta-luottamukseni-oli-petetty\/#primaryimage","url":"https:\/\/suomenkuvalehti.fi\/kirjailijanpaivakirja\/wp-content\/uploads\/sites\/21\/2019\/04\/verronen_maarit_2012_2.jpg","contentUrl":"https:\/\/suomenkuvalehti.fi\/kirjailijanpaivakirja\/wp-content\/uploads\/sites\/21\/2019\/04\/verronen_maarit_2012_2.jpg","width":2048,"height":3072,"caption":"Maarit Verronen vuonna 2011, jolloin h\u00e4n kirjoitti viel\u00e4 Tammelle."},{"@type":"BreadcrumbList","@id":"https:\/\/suomenkuvalehti.fi\/kirjailijanpaivakirja\/yli-kahdenkymmenen-vuoden-suhteen-jalkeen-kirjailija-maarit-verronen-vaihtoi-kustantamoa-koin-etta-luottamukseni-oli-petetty\/#breadcrumb","itemListElement":[{"@type":"ListItem","position":1,"name":"Home","item":"https:\/\/suomenkuvalehti.fi\/kirjailijanpaivakirja\/"},{"@type":"ListItem","position":2,"name":"Yli kahdenkymmenen vuoden suhteen j\u00e4lkeen kirjailija Maarit Verronen vaihtoi kustantamoa \u2013 \u201dKoin, ett\u00e4 luottamukseni oli petetty\u201d"}]},{"@type":"WebSite","@id":"https:\/\/suomenkuvalehti.fi\/kirjailijanpaivakirja\/#website","url":"https:\/\/suomenkuvalehti.fi\/kirjailijanpaivakirja\/","name":"Kirjailijan p\u00e4iv\u00e4kirja","description":"Proosakirjailijan arkea ja kirjallisuuden ajankohtaisia aiheita.","potentialAction":[{"@type":"SearchAction","target":{"@type":"EntryPoint","urlTemplate":"https:\/\/suomenkuvalehti.fi\/haku\/?q={search_term_string}"},"query-input":{"@type":"PropertyValueSpecification","valueRequired":true,"valueName":"search_term_string"}}],"inLanguage":"fi"},{"@type":"Person","@id":"https:\/\/suomenkuvalehti.fi\/kirjailijanpaivakirja\/#\/schema\/person\/ca2dfd9d508d8c675e07b3c099fc789b","name":"Karo H\u00e4m\u00e4l\u00e4inen","image":{"@type":"ImageObject","inLanguage":"fi","@id":"https:\/\/suomenkuvalehti.fi\/kirjailijanpaivakirja\/#\/schema\/person\/image\/","url":"https:\/\/suomenkuvalehti.fi\/kirjailijanpaivakirja\/wp-content\/uploads\/sites\/21\/2022\/04\/hamalainen_karo06-1-150x150.jpg","contentUrl":"https:\/\/suomenkuvalehti.fi\/kirjailijanpaivakirja\/wp-content\/uploads\/sites\/21\/2022\/04\/hamalainen_karo06-1-150x150.jpg","caption":"Karo H\u00e4m\u00e4l\u00e4inen"},"description":"Karo H\u00e4m\u00e4l\u00e4inen on kirjailija ja talouteen erikoistunut vapaa toimittaja."}]}},"_links":{"self":[{"href":"https:\/\/suomenkuvalehti.fi\/kirjailijanpaivakirja\/wp-json\/wp\/v2\/posts\/1456","targetHints":{"allow":["GET"]}}],"collection":[{"href":"https:\/\/suomenkuvalehti.fi\/kirjailijanpaivakirja\/wp-json\/wp\/v2\/posts"}],"about":[{"href":"https:\/\/suomenkuvalehti.fi\/kirjailijanpaivakirja\/wp-json\/wp\/v2\/types\/post"}],"author":[{"embeddable":true,"href":"https:\/\/suomenkuvalehti.fi\/kirjailijanpaivakirja\/wp-json\/wp\/v2\/users\/129"}],"replies":[{"embeddable":true,"href":"https:\/\/suomenkuvalehti.fi\/kirjailijanpaivakirja\/wp-json\/wp\/v2\/comments?post=1456"}],"version-history":[{"count":4,"href":"https:\/\/suomenkuvalehti.fi\/kirjailijanpaivakirja\/wp-json\/wp\/v2\/posts\/1456\/revisions"}],"predecessor-version":[{"id":1462,"href":"https:\/\/suomenkuvalehti.fi\/kirjailijanpaivakirja\/wp-json\/wp\/v2\/posts\/1456\/revisions\/1462"}],"wp:attachment":[{"href":"https:\/\/suomenkuvalehti.fi\/kirjailijanpaivakirja\/wp-json\/wp\/v2\/media?parent=1456"}],"wp:term":[{"taxonomy":"category","embeddable":true,"href":"https:\/\/suomenkuvalehti.fi\/kirjailijanpaivakirja\/wp-json\/wp\/v2\/categories?post=1456"},{"taxonomy":"post_tag","embeddable":true,"href":"https:\/\/suomenkuvalehti.fi\/kirjailijanpaivakirja\/wp-json\/wp\/v2\/tags?post=1456"}],"curies":[{"name":"wp","href":"https:\/\/api.w.org\/{rel}","templated":true}]}}