{"id":1453,"date":"2019-03-31T09:48:58","date_gmt":"2019-03-31T06:48:58","guid":{"rendered":"https:\/\/suomenkuvalehti.fi\/kirjailijanpaivakirja\/?p=1453"},"modified":"2019-03-31T09:52:17","modified_gmt":"2019-03-31T06:52:17","slug":"ihmiset-sekaisin-kuin-pussiin-heitetyt-luumut-kirsikat-ja-viikunat-kansat-yhtyvat-ville-hytosen-jarisyttavassa-romaanissa","status":"publish","type":"post","link":"https:\/\/suomenkuvalehti.fi\/kirjailijanpaivakirja\/ihmiset-sekaisin-kuin-pussiin-heitetyt-luumut-kirsikat-ja-viikunat-kansat-yhtyvat-ville-hytosen-jarisyttavassa-romaanissa\/","title":{"rendered":"Ihmiset sekaisin kuin pussiin heitetyt luumut, kirsikat ja viikunat \u2013 Kansat yhtyv\u00e4t Ville Hyt\u00f6sen j\u00e4risytt\u00e4v\u00e4ss\u00e4 romaanissa"},"content":{"rendered":"<figure class=\"alignleft size-medium is-resized wp-block-image\">\n  <div class=\"wp-block-image__inner-container\">\n    <a href='https:\/\/suomenkuvalehti.fi\/kirjailijanpaivakirja\/wp-content\/uploads\/sites\/21\/2019\/03\/luumun_polte11313.jpg'><img loading=\"lazy\" decoding=\"async\" src=\"https:\/\/suomenkuvalehti.fi\/kirjailijanpaivakirja\/wp-content\/uploads\/sites\/21\/2019\/03\/luumun_polte11313-184x300.jpg\" alt=\"\" class=\"wp-image-1454\" width=\"184\" height=\"300\" style=\"--aspect-ratio: 0.61\" srcset=\"https:\/\/suomenkuvalehti.fi\/kirjailijanpaivakirja\/wp-content\/uploads\/sites\/21\/2019\/03\/luumun_polte11313-184x300.jpg 184w, https:\/\/suomenkuvalehti.fi\/kirjailijanpaivakirja\/wp-content\/uploads\/sites\/21\/2019\/03\/luumun_polte11313-768x1255.jpg 768w, https:\/\/suomenkuvalehti.fi\/kirjailijanpaivakirja\/wp-content\/uploads\/sites\/21\/2019\/03\/luumun_polte11313-627x1024.jpg 627w, https:\/\/suomenkuvalehti.fi\/kirjailijanpaivakirja\/wp-content\/uploads\/sites\/21\/2019\/03\/luumun_polte11313-300x490.jpg 300w, https:\/\/suomenkuvalehti.fi\/kirjailijanpaivakirja\/wp-content\/uploads\/sites\/21\/2019\/03\/luumun_polte11313-630x1030.jpg 630w, https:\/\/suomenkuvalehti.fi\/kirjailijanpaivakirja\/wp-content\/uploads\/sites\/21\/2019\/03\/luumun_polte11313.jpg 1605w\" sizes=\"auto, (max-width: 184px) 100vw, 184px\" \/><\/a>    <figcaption class=\"wp-block-image__figcaption\">\n      Ville Hyt\u00f6sen Luumun poltteen kannen on suunnitellut Jenni Noponen.      <span class='wp-block-image__copyright'>&copy; Gummerus<\/span>    <\/figcaption>\n      <\/div>\n<\/figure>\n\n\n<p><span class=\"capitalized\">Viime viikkoina<\/span> olen aamupalan viimeisell\u00e4 kahvikupillisella matkannut Balkanille. Sinne olen l\u00e4htenyt iltaisin ennen nukkumaanmenoa ja aamuisin her\u00e4tty\u00e4ni, mutta vain pari lukua kerrallaan.<\/p>\n\n\n\n<p><strong>Ville Hyt\u00f6sen<\/strong> <em>Luumun polte (<\/em>Gummerus, 2019) vie jo muutamalla lauseella niemimaalle, jonka identiteetti on muuttunut ja joka on etsinyt identiteettej\u00e4\u00e4n vuosikymmenten ja vuosisatojen ajan.<\/p>\n\n\n\n<p>En ole k\u00e4ynyt Balkanilla ja tunnen sen historiaa luvattoman huonosti, mutta Hyt\u00f6sen romaanin my\u00f6t\u00e4 olen jollakin tapaa onnistunut hapuilemaan otetta siit\u00e4, millaista on el\u00e4\u00e4 alueella, joka on viime vuosikymmenet ollut tihe\u00e4mpi kansojen sulatusuuni kuin New York konsanaan.<\/p>\n\n\n\n<p>N\u00e4in toimii paras kaunokirjallisuus. Se lis\u00e4\u00e4 lukijansa ymm\u00e4rryst\u00e4.<\/p>\n\n\n\n<p>&nbsp;<\/p>\n\n\n\n<p><span class=\"capitalized\"><em>Luumun polte<\/em> <\/span>on n\u00e4enn\u00e4isesti kahden ihmisen rakkaustarina, tai jotain sellaista. Miltei pakkomielteisesti luumuihin suhtautuva serbilaianen Srdan (d-kirjaimen mastoon kuuluu poikkiviiva, mutta en l\u00f6yt\u00e4nyt oikeaa merkki\u00e4 tekstink\u00e4sittelyohjelman valikoimasta) ja bosniakki Zorana viett\u00e4v\u00e4t yhdess\u00e4 boheemiel\u00e4m\u00e4\u00e4. Toinen maalaa ja toinen runoilee, mutta enimm\u00e4kseen he kuitenkin juovat alkoholia ja rakastelevat. Ihon l\u00e4pi puskeva alkoholin haju lakkaa jo tuntumasta.<\/p>\n\n\n\n<p>Kauttaaltaan metaforinen romaani kertoo kuitenkin kaiken aikaa kansojen historiasta. Kun Srdan ja Zorana yhtyv\u00e4t, silloin yhtyv\u00e4t Serbia ja Bosnia.<\/p>\n\n\n\n<p>Siis jos nyt sattuu uskomaan kansallisvaltioihin tai muuhun 1800-luvun ideologisiin j\u00e4\u00e4nteisiin. Ehk\u00e4 niihin t\u00e4ytyy uskoa, sill\u00e4 yh\u00e4 ne el\u00e4v\u00e4t vahvana, vaikka maailman kehitys kulkee moisesta j\u00e4rjest\u00e4ytymisest\u00e4 poisp\u00e4in. Ainakin niin kaiken j\u00e4rjen mukaa pit\u00e4isi tapahtua, vaikka 2010-luku tuntuu olevan uusnationalismin vuosikymmen.<\/p>\n\n\n\n<p>Nationalismiakin <em>Luumun polte<\/em> k\u00e4sittelee, tyystin vailla julistusta.<\/p>\n\n\n\n<p>\u201dHe puhuivat samaa kielt\u00e4, mutta eri kielill\u00e4. He ymm\u00e4rsiv\u00e4t toisiaan, mutta paljon j\u00e4i tavoittamatta. He tyytyiv\u00e4t kompromissiin, kieleen, jota puhuttiin, jotta ymm\u00e4rrett\u00e4isiin, mutta ymm\u00e4rrettiin ettei puhuminen tuo kaikkea.\u201d<\/p>\n\n\n\n<p>Se mik\u00e4 p\u00e4tee kieleen niin kuin kielen ymm\u00e4rr\u00e4mme, p\u00e4tee kommunikaatioon ja ihmisten v\u00e4lisiin suhteisiin laajastikin ymm\u00e4rrettyn\u00e4. Niin me toisiamme ymm\u00e4rr\u00e4mme, likiarvoina.<\/p>\n\n\n\n<p>&nbsp;<\/p>\n\n\n\n<p><span class=\"capitalized\">Balkanin niemimaasta<\/span> voisi kirjoittaa laajan eeppisen sukupolviromaanin, joka tunteisiin vetoavasti ja dramaattisesti kuvittaisi yksitt\u00e4isten perheiden ja sukujen kautta kansojen kohtalonvaiheet.<\/p>\n\n\n\n<p><em>Luumun polte<\/em> on kaikkea muuta. Huolimatta 262 sivun mitastaan Hyt\u00f6sen teos on keskitetyn muotonsa vuoksi enemmin pienoisromaani kuin romaani. Sen henkil\u00f6t el\u00e4v\u00e4t nykyhetkess\u00e4, johon historia on heid\u00e4t tuonut.<\/p>\n\n\n\n<p>\u201dZorana ja Srdan edustivat sukupolvea, joka oli j\u00e4\u00e4nyt el\u00e4m\u00e4lt\u00e4 v\u00e4liin. Suuret johtajat olivat heille vain mielikuvituksen tuotetta, ja kerj\u00e4\u00e4vien romanien keskell\u00e4 myyt\u00e4v\u00e4t kopiofarkut, hienoista autoista nousevat nuoret nykyp\u00e4iv\u00e4\u00e4. \u2013\u2013 He olivat liian nuoria kokeakseen kadottaneensa synnyinmaansa mutta liian vanhoja ajatellakseen itsens\u00e4 vain serbiksi tai bosniakiksi. He katselivat jugoslavialaisia elokuvia, kykeniv\u00e4t lukemaan kirjoja kaikilla slaavisen Balkanin kielill\u00e4.\u201d<\/p>\n\n\n\n<p>Valinta on oivallinen. Hyt\u00f6nen tavoittaa el\u00e4m\u00e4n ideologioiden ja stereotypioiden alta.<\/p>\n\n\n\n<p>&nbsp;<\/p>\n\n\n\n<p><span class=\"capitalized\">Ville Hyt\u00f6nen<\/span> kirjoittaa j\u00e4rkytt\u00e4v\u00e4n hyvin. H\u00e4nen virkkeiss\u00e4\u00e4n on lyyrikon rytmi. H\u00e4n k\u00e4ytt\u00e4\u00e4 vertauskuvia luontevasti niin, ett\u00e4 ne sulautuvat proosaan.<\/p>\n\n\n\n<p>H\u00e4n ilottelee rakastelusievistelyill\u00e4. Ne tullevat el\u00e4m\u00e4\u00e4n siteetteina.<\/p>\n\n\n\n<p><em>Luumun polte<\/em> on rujo ja herkk\u00e4. Romaanissa aforistiset lauseet seuraavat toisiaan, imev\u00e4t lukijan mukaansa ja heitt\u00e4v\u00e4t kevyesti tavanomaisen yl\u00e4puolelle.<\/p>\n\n\n\n<p>Olen myyty.<\/p>\n\n\n\n<p>&nbsp;<\/p>\n\n\n\n<p><span class=\"capitalized\">Kulttuurisen omimisen<\/span> nimiss\u00e4 koko romaanin voisi tuomita harhaoppiseksi. T\u00e4ss\u00e4 sit\u00e4 hyvinvointi-Suomen kasvatti el\u00e4ytyy balkanin kansojen edustajiin ja herkuttelee heid\u00e4n historiallaan!<\/p>\n\n\n\n<p>Voi voi, jos niin tehd\u00e4\u00e4n.<\/p>\n\n\n\n<p>Minulla ei tietenk\u00e4\u00e4n ole kyky\u00e4 analysoida Hyt\u00f6sen tulkinnan todenmukaisuutta. Noinko serbialaismies katselee Sarajevoa, noinko Belgradia? Kovin uskottavalta tuntuu, ja haluan uskoa. Hyt\u00f6sen el\u00e4ytymistaito h\u00e4mment\u00e4\u00e4.<\/p>\n\n\n\n<p>\u201dUjot ihmiset pit\u00e4v\u00e4t luumuviinasta. Luumun syntinen, saippuainen ja ep\u00e4puhdas maku vapauttaa heid\u00e4n hellyytens\u00e4 ja ujon rakkautensa. \u2013\u2013 Luumu on hiljaisen erotiikan maku. \u2013\u2013 Ja serbit olivat pohjimmiltaan ujoja. Siksi he rakastavat \u0161ljivaa, ja kroatialaiset ovat jylhi\u00e4 ja v\u00e4limerellisi\u00e4, ja siksi he rakastavat travaricaa\u201d, h\u00e4n analysoi.<\/p>\n\n\n\n<p>Eik\u00e4 \u00e4\u00e4ness\u00e4 toki ole Hyt\u00f6nen vaan mustarastas, joka toimii <em>Luumun poltteen<\/em> kertojana.<\/p>\n\n\n\n<p>\u201dBalkanin mustarastaiden kieli on kieli, jota ymm\u00e4rt\u00e4m\u00e4ll\u00e4 osaa kaikki maailman kielet\u201d, kertoja v\u00e4itt\u00e4\u00e4 itsevarmasti. \u201dSe on lintujen serbokroatiaa, vaan ei ihmisten antamaa vaan taivaasta suoraan annettu.\u201d<\/p>\n\n\n","protected":false},"excerpt":{"rendered":"<p>Viime viikkoina olen aamupalan viimeisell\u00e4 kahvikupillisella matkannut Balkanille. Sinne olen l\u00e4htenyt iltaisin ennen nukkumaanmenoa ja aamuisin her\u00e4tty\u00e4ni, mutta vain pari lukua kerrallaan. Ville<br \/>\nHyt&hellip;<\/p>\n","protected":false},"author":129,"featured_media":0,"comment_status":"open","ping_status":"open","sticky":false,"template":"","format":"standard","meta":{"_acf_changed":false,"asauth_required_access_level":3,"asauth_cansharepaid":"true","om_header_attributes":[],"footnotes":"","om_featured_image_focal_point":[],"om_primary_tag":0,"om_contributors":[],"om_co_authors":[],"beyondwords_generate_audio":"","beyondwords_project_id":"","beyondwords_content_id":"","beyondwords_preview_token":"","beyondwords_player_content":"","beyondwords_player_style":"","beyondwords_language_code":"","beyondwords_language_id":"","beyondwords_title_voice_id":"","beyondwords_body_voice_id":"","beyondwords_summary_voice_id":"","beyondwords_error_message":"","beyondwords_disabled":"","beyondwords_delete_content":"","beyondwords_podcast_id":"","beyondwords_hash":"","publish_post_to_speechkit":"","speechkit_hash":"","speechkit_generate_audio":"","speechkit_project_id":"","speechkit_podcast_id":"","speechkit_error_message":"","speechkit_disabled":"","speechkit_access_key":"","speechkit_error":"","speechkit_info":"","speechkit_response":"","speechkit_retries":"","speechkit_status":"","speechkit_updated_at":"","_speechkit_link":"","_speechkit_text":""},"categories":[1],"tags":[1268,1267,594],"class_list":["post-1453","post","type-post","status-publish","format-standard","hentry","category-kirjailijan-paivakirja","tag-balkan","tag-luumun-polte","tag-ville-hytonen"],"om_views":null,"acf":{"tuuma_off":false,"tuuma_kysymys":"","tuuma_vastaus":""},"asauth":{"required_access_level":1,"share_token":"","is_paid":false},"yoast_head":"<!-- This site is optimized with the Yoast SEO plugin v26.4 - https:\/\/yoast.com\/wordpress\/plugins\/seo\/ -->\n<title>Ihmiset sekaisin kuin pussiin heitetyt luumut, kirsikat ja viikunat \u2013 Kansat yhtyv\u00e4t Ville Hyt\u00f6sen j\u00e4risytt\u00e4v\u00e4ss\u00e4 romaanissa - Kirjailijan p\u00e4iv\u00e4kirja<\/title>\n<meta name=\"description\" content=\"Ville Hyt\u00f6sen Luumun polte (Gummerus, 2019) vie jo muutamalla lauseella niemimaalle, jonka identiteetti on muuttunut ja joka on etsinyt identiteettej\u00e4\u00e4n vuosikymmenten ja vuosisatojen ajan. Hyt\u00f6nen tavoittaa el\u00e4m\u00e4n ideologioiden ja stereotypioiden alta.\" \/>\n<meta name=\"robots\" content=\"index, follow, max-snippet:-1, max-image-preview:large, max-video-preview:-1\" \/>\n<link rel=\"canonical\" href=\"https:\/\/suomenkuvalehti.fi\/kirjailijanpaivakirja\/ihmiset-sekaisin-kuin-pussiin-heitetyt-luumut-kirsikat-ja-viikunat-kansat-yhtyvat-ville-hytosen-jarisyttavassa-romaanissa\/\" \/>\n<meta property=\"og:locale\" content=\"fi_FI\" \/>\n<meta property=\"og:type\" content=\"article\" \/>\n<meta property=\"og:title\" content=\"Ihmiset sekaisin kuin pussiin heitetyt luumut, kirsikat ja viikunat \u2013 Kansat yhtyv\u00e4t Ville Hyt\u00f6sen j\u00e4risytt\u00e4v\u00e4ss\u00e4 romaanissa - Kirjailijan p\u00e4iv\u00e4kirja\" \/>\n<meta property=\"og:description\" content=\"Ville Hyt\u00f6sen Luumun polte (Gummerus, 2019) vie jo muutamalla lauseella niemimaalle, jonka identiteetti on muuttunut ja joka on etsinyt identiteettej\u00e4\u00e4n vuosikymmenten ja vuosisatojen ajan. Hyt\u00f6nen tavoittaa el\u00e4m\u00e4n ideologioiden ja stereotypioiden alta.\" \/>\n<meta property=\"og:url\" content=\"https:\/\/suomenkuvalehti.fi\/kirjailijanpaivakirja\/ihmiset-sekaisin-kuin-pussiin-heitetyt-luumut-kirsikat-ja-viikunat-kansat-yhtyvat-ville-hytosen-jarisyttavassa-romaanissa\/\" \/>\n<meta property=\"og:site_name\" content=\"Kirjailijan p\u00e4iv\u00e4kirja\" \/>\n<meta property=\"article:published_time\" content=\"2019-03-31T06:48:58+00:00\" \/>\n<meta property=\"article:modified_time\" content=\"2019-03-31T06:52:17+00:00\" \/>\n<meta property=\"og:image\" content=\"https:\/\/suomenkuvalehti.fi\/kirjailijanpaivakirja\/wp-content\/uploads\/sites\/21\/2019\/03\/luumun_polte11313-184x300.jpg\" \/>\n<meta name=\"author\" content=\"Karo H\u00e4m\u00e4l\u00e4inen\" \/>\n<meta name=\"twitter:card\" content=\"summary_large_image\" \/>\n<meta name=\"twitter:label1\" content=\"Written by\" \/>\n\t<meta name=\"twitter:data1\" content=\"Karo H\u00e4m\u00e4l\u00e4inen\" \/>\n\t<meta name=\"twitter:label2\" content=\"Est. reading time\" \/>\n\t<meta name=\"twitter:data2\" content=\"3 minuuttia\" \/>\n<script type=\"application\/ld+json\" class=\"yoast-schema-graph\">{\"@context\":\"https:\/\/schema.org\",\"@graph\":[{\"@type\":\"WebPage\",\"@id\":\"https:\/\/suomenkuvalehti.fi\/kirjailijanpaivakirja\/ihmiset-sekaisin-kuin-pussiin-heitetyt-luumut-kirsikat-ja-viikunat-kansat-yhtyvat-ville-hytosen-jarisyttavassa-romaanissa\/\",\"url\":\"https:\/\/suomenkuvalehti.fi\/kirjailijanpaivakirja\/ihmiset-sekaisin-kuin-pussiin-heitetyt-luumut-kirsikat-ja-viikunat-kansat-yhtyvat-ville-hytosen-jarisyttavassa-romaanissa\/\",\"name\":\"Ihmiset sekaisin kuin pussiin heitetyt luumut, kirsikat ja viikunat \u2013 Kansat yhtyv\u00e4t Ville Hyt\u00f6sen j\u00e4risytt\u00e4v\u00e4ss\u00e4 romaanissa - Kirjailijan p\u00e4iv\u00e4kirja\",\"isPartOf\":{\"@id\":\"https:\/\/suomenkuvalehti.fi\/kirjailijanpaivakirja\/#website\"},\"primaryImageOfPage\":{\"@id\":\"https:\/\/suomenkuvalehti.fi\/kirjailijanpaivakirja\/ihmiset-sekaisin-kuin-pussiin-heitetyt-luumut-kirsikat-ja-viikunat-kansat-yhtyvat-ville-hytosen-jarisyttavassa-romaanissa\/#primaryimage\"},\"image\":{\"@id\":\"https:\/\/suomenkuvalehti.fi\/kirjailijanpaivakirja\/ihmiset-sekaisin-kuin-pussiin-heitetyt-luumut-kirsikat-ja-viikunat-kansat-yhtyvat-ville-hytosen-jarisyttavassa-romaanissa\/#primaryimage\"},\"thumbnailUrl\":\"https:\/\/suomenkuvalehti.fi\/kirjailijanpaivakirja\/wp-content\/uploads\/sites\/21\/2019\/03\/luumun_polte11313-184x300.jpg\",\"datePublished\":\"2019-03-31T06:48:58+00:00\",\"dateModified\":\"2019-03-31T06:52:17+00:00\",\"author\":{\"@id\":\"https:\/\/suomenkuvalehti.fi\/kirjailijanpaivakirja\/#\/schema\/person\/ca2dfd9d508d8c675e07b3c099fc789b\"},\"description\":\"Ville Hyt\u00f6sen Luumun polte (Gummerus, 2019) vie jo muutamalla lauseella niemimaalle, jonka identiteetti on muuttunut ja joka on etsinyt identiteettej\u00e4\u00e4n vuosikymmenten ja vuosisatojen ajan. Hyt\u00f6nen tavoittaa el\u00e4m\u00e4n ideologioiden ja stereotypioiden alta.\",\"breadcrumb\":{\"@id\":\"https:\/\/suomenkuvalehti.fi\/kirjailijanpaivakirja\/ihmiset-sekaisin-kuin-pussiin-heitetyt-luumut-kirsikat-ja-viikunat-kansat-yhtyvat-ville-hytosen-jarisyttavassa-romaanissa\/#breadcrumb\"},\"inLanguage\":\"fi\",\"potentialAction\":[{\"@type\":\"ReadAction\",\"target\":[\"https:\/\/suomenkuvalehti.fi\/kirjailijanpaivakirja\/ihmiset-sekaisin-kuin-pussiin-heitetyt-luumut-kirsikat-ja-viikunat-kansat-yhtyvat-ville-hytosen-jarisyttavassa-romaanissa\/\"]}]},{\"@type\":\"ImageObject\",\"inLanguage\":\"fi\",\"@id\":\"https:\/\/suomenkuvalehti.fi\/kirjailijanpaivakirja\/ihmiset-sekaisin-kuin-pussiin-heitetyt-luumut-kirsikat-ja-viikunat-kansat-yhtyvat-ville-hytosen-jarisyttavassa-romaanissa\/#primaryimage\",\"url\":\"https:\/\/suomenkuvalehti.fi\/kirjailijanpaivakirja\/wp-content\/uploads\/sites\/21\/2019\/03\/luumun_polte11313.jpg\",\"contentUrl\":\"https:\/\/suomenkuvalehti.fi\/kirjailijanpaivakirja\/wp-content\/uploads\/sites\/21\/2019\/03\/luumun_polte11313.jpg\",\"width\":1605,\"height\":2623,\"caption\":\"Ville Hyt\u00f6nen: Luumun polte. Kansi: Jenni Noponen.\"},{\"@type\":\"BreadcrumbList\",\"@id\":\"https:\/\/suomenkuvalehti.fi\/kirjailijanpaivakirja\/ihmiset-sekaisin-kuin-pussiin-heitetyt-luumut-kirsikat-ja-viikunat-kansat-yhtyvat-ville-hytosen-jarisyttavassa-romaanissa\/#breadcrumb\",\"itemListElement\":[{\"@type\":\"ListItem\",\"position\":1,\"name\":\"Home\",\"item\":\"https:\/\/suomenkuvalehti.fi\/kirjailijanpaivakirja\/\"},{\"@type\":\"ListItem\",\"position\":2,\"name\":\"Ihmiset sekaisin kuin pussiin heitetyt luumut, kirsikat ja viikunat \u2013 Kansat yhtyv\u00e4t Ville Hyt\u00f6sen j\u00e4risytt\u00e4v\u00e4ss\u00e4 romaanissa\"}]},{\"@type\":\"WebSite\",\"@id\":\"https:\/\/suomenkuvalehti.fi\/kirjailijanpaivakirja\/#website\",\"url\":\"https:\/\/suomenkuvalehti.fi\/kirjailijanpaivakirja\/\",\"name\":\"Kirjailijan p\u00e4iv\u00e4kirja\",\"description\":\"Proosakirjailijan arkea ja kirjallisuuden ajankohtaisia aiheita.\",\"potentialAction\":[{\"@type\":\"SearchAction\",\"target\":{\"@type\":\"EntryPoint\",\"urlTemplate\":\"https:\/\/suomenkuvalehti.fi\/haku\/?q={search_term_string}\"},\"query-input\":{\"@type\":\"PropertyValueSpecification\",\"valueRequired\":true,\"valueName\":\"search_term_string\"}}],\"inLanguage\":\"fi\"},{\"@type\":\"Person\",\"@id\":\"https:\/\/suomenkuvalehti.fi\/kirjailijanpaivakirja\/#\/schema\/person\/ca2dfd9d508d8c675e07b3c099fc789b\",\"name\":\"Karo H\u00e4m\u00e4l\u00e4inen\",\"image\":{\"@type\":\"ImageObject\",\"inLanguage\":\"fi\",\"@id\":\"https:\/\/suomenkuvalehti.fi\/kirjailijanpaivakirja\/#\/schema\/person\/image\/\",\"url\":\"https:\/\/suomenkuvalehti.fi\/kirjailijanpaivakirja\/wp-content\/uploads\/sites\/21\/2022\/04\/hamalainen_karo06-1-150x150.jpg\",\"contentUrl\":\"https:\/\/suomenkuvalehti.fi\/kirjailijanpaivakirja\/wp-content\/uploads\/sites\/21\/2022\/04\/hamalainen_karo06-1-150x150.jpg\",\"caption\":\"Karo H\u00e4m\u00e4l\u00e4inen\"},\"description\":\"Karo H\u00e4m\u00e4l\u00e4inen on kirjailija ja talouteen erikoistunut vapaa toimittaja.\"}]}<\/script>\n<!-- \/ Yoast SEO plugin. -->","yoast_head_json":{"title":"Ihmiset sekaisin kuin pussiin heitetyt luumut, kirsikat ja viikunat \u2013 Kansat yhtyv\u00e4t Ville Hyt\u00f6sen j\u00e4risytt\u00e4v\u00e4ss\u00e4 romaanissa - Kirjailijan p\u00e4iv\u00e4kirja","description":"Ville Hyt\u00f6sen Luumun polte (Gummerus, 2019) vie jo muutamalla lauseella niemimaalle, jonka identiteetti on muuttunut ja joka on etsinyt identiteettej\u00e4\u00e4n vuosikymmenten ja vuosisatojen ajan. Hyt\u00f6nen tavoittaa el\u00e4m\u00e4n ideologioiden ja stereotypioiden alta.","robots":{"index":"index","follow":"follow","max-snippet":"max-snippet:-1","max-image-preview":"max-image-preview:large","max-video-preview":"max-video-preview:-1"},"canonical":"https:\/\/suomenkuvalehti.fi\/kirjailijanpaivakirja\/ihmiset-sekaisin-kuin-pussiin-heitetyt-luumut-kirsikat-ja-viikunat-kansat-yhtyvat-ville-hytosen-jarisyttavassa-romaanissa\/","og_locale":"fi_FI","og_type":"article","og_title":"Ihmiset sekaisin kuin pussiin heitetyt luumut, kirsikat ja viikunat \u2013 Kansat yhtyv\u00e4t Ville Hyt\u00f6sen j\u00e4risytt\u00e4v\u00e4ss\u00e4 romaanissa - Kirjailijan p\u00e4iv\u00e4kirja","og_description":"Ville Hyt\u00f6sen Luumun polte (Gummerus, 2019) vie jo muutamalla lauseella niemimaalle, jonka identiteetti on muuttunut ja joka on etsinyt identiteettej\u00e4\u00e4n vuosikymmenten ja vuosisatojen ajan. Hyt\u00f6nen tavoittaa el\u00e4m\u00e4n ideologioiden ja stereotypioiden alta.","og_url":"https:\/\/suomenkuvalehti.fi\/kirjailijanpaivakirja\/ihmiset-sekaisin-kuin-pussiin-heitetyt-luumut-kirsikat-ja-viikunat-kansat-yhtyvat-ville-hytosen-jarisyttavassa-romaanissa\/","og_site_name":"Kirjailijan p\u00e4iv\u00e4kirja","article_published_time":"2019-03-31T06:48:58+00:00","article_modified_time":"2019-03-31T06:52:17+00:00","og_image":[{"url":"https:\/\/suomenkuvalehti.fi\/kirjailijanpaivakirja\/wp-content\/uploads\/sites\/21\/2019\/03\/luumun_polte11313-184x300.jpg","type":"","width":"","height":""}],"author":"Karo H\u00e4m\u00e4l\u00e4inen","twitter_card":"summary_large_image","twitter_misc":{"Written by":"Karo H\u00e4m\u00e4l\u00e4inen","Est. reading time":"3 minuuttia"},"schema":{"@context":"https:\/\/schema.org","@graph":[{"@type":"WebPage","@id":"https:\/\/suomenkuvalehti.fi\/kirjailijanpaivakirja\/ihmiset-sekaisin-kuin-pussiin-heitetyt-luumut-kirsikat-ja-viikunat-kansat-yhtyvat-ville-hytosen-jarisyttavassa-romaanissa\/","url":"https:\/\/suomenkuvalehti.fi\/kirjailijanpaivakirja\/ihmiset-sekaisin-kuin-pussiin-heitetyt-luumut-kirsikat-ja-viikunat-kansat-yhtyvat-ville-hytosen-jarisyttavassa-romaanissa\/","name":"Ihmiset sekaisin kuin pussiin heitetyt luumut, kirsikat ja viikunat \u2013 Kansat yhtyv\u00e4t Ville Hyt\u00f6sen j\u00e4risytt\u00e4v\u00e4ss\u00e4 romaanissa - Kirjailijan p\u00e4iv\u00e4kirja","isPartOf":{"@id":"https:\/\/suomenkuvalehti.fi\/kirjailijanpaivakirja\/#website"},"primaryImageOfPage":{"@id":"https:\/\/suomenkuvalehti.fi\/kirjailijanpaivakirja\/ihmiset-sekaisin-kuin-pussiin-heitetyt-luumut-kirsikat-ja-viikunat-kansat-yhtyvat-ville-hytosen-jarisyttavassa-romaanissa\/#primaryimage"},"image":{"@id":"https:\/\/suomenkuvalehti.fi\/kirjailijanpaivakirja\/ihmiset-sekaisin-kuin-pussiin-heitetyt-luumut-kirsikat-ja-viikunat-kansat-yhtyvat-ville-hytosen-jarisyttavassa-romaanissa\/#primaryimage"},"thumbnailUrl":"https:\/\/suomenkuvalehti.fi\/kirjailijanpaivakirja\/wp-content\/uploads\/sites\/21\/2019\/03\/luumun_polte11313-184x300.jpg","datePublished":"2019-03-31T06:48:58+00:00","dateModified":"2019-03-31T06:52:17+00:00","author":{"@id":"https:\/\/suomenkuvalehti.fi\/kirjailijanpaivakirja\/#\/schema\/person\/ca2dfd9d508d8c675e07b3c099fc789b"},"description":"Ville Hyt\u00f6sen Luumun polte (Gummerus, 2019) vie jo muutamalla lauseella niemimaalle, jonka identiteetti on muuttunut ja joka on etsinyt identiteettej\u00e4\u00e4n vuosikymmenten ja vuosisatojen ajan. Hyt\u00f6nen tavoittaa el\u00e4m\u00e4n ideologioiden ja stereotypioiden alta.","breadcrumb":{"@id":"https:\/\/suomenkuvalehti.fi\/kirjailijanpaivakirja\/ihmiset-sekaisin-kuin-pussiin-heitetyt-luumut-kirsikat-ja-viikunat-kansat-yhtyvat-ville-hytosen-jarisyttavassa-romaanissa\/#breadcrumb"},"inLanguage":"fi","potentialAction":[{"@type":"ReadAction","target":["https:\/\/suomenkuvalehti.fi\/kirjailijanpaivakirja\/ihmiset-sekaisin-kuin-pussiin-heitetyt-luumut-kirsikat-ja-viikunat-kansat-yhtyvat-ville-hytosen-jarisyttavassa-romaanissa\/"]}]},{"@type":"ImageObject","inLanguage":"fi","@id":"https:\/\/suomenkuvalehti.fi\/kirjailijanpaivakirja\/ihmiset-sekaisin-kuin-pussiin-heitetyt-luumut-kirsikat-ja-viikunat-kansat-yhtyvat-ville-hytosen-jarisyttavassa-romaanissa\/#primaryimage","url":"https:\/\/suomenkuvalehti.fi\/kirjailijanpaivakirja\/wp-content\/uploads\/sites\/21\/2019\/03\/luumun_polte11313.jpg","contentUrl":"https:\/\/suomenkuvalehti.fi\/kirjailijanpaivakirja\/wp-content\/uploads\/sites\/21\/2019\/03\/luumun_polte11313.jpg","width":1605,"height":2623,"caption":"Ville Hyt\u00f6nen: Luumun polte. Kansi: Jenni Noponen."},{"@type":"BreadcrumbList","@id":"https:\/\/suomenkuvalehti.fi\/kirjailijanpaivakirja\/ihmiset-sekaisin-kuin-pussiin-heitetyt-luumut-kirsikat-ja-viikunat-kansat-yhtyvat-ville-hytosen-jarisyttavassa-romaanissa\/#breadcrumb","itemListElement":[{"@type":"ListItem","position":1,"name":"Home","item":"https:\/\/suomenkuvalehti.fi\/kirjailijanpaivakirja\/"},{"@type":"ListItem","position":2,"name":"Ihmiset sekaisin kuin pussiin heitetyt luumut, kirsikat ja viikunat \u2013 Kansat yhtyv\u00e4t Ville Hyt\u00f6sen j\u00e4risytt\u00e4v\u00e4ss\u00e4 romaanissa"}]},{"@type":"WebSite","@id":"https:\/\/suomenkuvalehti.fi\/kirjailijanpaivakirja\/#website","url":"https:\/\/suomenkuvalehti.fi\/kirjailijanpaivakirja\/","name":"Kirjailijan p\u00e4iv\u00e4kirja","description":"Proosakirjailijan arkea ja kirjallisuuden ajankohtaisia aiheita.","potentialAction":[{"@type":"SearchAction","target":{"@type":"EntryPoint","urlTemplate":"https:\/\/suomenkuvalehti.fi\/haku\/?q={search_term_string}"},"query-input":{"@type":"PropertyValueSpecification","valueRequired":true,"valueName":"search_term_string"}}],"inLanguage":"fi"},{"@type":"Person","@id":"https:\/\/suomenkuvalehti.fi\/kirjailijanpaivakirja\/#\/schema\/person\/ca2dfd9d508d8c675e07b3c099fc789b","name":"Karo H\u00e4m\u00e4l\u00e4inen","image":{"@type":"ImageObject","inLanguage":"fi","@id":"https:\/\/suomenkuvalehti.fi\/kirjailijanpaivakirja\/#\/schema\/person\/image\/","url":"https:\/\/suomenkuvalehti.fi\/kirjailijanpaivakirja\/wp-content\/uploads\/sites\/21\/2022\/04\/hamalainen_karo06-1-150x150.jpg","contentUrl":"https:\/\/suomenkuvalehti.fi\/kirjailijanpaivakirja\/wp-content\/uploads\/sites\/21\/2022\/04\/hamalainen_karo06-1-150x150.jpg","caption":"Karo H\u00e4m\u00e4l\u00e4inen"},"description":"Karo H\u00e4m\u00e4l\u00e4inen on kirjailija ja talouteen erikoistunut vapaa toimittaja."}]}},"_links":{"self":[{"href":"https:\/\/suomenkuvalehti.fi\/kirjailijanpaivakirja\/wp-json\/wp\/v2\/posts\/1453","targetHints":{"allow":["GET"]}}],"collection":[{"href":"https:\/\/suomenkuvalehti.fi\/kirjailijanpaivakirja\/wp-json\/wp\/v2\/posts"}],"about":[{"href":"https:\/\/suomenkuvalehti.fi\/kirjailijanpaivakirja\/wp-json\/wp\/v2\/types\/post"}],"author":[{"embeddable":true,"href":"https:\/\/suomenkuvalehti.fi\/kirjailijanpaivakirja\/wp-json\/wp\/v2\/users\/129"}],"replies":[{"embeddable":true,"href":"https:\/\/suomenkuvalehti.fi\/kirjailijanpaivakirja\/wp-json\/wp\/v2\/comments?post=1453"}],"version-history":[{"count":1,"href":"https:\/\/suomenkuvalehti.fi\/kirjailijanpaivakirja\/wp-json\/wp\/v2\/posts\/1453\/revisions"}],"predecessor-version":[{"id":1455,"href":"https:\/\/suomenkuvalehti.fi\/kirjailijanpaivakirja\/wp-json\/wp\/v2\/posts\/1453\/revisions\/1455"}],"wp:attachment":[{"href":"https:\/\/suomenkuvalehti.fi\/kirjailijanpaivakirja\/wp-json\/wp\/v2\/media?parent=1453"}],"wp:term":[{"taxonomy":"category","embeddable":true,"href":"https:\/\/suomenkuvalehti.fi\/kirjailijanpaivakirja\/wp-json\/wp\/v2\/categories?post=1453"},{"taxonomy":"post_tag","embeddable":true,"href":"https:\/\/suomenkuvalehti.fi\/kirjailijanpaivakirja\/wp-json\/wp\/v2\/tags?post=1453"}],"curies":[{"name":"wp","href":"https:\/\/api.w.org\/{rel}","templated":true}]}}