{"id":1408,"date":"2019-02-01T09:08:57","date_gmt":"2019-02-01T07:08:57","guid":{"rendered":"https:\/\/suomenkuvalehti.fi\/kirjailijanpaivakirja\/?p=1408"},"modified":"2019-02-01T09:45:54","modified_gmt":"2019-02-01T07:45:54","slug":"mita-yksityisempaa-sita-yleisempaa-elamakerrassa-ja-autofiktiossa-lukijalle-puhuu-ihminen","status":"publish","type":"post","link":"https:\/\/suomenkuvalehti.fi\/kirjailijanpaivakirja\/mita-yksityisempaa-sita-yleisempaa-elamakerrassa-ja-autofiktiossa-lukijalle-puhuu-ihminen\/","title":{"rendered":"Mit\u00e4 yksityisemp\u00e4\u00e4, sit\u00e4 yleisemp\u00e4\u00e4 \u2013 el\u00e4m\u00e4kerrassa ja autofiktiossa lukijalle puhuu ihminen"},"content":{"rendered":"\n<p><span class=\"capitalized\">Ensisilm\u00e4ykselt\u00e4<\/span> voisi hairahtua luulemaan, ett\u00e4 <strong>Sinikka <\/strong>ja <strong>Tiina Nopolan<\/strong> <em>Siskossyndrooma<\/em> (Tammi, 2018) kertoo kahden 1960-luvun Tampereella lapsuutensa viett\u00e4neen tyt\u00f6n kasvusta ja kehityksest\u00e4 ja henkil\u00f6kohtaisista muistoista. Kirjan voisi kuvitella kiinnostavan lukijoita, jotka ovat heid\u00e4n kaltaisiaan ja jakavat samat kokemukset kuin he.<\/p>\n\n\n\n<p>Ja niin min\u00e4, ainoana lapsena 1980-luvun Mikkeliss\u00e4 varttunut poika luen kirjaa innostuneena ja l\u00f6yd\u00e4n siit\u00e4 itse\u00e4ni.<\/p>\n\n\n\n<p>Niin se kirjallisuus h\u00e4m\u00e4\u00e4.<\/p>\n\n\n\n<p>&nbsp;<\/p>\n\n\n\n<p><span class=\"capitalized\">Muistelma- ja el\u00e4m\u00e4kertakirjallisuuden<\/span> samoin kuin autofiktiivisten romaanien suosio on helppo ymm\u00e4rt\u00e4\u00e4. Niiss\u00e4 on \u00e4\u00e4ness\u00e4 ihminen.<\/p>\n\n\n\n<p>Yksi kertomakirjallisuuden lukemisen syist\u00e4 lienee tutustuminen omaan itseen. Ei edes ole paradoksaalista, ett\u00e4 sit\u00e4 voi tehd\u00e4 tutustumalla toisiin ihmisiin.<\/p>\n\n\n\n<p>Ihmisen\u00e4 olemisen kokemuksissa on paljon samaa kasvu- ja kulttuuriymp\u00e4rist\u00f6st\u00e4 riippumatta. Olemme enemm\u00e4n toistemme kaltaisia kuin erilaisia, mik\u00e4 sekin on hyv\u00e4 huomata, kun julkisessa keskustelussa puhutaan vaikkapa maahanmuutosta ja kulttuurieroista.<\/p>\n\n\n\n<p>&nbsp;<\/p>\n\n\n<figure class=\"alignleft size-medium wp-block-image\">\n  <div class=\"wp-block-image__inner-container\">\n    <a href='https:\/\/suomenkuvalehti.fi\/kirjailijanpaivakirja\/wp-content\/uploads\/sites\/21\/2019\/02\/nopot.jpg'><img loading=\"lazy\" decoding=\"async\" src=\"https:\/\/suomenkuvalehti.fi\/kirjailijanpaivakirja\/wp-content\/uploads\/sites\/21\/2019\/02\/nopot-300x224.jpg\" alt=\"\" class=\"wp-image-1410\" width=\"6520\" height=\"4865\" style=\"--aspect-ratio: 1.34\" srcset=\"https:\/\/suomenkuvalehti.fi\/kirjailijanpaivakirja\/wp-content\/uploads\/sites\/21\/2019\/02\/nopot-300x224.jpg 300w, https:\/\/suomenkuvalehti.fi\/kirjailijanpaivakirja\/wp-content\/uploads\/sites\/21\/2019\/02\/nopot-768x573.jpg 768w, https:\/\/suomenkuvalehti.fi\/kirjailijanpaivakirja\/wp-content\/uploads\/sites\/21\/2019\/02\/nopot-1024x764.jpg 1024w, https:\/\/suomenkuvalehti.fi\/kirjailijanpaivakirja\/wp-content\/uploads\/sites\/21\/2019\/02\/nopot-630x470.jpg 630w\" sizes=\"auto, (max-width: 6520px) 100vw, 6520px\" \/><\/a>    <figcaption class=\"wp-block-image__figcaption\">\n      Tiina ja Sinikka Nopola      <span class='wp-block-image__copyright'>&copy; Tammi \/ Jari Riihim\u00e4ki<\/span>    <\/figcaption>\n      <\/div>\n<\/figure>\n\n\n<p><span class=\"capitalized\">Mit\u00e4 yksityisemmin<\/span> kirjailija tai el\u00e4m\u00e4kerturi kirjoittaa, sit\u00e4 yleisemp\u00e4\u00e4 teksti on. Se on jo jollain tapaa paradoksi.<\/p>\n\n\n\n<p>Esimerkiksi Nopolan sisaruksilla on valtavasti silm\u00e4\u00e4 ja korvaa pienille yksityiskohdille, jotka kapseloivat ajan.<\/p>\n\n\n\n<p>\u201dNapsuttelu tulee muotiin West Side Storyn ansiosta\u201d, Sinikka Nopola kirjoittaa.<\/p>\n\n\n\n<p>\u201dKorotettiinko <strong>Frederik<\/strong> huussista saunakamariin? Miksei h\u00e4n j\u00e4\u00e4nyt huussiin? Ehk\u00e4 siksi, ett\u00e4 h\u00e4n oli kuningas. \u2013\u2013 Nostivatko ne kuvat m\u00f6kkeilyn tunnelmaa arkisesta ylev\u00e4mm\u00e4ksi?\u201d Tiina Nopola kysyy.<\/p>\n\n\n\n<p>Oitis jokainen tunnistaa jonkin muoti-ilmi\u00f6n ja sen synnyn, ja jokaisella m\u00f6kkeilev\u00e4ll\u00e4 on suhde ulkohuussin sein\u00e4ll\u00e4 oleviin kuviin, oli niit\u00e4 tai ei ja oli m\u00f6kki\u00e4 tai ei.<\/p>\n\n\n\n<p>&nbsp;<\/p>\n\n\n\n<p><span class=\"capitalized\"><em>Siskossyndroomasta<\/em> <\/span>t\u00e4ytyy sanoa viel\u00e4 se, ett\u00e4 kirja on melkoinen hybridi ja samalla osoitus kirjamuodon mahdollisuuksista. Teos koostuu muistelmallisista miniesseist\u00e4, kaunokirjallishenkisist\u00e4 bagatelleista, n\u00e4ytelm\u00e4plarityyliin kirjoitetuista dialogeista ja runsaasta joukosta v\u00e4rivalokuvia.<\/p>\n\n\n\n<p>Kirjaa on poikkeuksellisen helppo l\u00e4hesty\u00e4 ja selailla. Sen voi aloittaa mist\u00e4 vain ja panna hetken kuluttua syrj\u00e4\u00e4n \u2013 tai uppoutua tutkimaan historian haalentaman valokuvan yksityiskohtia ja vaipua muistoihin.<\/p>\n\n\n\n<p>Tihe\u00e4sti tikkaava dialogi on tietokirjoissa tuikiharvinainen muoto, mutta Nopolat ovat siin\u00e4 v\u00e4hint\u00e4\u00e4n Suomen mestareita. Dialogiteksteiss\u00e4 hersyy sisarusten v\u00e4linen nokittelu ja kaunokirjallisesti taiten rakennettu luonnollisuus.<\/p>\n\n\n\n<p>&nbsp;<\/p>\n\n\n","protected":false},"excerpt":{"rendered":"<p>Ensisilm\u00e4ykselt\u00e4 voisi hairahtua luulemaan, ett\u00e4 Sinikka ja Tiina Nopolan Siskossyndrooma (Tammi, 2018) kertoo kahden 1960-luvun Tampereella lapsuutensa viett\u00e4neen tyt\u00f6n kasvusta ja kehityksest\u00e4 ja henkil\u00f6kohtaisista muistoista.<br \/>\nKirjan&hellip;<\/p>\n","protected":false},"author":129,"featured_media":0,"comment_status":"open","ping_status":"open","sticky":false,"template":"","format":"standard","meta":{"_acf_changed":false,"asauth_required_access_level":3,"asauth_cansharepaid":"true","om_header_attributes":[],"footnotes":"","om_featured_image_focal_point":[],"om_primary_tag":0,"om_contributors":[],"om_co_authors":[],"beyondwords_generate_audio":"","beyondwords_project_id":"","beyondwords_content_id":"","beyondwords_preview_token":"","beyondwords_player_content":"","beyondwords_player_style":"","beyondwords_language_code":"","beyondwords_language_id":"","beyondwords_title_voice_id":"","beyondwords_body_voice_id":"","beyondwords_summary_voice_id":"","beyondwords_error_message":"","beyondwords_disabled":"","beyondwords_delete_content":"","beyondwords_podcast_id":"","beyondwords_hash":"","publish_post_to_speechkit":"","speechkit_hash":"","speechkit_generate_audio":"","speechkit_project_id":"","speechkit_podcast_id":"","speechkit_error_message":"","speechkit_disabled":"","speechkit_access_key":"","speechkit_error":"","speechkit_info":"","speechkit_response":"","speechkit_retries":"","speechkit_status":"","speechkit_updated_at":"","_speechkit_link":"","_speechkit_text":""},"categories":[1],"tags":[215,1246,1247],"class_list":["post-1408","post","type-post","status-publish","format-standard","hentry","category-kirjailijan-paivakirja","tag-sinikka-nopola","tag-siskossyndrooma","tag-tiina-nopola"],"om_views":null,"acf":{"tuuma_off":false,"tuuma_kysymys":"","tuuma_vastaus":""},"asauth":{"required_access_level":1,"share_token":"","is_paid":false},"yoast_head":"<!-- This site is optimized with the Yoast SEO plugin v26.4 - https:\/\/yoast.com\/wordpress\/plugins\/seo\/ -->\n<title>Mit\u00e4 yksityisemp\u00e4\u00e4, sit\u00e4 yleisemp\u00e4\u00e4 \u2013 el\u00e4m\u00e4kerrassa ja autofiktiossa lukijalle puhuu ihminen - Kirjailijan p\u00e4iv\u00e4kirja<\/title>\n<meta name=\"robots\" content=\"index, follow, max-snippet:-1, max-image-preview:large, max-video-preview:-1\" \/>\n<link rel=\"canonical\" href=\"https:\/\/suomenkuvalehti.fi\/kirjailijanpaivakirja\/mita-yksityisempaa-sita-yleisempaa-elamakerrassa-ja-autofiktiossa-lukijalle-puhuu-ihminen\/\" \/>\n<meta property=\"og:locale\" content=\"fi_FI\" \/>\n<meta property=\"og:type\" content=\"article\" \/>\n<meta property=\"og:title\" content=\"Mit\u00e4 yksityisemp\u00e4\u00e4, sit\u00e4 yleisemp\u00e4\u00e4 \u2013 el\u00e4m\u00e4kerrassa ja autofiktiossa lukijalle puhuu ihminen - Kirjailijan p\u00e4iv\u00e4kirja\" \/>\n<meta property=\"og:description\" content=\"Ensisilm\u00e4ykselt\u00e4 voisi hairahtua luulemaan, ett\u00e4 Sinikka ja Tiina Nopolan Siskossyndrooma (Tammi, 2018) kertoo kahden 1960-luvun Tampereella lapsuutensa viett\u00e4neen tyt\u00f6n kasvusta ja kehityksest\u00e4 ja henkil\u00f6kohtaisista muistoista. Kirjan&hellip;\" \/>\n<meta property=\"og:url\" content=\"https:\/\/suomenkuvalehti.fi\/kirjailijanpaivakirja\/mita-yksityisempaa-sita-yleisempaa-elamakerrassa-ja-autofiktiossa-lukijalle-puhuu-ihminen\/\" \/>\n<meta property=\"og:site_name\" content=\"Kirjailijan p\u00e4iv\u00e4kirja\" \/>\n<meta property=\"article:published_time\" content=\"2019-02-01T07:08:57+00:00\" \/>\n<meta property=\"article:modified_time\" content=\"2019-02-01T07:45:54+00:00\" \/>\n<meta property=\"og:image\" content=\"https:\/\/suomenkuvalehti.fi\/kirjailijanpaivakirja\/wp-content\/uploads\/sites\/21\/2019\/02\/nopot-300x224.jpg\" \/>\n<meta name=\"author\" content=\"Karo H\u00e4m\u00e4l\u00e4inen\" \/>\n<meta name=\"twitter:card\" content=\"summary_large_image\" \/>\n<meta name=\"twitter:label1\" content=\"Written by\" \/>\n\t<meta name=\"twitter:data1\" content=\"Karo H\u00e4m\u00e4l\u00e4inen\" \/>\n\t<meta name=\"twitter:label2\" content=\"Est. reading time\" \/>\n\t<meta name=\"twitter:data2\" content=\"2 minuuttia\" \/>\n<script type=\"application\/ld+json\" class=\"yoast-schema-graph\">{\"@context\":\"https:\/\/schema.org\",\"@graph\":[{\"@type\":\"WebPage\",\"@id\":\"https:\/\/suomenkuvalehti.fi\/kirjailijanpaivakirja\/mita-yksityisempaa-sita-yleisempaa-elamakerrassa-ja-autofiktiossa-lukijalle-puhuu-ihminen\/\",\"url\":\"https:\/\/suomenkuvalehti.fi\/kirjailijanpaivakirja\/mita-yksityisempaa-sita-yleisempaa-elamakerrassa-ja-autofiktiossa-lukijalle-puhuu-ihminen\/\",\"name\":\"Mit\u00e4 yksityisemp\u00e4\u00e4, sit\u00e4 yleisemp\u00e4\u00e4 \u2013 el\u00e4m\u00e4kerrassa ja autofiktiossa lukijalle puhuu ihminen - Kirjailijan p\u00e4iv\u00e4kirja\",\"isPartOf\":{\"@id\":\"https:\/\/suomenkuvalehti.fi\/kirjailijanpaivakirja\/#website\"},\"primaryImageOfPage\":{\"@id\":\"https:\/\/suomenkuvalehti.fi\/kirjailijanpaivakirja\/mita-yksityisempaa-sita-yleisempaa-elamakerrassa-ja-autofiktiossa-lukijalle-puhuu-ihminen\/#primaryimage\"},\"image\":{\"@id\":\"https:\/\/suomenkuvalehti.fi\/kirjailijanpaivakirja\/mita-yksityisempaa-sita-yleisempaa-elamakerrassa-ja-autofiktiossa-lukijalle-puhuu-ihminen\/#primaryimage\"},\"thumbnailUrl\":\"https:\/\/suomenkuvalehti.fi\/kirjailijanpaivakirja\/wp-content\/uploads\/sites\/21\/2019\/02\/nopot-300x224.jpg\",\"datePublished\":\"2019-02-01T07:08:57+00:00\",\"dateModified\":\"2019-02-01T07:45:54+00:00\",\"author\":{\"@id\":\"https:\/\/suomenkuvalehti.fi\/kirjailijanpaivakirja\/#\/schema\/person\/ca2dfd9d508d8c675e07b3c099fc789b\"},\"breadcrumb\":{\"@id\":\"https:\/\/suomenkuvalehti.fi\/kirjailijanpaivakirja\/mita-yksityisempaa-sita-yleisempaa-elamakerrassa-ja-autofiktiossa-lukijalle-puhuu-ihminen\/#breadcrumb\"},\"inLanguage\":\"fi\",\"potentialAction\":[{\"@type\":\"ReadAction\",\"target\":[\"https:\/\/suomenkuvalehti.fi\/kirjailijanpaivakirja\/mita-yksityisempaa-sita-yleisempaa-elamakerrassa-ja-autofiktiossa-lukijalle-puhuu-ihminen\/\"]}]},{\"@type\":\"ImageObject\",\"inLanguage\":\"fi\",\"@id\":\"https:\/\/suomenkuvalehti.fi\/kirjailijanpaivakirja\/mita-yksityisempaa-sita-yleisempaa-elamakerrassa-ja-autofiktiossa-lukijalle-puhuu-ihminen\/#primaryimage\",\"url\":\"https:\/\/suomenkuvalehti.fi\/kirjailijanpaivakirja\/wp-content\/uploads\/sites\/21\/2019\/02\/nopot.jpg\",\"contentUrl\":\"https:\/\/suomenkuvalehti.fi\/kirjailijanpaivakirja\/wp-content\/uploads\/sites\/21\/2019\/02\/nopot.jpg\",\"width\":6520,\"height\":4865,\"caption\":\"Tiina ja Sinikka Nopola\"},{\"@type\":\"BreadcrumbList\",\"@id\":\"https:\/\/suomenkuvalehti.fi\/kirjailijanpaivakirja\/mita-yksityisempaa-sita-yleisempaa-elamakerrassa-ja-autofiktiossa-lukijalle-puhuu-ihminen\/#breadcrumb\",\"itemListElement\":[{\"@type\":\"ListItem\",\"position\":1,\"name\":\"Home\",\"item\":\"https:\/\/suomenkuvalehti.fi\/kirjailijanpaivakirja\/\"},{\"@type\":\"ListItem\",\"position\":2,\"name\":\"Mit\u00e4 yksityisemp\u00e4\u00e4, sit\u00e4 yleisemp\u00e4\u00e4 \u2013 el\u00e4m\u00e4kerrassa ja autofiktiossa lukijalle puhuu ihminen\"}]},{\"@type\":\"WebSite\",\"@id\":\"https:\/\/suomenkuvalehti.fi\/kirjailijanpaivakirja\/#website\",\"url\":\"https:\/\/suomenkuvalehti.fi\/kirjailijanpaivakirja\/\",\"name\":\"Kirjailijan p\u00e4iv\u00e4kirja\",\"description\":\"Proosakirjailijan arkea ja kirjallisuuden ajankohtaisia aiheita.\",\"potentialAction\":[{\"@type\":\"SearchAction\",\"target\":{\"@type\":\"EntryPoint\",\"urlTemplate\":\"https:\/\/suomenkuvalehti.fi\/haku\/?q={search_term_string}\"},\"query-input\":{\"@type\":\"PropertyValueSpecification\",\"valueRequired\":true,\"valueName\":\"search_term_string\"}}],\"inLanguage\":\"fi\"},{\"@type\":\"Person\",\"@id\":\"https:\/\/suomenkuvalehti.fi\/kirjailijanpaivakirja\/#\/schema\/person\/ca2dfd9d508d8c675e07b3c099fc789b\",\"name\":\"Karo H\u00e4m\u00e4l\u00e4inen\",\"image\":{\"@type\":\"ImageObject\",\"inLanguage\":\"fi\",\"@id\":\"https:\/\/suomenkuvalehti.fi\/kirjailijanpaivakirja\/#\/schema\/person\/image\/\",\"url\":\"https:\/\/suomenkuvalehti.fi\/kirjailijanpaivakirja\/wp-content\/uploads\/sites\/21\/2022\/04\/hamalainen_karo06-1-150x150.jpg\",\"contentUrl\":\"https:\/\/suomenkuvalehti.fi\/kirjailijanpaivakirja\/wp-content\/uploads\/sites\/21\/2022\/04\/hamalainen_karo06-1-150x150.jpg\",\"caption\":\"Karo H\u00e4m\u00e4l\u00e4inen\"},\"description\":\"Karo H\u00e4m\u00e4l\u00e4inen on kirjailija ja talouteen erikoistunut vapaa toimittaja.\"}]}<\/script>\n<!-- \/ Yoast SEO plugin. -->","yoast_head_json":{"title":"Mit\u00e4 yksityisemp\u00e4\u00e4, sit\u00e4 yleisemp\u00e4\u00e4 \u2013 el\u00e4m\u00e4kerrassa ja autofiktiossa lukijalle puhuu ihminen - Kirjailijan p\u00e4iv\u00e4kirja","robots":{"index":"index","follow":"follow","max-snippet":"max-snippet:-1","max-image-preview":"max-image-preview:large","max-video-preview":"max-video-preview:-1"},"canonical":"https:\/\/suomenkuvalehti.fi\/kirjailijanpaivakirja\/mita-yksityisempaa-sita-yleisempaa-elamakerrassa-ja-autofiktiossa-lukijalle-puhuu-ihminen\/","og_locale":"fi_FI","og_type":"article","og_title":"Mit\u00e4 yksityisemp\u00e4\u00e4, sit\u00e4 yleisemp\u00e4\u00e4 \u2013 el\u00e4m\u00e4kerrassa ja autofiktiossa lukijalle puhuu ihminen - Kirjailijan p\u00e4iv\u00e4kirja","og_description":"Ensisilm\u00e4ykselt\u00e4 voisi hairahtua luulemaan, ett\u00e4 Sinikka ja Tiina Nopolan Siskossyndrooma (Tammi, 2018) kertoo kahden 1960-luvun Tampereella lapsuutensa viett\u00e4neen tyt\u00f6n kasvusta ja kehityksest\u00e4 ja henkil\u00f6kohtaisista muistoista. Kirjan&hellip;","og_url":"https:\/\/suomenkuvalehti.fi\/kirjailijanpaivakirja\/mita-yksityisempaa-sita-yleisempaa-elamakerrassa-ja-autofiktiossa-lukijalle-puhuu-ihminen\/","og_site_name":"Kirjailijan p\u00e4iv\u00e4kirja","article_published_time":"2019-02-01T07:08:57+00:00","article_modified_time":"2019-02-01T07:45:54+00:00","og_image":[{"url":"https:\/\/suomenkuvalehti.fi\/kirjailijanpaivakirja\/wp-content\/uploads\/sites\/21\/2019\/02\/nopot-300x224.jpg","type":"","width":"","height":""}],"author":"Karo H\u00e4m\u00e4l\u00e4inen","twitter_card":"summary_large_image","twitter_misc":{"Written by":"Karo H\u00e4m\u00e4l\u00e4inen","Est. reading time":"2 minuuttia"},"schema":{"@context":"https:\/\/schema.org","@graph":[{"@type":"WebPage","@id":"https:\/\/suomenkuvalehti.fi\/kirjailijanpaivakirja\/mita-yksityisempaa-sita-yleisempaa-elamakerrassa-ja-autofiktiossa-lukijalle-puhuu-ihminen\/","url":"https:\/\/suomenkuvalehti.fi\/kirjailijanpaivakirja\/mita-yksityisempaa-sita-yleisempaa-elamakerrassa-ja-autofiktiossa-lukijalle-puhuu-ihminen\/","name":"Mit\u00e4 yksityisemp\u00e4\u00e4, sit\u00e4 yleisemp\u00e4\u00e4 \u2013 el\u00e4m\u00e4kerrassa ja autofiktiossa lukijalle puhuu ihminen - Kirjailijan p\u00e4iv\u00e4kirja","isPartOf":{"@id":"https:\/\/suomenkuvalehti.fi\/kirjailijanpaivakirja\/#website"},"primaryImageOfPage":{"@id":"https:\/\/suomenkuvalehti.fi\/kirjailijanpaivakirja\/mita-yksityisempaa-sita-yleisempaa-elamakerrassa-ja-autofiktiossa-lukijalle-puhuu-ihminen\/#primaryimage"},"image":{"@id":"https:\/\/suomenkuvalehti.fi\/kirjailijanpaivakirja\/mita-yksityisempaa-sita-yleisempaa-elamakerrassa-ja-autofiktiossa-lukijalle-puhuu-ihminen\/#primaryimage"},"thumbnailUrl":"https:\/\/suomenkuvalehti.fi\/kirjailijanpaivakirja\/wp-content\/uploads\/sites\/21\/2019\/02\/nopot-300x224.jpg","datePublished":"2019-02-01T07:08:57+00:00","dateModified":"2019-02-01T07:45:54+00:00","author":{"@id":"https:\/\/suomenkuvalehti.fi\/kirjailijanpaivakirja\/#\/schema\/person\/ca2dfd9d508d8c675e07b3c099fc789b"},"breadcrumb":{"@id":"https:\/\/suomenkuvalehti.fi\/kirjailijanpaivakirja\/mita-yksityisempaa-sita-yleisempaa-elamakerrassa-ja-autofiktiossa-lukijalle-puhuu-ihminen\/#breadcrumb"},"inLanguage":"fi","potentialAction":[{"@type":"ReadAction","target":["https:\/\/suomenkuvalehti.fi\/kirjailijanpaivakirja\/mita-yksityisempaa-sita-yleisempaa-elamakerrassa-ja-autofiktiossa-lukijalle-puhuu-ihminen\/"]}]},{"@type":"ImageObject","inLanguage":"fi","@id":"https:\/\/suomenkuvalehti.fi\/kirjailijanpaivakirja\/mita-yksityisempaa-sita-yleisempaa-elamakerrassa-ja-autofiktiossa-lukijalle-puhuu-ihminen\/#primaryimage","url":"https:\/\/suomenkuvalehti.fi\/kirjailijanpaivakirja\/wp-content\/uploads\/sites\/21\/2019\/02\/nopot.jpg","contentUrl":"https:\/\/suomenkuvalehti.fi\/kirjailijanpaivakirja\/wp-content\/uploads\/sites\/21\/2019\/02\/nopot.jpg","width":6520,"height":4865,"caption":"Tiina ja Sinikka Nopola"},{"@type":"BreadcrumbList","@id":"https:\/\/suomenkuvalehti.fi\/kirjailijanpaivakirja\/mita-yksityisempaa-sita-yleisempaa-elamakerrassa-ja-autofiktiossa-lukijalle-puhuu-ihminen\/#breadcrumb","itemListElement":[{"@type":"ListItem","position":1,"name":"Home","item":"https:\/\/suomenkuvalehti.fi\/kirjailijanpaivakirja\/"},{"@type":"ListItem","position":2,"name":"Mit\u00e4 yksityisemp\u00e4\u00e4, sit\u00e4 yleisemp\u00e4\u00e4 \u2013 el\u00e4m\u00e4kerrassa ja autofiktiossa lukijalle puhuu ihminen"}]},{"@type":"WebSite","@id":"https:\/\/suomenkuvalehti.fi\/kirjailijanpaivakirja\/#website","url":"https:\/\/suomenkuvalehti.fi\/kirjailijanpaivakirja\/","name":"Kirjailijan p\u00e4iv\u00e4kirja","description":"Proosakirjailijan arkea ja kirjallisuuden ajankohtaisia aiheita.","potentialAction":[{"@type":"SearchAction","target":{"@type":"EntryPoint","urlTemplate":"https:\/\/suomenkuvalehti.fi\/haku\/?q={search_term_string}"},"query-input":{"@type":"PropertyValueSpecification","valueRequired":true,"valueName":"search_term_string"}}],"inLanguage":"fi"},{"@type":"Person","@id":"https:\/\/suomenkuvalehti.fi\/kirjailijanpaivakirja\/#\/schema\/person\/ca2dfd9d508d8c675e07b3c099fc789b","name":"Karo H\u00e4m\u00e4l\u00e4inen","image":{"@type":"ImageObject","inLanguage":"fi","@id":"https:\/\/suomenkuvalehti.fi\/kirjailijanpaivakirja\/#\/schema\/person\/image\/","url":"https:\/\/suomenkuvalehti.fi\/kirjailijanpaivakirja\/wp-content\/uploads\/sites\/21\/2022\/04\/hamalainen_karo06-1-150x150.jpg","contentUrl":"https:\/\/suomenkuvalehti.fi\/kirjailijanpaivakirja\/wp-content\/uploads\/sites\/21\/2022\/04\/hamalainen_karo06-1-150x150.jpg","caption":"Karo H\u00e4m\u00e4l\u00e4inen"},"description":"Karo H\u00e4m\u00e4l\u00e4inen on kirjailija ja talouteen erikoistunut vapaa toimittaja."}]}},"_links":{"self":[{"href":"https:\/\/suomenkuvalehti.fi\/kirjailijanpaivakirja\/wp-json\/wp\/v2\/posts\/1408","targetHints":{"allow":["GET"]}}],"collection":[{"href":"https:\/\/suomenkuvalehti.fi\/kirjailijanpaivakirja\/wp-json\/wp\/v2\/posts"}],"about":[{"href":"https:\/\/suomenkuvalehti.fi\/kirjailijanpaivakirja\/wp-json\/wp\/v2\/types\/post"}],"author":[{"embeddable":true,"href":"https:\/\/suomenkuvalehti.fi\/kirjailijanpaivakirja\/wp-json\/wp\/v2\/users\/129"}],"replies":[{"embeddable":true,"href":"https:\/\/suomenkuvalehti.fi\/kirjailijanpaivakirja\/wp-json\/wp\/v2\/comments?post=1408"}],"version-history":[{"count":3,"href":"https:\/\/suomenkuvalehti.fi\/kirjailijanpaivakirja\/wp-json\/wp\/v2\/posts\/1408\/revisions"}],"predecessor-version":[{"id":1412,"href":"https:\/\/suomenkuvalehti.fi\/kirjailijanpaivakirja\/wp-json\/wp\/v2\/posts\/1408\/revisions\/1412"}],"wp:attachment":[{"href":"https:\/\/suomenkuvalehti.fi\/kirjailijanpaivakirja\/wp-json\/wp\/v2\/media?parent=1408"}],"wp:term":[{"taxonomy":"category","embeddable":true,"href":"https:\/\/suomenkuvalehti.fi\/kirjailijanpaivakirja\/wp-json\/wp\/v2\/categories?post=1408"},{"taxonomy":"post_tag","embeddable":true,"href":"https:\/\/suomenkuvalehti.fi\/kirjailijanpaivakirja\/wp-json\/wp\/v2\/tags?post=1408"}],"curies":[{"name":"wp","href":"https:\/\/api.w.org\/{rel}","templated":true}]}}