{"id":1376,"date":"2019-01-16T09:01:02","date_gmt":"2019-01-16T07:01:02","guid":{"rendered":"https:\/\/suomenkuvalehti.fi\/kirjailijanpaivakirja\/?p=1376"},"modified":"2019-01-16T09:01:02","modified_gmt":"2019-01-16T07:01:02","slug":"agricolan-rucouskiria-tahdittaa-kansalliskirjaston-reenpaa-aarreaittaa","status":"publish","type":"post","link":"https:\/\/suomenkuvalehti.fi\/kirjailijanpaivakirja\/agricolan-rucouskiria-tahdittaa-kansalliskirjaston-reenpaa-aarreaittaa\/","title":{"rendered":"Agricolan Rucouskiria t\u00e4hditt\u00e4\u00e4 Kansalliskirjaston Reenp\u00e4\u00e4-aarreaittaa"},"content":{"rendered":"\n<p><span class=\"capitalized\"><strong>Mikael Agricolan<\/strong><\/span> <em>Rucouskiria<\/em> vuodelta 1544 on toinen suomen kielell\u00e4 ilmestynyt kirja. Ensimm\u00e4isest\u00e4, Agricolan vuotta aiemmin julkaisemasta <em>ABCkiriasta<\/em>, ei ole olemassa yht\u00e4\u00e4n kokonaisena s\u00e4ilynytt\u00e4 kappaletta.<\/p>\n\n\n\n<p>Kokonainen <em>Rucouskiria<\/em> on siten melkoinen aarre. Sellainen kimaltelee Kansalliskirjaston Reenp\u00e4\u00e4-kirjaston t\u00e4hten\u00e4.<\/p>\n\n\n\n<p>Professori <strong>Heikki A. Reenp\u00e4\u00e4 <\/strong>(s. 1922) hankki teoksen helsinkil\u00e4isest\u00e4 antikvariaatista, jonne se oli p\u00e4\u00e4tynyt Vaasan hovioikeuden presidenttin\u00e4 ty\u00f6skennelleen<strong> Eero Rewellin <\/strong>(1907\u20131987) kokoelmista.<\/p>\n\n\n\n<p>&nbsp;<\/p>\n\n\n\n<p><span class=\"capitalized\">Joulun alla<\/span> Kansalliskirjaston Reenp\u00e4\u00e4-kirjastoon avattiin t\u00e4ydennysosa, joka on saanut oman huoneensa kirjaston Fabianinkadun-siipeen. Kirjasto on avoin Kansalliskirjaston k\u00e4ytt\u00e4jille.<\/p>\n\n\n\n<p>Reenp\u00e4\u00e4-kokoelma k\u00e4sitt\u00e4\u00e4 yli 20&nbsp;000 nidett\u00e4 suomalaista ja Suomea koskevaa kirjallisuutta koko kirjallisen historiamme ajalta. Mukana on luonnollisesti my\u00f6s Reenp\u00e4\u00e4n (Renqvistin) suvun kustantamia kirjoja, esimerkiksi t\u00e4ydellinen kokoelma her\u00e4nn\u00e4ispappi <strong>Henrik Renqvistin (<\/strong>1789\u20131866) kustantamista 66 kirjasta.<\/p>\n\n\n\n<p>Reenp\u00e4\u00e4n suvun Otava on Suomen suurin kirjankustantamo. Heikki A. Reenp\u00e4\u00e4n isois\u00e4 <strong>Alvar Renqvist<\/strong> (1868\u20131949) aloitti Otavan toimitusjohtajana vuonna 1892.<\/p>\n\n\n\n<p>&nbsp;<\/p>\n\n\n\n<p><span class=\"capitalized\">Reenp\u00e4\u00e4-kirjaston<\/span> erikoisuus \u2013 <em>Rucouskirja<\/em>n ohella\u2013 on suuri kokoelma Suomen ensimm\u00e4isess\u00e4 kirjapainossa, Turkuun vuonna 1642 perustetussa Frenckellin painossa, painettuja teoksia. Frenckellin Kirjapaino oli pitk\u00e4\u00e4n Suomen vanhin yritys, kunnes se ajautui konkurssiin vuonna 2008.<\/p>\n\n\n\n<p>Kokoelmassa on my\u00f6s useita tuhansia Turun Akatemian v\u00e4it\u00f6skirjoja. Niist\u00e4 vain yksi on suomeksi, muut on kirjoitettu latinaksi, ruotsiksi ja kreikaksi.<\/p>\n\n\n\n<p>Suomenkielisten <em>Raamattujen<\/em> ja <em>Uusien testamenttien<\/em> sarja on t\u00e4ydellinen vuodesta 1548 alkaen. My\u00f6s aapisten valikoima <strong>Johannes Gezelius vanhemman<\/strong> <em>Yxi paras lasten tawarasta<\/em> (1680) nykyp\u00e4iv\u00e4\u00e4n on t\u00e4ydellinen.<\/p>\n\n\n\n<p>Reenp\u00e4\u00e4-kokoelma sis\u00e4lt\u00e4\u00e4 my\u00f6s yli 150 suomalaisen kirjailijan tuotannon ensipainoksina <strong>Aleksis Kivest\u00e4<\/strong> <strong>Olli Jaloseen<\/strong> ja <strong>J. L. Runebergista<\/strong> <strong>J\u00f6rn Donneriin<\/strong> \u2013 ja t\u00e4m\u00e4n <strong>Rafael<\/strong>-poikaan.<\/p>\n\n\n\n<p>&nbsp;<\/p>\n\n\n\n<p><em>Suomen Kuvalehte\u00e4 kustantava Otavamedia kuuluu Otava-konserniin.<\/em><\/p>\n\n\n","protected":false},"excerpt":{"rendered":"<p>Mikael Agricolan Rucouskiria vuodelta 1544 on toinen suomen kielell\u00e4 ilmestynyt kirja. Ensimm\u00e4isest\u00e4, Agricolan vuotta aiemmin julkaisemasta ABCkiriasta, ei ole olemassa yht\u00e4\u00e4n kokonaisena s\u00e4ilynytt\u00e4 kappaletta. Kokonainen Rucouskiria on siten melkoinen<br \/>\naarre.&hellip;<\/p>\n","protected":false},"author":129,"featured_media":0,"comment_status":"open","ping_status":"open","sticky":false,"template":"","format":"standard","meta":{"_acf_changed":false,"asauth_required_access_level":3,"asauth_cansharepaid":"true","om_header_attributes":[],"footnotes":"","om_featured_image_focal_point":[],"om_primary_tag":0,"om_contributors":[],"om_co_authors":[],"beyondwords_generate_audio":"","beyondwords_project_id":"","beyondwords_content_id":"","beyondwords_preview_token":"","beyondwords_player_content":"","beyondwords_player_style":"","beyondwords_language_code":"","beyondwords_language_id":"","beyondwords_title_voice_id":"","beyondwords_body_voice_id":"","beyondwords_summary_voice_id":"","beyondwords_error_message":"","beyondwords_disabled":"","beyondwords_delete_content":"","beyondwords_podcast_id":"","beyondwords_hash":"","publish_post_to_speechkit":"","speechkit_hash":"","speechkit_generate_audio":"","speechkit_project_id":"","speechkit_podcast_id":"","speechkit_error_message":"","speechkit_disabled":"","speechkit_access_key":"","speechkit_error":"","speechkit_info":"","speechkit_response":"","speechkit_retries":"","speechkit_status":"","speechkit_updated_at":"","_speechkit_link":"","_speechkit_text":""},"categories":[1],"tags":[1237,1236,1238,1235],"class_list":["post-1376","post","type-post","status-publish","format-standard","hentry","category-kirjailijan-paivakirja","tag-heikki-a-reenpaa","tag-kansalliskirjasto","tag-mikael-agricola","tag-reenpaa-kirjasto"],"om_views":null,"acf":{"tuuma_off":false,"tuuma_kysymys":"","tuuma_vastaus":""},"asauth":{"required_access_level":1,"share_token":"","is_paid":false},"yoast_head":"<!-- This site is optimized with the Yoast SEO plugin v26.4 - https:\/\/yoast.com\/wordpress\/plugins\/seo\/ -->\n<title>Agricolan Rucouskiria t\u00e4hditt\u00e4\u00e4 Kansalliskirjaston Reenp\u00e4\u00e4-aarreaittaa - Kirjailijan p\u00e4iv\u00e4kirja<\/title>\n<meta name=\"robots\" content=\"index, follow, max-snippet:-1, max-image-preview:large, max-video-preview:-1\" \/>\n<link rel=\"canonical\" href=\"https:\/\/suomenkuvalehti.fi\/kirjailijanpaivakirja\/agricolan-rucouskiria-tahdittaa-kansalliskirjaston-reenpaa-aarreaittaa\/\" \/>\n<meta property=\"og:locale\" content=\"fi_FI\" \/>\n<meta property=\"og:type\" content=\"article\" \/>\n<meta property=\"og:title\" content=\"Agricolan Rucouskiria t\u00e4hditt\u00e4\u00e4 Kansalliskirjaston Reenp\u00e4\u00e4-aarreaittaa - Kirjailijan p\u00e4iv\u00e4kirja\" \/>\n<meta property=\"og:description\" content=\"Mikael Agricolan Rucouskiria vuodelta 1544 on toinen suomen kielell\u00e4 ilmestynyt kirja. Ensimm\u00e4isest\u00e4, Agricolan vuotta aiemmin julkaisemasta ABCkiriasta, ei ole olemassa yht\u00e4\u00e4n kokonaisena s\u00e4ilynytt\u00e4 kappaletta. Kokonainen Rucouskiria on siten melkoinen aarre.&hellip;\" \/>\n<meta property=\"og:url\" content=\"https:\/\/suomenkuvalehti.fi\/kirjailijanpaivakirja\/agricolan-rucouskiria-tahdittaa-kansalliskirjaston-reenpaa-aarreaittaa\/\" \/>\n<meta property=\"og:site_name\" content=\"Kirjailijan p\u00e4iv\u00e4kirja\" \/>\n<meta property=\"article:published_time\" content=\"2019-01-16T07:01:02+00:00\" \/>\n<meta property=\"og:image\" content=\"https:\/\/suomenkuvalehti.fi\/kirjailijanpaivakirja\/wp-content\/uploads\/sites\/21\/2022\/04\/hamalainen_karo06-1-scaled.jpg\" \/>\n\t<meta property=\"og:image:width\" content=\"2560\" \/>\n\t<meta property=\"og:image:height\" content=\"1706\" \/>\n\t<meta property=\"og:image:type\" content=\"image\/jpeg\" \/>\n<meta name=\"author\" content=\"Karo H\u00e4m\u00e4l\u00e4inen\" \/>\n<meta name=\"twitter:card\" content=\"summary_large_image\" \/>\n<meta name=\"twitter:label1\" content=\"Written by\" \/>\n\t<meta name=\"twitter:data1\" content=\"Karo H\u00e4m\u00e4l\u00e4inen\" \/>\n\t<meta name=\"twitter:label2\" content=\"Est. reading time\" \/>\n\t<meta name=\"twitter:data2\" content=\"1 minuutti\" \/>\n<script type=\"application\/ld+json\" class=\"yoast-schema-graph\">{\"@context\":\"https:\/\/schema.org\",\"@graph\":[{\"@type\":\"WebPage\",\"@id\":\"https:\/\/suomenkuvalehti.fi\/kirjailijanpaivakirja\/agricolan-rucouskiria-tahdittaa-kansalliskirjaston-reenpaa-aarreaittaa\/\",\"url\":\"https:\/\/suomenkuvalehti.fi\/kirjailijanpaivakirja\/agricolan-rucouskiria-tahdittaa-kansalliskirjaston-reenpaa-aarreaittaa\/\",\"name\":\"Agricolan Rucouskiria t\u00e4hditt\u00e4\u00e4 Kansalliskirjaston Reenp\u00e4\u00e4-aarreaittaa - Kirjailijan p\u00e4iv\u00e4kirja\",\"isPartOf\":{\"@id\":\"https:\/\/suomenkuvalehti.fi\/kirjailijanpaivakirja\/#website\"},\"datePublished\":\"2019-01-16T07:01:02+00:00\",\"author\":{\"@id\":\"https:\/\/suomenkuvalehti.fi\/kirjailijanpaivakirja\/#\/schema\/person\/ca2dfd9d508d8c675e07b3c099fc789b\"},\"breadcrumb\":{\"@id\":\"https:\/\/suomenkuvalehti.fi\/kirjailijanpaivakirja\/agricolan-rucouskiria-tahdittaa-kansalliskirjaston-reenpaa-aarreaittaa\/#breadcrumb\"},\"inLanguage\":\"fi\",\"potentialAction\":[{\"@type\":\"ReadAction\",\"target\":[\"https:\/\/suomenkuvalehti.fi\/kirjailijanpaivakirja\/agricolan-rucouskiria-tahdittaa-kansalliskirjaston-reenpaa-aarreaittaa\/\"]}]},{\"@type\":\"BreadcrumbList\",\"@id\":\"https:\/\/suomenkuvalehti.fi\/kirjailijanpaivakirja\/agricolan-rucouskiria-tahdittaa-kansalliskirjaston-reenpaa-aarreaittaa\/#breadcrumb\",\"itemListElement\":[{\"@type\":\"ListItem\",\"position\":1,\"name\":\"Home\",\"item\":\"https:\/\/suomenkuvalehti.fi\/kirjailijanpaivakirja\/\"},{\"@type\":\"ListItem\",\"position\":2,\"name\":\"Agricolan Rucouskiria t\u00e4hditt\u00e4\u00e4 Kansalliskirjaston Reenp\u00e4\u00e4-aarreaittaa\"}]},{\"@type\":\"WebSite\",\"@id\":\"https:\/\/suomenkuvalehti.fi\/kirjailijanpaivakirja\/#website\",\"url\":\"https:\/\/suomenkuvalehti.fi\/kirjailijanpaivakirja\/\",\"name\":\"Kirjailijan p\u00e4iv\u00e4kirja\",\"description\":\"Proosakirjailijan arkea ja kirjallisuuden ajankohtaisia aiheita.\",\"potentialAction\":[{\"@type\":\"SearchAction\",\"target\":{\"@type\":\"EntryPoint\",\"urlTemplate\":\"https:\/\/suomenkuvalehti.fi\/haku\/?q={search_term_string}\"},\"query-input\":{\"@type\":\"PropertyValueSpecification\",\"valueRequired\":true,\"valueName\":\"search_term_string\"}}],\"inLanguage\":\"fi\"},{\"@type\":\"Person\",\"@id\":\"https:\/\/suomenkuvalehti.fi\/kirjailijanpaivakirja\/#\/schema\/person\/ca2dfd9d508d8c675e07b3c099fc789b\",\"name\":\"Karo H\u00e4m\u00e4l\u00e4inen\",\"image\":{\"@type\":\"ImageObject\",\"inLanguage\":\"fi\",\"@id\":\"https:\/\/suomenkuvalehti.fi\/kirjailijanpaivakirja\/#\/schema\/person\/image\/\",\"url\":\"https:\/\/suomenkuvalehti.fi\/kirjailijanpaivakirja\/wp-content\/uploads\/sites\/21\/2022\/04\/hamalainen_karo06-1-150x150.jpg\",\"contentUrl\":\"https:\/\/suomenkuvalehti.fi\/kirjailijanpaivakirja\/wp-content\/uploads\/sites\/21\/2022\/04\/hamalainen_karo06-1-150x150.jpg\",\"caption\":\"Karo H\u00e4m\u00e4l\u00e4inen\"},\"description\":\"Karo H\u00e4m\u00e4l\u00e4inen on kirjailija ja talouteen erikoistunut vapaa toimittaja.\"}]}<\/script>\n<!-- \/ Yoast SEO plugin. -->","yoast_head_json":{"title":"Agricolan Rucouskiria t\u00e4hditt\u00e4\u00e4 Kansalliskirjaston Reenp\u00e4\u00e4-aarreaittaa - Kirjailijan p\u00e4iv\u00e4kirja","robots":{"index":"index","follow":"follow","max-snippet":"max-snippet:-1","max-image-preview":"max-image-preview:large","max-video-preview":"max-video-preview:-1"},"canonical":"https:\/\/suomenkuvalehti.fi\/kirjailijanpaivakirja\/agricolan-rucouskiria-tahdittaa-kansalliskirjaston-reenpaa-aarreaittaa\/","og_locale":"fi_FI","og_type":"article","og_title":"Agricolan Rucouskiria t\u00e4hditt\u00e4\u00e4 Kansalliskirjaston Reenp\u00e4\u00e4-aarreaittaa - Kirjailijan p\u00e4iv\u00e4kirja","og_description":"Mikael Agricolan Rucouskiria vuodelta 1544 on toinen suomen kielell\u00e4 ilmestynyt kirja. Ensimm\u00e4isest\u00e4, Agricolan vuotta aiemmin julkaisemasta ABCkiriasta, ei ole olemassa yht\u00e4\u00e4n kokonaisena s\u00e4ilynytt\u00e4 kappaletta. Kokonainen Rucouskiria on siten melkoinen aarre.&hellip;","og_url":"https:\/\/suomenkuvalehti.fi\/kirjailijanpaivakirja\/agricolan-rucouskiria-tahdittaa-kansalliskirjaston-reenpaa-aarreaittaa\/","og_site_name":"Kirjailijan p\u00e4iv\u00e4kirja","article_published_time":"2019-01-16T07:01:02+00:00","og_image":[{"width":2560,"height":1706,"url":"https:\/\/suomenkuvalehti.fi\/kirjailijanpaivakirja\/wp-content\/uploads\/sites\/21\/2022\/04\/hamalainen_karo06-1-scaled.jpg","type":"image\/jpeg"}],"author":"Karo H\u00e4m\u00e4l\u00e4inen","twitter_card":"summary_large_image","twitter_misc":{"Written by":"Karo H\u00e4m\u00e4l\u00e4inen","Est. reading time":"1 minuutti"},"schema":{"@context":"https:\/\/schema.org","@graph":[{"@type":"WebPage","@id":"https:\/\/suomenkuvalehti.fi\/kirjailijanpaivakirja\/agricolan-rucouskiria-tahdittaa-kansalliskirjaston-reenpaa-aarreaittaa\/","url":"https:\/\/suomenkuvalehti.fi\/kirjailijanpaivakirja\/agricolan-rucouskiria-tahdittaa-kansalliskirjaston-reenpaa-aarreaittaa\/","name":"Agricolan Rucouskiria t\u00e4hditt\u00e4\u00e4 Kansalliskirjaston Reenp\u00e4\u00e4-aarreaittaa - Kirjailijan p\u00e4iv\u00e4kirja","isPartOf":{"@id":"https:\/\/suomenkuvalehti.fi\/kirjailijanpaivakirja\/#website"},"datePublished":"2019-01-16T07:01:02+00:00","author":{"@id":"https:\/\/suomenkuvalehti.fi\/kirjailijanpaivakirja\/#\/schema\/person\/ca2dfd9d508d8c675e07b3c099fc789b"},"breadcrumb":{"@id":"https:\/\/suomenkuvalehti.fi\/kirjailijanpaivakirja\/agricolan-rucouskiria-tahdittaa-kansalliskirjaston-reenpaa-aarreaittaa\/#breadcrumb"},"inLanguage":"fi","potentialAction":[{"@type":"ReadAction","target":["https:\/\/suomenkuvalehti.fi\/kirjailijanpaivakirja\/agricolan-rucouskiria-tahdittaa-kansalliskirjaston-reenpaa-aarreaittaa\/"]}]},{"@type":"BreadcrumbList","@id":"https:\/\/suomenkuvalehti.fi\/kirjailijanpaivakirja\/agricolan-rucouskiria-tahdittaa-kansalliskirjaston-reenpaa-aarreaittaa\/#breadcrumb","itemListElement":[{"@type":"ListItem","position":1,"name":"Home","item":"https:\/\/suomenkuvalehti.fi\/kirjailijanpaivakirja\/"},{"@type":"ListItem","position":2,"name":"Agricolan Rucouskiria t\u00e4hditt\u00e4\u00e4 Kansalliskirjaston Reenp\u00e4\u00e4-aarreaittaa"}]},{"@type":"WebSite","@id":"https:\/\/suomenkuvalehti.fi\/kirjailijanpaivakirja\/#website","url":"https:\/\/suomenkuvalehti.fi\/kirjailijanpaivakirja\/","name":"Kirjailijan p\u00e4iv\u00e4kirja","description":"Proosakirjailijan arkea ja kirjallisuuden ajankohtaisia aiheita.","potentialAction":[{"@type":"SearchAction","target":{"@type":"EntryPoint","urlTemplate":"https:\/\/suomenkuvalehti.fi\/haku\/?q={search_term_string}"},"query-input":{"@type":"PropertyValueSpecification","valueRequired":true,"valueName":"search_term_string"}}],"inLanguage":"fi"},{"@type":"Person","@id":"https:\/\/suomenkuvalehti.fi\/kirjailijanpaivakirja\/#\/schema\/person\/ca2dfd9d508d8c675e07b3c099fc789b","name":"Karo H\u00e4m\u00e4l\u00e4inen","image":{"@type":"ImageObject","inLanguage":"fi","@id":"https:\/\/suomenkuvalehti.fi\/kirjailijanpaivakirja\/#\/schema\/person\/image\/","url":"https:\/\/suomenkuvalehti.fi\/kirjailijanpaivakirja\/wp-content\/uploads\/sites\/21\/2022\/04\/hamalainen_karo06-1-150x150.jpg","contentUrl":"https:\/\/suomenkuvalehti.fi\/kirjailijanpaivakirja\/wp-content\/uploads\/sites\/21\/2022\/04\/hamalainen_karo06-1-150x150.jpg","caption":"Karo H\u00e4m\u00e4l\u00e4inen"},"description":"Karo H\u00e4m\u00e4l\u00e4inen on kirjailija ja talouteen erikoistunut vapaa toimittaja."}]}},"_links":{"self":[{"href":"https:\/\/suomenkuvalehti.fi\/kirjailijanpaivakirja\/wp-json\/wp\/v2\/posts\/1376","targetHints":{"allow":["GET"]}}],"collection":[{"href":"https:\/\/suomenkuvalehti.fi\/kirjailijanpaivakirja\/wp-json\/wp\/v2\/posts"}],"about":[{"href":"https:\/\/suomenkuvalehti.fi\/kirjailijanpaivakirja\/wp-json\/wp\/v2\/types\/post"}],"author":[{"embeddable":true,"href":"https:\/\/suomenkuvalehti.fi\/kirjailijanpaivakirja\/wp-json\/wp\/v2\/users\/129"}],"replies":[{"embeddable":true,"href":"https:\/\/suomenkuvalehti.fi\/kirjailijanpaivakirja\/wp-json\/wp\/v2\/comments?post=1376"}],"version-history":[{"count":1,"href":"https:\/\/suomenkuvalehti.fi\/kirjailijanpaivakirja\/wp-json\/wp\/v2\/posts\/1376\/revisions"}],"predecessor-version":[{"id":1377,"href":"https:\/\/suomenkuvalehti.fi\/kirjailijanpaivakirja\/wp-json\/wp\/v2\/posts\/1376\/revisions\/1377"}],"wp:attachment":[{"href":"https:\/\/suomenkuvalehti.fi\/kirjailijanpaivakirja\/wp-json\/wp\/v2\/media?parent=1376"}],"wp:term":[{"taxonomy":"category","embeddable":true,"href":"https:\/\/suomenkuvalehti.fi\/kirjailijanpaivakirja\/wp-json\/wp\/v2\/categories?post=1376"},{"taxonomy":"post_tag","embeddable":true,"href":"https:\/\/suomenkuvalehti.fi\/kirjailijanpaivakirja\/wp-json\/wp\/v2\/tags?post=1376"}],"curies":[{"name":"wp","href":"https:\/\/api.w.org\/{rel}","templated":true}]}}