{"id":1342,"date":"2018-12-01T14:32:31","date_gmt":"2018-12-01T12:32:31","guid":{"rendered":"https:\/\/suomenkuvalehti.fi\/kirjailijanpaivakirja\/?p=1342"},"modified":"2018-12-02T21:03:22","modified_gmt":"2018-12-02T19:03:22","slug":"kirjataivas-vai-paikka-jossa-ommellaan-oodi-kirjasto-on-suomalaisen-lukukansan-symboli-ja-kruunu","status":"publish","type":"post","link":"https:\/\/suomenkuvalehti.fi\/kirjailijanpaivakirja\/kirjataivas-vai-paikka-jossa-ommellaan-oodi-kirjasto-on-suomalaisen-lukukansan-symboli-ja-kruunu\/","title":{"rendered":"Kirjataivas vai paikka jossa ommellaan? Oodi-kirjasto on suomalaisen lukukansan symboli ja kruunu"},"content":{"rendered":"<figure class=\"alignleft size-medium wp-block-image\">\n  <div class=\"wp-block-image__inner-container\">\n    <a href='https:\/\/suomenkuvalehti.fi\/kirjailijanpaivakirja\/wp-content\/uploads\/sites\/21\/2018\/12\/oodi-ala.jpg'><img loading=\"lazy\" decoding=\"async\" src=\"https:\/\/suomenkuvalehti.fi\/kirjailijanpaivakirja\/wp-content\/uploads\/sites\/21\/2018\/12\/oodi-ala-300x167.jpg\" alt=\"\" class=\"wp-image-1343\" width=\"4500\" height=\"2500\" style=\"--aspect-ratio: 1.8\" srcset=\"https:\/\/suomenkuvalehti.fi\/kirjailijanpaivakirja\/wp-content\/uploads\/sites\/21\/2018\/12\/oodi-ala-300x167.jpg 300w, https:\/\/suomenkuvalehti.fi\/kirjailijanpaivakirja\/wp-content\/uploads\/sites\/21\/2018\/12\/oodi-ala-768x427.jpg 768w, https:\/\/suomenkuvalehti.fi\/kirjailijanpaivakirja\/wp-content\/uploads\/sites\/21\/2018\/12\/oodi-ala-1024x569.jpg 1024w, https:\/\/suomenkuvalehti.fi\/kirjailijanpaivakirja\/wp-content\/uploads\/sites\/21\/2018\/12\/oodi-ala-630x350.jpg 630w\" sizes=\"auto, (max-width: 4500px) 100vw, 4500px\" \/><\/a>    <figcaption class=\"wp-block-image__figcaption\">\n      Oodin kolmannessa kerroksessa avautuu Kirjataivas.      <span class='wp-block-image__copyright'>&copy; Helsingin kaupunki \/ Arkkitehtitoimisto ALA<\/span>    <\/figcaption>\n      <\/div>\n<\/figure>\n\n\n<p><span class=\"capitalized\">Itsen\u00e4isyysp\u00e4iv\u00e4n<\/span> aattona avattavasta Oodi-kirjastosta on kirjoitettu paljon mairittelevia sanoja. Suurin osa niist\u00e4 ei ole liioittelua: Oodi on arkkitehtonisesti upea rakennus, jolla on valtava symbolinen arvo.<\/p>\n\n\n\n<p>Suomalaisten min\u00e4kuvaa on rakennettu puheilla lukevasta kansakunnasta. Lukeminen on suomalaisille t\u00e4rke\u00e4 harrastus, lukemisella sivistyminen oli osa suomalaisuuden syntymist\u00e4 1800-luvulla.<\/p>\n\n\n\n<p>Vuonna 2009 tehdyn suomalaisten ajank\u00e4ytt\u00f6tutkimuksen mukaan l\u00e4hes puolet suomalaisista lukee kirjoja joka viikko. Vuonna 2016 <strong>John Miller<\/strong> ja <strong>Michael McKenna<\/strong> tutkimuksessaan \u201dWorld Literacy\u201d rankkasivat Suomen ykk\u00f6seksi reilun kuudenkymmenen maan joukossa.<\/p>\n\n\n\n<p>Kaikkea t\u00e4t\u00e4 Oodi korostaa ja vie eteenp\u00e4in. Se ei ole vain Helsingin vaan koko Suomen kirjasto.<\/p>\n\n\n\n<p>&nbsp;<\/p>\n\n\n\n<p><span class=\"capitalized\">Kun olin l<\/span>apsi, Mikkelin kaupunginkirjasto oli minulle kaiken tiedon paikka. Silloin ei ollut interneti\u00e4, vaan kirjasto merkitsi nykykielell\u00e4 p\u00e4\u00e4tett\u00e4 tiedon valtav\u00e4yl\u00e4ll\u00e4. Jos jotain tietoa kirjastossa ei ollut, sen sai kaukolainaan.<\/p>\n\n\n\n<p>Mikkelin p\u00e4\u00e4kirjaston on valmistunut samana vuotena kuin synnyin. Arkkitehti <strong>Eero Jokilehdon<\/strong> suunnittelema valkea rakennus levitt\u00e4ytyy Mikkelin torin laidalla.<\/p>\n\n\n\n<p>Kirjastot tapaavat sijaita kaupunkien ytimess\u00e4.<\/p>\n\n\n\n<p>Kun 1990-luvun puoliv\u00e4liss\u00e4 muutin opiskelemaan Helsinkiin, en l\u00f6yt\u00e4nyt kirjastoa. Jossain keskustakorttelien syrj\u00e4ll\u00e4 oli kuulemma Richardinkadun kirjasto. Richardinkatu ei kuulunut kartalleni. Pasilassa sijaitsevaan p\u00e4\u00e4kirjastoon p\u00e4\u00e4si seuraamalla opasteita Pasilan rautatieasemalta. Asuin Etel\u00e4-Haagan kirjaston vieress\u00e4, mutta kovin v\u00e4h\u00e4n se tuntui sellaiselta kirjastolta, johon olin tottunut.<\/p>\n\n\n\n<p>Sittemmin ulkomailla asuessani olen oppinut, ett\u00e4 kaupunkien keskustoissa ei automaattisesti oli suurta kirjaparatiisia. Ylip\u00e4\u00e4t\u00e4\u00e4n julkiset kirjastot ovat nuhjuisia.<\/p>\n\n\n\n<p>Toisin kuin Suomessa.<\/p>\n\n\n\n<p>&nbsp;<\/p>\n\n\n\n<p><span class=\"capitalized\">Kirjastolaitos<\/span> on kansainv\u00e4lisestikin suomalainen ylpeys ja erottautumistekij\u00e4. Se on ollut v\u00e4h\u00e4n mutta n\u00e4kyv\u00e4sti rampa, koska p\u00e4\u00e4kaupungin keskustassa ei ole ollut kunnollista kirjastoa. Helsinki on ollut pahasti j\u00e4ljess\u00e4 Tamperetta (Metso H\u00e4meenkadun p\u00e4\u00e4ss\u00e4), Turkua (muutama vuosi sitten uusittu kirjasto Aurajoen varrella), Oulua (torin ja teatterin \u00e4\u00e4rell\u00e4), Kuopiota (Maaherrankadun varrella) ja jopa Mikkeli\u00e4.<\/p>\n\n\n\n<p>Oodi paikkaa puutteen ja tekee sen n\u00e4ytt\u00e4v\u00e4sti. Helsingin keskustassa ei ole pelk\u00e4st\u00e4\u00e4n kirjasto vaan kirjataivas.<\/p>\n\n\n\n<p>Oodin ylint\u00e4 eli kolmatta kerrosta on alettu kutsua Kirjataivaaksi. P\u00e4\u00e4sin tutustumaan Oodiin lehdist\u00f6n tutustumisp\u00e4iv\u00e4n\u00e4. Kesken esittelykierroksen irtaannuin ryhm\u00e4st\u00e4 ja nousin kierreportaat kolmanteen kerrokseen.<\/p>\n\n\n\n<p>Lasisein\u00e4n l\u00e4pi tunkeutunut kirkas aurinko sokaisi silm\u00e4t. Kun sain n\u00e4\u00f6n takaisin, edess\u00e4 avautui konkreettisesti vaaleansininen pakkastaivas. Lasisein\u00e4n \u00e4\u00e4ress\u00e4 kelpaa istuskella, lueskella ja n\u00e4hd\u00e4 kauas.<\/p>\n\n\n\n<p>Kun p\u00e4\u00e4t\u00e4 k\u00e4\u00e4nt\u00e4\u00e4, aukeaa toinen taivas: yhten\u00e4ist\u00e4 kirjastotilaa halkovat hyllyrivit, kirjaston kumpaankin p\u00e4\u00e4tyyn nousevat puiset \u201dlukuparvet\u201d.<\/p>\n\n\n\n<p>Huulilta p\u00e4\u00e4see interjektio, joka on arkkitehtuurin yhteydess\u00e4 kokenut inflaation.<\/p>\n\n\n\n<p>&nbsp;<\/p>\n\n\n\n<p><span class=\"capitalized\">Oodin kolmas kerros<\/span> on kirjojen ja kirjallisuuden taivas. Kolmannen kerroksen lis\u00e4ksi kirjoja n\u00e4kyy pieness\u00e4 osassa ensimm\u00e4ist\u00e4 kerrosta, jossa on kirjojen lainaus- ja palautusautomaatit, sek\u00e4 kellarin logistiikkatiloissa, joihin yleis\u00f6ll\u00e4 ei tosin ole asiaa.<\/p>\n\n\n\n<p>Se tarkoittaa, ett\u00e4 suurin osa Oodin julkisista tiloista on varattu muuhun k\u00e4ytt\u00f6\u00f6n kuin kirjoille. Kirjoihin fakkiintunut voi perustellusti kysy\u00e4, miksi kirjastossa on 3D-tulostin, musiikin \u00e4\u00e4nitt\u00e4miseen tarvittava laitteisto tai rivi ompelukoneita. Oodin toisessa kerroksessa juuri mik\u00e4\u00e4n ei muistuta kirjoista. Sis\u00e4\u00e4ntulokerrosta hallitsevat eri tahojen infopisteet, kahvila-ravintola ja elokuvateatteri.<\/p>\n\n\n\n<p>Kaikkein fanaattisimmankaan fyysisten kirjojen yst\u00e4v\u00e4 ei kuitenkaan ole syyt\u00e4 pahastua. P\u00e4invastoin. Kirjat ovat osa el\u00e4v\u00e4\u00e4 el\u00e4m\u00e4\u00e4. Oodi on nimelt\u00e4\u00e4nkin kirjasto, ei esimerkiksi monipuolinen kaupungin palvelupiste, jossa yhteis\u00f6tilojen, infotiskien ja muiden kunnallisten asukaspalveluiden ohella jossain nurkassa olisi mahdollisuus lainata kirjoja.<\/p>\n\n\n\n<p>&nbsp;<\/p>\n\n\n\n<p><span class=\"capitalized\">Vierekk\u00e4in<\/span> aivan Helsingin keskustassa sijaitsevat Oodi-kirjasto, Kiasma ja Musiikkitalo muodostavat Suomen p\u00e4\u00e4kaupunkiin julkisen kulttuurin keskittym\u00e4n. Tero Pitk\u00e4m\u00e4en kivenheiton p\u00e4\u00e4ss\u00e4 ovat Finlandia-talo ja oopperatalo. Kansallisteatterille p\u00e4\u00e4see ylitt\u00e4m\u00e4tt\u00e4 yksi\u00e4k\u00e4\u00e4n liikennevaloja, Ateneumille menness\u00e4 tulee yksi liikennevalopys\u00e4hdys.<\/p>\n\n\n\n<p>Helsinki alkaa vaikuttaa kulttuurimaan p\u00e4\u00e4kaupungilta. Tietenk\u00e4\u00e4n pelk\u00e4t rakennukset eiv\u00e4t riit\u00e4, mutta erinomaiset puitteet ovat omiaan nostamaan kulttuuria esiin. Eduskuntatalon portaita laskeutuva p\u00e4\u00e4tt\u00e4j\u00e4 n\u00e4kee kulttuurin rakennukset.<\/p>\n\n\n\n<p>Oodi-kirjasto on jo t\u00e4h\u00e4n menness\u00e4 her\u00e4tt\u00e4nyt kiinnostusta ulkomailla. Voi veikata, ett\u00e4 sinne tullaan tekem\u00e4\u00e4n tutustumismatkoja, joiden yhteydess\u00e4 esitell\u00e4\u00e4n Suomen kirjastolaitosta ja lukemiskulttuuria.<\/p>\n\n\n\n<p>Meid\u00e4n suomalaisten, niin kansalaisten kuin p\u00e4\u00e4tt\u00e4jien, kannattaa huolehtia siit\u00e4, ett\u00e4 tarinalla on katetta ja ett\u00e4 se jatkuu.<\/p>\n\n\n","protected":false},"excerpt":{"rendered":"<p>Itsen\u00e4isyysp\u00e4iv\u00e4n aattona avattavasta Oodi-kirjastosta on kirjoitettu paljon mairittelevia sanoja. Suurin osa niist\u00e4 ei ole liioittelua: Oodi on arkkitehtonisesti upea rakennus, jolla on valtava symbolinen arvo. Suomalaisten<br \/>\nmin&hellip;<\/p>\n","protected":false},"author":129,"featured_media":0,"comment_status":"open","ping_status":"open","sticky":false,"template":"","format":"standard","meta":{"_acf_changed":false,"asauth_required_access_level":3,"asauth_cansharepaid":"true","om_header_attributes":[],"footnotes":"","om_featured_image_focal_point":[],"om_primary_tag":0,"om_contributors":[],"om_co_authors":[],"beyondwords_generate_audio":"","beyondwords_project_id":"","beyondwords_content_id":"","beyondwords_preview_token":"","beyondwords_player_content":"","beyondwords_player_style":"","beyondwords_language_code":"","beyondwords_language_id":"","beyondwords_title_voice_id":"","beyondwords_body_voice_id":"","beyondwords_summary_voice_id":"","beyondwords_error_message":"","beyondwords_disabled":"","beyondwords_delete_content":"","beyondwords_podcast_id":"","beyondwords_hash":"","publish_post_to_speechkit":"","speechkit_hash":"","speechkit_generate_audio":"","speechkit_project_id":"","speechkit_podcast_id":"","speechkit_error_message":"","speechkit_disabled":"","speechkit_access_key":"","speechkit_error":"","speechkit_info":"","speechkit_response":"","speechkit_retries":"","speechkit_status":"","speechkit_updated_at":"","_speechkit_link":"","_speechkit_text":""},"categories":[1],"tags":[77,74,797],"class_list":["post-1342","post","type-post","status-publish","format-standard","hentry","category-kirjailijan-paivakirja","tag-keskustakirjasto","tag-kirjasto","tag-oodi"],"om_views":null,"acf":{"tuuma_off":false,"tuuma_kysymys":"","tuuma_vastaus":""},"asauth":{"required_access_level":1,"share_token":"","is_paid":false},"yoast_head":"<!-- This site is optimized with the Yoast SEO plugin v26.4 - https:\/\/yoast.com\/wordpress\/plugins\/seo\/ -->\n<title>Kirjataivas vai paikka jossa ommellaan? Oodi-kirjasto on suomalaisen lukukansan symboli ja kruunu - Kirjailijan p\u00e4iv\u00e4kirja<\/title>\n<meta name=\"robots\" content=\"index, follow, max-snippet:-1, max-image-preview:large, max-video-preview:-1\" \/>\n<link rel=\"canonical\" href=\"https:\/\/suomenkuvalehti.fi\/kirjailijanpaivakirja\/kirjataivas-vai-paikka-jossa-ommellaan-oodi-kirjasto-on-suomalaisen-lukukansan-symboli-ja-kruunu\/\" \/>\n<meta property=\"og:locale\" content=\"fi_FI\" \/>\n<meta property=\"og:type\" content=\"article\" \/>\n<meta property=\"og:title\" content=\"Kirjataivas vai paikka jossa ommellaan? Oodi-kirjasto on suomalaisen lukukansan symboli ja kruunu - Kirjailijan p\u00e4iv\u00e4kirja\" \/>\n<meta property=\"og:description\" content=\"Itsen\u00e4isyysp\u00e4iv\u00e4n aattona avattavasta Oodi-kirjastosta on kirjoitettu paljon mairittelevia sanoja. Suurin osa niist\u00e4 ei ole liioittelua: Oodi on arkkitehtonisesti upea rakennus, jolla on valtava symbolinen arvo. Suomalaisten min&hellip;\" \/>\n<meta property=\"og:url\" content=\"https:\/\/suomenkuvalehti.fi\/kirjailijanpaivakirja\/kirjataivas-vai-paikka-jossa-ommellaan-oodi-kirjasto-on-suomalaisen-lukukansan-symboli-ja-kruunu\/\" \/>\n<meta property=\"og:site_name\" content=\"Kirjailijan p\u00e4iv\u00e4kirja\" \/>\n<meta property=\"article:published_time\" content=\"2018-12-01T12:32:31+00:00\" \/>\n<meta property=\"article:modified_time\" content=\"2018-12-02T19:03:22+00:00\" \/>\n<meta property=\"og:image\" content=\"https:\/\/suomenkuvalehti.fi\/kirjailijanpaivakirja\/wp-content\/uploads\/sites\/21\/2018\/12\/oodi-ala-300x167.jpg\" \/>\n<meta name=\"author\" content=\"Karo H\u00e4m\u00e4l\u00e4inen\" \/>\n<meta name=\"twitter:card\" content=\"summary_large_image\" \/>\n<meta name=\"twitter:label1\" content=\"Written by\" \/>\n\t<meta name=\"twitter:data1\" content=\"Karo H\u00e4m\u00e4l\u00e4inen\" \/>\n\t<meta name=\"twitter:label2\" content=\"Est. reading time\" \/>\n\t<meta name=\"twitter:data2\" content=\"3 minuuttia\" \/>\n<script type=\"application\/ld+json\" class=\"yoast-schema-graph\">{\"@context\":\"https:\/\/schema.org\",\"@graph\":[{\"@type\":\"WebPage\",\"@id\":\"https:\/\/suomenkuvalehti.fi\/kirjailijanpaivakirja\/kirjataivas-vai-paikka-jossa-ommellaan-oodi-kirjasto-on-suomalaisen-lukukansan-symboli-ja-kruunu\/\",\"url\":\"https:\/\/suomenkuvalehti.fi\/kirjailijanpaivakirja\/kirjataivas-vai-paikka-jossa-ommellaan-oodi-kirjasto-on-suomalaisen-lukukansan-symboli-ja-kruunu\/\",\"name\":\"Kirjataivas vai paikka jossa ommellaan? Oodi-kirjasto on suomalaisen lukukansan symboli ja kruunu - Kirjailijan p\u00e4iv\u00e4kirja\",\"isPartOf\":{\"@id\":\"https:\/\/suomenkuvalehti.fi\/kirjailijanpaivakirja\/#website\"},\"primaryImageOfPage\":{\"@id\":\"https:\/\/suomenkuvalehti.fi\/kirjailijanpaivakirja\/kirjataivas-vai-paikka-jossa-ommellaan-oodi-kirjasto-on-suomalaisen-lukukansan-symboli-ja-kruunu\/#primaryimage\"},\"image\":{\"@id\":\"https:\/\/suomenkuvalehti.fi\/kirjailijanpaivakirja\/kirjataivas-vai-paikka-jossa-ommellaan-oodi-kirjasto-on-suomalaisen-lukukansan-symboli-ja-kruunu\/#primaryimage\"},\"thumbnailUrl\":\"https:\/\/suomenkuvalehti.fi\/kirjailijanpaivakirja\/wp-content\/uploads\/sites\/21\/2018\/12\/oodi-ala-300x167.jpg\",\"datePublished\":\"2018-12-01T12:32:31+00:00\",\"dateModified\":\"2018-12-02T19:03:22+00:00\",\"author\":{\"@id\":\"https:\/\/suomenkuvalehti.fi\/kirjailijanpaivakirja\/#\/schema\/person\/ca2dfd9d508d8c675e07b3c099fc789b\"},\"breadcrumb\":{\"@id\":\"https:\/\/suomenkuvalehti.fi\/kirjailijanpaivakirja\/kirjataivas-vai-paikka-jossa-ommellaan-oodi-kirjasto-on-suomalaisen-lukukansan-symboli-ja-kruunu\/#breadcrumb\"},\"inLanguage\":\"fi\",\"potentialAction\":[{\"@type\":\"ReadAction\",\"target\":[\"https:\/\/suomenkuvalehti.fi\/kirjailijanpaivakirja\/kirjataivas-vai-paikka-jossa-ommellaan-oodi-kirjasto-on-suomalaisen-lukukansan-symboli-ja-kruunu\/\"]}]},{\"@type\":\"ImageObject\",\"inLanguage\":\"fi\",\"@id\":\"https:\/\/suomenkuvalehti.fi\/kirjailijanpaivakirja\/kirjataivas-vai-paikka-jossa-ommellaan-oodi-kirjasto-on-suomalaisen-lukukansan-symboli-ja-kruunu\/#primaryimage\",\"url\":\"https:\/\/suomenkuvalehti.fi\/kirjailijanpaivakirja\/wp-content\/uploads\/sites\/21\/2018\/12\/oodi-ala.jpg\",\"contentUrl\":\"https:\/\/suomenkuvalehti.fi\/kirjailijanpaivakirja\/wp-content\/uploads\/sites\/21\/2018\/12\/oodi-ala.jpg\",\"width\":4500,\"height\":2500,\"caption\":\"Oodin kolmannessa kerroksessa avautuu Kirjataivas.\"},{\"@type\":\"BreadcrumbList\",\"@id\":\"https:\/\/suomenkuvalehti.fi\/kirjailijanpaivakirja\/kirjataivas-vai-paikka-jossa-ommellaan-oodi-kirjasto-on-suomalaisen-lukukansan-symboli-ja-kruunu\/#breadcrumb\",\"itemListElement\":[{\"@type\":\"ListItem\",\"position\":1,\"name\":\"Home\",\"item\":\"https:\/\/suomenkuvalehti.fi\/kirjailijanpaivakirja\/\"},{\"@type\":\"ListItem\",\"position\":2,\"name\":\"Kirjataivas vai paikka jossa ommellaan? Oodi-kirjasto on suomalaisen lukukansan symboli ja kruunu\"}]},{\"@type\":\"WebSite\",\"@id\":\"https:\/\/suomenkuvalehti.fi\/kirjailijanpaivakirja\/#website\",\"url\":\"https:\/\/suomenkuvalehti.fi\/kirjailijanpaivakirja\/\",\"name\":\"Kirjailijan p\u00e4iv\u00e4kirja\",\"description\":\"Proosakirjailijan arkea ja kirjallisuuden ajankohtaisia aiheita.\",\"potentialAction\":[{\"@type\":\"SearchAction\",\"target\":{\"@type\":\"EntryPoint\",\"urlTemplate\":\"https:\/\/suomenkuvalehti.fi\/haku\/?q={search_term_string}\"},\"query-input\":{\"@type\":\"PropertyValueSpecification\",\"valueRequired\":true,\"valueName\":\"search_term_string\"}}],\"inLanguage\":\"fi\"},{\"@type\":\"Person\",\"@id\":\"https:\/\/suomenkuvalehti.fi\/kirjailijanpaivakirja\/#\/schema\/person\/ca2dfd9d508d8c675e07b3c099fc789b\",\"name\":\"Karo H\u00e4m\u00e4l\u00e4inen\",\"image\":{\"@type\":\"ImageObject\",\"inLanguage\":\"fi\",\"@id\":\"https:\/\/suomenkuvalehti.fi\/kirjailijanpaivakirja\/#\/schema\/person\/image\/\",\"url\":\"https:\/\/suomenkuvalehti.fi\/kirjailijanpaivakirja\/wp-content\/uploads\/sites\/21\/2022\/04\/hamalainen_karo06-1-150x150.jpg\",\"contentUrl\":\"https:\/\/suomenkuvalehti.fi\/kirjailijanpaivakirja\/wp-content\/uploads\/sites\/21\/2022\/04\/hamalainen_karo06-1-150x150.jpg\",\"caption\":\"Karo H\u00e4m\u00e4l\u00e4inen\"},\"description\":\"Karo H\u00e4m\u00e4l\u00e4inen on kirjailija ja talouteen erikoistunut vapaa toimittaja.\"}]}<\/script>\n<!-- \/ Yoast SEO plugin. -->","yoast_head_json":{"title":"Kirjataivas vai paikka jossa ommellaan? Oodi-kirjasto on suomalaisen lukukansan symboli ja kruunu - Kirjailijan p\u00e4iv\u00e4kirja","robots":{"index":"index","follow":"follow","max-snippet":"max-snippet:-1","max-image-preview":"max-image-preview:large","max-video-preview":"max-video-preview:-1"},"canonical":"https:\/\/suomenkuvalehti.fi\/kirjailijanpaivakirja\/kirjataivas-vai-paikka-jossa-ommellaan-oodi-kirjasto-on-suomalaisen-lukukansan-symboli-ja-kruunu\/","og_locale":"fi_FI","og_type":"article","og_title":"Kirjataivas vai paikka jossa ommellaan? Oodi-kirjasto on suomalaisen lukukansan symboli ja kruunu - Kirjailijan p\u00e4iv\u00e4kirja","og_description":"Itsen\u00e4isyysp\u00e4iv\u00e4n aattona avattavasta Oodi-kirjastosta on kirjoitettu paljon mairittelevia sanoja. Suurin osa niist\u00e4 ei ole liioittelua: Oodi on arkkitehtonisesti upea rakennus, jolla on valtava symbolinen arvo. Suomalaisten min&hellip;","og_url":"https:\/\/suomenkuvalehti.fi\/kirjailijanpaivakirja\/kirjataivas-vai-paikka-jossa-ommellaan-oodi-kirjasto-on-suomalaisen-lukukansan-symboli-ja-kruunu\/","og_site_name":"Kirjailijan p\u00e4iv\u00e4kirja","article_published_time":"2018-12-01T12:32:31+00:00","article_modified_time":"2018-12-02T19:03:22+00:00","og_image":[{"url":"https:\/\/suomenkuvalehti.fi\/kirjailijanpaivakirja\/wp-content\/uploads\/sites\/21\/2018\/12\/oodi-ala-300x167.jpg","type":"","width":"","height":""}],"author":"Karo H\u00e4m\u00e4l\u00e4inen","twitter_card":"summary_large_image","twitter_misc":{"Written by":"Karo H\u00e4m\u00e4l\u00e4inen","Est. reading time":"3 minuuttia"},"schema":{"@context":"https:\/\/schema.org","@graph":[{"@type":"WebPage","@id":"https:\/\/suomenkuvalehti.fi\/kirjailijanpaivakirja\/kirjataivas-vai-paikka-jossa-ommellaan-oodi-kirjasto-on-suomalaisen-lukukansan-symboli-ja-kruunu\/","url":"https:\/\/suomenkuvalehti.fi\/kirjailijanpaivakirja\/kirjataivas-vai-paikka-jossa-ommellaan-oodi-kirjasto-on-suomalaisen-lukukansan-symboli-ja-kruunu\/","name":"Kirjataivas vai paikka jossa ommellaan? Oodi-kirjasto on suomalaisen lukukansan symboli ja kruunu - Kirjailijan p\u00e4iv\u00e4kirja","isPartOf":{"@id":"https:\/\/suomenkuvalehti.fi\/kirjailijanpaivakirja\/#website"},"primaryImageOfPage":{"@id":"https:\/\/suomenkuvalehti.fi\/kirjailijanpaivakirja\/kirjataivas-vai-paikka-jossa-ommellaan-oodi-kirjasto-on-suomalaisen-lukukansan-symboli-ja-kruunu\/#primaryimage"},"image":{"@id":"https:\/\/suomenkuvalehti.fi\/kirjailijanpaivakirja\/kirjataivas-vai-paikka-jossa-ommellaan-oodi-kirjasto-on-suomalaisen-lukukansan-symboli-ja-kruunu\/#primaryimage"},"thumbnailUrl":"https:\/\/suomenkuvalehti.fi\/kirjailijanpaivakirja\/wp-content\/uploads\/sites\/21\/2018\/12\/oodi-ala-300x167.jpg","datePublished":"2018-12-01T12:32:31+00:00","dateModified":"2018-12-02T19:03:22+00:00","author":{"@id":"https:\/\/suomenkuvalehti.fi\/kirjailijanpaivakirja\/#\/schema\/person\/ca2dfd9d508d8c675e07b3c099fc789b"},"breadcrumb":{"@id":"https:\/\/suomenkuvalehti.fi\/kirjailijanpaivakirja\/kirjataivas-vai-paikka-jossa-ommellaan-oodi-kirjasto-on-suomalaisen-lukukansan-symboli-ja-kruunu\/#breadcrumb"},"inLanguage":"fi","potentialAction":[{"@type":"ReadAction","target":["https:\/\/suomenkuvalehti.fi\/kirjailijanpaivakirja\/kirjataivas-vai-paikka-jossa-ommellaan-oodi-kirjasto-on-suomalaisen-lukukansan-symboli-ja-kruunu\/"]}]},{"@type":"ImageObject","inLanguage":"fi","@id":"https:\/\/suomenkuvalehti.fi\/kirjailijanpaivakirja\/kirjataivas-vai-paikka-jossa-ommellaan-oodi-kirjasto-on-suomalaisen-lukukansan-symboli-ja-kruunu\/#primaryimage","url":"https:\/\/suomenkuvalehti.fi\/kirjailijanpaivakirja\/wp-content\/uploads\/sites\/21\/2018\/12\/oodi-ala.jpg","contentUrl":"https:\/\/suomenkuvalehti.fi\/kirjailijanpaivakirja\/wp-content\/uploads\/sites\/21\/2018\/12\/oodi-ala.jpg","width":4500,"height":2500,"caption":"Oodin kolmannessa kerroksessa avautuu Kirjataivas."},{"@type":"BreadcrumbList","@id":"https:\/\/suomenkuvalehti.fi\/kirjailijanpaivakirja\/kirjataivas-vai-paikka-jossa-ommellaan-oodi-kirjasto-on-suomalaisen-lukukansan-symboli-ja-kruunu\/#breadcrumb","itemListElement":[{"@type":"ListItem","position":1,"name":"Home","item":"https:\/\/suomenkuvalehti.fi\/kirjailijanpaivakirja\/"},{"@type":"ListItem","position":2,"name":"Kirjataivas vai paikka jossa ommellaan? Oodi-kirjasto on suomalaisen lukukansan symboli ja kruunu"}]},{"@type":"WebSite","@id":"https:\/\/suomenkuvalehti.fi\/kirjailijanpaivakirja\/#website","url":"https:\/\/suomenkuvalehti.fi\/kirjailijanpaivakirja\/","name":"Kirjailijan p\u00e4iv\u00e4kirja","description":"Proosakirjailijan arkea ja kirjallisuuden ajankohtaisia aiheita.","potentialAction":[{"@type":"SearchAction","target":{"@type":"EntryPoint","urlTemplate":"https:\/\/suomenkuvalehti.fi\/haku\/?q={search_term_string}"},"query-input":{"@type":"PropertyValueSpecification","valueRequired":true,"valueName":"search_term_string"}}],"inLanguage":"fi"},{"@type":"Person","@id":"https:\/\/suomenkuvalehti.fi\/kirjailijanpaivakirja\/#\/schema\/person\/ca2dfd9d508d8c675e07b3c099fc789b","name":"Karo H\u00e4m\u00e4l\u00e4inen","image":{"@type":"ImageObject","inLanguage":"fi","@id":"https:\/\/suomenkuvalehti.fi\/kirjailijanpaivakirja\/#\/schema\/person\/image\/","url":"https:\/\/suomenkuvalehti.fi\/kirjailijanpaivakirja\/wp-content\/uploads\/sites\/21\/2022\/04\/hamalainen_karo06-1-150x150.jpg","contentUrl":"https:\/\/suomenkuvalehti.fi\/kirjailijanpaivakirja\/wp-content\/uploads\/sites\/21\/2022\/04\/hamalainen_karo06-1-150x150.jpg","caption":"Karo H\u00e4m\u00e4l\u00e4inen"},"description":"Karo H\u00e4m\u00e4l\u00e4inen on kirjailija ja talouteen erikoistunut vapaa toimittaja."}]}},"_links":{"self":[{"href":"https:\/\/suomenkuvalehti.fi\/kirjailijanpaivakirja\/wp-json\/wp\/v2\/posts\/1342","targetHints":{"allow":["GET"]}}],"collection":[{"href":"https:\/\/suomenkuvalehti.fi\/kirjailijanpaivakirja\/wp-json\/wp\/v2\/posts"}],"about":[{"href":"https:\/\/suomenkuvalehti.fi\/kirjailijanpaivakirja\/wp-json\/wp\/v2\/types\/post"}],"author":[{"embeddable":true,"href":"https:\/\/suomenkuvalehti.fi\/kirjailijanpaivakirja\/wp-json\/wp\/v2\/users\/129"}],"replies":[{"embeddable":true,"href":"https:\/\/suomenkuvalehti.fi\/kirjailijanpaivakirja\/wp-json\/wp\/v2\/comments?post=1342"}],"version-history":[{"count":3,"href":"https:\/\/suomenkuvalehti.fi\/kirjailijanpaivakirja\/wp-json\/wp\/v2\/posts\/1342\/revisions"}],"predecessor-version":[{"id":1348,"href":"https:\/\/suomenkuvalehti.fi\/kirjailijanpaivakirja\/wp-json\/wp\/v2\/posts\/1342\/revisions\/1348"}],"wp:attachment":[{"href":"https:\/\/suomenkuvalehti.fi\/kirjailijanpaivakirja\/wp-json\/wp\/v2\/media?parent=1342"}],"wp:term":[{"taxonomy":"category","embeddable":true,"href":"https:\/\/suomenkuvalehti.fi\/kirjailijanpaivakirja\/wp-json\/wp\/v2\/categories?post=1342"},{"taxonomy":"post_tag","embeddable":true,"href":"https:\/\/suomenkuvalehti.fi\/kirjailijanpaivakirja\/wp-json\/wp\/v2\/tags?post=1342"}],"curies":[{"name":"wp","href":"https:\/\/api.w.org\/{rel}","templated":true}]}}