{"id":1276,"date":"2018-09-10T09:49:52","date_gmt":"2018-09-10T06:49:52","guid":{"rendered":"https:\/\/suomenkuvalehti.fi\/kirjailijanpaivakirja\/?p=1276"},"modified":"2018-09-10T10:09:05","modified_gmt":"2018-09-10T07:09:05","slug":"leila-slimanin-kehtolaulu-palkitsee-lukijansa-ja-kirjoittajansa","status":"publish","type":"post","link":"https:\/\/suomenkuvalehti.fi\/kirjailijanpaivakirja\/leila-slimanin-kehtolaulu-palkitsee-lukijansa-ja-kirjoittajansa\/","title":{"rendered":"Le\u00efla Slimanin Kehtolaulu palkitsee lukijansa ja kirjoittajansa"},"content":{"rendered":"<figure class=\"alignleft size-medium is-resized wp-block-image\">\n  <div class=\"wp-block-image__inner-container\">\n    <a href='https:\/\/suomenkuvalehti.fi\/kirjailijanpaivakirja\/wp-content\/uploads\/sites\/21\/2018\/09\/kehtolaulu.jpg'><img loading=\"lazy\" decoding=\"async\" src=\"https:\/\/suomenkuvalehti.fi\/kirjailijanpaivakirja\/wp-content\/uploads\/sites\/21\/2018\/09\/kehtolaulu-199x300.jpg\" alt=\"\" class=\"wp-image-1277\" width=\"199\" height=\"300\" style=\"--aspect-ratio: 0.66\" srcset=\"https:\/\/suomenkuvalehti.fi\/kirjailijanpaivakirja\/wp-content\/uploads\/sites\/21\/2018\/09\/kehtolaulu-199x300.jpg 199w, https:\/\/suomenkuvalehti.fi\/kirjailijanpaivakirja\/wp-content\/uploads\/sites\/21\/2018\/09\/kehtolaulu-768x1159.jpg 768w, https:\/\/suomenkuvalehti.fi\/kirjailijanpaivakirja\/wp-content\/uploads\/sites\/21\/2018\/09\/kehtolaulu-679x1024.jpg 679w, https:\/\/suomenkuvalehti.fi\/kirjailijanpaivakirja\/wp-content\/uploads\/sites\/21\/2018\/09\/kehtolaulu-300x453.jpg 300w, https:\/\/suomenkuvalehti.fi\/kirjailijanpaivakirja\/wp-content\/uploads\/sites\/21\/2018\/09\/kehtolaulu-630x950.jpg 630w, https:\/\/suomenkuvalehti.fi\/kirjailijanpaivakirja\/wp-content\/uploads\/sites\/21\/2018\/09\/kehtolaulu.jpg 1400w\" sizes=\"auto, (max-width: 199px) 100vw, 199px\" \/><\/a>    <figcaption class=\"wp-block-image__figcaption\">\n      Kansi: Martti Ruokonen.          <\/figcaption>\n      <\/div>\n<\/figure>\n\n\n<p><span class=\"capitalized\">Louise<\/span> on t\u00e4ydellinen lastenhoitaja. H\u00e4n tekee enemm\u00e4n ja paremmin kuin olisi kohtuullista odottaa. H\u00e4nen ansiostaan perheen \u00e4iti Myriam voi edist\u00e4\u00e4 uraansa lakitoimistossa. Partnerius h\u00e4\u00e4m\u00f6tt\u00e4\u00e4.<\/p>\n\n\n\n<p>Kemiat kohtasivat heti.<\/p>\n\n\n\n<p>\u201dRakkautta ensisilm\u00e4yksell\u00e4\u201d, Myriam sanoo lastenhoitajasta.<\/p>\n\n\n\n<p>My\u00f6s ja etenkin perheen lapsista vanhempi, tyt\u00e4r, oli oitis myyty.<\/p>\n\n\n\n<p>Lastenhoitaja otetaan mukaan perheen lomamatkallekin. El\u00e4m\u00e4 hymyilee.<\/p>\n\n\n\n<p>&nbsp;<\/p>\n\n\n\n<p><span class=\"capitalized\">Eik\u00e4 kauaakaan<\/span>, kun lapsista nuorimmainen l\u00f6ytyy surmattuna, esikoinen on kuolemaisillaan ja lastenhoitaja on vet\u00e4nyt ranteensa auki ja iskenyt veitsen kurkkuunsa. Idylli muuttuu tragediaksi.<\/p>\n\n\n\n<p>T\u00e4m\u00e4 ei ole juonipaljastus, sill\u00e4 marokkolaissyntyinen ranskalaiskirjailija <strong>Le\u00efla Slimani<\/strong> aloittaa romaaninsa <em>Kehtolaulu<\/em> (suom. <strong>Lotta Toivanen<\/strong>, WSOY 2018) kronologisesta lopusta. Viimeiset 220 sivua kertovat, kuinka kolmelle ensimm\u00e4iselle sivulle on p\u00e4\u00e4dytty.<\/p>\n\n\n\n<p>Rakenneratkaisu ei ole ennenkokematon \u2013 itsekin olen sit\u00e4 k\u00e4ytt\u00e4nyt \u2013, mutta se toimii. J\u00e4nnite on luotu, lukija saatu valppaaksi.<\/p>\n\n\n\n<p>&nbsp;<\/p>\n\n\n\n<p><span class=\"capitalized\"><em>Kehtolaulu<\/em><\/span> on m\u00e4\u00e4ritelm\u00e4llisesti trilleri, sill\u00e4 se rakentuu j\u00e4nnitteen ja tihe\u00e4n intensiteetin varaan. Trillerigenren useimmin tavattua alalajia toimintatrilleri\u00e4 se ei kuitenkaan edusta.<\/p>\n\n\n\n<p>Eik\u00e4 romaani j\u00e4\u00e4 stereotyyppiseen trilleriyteen, sill\u00e4 kiinnostavampaa kuin se, miksi lastenhoitaja p\u00e4\u00e4tyi tekem\u00e4\u00e4n verity\u00f6t, on is\u00e4nt\u00e4perheen ja yhteiskunnan dynamiikka. Mies ja nainen mielt\u00e4v\u00e4t itsens\u00e4 hyviksi ihmisiksi, mutta pieniss\u00e4 asioissa heid\u00e4n suhtautumisensa lastenhoitajaan osoittaa, ett\u00e4 he katsovat el\u00e4v\u00e4ns\u00e4 eri maailmassa.<\/p>\n\n\n\n<p>Eri maailmaa Slimani n\u00e4ytt\u00e4\u00e4 my\u00f6s kertomalla kohtauksia Louisen ja t\u00e4m\u00e4n tytt\u00e4ren el\u00e4m\u00e4n varrelta.<\/p>\n\n\n\n<p>Kaikkea hallitsee taitava kerronta, joka j\u00e4tt\u00e4\u00e4 tapahtumien ja henkil\u00f6iden reunoille leve\u00e4t harmaat marginaalit. Le\u00efla Slimani ei pid\u00e4 yksitulkintaisuudesta.<\/p>\n\n\n\n<p>&nbsp;<\/p>\n\n\n\n<p><span class=\"capitalized\">Kirjallinen trilleri<\/span> on palkitseva lajityyppi. Parhaassa tapauksessa se palkitsee sek\u00e4 lukijansa ett\u00e4 kirjoittajansa.<\/p>\n\n\n\n<p>Le\u00efla Slimanin <em>Kehtolaulu<\/em> on t\u00e4llainen paras tapaus. Se palkittiin ilmestymisvuotenaan 2016 Ranskan arvostetuimmalla kirjallisuuspalkinolla Goncourtilla. Ranskassa kirja nousi bestselleriksi jo ennen palkitsemistaan, ja k\u00e4\u00e4nn\u00f6soikeuksia kaupattu yli kolmeenkymmeneen maahan.<\/p>\n\n\n\n<p>Taitavasti rakennetulla j\u00e4nnitteell\u00e4 operoivat kirjalliset trillerit ovat selv\u00e4sti kiehtovampia kuin jo aikap\u00e4ivi\u00e4 sitten tusinamaiseksi muuttunut skanditrilleriteollisuus. Slimanin yhteydess\u00e4 kuulee mainittavan <em>Kiltti tytt\u00f6 <\/em>-romaanin kirjoittajan <strong>Gillian Flynnin<\/strong> nimen, mutta luonteeltaan <em>Kehtolaulun<\/em> intensiivinen ote on minusta l\u00e4hemp\u00e4n\u00e4 vaikkapa hollantilaisen <strong>Herman Kochin<\/strong> l\u00e4pimurtoromaania <em>Illallinen<\/em>&nbsp;tai <strong>Tiina Raevaaran<\/strong> hallittua pienoisromaania <em>Laukaisu<\/em>.<\/p>\n\n\n","protected":false},"excerpt":{"rendered":"<p>Louise on t\u00e4ydellinen lastenhoitaja. H\u00e4n tekee enemm\u00e4n ja paremmin kuin olisi kohtuullista odottaa. H\u00e4nen ansiostaan perheen \u00e4iti Myriam voi edist\u00e4\u00e4 uraansa lakitoimistossa. Partnerius h\u00e4\u00e4m\u00f6tt\u00e4\u00e4. Kemiat kohtasivat heti. \u201dRakkautta ensisilm\u00e4yksell\u00e4\u201d,<br \/>\nMyriam sanoo last&hellip;<\/p>\n","protected":false},"author":129,"featured_media":0,"comment_status":"open","ping_status":"open","sticky":false,"template":"","format":"standard","meta":{"_acf_changed":false,"asauth_required_access_level":3,"asauth_cansharepaid":"true","om_header_attributes":[],"footnotes":"","om_featured_image_focal_point":[],"om_primary_tag":0,"om_contributors":[],"om_co_authors":[],"beyondwords_generate_audio":"","beyondwords_project_id":"","beyondwords_content_id":"","beyondwords_preview_token":"","beyondwords_player_content":"","beyondwords_player_style":"","beyondwords_language_code":"","beyondwords_language_id":"","beyondwords_title_voice_id":"","beyondwords_body_voice_id":"","beyondwords_summary_voice_id":"","beyondwords_error_message":"","beyondwords_disabled":"","beyondwords_delete_content":"","beyondwords_podcast_id":"","beyondwords_hash":"","publish_post_to_speechkit":"","speechkit_hash":"","speechkit_generate_audio":"","speechkit_project_id":"","speechkit_podcast_id":"","speechkit_error_message":"","speechkit_disabled":"","speechkit_access_key":"","speechkit_error":"","speechkit_info":"","speechkit_response":"","speechkit_retries":"","speechkit_status":"","speechkit_updated_at":"","_speechkit_link":"","_speechkit_text":""},"categories":[1],"tags":[1201,1202,1200,649],"class_list":["post-1276","post","type-post","status-publish","format-standard","hentry","category-kirjailijan-paivakirja","tag-kehtolaulu","tag-kirjallinen-trilleri","tag-leila-slimani","tag-trilleri"],"om_views":null,"acf":{"tuuma_off":false,"tuuma_kysymys":"","tuuma_vastaus":""},"asauth":{"required_access_level":1,"share_token":"","is_paid":false},"yoast_head":"<!-- This site is optimized with the Yoast SEO plugin v26.4 - https:\/\/yoast.com\/wordpress\/plugins\/seo\/ -->\n<title>Le\u00efla Slimanin Kehtolaulu palkitsee lukijansa ja kirjoittajansa - Kirjailijan p\u00e4iv\u00e4kirja<\/title>\n<meta name=\"robots\" content=\"index, follow, max-snippet:-1, max-image-preview:large, max-video-preview:-1\" \/>\n<link rel=\"canonical\" href=\"https:\/\/suomenkuvalehti.fi\/kirjailijanpaivakirja\/leila-slimanin-kehtolaulu-palkitsee-lukijansa-ja-kirjoittajansa\/\" \/>\n<meta property=\"og:locale\" content=\"fi_FI\" \/>\n<meta property=\"og:type\" content=\"article\" \/>\n<meta property=\"og:title\" content=\"Le\u00efla Slimanin Kehtolaulu palkitsee lukijansa ja kirjoittajansa - Kirjailijan p\u00e4iv\u00e4kirja\" \/>\n<meta property=\"og:description\" content=\"Louise on t\u00e4ydellinen lastenhoitaja. H\u00e4n tekee enemm\u00e4n ja paremmin kuin olisi kohtuullista odottaa. H\u00e4nen ansiostaan perheen \u00e4iti Myriam voi edist\u00e4\u00e4 uraansa lakitoimistossa. Partnerius h\u00e4\u00e4m\u00f6tt\u00e4\u00e4. Kemiat kohtasivat heti. \u201dRakkautta ensisilm\u00e4yksell\u00e4\u201d, Myriam sanoo last&hellip;\" \/>\n<meta property=\"og:url\" content=\"https:\/\/suomenkuvalehti.fi\/kirjailijanpaivakirja\/leila-slimanin-kehtolaulu-palkitsee-lukijansa-ja-kirjoittajansa\/\" \/>\n<meta property=\"og:site_name\" content=\"Kirjailijan p\u00e4iv\u00e4kirja\" \/>\n<meta property=\"article:published_time\" content=\"2018-09-10T06:49:52+00:00\" \/>\n<meta property=\"article:modified_time\" content=\"2018-09-10T07:09:05+00:00\" \/>\n<meta property=\"og:image\" content=\"https:\/\/suomenkuvalehti.fi\/kirjailijanpaivakirja\/wp-content\/uploads\/sites\/21\/2018\/09\/kehtolaulu-199x300.jpg\" \/>\n<meta name=\"author\" content=\"Karo H\u00e4m\u00e4l\u00e4inen\" \/>\n<meta name=\"twitter:card\" content=\"summary_large_image\" \/>\n<meta name=\"twitter:label1\" content=\"Written by\" \/>\n\t<meta name=\"twitter:data1\" content=\"Karo H\u00e4m\u00e4l\u00e4inen\" \/>\n\t<meta name=\"twitter:label2\" content=\"Est. reading time\" \/>\n\t<meta name=\"twitter:data2\" content=\"2 minuuttia\" \/>\n<script type=\"application\/ld+json\" class=\"yoast-schema-graph\">{\"@context\":\"https:\/\/schema.org\",\"@graph\":[{\"@type\":\"WebPage\",\"@id\":\"https:\/\/suomenkuvalehti.fi\/kirjailijanpaivakirja\/leila-slimanin-kehtolaulu-palkitsee-lukijansa-ja-kirjoittajansa\/\",\"url\":\"https:\/\/suomenkuvalehti.fi\/kirjailijanpaivakirja\/leila-slimanin-kehtolaulu-palkitsee-lukijansa-ja-kirjoittajansa\/\",\"name\":\"Le\u00efla Slimanin Kehtolaulu palkitsee lukijansa ja kirjoittajansa - Kirjailijan p\u00e4iv\u00e4kirja\",\"isPartOf\":{\"@id\":\"https:\/\/suomenkuvalehti.fi\/kirjailijanpaivakirja\/#website\"},\"primaryImageOfPage\":{\"@id\":\"https:\/\/suomenkuvalehti.fi\/kirjailijanpaivakirja\/leila-slimanin-kehtolaulu-palkitsee-lukijansa-ja-kirjoittajansa\/#primaryimage\"},\"image\":{\"@id\":\"https:\/\/suomenkuvalehti.fi\/kirjailijanpaivakirja\/leila-slimanin-kehtolaulu-palkitsee-lukijansa-ja-kirjoittajansa\/#primaryimage\"},\"thumbnailUrl\":\"https:\/\/suomenkuvalehti.fi\/kirjailijanpaivakirja\/wp-content\/uploads\/sites\/21\/2018\/09\/kehtolaulu-199x300.jpg\",\"datePublished\":\"2018-09-10T06:49:52+00:00\",\"dateModified\":\"2018-09-10T07:09:05+00:00\",\"author\":{\"@id\":\"https:\/\/suomenkuvalehti.fi\/kirjailijanpaivakirja\/#\/schema\/person\/ca2dfd9d508d8c675e07b3c099fc789b\"},\"breadcrumb\":{\"@id\":\"https:\/\/suomenkuvalehti.fi\/kirjailijanpaivakirja\/leila-slimanin-kehtolaulu-palkitsee-lukijansa-ja-kirjoittajansa\/#breadcrumb\"},\"inLanguage\":\"fi\",\"potentialAction\":[{\"@type\":\"ReadAction\",\"target\":[\"https:\/\/suomenkuvalehti.fi\/kirjailijanpaivakirja\/leila-slimanin-kehtolaulu-palkitsee-lukijansa-ja-kirjoittajansa\/\"]}]},{\"@type\":\"ImageObject\",\"inLanguage\":\"fi\",\"@id\":\"https:\/\/suomenkuvalehti.fi\/kirjailijanpaivakirja\/leila-slimanin-kehtolaulu-palkitsee-lukijansa-ja-kirjoittajansa\/#primaryimage\",\"url\":\"https:\/\/suomenkuvalehti.fi\/kirjailijanpaivakirja\/wp-content\/uploads\/sites\/21\/2018\/09\/kehtolaulu.jpg\",\"contentUrl\":\"https:\/\/suomenkuvalehti.fi\/kirjailijanpaivakirja\/wp-content\/uploads\/sites\/21\/2018\/09\/kehtolaulu.jpg\",\"width\":1400,\"height\":2112,\"caption\":\"Kansi: Martti Ruokonen.\"},{\"@type\":\"BreadcrumbList\",\"@id\":\"https:\/\/suomenkuvalehti.fi\/kirjailijanpaivakirja\/leila-slimanin-kehtolaulu-palkitsee-lukijansa-ja-kirjoittajansa\/#breadcrumb\",\"itemListElement\":[{\"@type\":\"ListItem\",\"position\":1,\"name\":\"Home\",\"item\":\"https:\/\/suomenkuvalehti.fi\/kirjailijanpaivakirja\/\"},{\"@type\":\"ListItem\",\"position\":2,\"name\":\"Le\u00efla Slimanin Kehtolaulu palkitsee lukijansa ja kirjoittajansa\"}]},{\"@type\":\"WebSite\",\"@id\":\"https:\/\/suomenkuvalehti.fi\/kirjailijanpaivakirja\/#website\",\"url\":\"https:\/\/suomenkuvalehti.fi\/kirjailijanpaivakirja\/\",\"name\":\"Kirjailijan p\u00e4iv\u00e4kirja\",\"description\":\"Proosakirjailijan arkea ja kirjallisuuden ajankohtaisia aiheita.\",\"potentialAction\":[{\"@type\":\"SearchAction\",\"target\":{\"@type\":\"EntryPoint\",\"urlTemplate\":\"https:\/\/suomenkuvalehti.fi\/haku\/?q={search_term_string}\"},\"query-input\":{\"@type\":\"PropertyValueSpecification\",\"valueRequired\":true,\"valueName\":\"search_term_string\"}}],\"inLanguage\":\"fi\"},{\"@type\":\"Person\",\"@id\":\"https:\/\/suomenkuvalehti.fi\/kirjailijanpaivakirja\/#\/schema\/person\/ca2dfd9d508d8c675e07b3c099fc789b\",\"name\":\"Karo H\u00e4m\u00e4l\u00e4inen\",\"image\":{\"@type\":\"ImageObject\",\"inLanguage\":\"fi\",\"@id\":\"https:\/\/suomenkuvalehti.fi\/kirjailijanpaivakirja\/#\/schema\/person\/image\/\",\"url\":\"https:\/\/suomenkuvalehti.fi\/kirjailijanpaivakirja\/wp-content\/uploads\/sites\/21\/2022\/04\/hamalainen_karo06-1-150x150.jpg\",\"contentUrl\":\"https:\/\/suomenkuvalehti.fi\/kirjailijanpaivakirja\/wp-content\/uploads\/sites\/21\/2022\/04\/hamalainen_karo06-1-150x150.jpg\",\"caption\":\"Karo H\u00e4m\u00e4l\u00e4inen\"},\"description\":\"Karo H\u00e4m\u00e4l\u00e4inen on kirjailija ja talouteen erikoistunut vapaa toimittaja.\"}]}<\/script>\n<!-- \/ Yoast SEO plugin. -->","yoast_head_json":{"title":"Le\u00efla Slimanin Kehtolaulu palkitsee lukijansa ja kirjoittajansa - Kirjailijan p\u00e4iv\u00e4kirja","robots":{"index":"index","follow":"follow","max-snippet":"max-snippet:-1","max-image-preview":"max-image-preview:large","max-video-preview":"max-video-preview:-1"},"canonical":"https:\/\/suomenkuvalehti.fi\/kirjailijanpaivakirja\/leila-slimanin-kehtolaulu-palkitsee-lukijansa-ja-kirjoittajansa\/","og_locale":"fi_FI","og_type":"article","og_title":"Le\u00efla Slimanin Kehtolaulu palkitsee lukijansa ja kirjoittajansa - Kirjailijan p\u00e4iv\u00e4kirja","og_description":"Louise on t\u00e4ydellinen lastenhoitaja. H\u00e4n tekee enemm\u00e4n ja paremmin kuin olisi kohtuullista odottaa. H\u00e4nen ansiostaan perheen \u00e4iti Myriam voi edist\u00e4\u00e4 uraansa lakitoimistossa. Partnerius h\u00e4\u00e4m\u00f6tt\u00e4\u00e4. Kemiat kohtasivat heti. \u201dRakkautta ensisilm\u00e4yksell\u00e4\u201d, Myriam sanoo last&hellip;","og_url":"https:\/\/suomenkuvalehti.fi\/kirjailijanpaivakirja\/leila-slimanin-kehtolaulu-palkitsee-lukijansa-ja-kirjoittajansa\/","og_site_name":"Kirjailijan p\u00e4iv\u00e4kirja","article_published_time":"2018-09-10T06:49:52+00:00","article_modified_time":"2018-09-10T07:09:05+00:00","og_image":[{"url":"https:\/\/suomenkuvalehti.fi\/kirjailijanpaivakirja\/wp-content\/uploads\/sites\/21\/2018\/09\/kehtolaulu-199x300.jpg","type":"","width":"","height":""}],"author":"Karo H\u00e4m\u00e4l\u00e4inen","twitter_card":"summary_large_image","twitter_misc":{"Written by":"Karo H\u00e4m\u00e4l\u00e4inen","Est. reading time":"2 minuuttia"},"schema":{"@context":"https:\/\/schema.org","@graph":[{"@type":"WebPage","@id":"https:\/\/suomenkuvalehti.fi\/kirjailijanpaivakirja\/leila-slimanin-kehtolaulu-palkitsee-lukijansa-ja-kirjoittajansa\/","url":"https:\/\/suomenkuvalehti.fi\/kirjailijanpaivakirja\/leila-slimanin-kehtolaulu-palkitsee-lukijansa-ja-kirjoittajansa\/","name":"Le\u00efla Slimanin Kehtolaulu palkitsee lukijansa ja kirjoittajansa - Kirjailijan p\u00e4iv\u00e4kirja","isPartOf":{"@id":"https:\/\/suomenkuvalehti.fi\/kirjailijanpaivakirja\/#website"},"primaryImageOfPage":{"@id":"https:\/\/suomenkuvalehti.fi\/kirjailijanpaivakirja\/leila-slimanin-kehtolaulu-palkitsee-lukijansa-ja-kirjoittajansa\/#primaryimage"},"image":{"@id":"https:\/\/suomenkuvalehti.fi\/kirjailijanpaivakirja\/leila-slimanin-kehtolaulu-palkitsee-lukijansa-ja-kirjoittajansa\/#primaryimage"},"thumbnailUrl":"https:\/\/suomenkuvalehti.fi\/kirjailijanpaivakirja\/wp-content\/uploads\/sites\/21\/2018\/09\/kehtolaulu-199x300.jpg","datePublished":"2018-09-10T06:49:52+00:00","dateModified":"2018-09-10T07:09:05+00:00","author":{"@id":"https:\/\/suomenkuvalehti.fi\/kirjailijanpaivakirja\/#\/schema\/person\/ca2dfd9d508d8c675e07b3c099fc789b"},"breadcrumb":{"@id":"https:\/\/suomenkuvalehti.fi\/kirjailijanpaivakirja\/leila-slimanin-kehtolaulu-palkitsee-lukijansa-ja-kirjoittajansa\/#breadcrumb"},"inLanguage":"fi","potentialAction":[{"@type":"ReadAction","target":["https:\/\/suomenkuvalehti.fi\/kirjailijanpaivakirja\/leila-slimanin-kehtolaulu-palkitsee-lukijansa-ja-kirjoittajansa\/"]}]},{"@type":"ImageObject","inLanguage":"fi","@id":"https:\/\/suomenkuvalehti.fi\/kirjailijanpaivakirja\/leila-slimanin-kehtolaulu-palkitsee-lukijansa-ja-kirjoittajansa\/#primaryimage","url":"https:\/\/suomenkuvalehti.fi\/kirjailijanpaivakirja\/wp-content\/uploads\/sites\/21\/2018\/09\/kehtolaulu.jpg","contentUrl":"https:\/\/suomenkuvalehti.fi\/kirjailijanpaivakirja\/wp-content\/uploads\/sites\/21\/2018\/09\/kehtolaulu.jpg","width":1400,"height":2112,"caption":"Kansi: Martti Ruokonen."},{"@type":"BreadcrumbList","@id":"https:\/\/suomenkuvalehti.fi\/kirjailijanpaivakirja\/leila-slimanin-kehtolaulu-palkitsee-lukijansa-ja-kirjoittajansa\/#breadcrumb","itemListElement":[{"@type":"ListItem","position":1,"name":"Home","item":"https:\/\/suomenkuvalehti.fi\/kirjailijanpaivakirja\/"},{"@type":"ListItem","position":2,"name":"Le\u00efla Slimanin Kehtolaulu palkitsee lukijansa ja kirjoittajansa"}]},{"@type":"WebSite","@id":"https:\/\/suomenkuvalehti.fi\/kirjailijanpaivakirja\/#website","url":"https:\/\/suomenkuvalehti.fi\/kirjailijanpaivakirja\/","name":"Kirjailijan p\u00e4iv\u00e4kirja","description":"Proosakirjailijan arkea ja kirjallisuuden ajankohtaisia aiheita.","potentialAction":[{"@type":"SearchAction","target":{"@type":"EntryPoint","urlTemplate":"https:\/\/suomenkuvalehti.fi\/haku\/?q={search_term_string}"},"query-input":{"@type":"PropertyValueSpecification","valueRequired":true,"valueName":"search_term_string"}}],"inLanguage":"fi"},{"@type":"Person","@id":"https:\/\/suomenkuvalehti.fi\/kirjailijanpaivakirja\/#\/schema\/person\/ca2dfd9d508d8c675e07b3c099fc789b","name":"Karo H\u00e4m\u00e4l\u00e4inen","image":{"@type":"ImageObject","inLanguage":"fi","@id":"https:\/\/suomenkuvalehti.fi\/kirjailijanpaivakirja\/#\/schema\/person\/image\/","url":"https:\/\/suomenkuvalehti.fi\/kirjailijanpaivakirja\/wp-content\/uploads\/sites\/21\/2022\/04\/hamalainen_karo06-1-150x150.jpg","contentUrl":"https:\/\/suomenkuvalehti.fi\/kirjailijanpaivakirja\/wp-content\/uploads\/sites\/21\/2022\/04\/hamalainen_karo06-1-150x150.jpg","caption":"Karo H\u00e4m\u00e4l\u00e4inen"},"description":"Karo H\u00e4m\u00e4l\u00e4inen on kirjailija ja talouteen erikoistunut vapaa toimittaja."}]}},"_links":{"self":[{"href":"https:\/\/suomenkuvalehti.fi\/kirjailijanpaivakirja\/wp-json\/wp\/v2\/posts\/1276","targetHints":{"allow":["GET"]}}],"collection":[{"href":"https:\/\/suomenkuvalehti.fi\/kirjailijanpaivakirja\/wp-json\/wp\/v2\/posts"}],"about":[{"href":"https:\/\/suomenkuvalehti.fi\/kirjailijanpaivakirja\/wp-json\/wp\/v2\/types\/post"}],"author":[{"embeddable":true,"href":"https:\/\/suomenkuvalehti.fi\/kirjailijanpaivakirja\/wp-json\/wp\/v2\/users\/129"}],"replies":[{"embeddable":true,"href":"https:\/\/suomenkuvalehti.fi\/kirjailijanpaivakirja\/wp-json\/wp\/v2\/comments?post=1276"}],"version-history":[{"count":3,"href":"https:\/\/suomenkuvalehti.fi\/kirjailijanpaivakirja\/wp-json\/wp\/v2\/posts\/1276\/revisions"}],"predecessor-version":[{"id":1280,"href":"https:\/\/suomenkuvalehti.fi\/kirjailijanpaivakirja\/wp-json\/wp\/v2\/posts\/1276\/revisions\/1280"}],"wp:attachment":[{"href":"https:\/\/suomenkuvalehti.fi\/kirjailijanpaivakirja\/wp-json\/wp\/v2\/media?parent=1276"}],"wp:term":[{"taxonomy":"category","embeddable":true,"href":"https:\/\/suomenkuvalehti.fi\/kirjailijanpaivakirja\/wp-json\/wp\/v2\/categories?post=1276"},{"taxonomy":"post_tag","embeddable":true,"href":"https:\/\/suomenkuvalehti.fi\/kirjailijanpaivakirja\/wp-json\/wp\/v2\/tags?post=1276"}],"curies":[{"name":"wp","href":"https:\/\/api.w.org\/{rel}","templated":true}]}}