{"id":1268,"date":"2018-09-03T08:18:39","date_gmt":"2018-09-03T05:18:39","guid":{"rendered":"https:\/\/suomenkuvalehti.fi\/kirjailijanpaivakirja\/?p=1268"},"modified":"2018-09-03T09:07:21","modified_gmt":"2018-09-03T06:07:21","slug":"kari-hotakainen-ottaa-ihmisen-osan","status":"publish","type":"post","link":"https:\/\/suomenkuvalehti.fi\/kirjailijanpaivakirja\/kari-hotakainen-ottaa-ihmisen-osan\/","title":{"rendered":"Kari Hotakainen ottaa ihmisen osan"},"content":{"rendered":"<figure class=\"alignleft size-medium is-resized wp-block-image\">\n  <div class=\"wp-block-image__inner-container\">\n    <a href='https:\/\/suomenkuvalehti.fi\/kirjailijanpaivakirja\/wp-content\/uploads\/sites\/21\/2018\/09\/tuntematon-kimi.jpg'><img loading=\"lazy\" decoding=\"async\" src=\"https:\/\/suomenkuvalehti.fi\/kirjailijanpaivakirja\/wp-content\/uploads\/sites\/21\/2018\/09\/tuntematon-kimi-201x300.jpg\" alt=\"\" class=\"wp-image-1269\" width=\"201\" height=\"300\" style=\"--aspect-ratio: 0.67\" srcset=\"https:\/\/suomenkuvalehti.fi\/kirjailijanpaivakirja\/wp-content\/uploads\/sites\/21\/2018\/09\/tuntematon-kimi-201x300.jpg 201w, https:\/\/suomenkuvalehti.fi\/kirjailijanpaivakirja\/wp-content\/uploads\/sites\/21\/2018\/09\/tuntematon-kimi-768x1144.jpg 768w, https:\/\/suomenkuvalehti.fi\/kirjailijanpaivakirja\/wp-content\/uploads\/sites\/21\/2018\/09\/tuntematon-kimi-687x1024.jpg 687w, https:\/\/suomenkuvalehti.fi\/kirjailijanpaivakirja\/wp-content\/uploads\/sites\/21\/2018\/09\/tuntematon-kimi-300x447.jpg 300w, https:\/\/suomenkuvalehti.fi\/kirjailijanpaivakirja\/wp-content\/uploads\/sites\/21\/2018\/09\/tuntematon-kimi-630x939.jpg 630w, https:\/\/suomenkuvalehti.fi\/kirjailijanpaivakirja\/wp-content\/uploads\/sites\/21\/2018\/09\/tuntematon-kimi.jpg 1712w\" sizes=\"auto, (max-width: 201px) 100vw, 201px\" \/><\/a>    <figcaption class=\"wp-block-image__figcaption\">\n            <span class='wp-block-image__copyright'>&copy; Kansi: Mika Tuominen<\/span>    <\/figcaption>\n      <\/div>\n<\/figure>\n\n\n<p><span class=\"capitalized\">Haistan<\/span> pelon.<\/p>\n\n\n\n<p>Mies on paljon vartijana. H\u00e4neen on luotettu, h\u00e4neen on satsattu, ja h\u00e4nelt\u00e4 odotetaan suuria. Koko Suomen kansa arvostelisi h\u00e4nen tekemisi\u00e4\u00e4n.<\/p>\n\n\n\n<p>Eik\u00e4 h\u00e4nell\u00e4 tunnu olevan ty\u00f6kalua, jolla pystyisi voittamaan.<\/p>\n\n\n\n<p>Mies, jonka n\u00e4en, ei ole <strong>Kimi R\u00e4ikk\u00f6nen<\/strong> vaan <strong>Kari Hotakainen<\/strong>.<\/p>\n\n\n\n<p>&nbsp;<\/p>\n\n\n\n<p><span class=\"capitalized\">Muotokuvan<\/span> kirjoittaminen Kimi R\u00e4ikk\u00f6sest\u00e4 oli Kari Hotakaiselle uudenlainen ty\u00f6. H\u00e4n on kirjoittanut lehtijuttuja, mutta kirjamuodossa h\u00e4nen tuotantonsa on t\u00e4h\u00e4n asti rajoittunut fiktioon: lyriikkaa ja proosaa lapsille, nuorille ja aikuisille.<\/p>\n\n\n\n<p>Kimi R\u00e4ikk\u00f6sen tarina on namupala. Kiinnostava persoona, kuin suoraan romaanista tai elokuvasta paitsi ett\u00e4 monitahoisempi. Myyntipotentiaali mahtava. Kirja pelastaisi kustantamon talouden.<\/p>\n\n\n\n<p>Mutta materiaalia ei tahdo irrota. Formulakuski on kiireinen ja suo haastatteluhetki\u00e4 niukasti. Silloin kun vastaus ei ole lehdist\u00f6tilaisuuksista tuttua niukkuutta, nauhurille tallentuu sekavia ajatuskulkuja.<\/p>\n\n\n\n<p>Kilvanajokihojen aika on kallista.<\/p>\n\n\n\n<p>Valuuko koko hanke kuin jarrunesteet asfaltille?<\/p>\n\n\n\n<p>&nbsp;<\/p>\n\n\n\n<p><span class=\"capitalized\">En tied\u00e4,<\/span> pelottiko Hotakaista. Kauhistuttiko h\u00e4nt\u00e4, kuinka h\u00e4n kokkaisi niukoista ja yhteismitattomista raaka-aineista kirjan, jota ladottaisiin marketeissa piim\u00e4purkkien ja keskiolutkeissien viereen? Eik\u00e4 aikaakaan ollut tuhlattavaksi.<\/p>\n\n\n\n<p>Pelon haistan. Jos haastateltavat olisivat \u00e4ityneet tekem\u00e4\u00e4n pohjaty\u00f6t, tulemaan nauhurin \u00e4\u00e4reen valmistautuneina ja tuoneet kirjailijalle pallon hy\u00f6kk\u00e4ysp\u00e4\u00e4n maalialueelle, olisi luultavasti tullut erilainen kirja. Sellainen, jossa on kaari alusta loppuun, tiivistyneit\u00e4 tuokiokuvauksia, herkullisia aistivoimaisia tunnetiloja, timanttisia detaljeja.<\/p>\n\n\n\n<p>Ehk\u00e4 sellainen kuin <strong>David Lagercrantzin Zlatan Ibrahimovic<\/strong> -el\u00e4m\u00e4kerta, johon Hotakaisen hanketta on verrattu.<\/p>\n\n\n\n<p>Ei tullut. Tuli kirja, johon kertoja kirjoittaa vahvasti itsens\u00e4 mukaan. Kertoja ihmettelee formulamaailman kohtuuttomuutta, pelk\u00e4\u00e4 R\u00e4ikk\u00f6sen kyydiss\u00e4 istuessaan, kuvailee Ferrarin suhtautumista mieheen, jolla ei ole punaista takkia.<\/p>\n\n\n\n<p>&nbsp;<\/p>\n\n\n\n<p><span class=\"capitalized\">Sen sijaan<\/span> ett\u00e4 el\u00e4m\u00e4kerturi et\u00e4\u00e4nnytt\u00e4isi itsens\u00e4, Hotakainen ottaa hoidettavakseen ihmisen osan. H\u00e4n esiintyy formuloista v\u00e4h\u00e4n tiet\u00e4v\u00e4n\u00e4, koomisena hahmona, joka ihmettelee lukijan kanssa ja lukijan puolesta.<\/p>\n\n\n\n<p>Ratkaisu ei ole lainkaan ennenkuulumaton. Kun <strong>Pentti Saarikoski<\/strong> kirjoitti <strong>Eino Leinosta <\/strong>Legenda jo el\u00e4ess\u00e4\u00e4n -sarjaan, tulos n\u00e4ytt\u00e4\u00e4 enemm\u00e4n Saarikoskelta kuin Leinolta. Tai kun <strong>Anja Snellman<\/strong> kirjoitti kirjan <strong>Harry Harkimosta<\/strong>, h\u00e4n otti samanlaisen position kuin Hotakainen.<\/p>\n\n\n\n<p>Kirjailijalta jopa saatetaan odottaa itsens\u00e4 n\u00e4kyv\u00e4ksi kirjoittamista. Niin Hotakainen kuvailee kulissit, joissa h\u00e4n haastattelee fysioterapeutti <strong>Jukka Viitasaarta<\/strong> sen sijaan ett\u00e4 poimisi t\u00e4m\u00e4n haastattelusta el\u00e4m\u00e4kerran kannalta relevantin informaation. Ratkaisu n\u00e4ytt\u00e4\u00e4 ja nostaa esiin paitsi kirjan nimihenkil\u00f6n my\u00f6s h\u00e4nen l\u00e4hipiiri\u00e4\u00e4n.<\/p>\n\n\n\n<p>Samalla se tekee teoksesta matkan Kari Hotakaisen kyydiss\u00e4. Matkanteko on rauhallisempaa kuin R\u00e4ikk\u00f6sen toimiessa kuskina.<\/p>\n\n\n\n<p>&nbsp;<\/p>\n\n\n\n<p><span class=\"capitalized\"><em>Tuntematon Kimi R\u00e4ikk\u00f6nen<\/em><\/span> -kirjassa on muitakin standardiel\u00e4m\u00e4kerrasta poikkeavia kerrontaratkaisuja. Esimerkiksi yhteen lukuun on koottu eri henkil\u00f6iden kertomia lyhyit\u00e4 kommellustarinoita, joista useaan alkoholilla on ollut osuutta, ja bonusraidaksi on ker\u00e4tty Kimi-sitaatteja.<\/p>\n\n\n\n<p>Onko k\u00e4ynyt niin, ett\u00e4 kirjailija ei ole kiireen ja paineen alla saanut tarinoita uppoamaan kertovaan tekstiin, joten ne on vain ly\u00f6ty per\u00e4j\u00e4lkeen, sill\u00e4 s\u00e4\u00e4lih\u00e4n hyvi\u00e4 juttuja olisi ollut j\u00e4tt\u00e4\u00e4 pois kirjasta?<\/p>\n\n\n\n<p>Sama se, ratkaisu toimii, luultavasti paremmin kuin A:sta B:hen sulavalinjaisesti etenev\u00e4 el\u00e4m\u00e4ntarina. Se, onko v\u00e4ltt\u00e4m\u00e4tt\u00f6myydest\u00e4 tehty hyve, on toissijaista.<\/p>\n\n\n\n<p>Hotakainen k\u00e4ytt\u00e4\u00e4 kirjallisia muotoja ennakkoluulottomasti. Harva el\u00e4m\u00e4kerta muuttuu kesken kaiken el\u00e4infaabeliksi. Kieli on tunnistettavaa Hotakaista, parhaimmillaan Hotakaista parhaimmillaan. Tyyliin iskua ly\u00f6v\u00e4t lyhyet virkkeet, paradoksit ja miltei maneeriksi yltyv\u00e4 mieltymys vastakohtiin.<\/p>\n\n\n\n<p>Sit\u00e4 on nautinnollista lukea, niin kuin odottaa sopikin.<\/p>\n\n\n","protected":false},"excerpt":{"rendered":"<p>Haistan pelon. Mies on paljon vartijana. H\u00e4neen on luotettu, h\u00e4neen on satsattu, ja h\u00e4nelt\u00e4 odotetaan suuria. Koko Suomen kansa arvostelisi h\u00e4nen tekemisi\u00e4\u00e4n. Eik\u00e4 h\u00e4nell\u00e4 tunnu olevan ty\u00f6kalua, jolla pystyisi voittamaan. Mies, jonka n\u00e4en, ei ole Kimi R\u00e4ikk\u00f6nen vaan Kari<br \/>\nHotakainen. &#038;&hellip;<\/p>\n","protected":false},"author":129,"featured_media":0,"comment_status":"open","ping_status":"open","sticky":false,"template":"","format":"standard","meta":{"_acf_changed":false,"asauth_required_access_level":3,"asauth_cansharepaid":"true","om_header_attributes":[],"footnotes":"","om_featured_image_focal_point":[],"om_primary_tag":0,"om_contributors":[],"om_co_authors":[],"beyondwords_generate_audio":"","beyondwords_project_id":"","beyondwords_content_id":"","beyondwords_preview_token":"","beyondwords_player_content":"","beyondwords_player_style":"","beyondwords_language_code":"","beyondwords_language_id":"","beyondwords_title_voice_id":"","beyondwords_body_voice_id":"","beyondwords_summary_voice_id":"","beyondwords_error_message":"","beyondwords_disabled":"","beyondwords_delete_content":"","beyondwords_podcast_id":"","beyondwords_hash":"","publish_post_to_speechkit":"","speechkit_hash":"","speechkit_generate_audio":"","speechkit_project_id":"","speechkit_podcast_id":"","speechkit_error_message":"","speechkit_disabled":"","speechkit_access_key":"","speechkit_error":"","speechkit_info":"","speechkit_response":"","speechkit_retries":"","speechkit_status":"","speechkit_updated_at":"","_speechkit_link":"","_speechkit_text":""},"categories":[1],"tags":[514,504,1197,1198],"class_list":["post-1268","post","type-post","status-publish","format-standard","hentry","category-kirjailijan-paivakirja","tag-elamakerta","tag-kari-hotakainen","tag-kimi-raikkonen","tag-muotokuva"],"om_views":null,"acf":{"tuuma_off":false,"tuuma_kysymys":"","tuuma_vastaus":""},"asauth":{"required_access_level":1,"share_token":"","is_paid":false},"yoast_head":"<!-- This site is optimized with the Yoast SEO plugin v26.4 - https:\/\/yoast.com\/wordpress\/plugins\/seo\/ -->\n<title>Kari Hotakainen ottaa ihmisen osan - Kirjailijan p\u00e4iv\u00e4kirja<\/title>\n<meta name=\"robots\" content=\"index, follow, max-snippet:-1, max-image-preview:large, max-video-preview:-1\" \/>\n<link rel=\"canonical\" href=\"https:\/\/suomenkuvalehti.fi\/kirjailijanpaivakirja\/kari-hotakainen-ottaa-ihmisen-osan\/\" \/>\n<meta property=\"og:locale\" content=\"fi_FI\" \/>\n<meta property=\"og:type\" content=\"article\" \/>\n<meta property=\"og:title\" content=\"Kari Hotakainen ottaa ihmisen osan - Kirjailijan p\u00e4iv\u00e4kirja\" \/>\n<meta property=\"og:description\" content=\"Haistan pelon. Mies on paljon vartijana. H\u00e4neen on luotettu, h\u00e4neen on satsattu, ja h\u00e4nelt\u00e4 odotetaan suuria. Koko Suomen kansa arvostelisi h\u00e4nen tekemisi\u00e4\u00e4n. Eik\u00e4 h\u00e4nell\u00e4 tunnu olevan ty\u00f6kalua, jolla pystyisi voittamaan. Mies, jonka n\u00e4en, ei ole Kimi R\u00e4ikk\u00f6nen vaan Kari Hotakainen. &amp;&hellip;\" \/>\n<meta property=\"og:url\" content=\"https:\/\/suomenkuvalehti.fi\/kirjailijanpaivakirja\/kari-hotakainen-ottaa-ihmisen-osan\/\" \/>\n<meta property=\"og:site_name\" content=\"Kirjailijan p\u00e4iv\u00e4kirja\" \/>\n<meta property=\"article:published_time\" content=\"2018-09-03T05:18:39+00:00\" \/>\n<meta property=\"article:modified_time\" content=\"2018-09-03T06:07:21+00:00\" \/>\n<meta property=\"og:image\" content=\"https:\/\/suomenkuvalehti.fi\/kirjailijanpaivakirja\/wp-content\/uploads\/sites\/21\/2018\/09\/tuntematon-kimi-201x300.jpg\" \/>\n<meta name=\"author\" content=\"Karo H\u00e4m\u00e4l\u00e4inen\" \/>\n<meta name=\"twitter:card\" content=\"summary_large_image\" \/>\n<meta name=\"twitter:label1\" content=\"Written by\" \/>\n\t<meta name=\"twitter:data1\" content=\"Karo H\u00e4m\u00e4l\u00e4inen\" \/>\n\t<meta name=\"twitter:label2\" content=\"Est. reading time\" \/>\n\t<meta name=\"twitter:data2\" content=\"3 minuuttia\" \/>\n<script type=\"application\/ld+json\" class=\"yoast-schema-graph\">{\"@context\":\"https:\/\/schema.org\",\"@graph\":[{\"@type\":\"WebPage\",\"@id\":\"https:\/\/suomenkuvalehti.fi\/kirjailijanpaivakirja\/kari-hotakainen-ottaa-ihmisen-osan\/\",\"url\":\"https:\/\/suomenkuvalehti.fi\/kirjailijanpaivakirja\/kari-hotakainen-ottaa-ihmisen-osan\/\",\"name\":\"Kari Hotakainen ottaa ihmisen osan - Kirjailijan p\u00e4iv\u00e4kirja\",\"isPartOf\":{\"@id\":\"https:\/\/suomenkuvalehti.fi\/kirjailijanpaivakirja\/#website\"},\"primaryImageOfPage\":{\"@id\":\"https:\/\/suomenkuvalehti.fi\/kirjailijanpaivakirja\/kari-hotakainen-ottaa-ihmisen-osan\/#primaryimage\"},\"image\":{\"@id\":\"https:\/\/suomenkuvalehti.fi\/kirjailijanpaivakirja\/kari-hotakainen-ottaa-ihmisen-osan\/#primaryimage\"},\"thumbnailUrl\":\"https:\/\/suomenkuvalehti.fi\/kirjailijanpaivakirja\/wp-content\/uploads\/sites\/21\/2018\/09\/tuntematon-kimi-201x300.jpg\",\"datePublished\":\"2018-09-03T05:18:39+00:00\",\"dateModified\":\"2018-09-03T06:07:21+00:00\",\"author\":{\"@id\":\"https:\/\/suomenkuvalehti.fi\/kirjailijanpaivakirja\/#\/schema\/person\/ca2dfd9d508d8c675e07b3c099fc789b\"},\"breadcrumb\":{\"@id\":\"https:\/\/suomenkuvalehti.fi\/kirjailijanpaivakirja\/kari-hotakainen-ottaa-ihmisen-osan\/#breadcrumb\"},\"inLanguage\":\"fi\",\"potentialAction\":[{\"@type\":\"ReadAction\",\"target\":[\"https:\/\/suomenkuvalehti.fi\/kirjailijanpaivakirja\/kari-hotakainen-ottaa-ihmisen-osan\/\"]}]},{\"@type\":\"ImageObject\",\"inLanguage\":\"fi\",\"@id\":\"https:\/\/suomenkuvalehti.fi\/kirjailijanpaivakirja\/kari-hotakainen-ottaa-ihmisen-osan\/#primaryimage\",\"url\":\"https:\/\/suomenkuvalehti.fi\/kirjailijanpaivakirja\/wp-content\/uploads\/sites\/21\/2018\/09\/tuntematon-kimi.jpg\",\"contentUrl\":\"https:\/\/suomenkuvalehti.fi\/kirjailijanpaivakirja\/wp-content\/uploads\/sites\/21\/2018\/09\/tuntematon-kimi.jpg\",\"width\":1712,\"height\":2551,\"caption\":\"Kansi: Mika Tuominen.\"},{\"@type\":\"BreadcrumbList\",\"@id\":\"https:\/\/suomenkuvalehti.fi\/kirjailijanpaivakirja\/kari-hotakainen-ottaa-ihmisen-osan\/#breadcrumb\",\"itemListElement\":[{\"@type\":\"ListItem\",\"position\":1,\"name\":\"Home\",\"item\":\"https:\/\/suomenkuvalehti.fi\/kirjailijanpaivakirja\/\"},{\"@type\":\"ListItem\",\"position\":2,\"name\":\"Kari Hotakainen ottaa ihmisen osan\"}]},{\"@type\":\"WebSite\",\"@id\":\"https:\/\/suomenkuvalehti.fi\/kirjailijanpaivakirja\/#website\",\"url\":\"https:\/\/suomenkuvalehti.fi\/kirjailijanpaivakirja\/\",\"name\":\"Kirjailijan p\u00e4iv\u00e4kirja\",\"description\":\"Proosakirjailijan arkea ja kirjallisuuden ajankohtaisia aiheita.\",\"potentialAction\":[{\"@type\":\"SearchAction\",\"target\":{\"@type\":\"EntryPoint\",\"urlTemplate\":\"https:\/\/suomenkuvalehti.fi\/haku\/?q={search_term_string}\"},\"query-input\":{\"@type\":\"PropertyValueSpecification\",\"valueRequired\":true,\"valueName\":\"search_term_string\"}}],\"inLanguage\":\"fi\"},{\"@type\":\"Person\",\"@id\":\"https:\/\/suomenkuvalehti.fi\/kirjailijanpaivakirja\/#\/schema\/person\/ca2dfd9d508d8c675e07b3c099fc789b\",\"name\":\"Karo H\u00e4m\u00e4l\u00e4inen\",\"image\":{\"@type\":\"ImageObject\",\"inLanguage\":\"fi\",\"@id\":\"https:\/\/suomenkuvalehti.fi\/kirjailijanpaivakirja\/#\/schema\/person\/image\/\",\"url\":\"https:\/\/suomenkuvalehti.fi\/kirjailijanpaivakirja\/wp-content\/uploads\/sites\/21\/2022\/04\/hamalainen_karo06-1-150x150.jpg\",\"contentUrl\":\"https:\/\/suomenkuvalehti.fi\/kirjailijanpaivakirja\/wp-content\/uploads\/sites\/21\/2022\/04\/hamalainen_karo06-1-150x150.jpg\",\"caption\":\"Karo H\u00e4m\u00e4l\u00e4inen\"},\"description\":\"Karo H\u00e4m\u00e4l\u00e4inen on kirjailija ja talouteen erikoistunut vapaa toimittaja.\"}]}<\/script>\n<!-- \/ Yoast SEO plugin. -->","yoast_head_json":{"title":"Kari Hotakainen ottaa ihmisen osan - Kirjailijan p\u00e4iv\u00e4kirja","robots":{"index":"index","follow":"follow","max-snippet":"max-snippet:-1","max-image-preview":"max-image-preview:large","max-video-preview":"max-video-preview:-1"},"canonical":"https:\/\/suomenkuvalehti.fi\/kirjailijanpaivakirja\/kari-hotakainen-ottaa-ihmisen-osan\/","og_locale":"fi_FI","og_type":"article","og_title":"Kari Hotakainen ottaa ihmisen osan - Kirjailijan p\u00e4iv\u00e4kirja","og_description":"Haistan pelon. Mies on paljon vartijana. H\u00e4neen on luotettu, h\u00e4neen on satsattu, ja h\u00e4nelt\u00e4 odotetaan suuria. Koko Suomen kansa arvostelisi h\u00e4nen tekemisi\u00e4\u00e4n. Eik\u00e4 h\u00e4nell\u00e4 tunnu olevan ty\u00f6kalua, jolla pystyisi voittamaan. Mies, jonka n\u00e4en, ei ole Kimi R\u00e4ikk\u00f6nen vaan Kari Hotakainen. &&hellip;","og_url":"https:\/\/suomenkuvalehti.fi\/kirjailijanpaivakirja\/kari-hotakainen-ottaa-ihmisen-osan\/","og_site_name":"Kirjailijan p\u00e4iv\u00e4kirja","article_published_time":"2018-09-03T05:18:39+00:00","article_modified_time":"2018-09-03T06:07:21+00:00","og_image":[{"url":"https:\/\/suomenkuvalehti.fi\/kirjailijanpaivakirja\/wp-content\/uploads\/sites\/21\/2018\/09\/tuntematon-kimi-201x300.jpg","type":"","width":"","height":""}],"author":"Karo H\u00e4m\u00e4l\u00e4inen","twitter_card":"summary_large_image","twitter_misc":{"Written by":"Karo H\u00e4m\u00e4l\u00e4inen","Est. reading time":"3 minuuttia"},"schema":{"@context":"https:\/\/schema.org","@graph":[{"@type":"WebPage","@id":"https:\/\/suomenkuvalehti.fi\/kirjailijanpaivakirja\/kari-hotakainen-ottaa-ihmisen-osan\/","url":"https:\/\/suomenkuvalehti.fi\/kirjailijanpaivakirja\/kari-hotakainen-ottaa-ihmisen-osan\/","name":"Kari Hotakainen ottaa ihmisen osan - Kirjailijan p\u00e4iv\u00e4kirja","isPartOf":{"@id":"https:\/\/suomenkuvalehti.fi\/kirjailijanpaivakirja\/#website"},"primaryImageOfPage":{"@id":"https:\/\/suomenkuvalehti.fi\/kirjailijanpaivakirja\/kari-hotakainen-ottaa-ihmisen-osan\/#primaryimage"},"image":{"@id":"https:\/\/suomenkuvalehti.fi\/kirjailijanpaivakirja\/kari-hotakainen-ottaa-ihmisen-osan\/#primaryimage"},"thumbnailUrl":"https:\/\/suomenkuvalehti.fi\/kirjailijanpaivakirja\/wp-content\/uploads\/sites\/21\/2018\/09\/tuntematon-kimi-201x300.jpg","datePublished":"2018-09-03T05:18:39+00:00","dateModified":"2018-09-03T06:07:21+00:00","author":{"@id":"https:\/\/suomenkuvalehti.fi\/kirjailijanpaivakirja\/#\/schema\/person\/ca2dfd9d508d8c675e07b3c099fc789b"},"breadcrumb":{"@id":"https:\/\/suomenkuvalehti.fi\/kirjailijanpaivakirja\/kari-hotakainen-ottaa-ihmisen-osan\/#breadcrumb"},"inLanguage":"fi","potentialAction":[{"@type":"ReadAction","target":["https:\/\/suomenkuvalehti.fi\/kirjailijanpaivakirja\/kari-hotakainen-ottaa-ihmisen-osan\/"]}]},{"@type":"ImageObject","inLanguage":"fi","@id":"https:\/\/suomenkuvalehti.fi\/kirjailijanpaivakirja\/kari-hotakainen-ottaa-ihmisen-osan\/#primaryimage","url":"https:\/\/suomenkuvalehti.fi\/kirjailijanpaivakirja\/wp-content\/uploads\/sites\/21\/2018\/09\/tuntematon-kimi.jpg","contentUrl":"https:\/\/suomenkuvalehti.fi\/kirjailijanpaivakirja\/wp-content\/uploads\/sites\/21\/2018\/09\/tuntematon-kimi.jpg","width":1712,"height":2551,"caption":"Kansi: Mika Tuominen."},{"@type":"BreadcrumbList","@id":"https:\/\/suomenkuvalehti.fi\/kirjailijanpaivakirja\/kari-hotakainen-ottaa-ihmisen-osan\/#breadcrumb","itemListElement":[{"@type":"ListItem","position":1,"name":"Home","item":"https:\/\/suomenkuvalehti.fi\/kirjailijanpaivakirja\/"},{"@type":"ListItem","position":2,"name":"Kari Hotakainen ottaa ihmisen osan"}]},{"@type":"WebSite","@id":"https:\/\/suomenkuvalehti.fi\/kirjailijanpaivakirja\/#website","url":"https:\/\/suomenkuvalehti.fi\/kirjailijanpaivakirja\/","name":"Kirjailijan p\u00e4iv\u00e4kirja","description":"Proosakirjailijan arkea ja kirjallisuuden ajankohtaisia aiheita.","potentialAction":[{"@type":"SearchAction","target":{"@type":"EntryPoint","urlTemplate":"https:\/\/suomenkuvalehti.fi\/haku\/?q={search_term_string}"},"query-input":{"@type":"PropertyValueSpecification","valueRequired":true,"valueName":"search_term_string"}}],"inLanguage":"fi"},{"@type":"Person","@id":"https:\/\/suomenkuvalehti.fi\/kirjailijanpaivakirja\/#\/schema\/person\/ca2dfd9d508d8c675e07b3c099fc789b","name":"Karo H\u00e4m\u00e4l\u00e4inen","image":{"@type":"ImageObject","inLanguage":"fi","@id":"https:\/\/suomenkuvalehti.fi\/kirjailijanpaivakirja\/#\/schema\/person\/image\/","url":"https:\/\/suomenkuvalehti.fi\/kirjailijanpaivakirja\/wp-content\/uploads\/sites\/21\/2022\/04\/hamalainen_karo06-1-150x150.jpg","contentUrl":"https:\/\/suomenkuvalehti.fi\/kirjailijanpaivakirja\/wp-content\/uploads\/sites\/21\/2022\/04\/hamalainen_karo06-1-150x150.jpg","caption":"Karo H\u00e4m\u00e4l\u00e4inen"},"description":"Karo H\u00e4m\u00e4l\u00e4inen on kirjailija ja talouteen erikoistunut vapaa toimittaja."}]}},"_links":{"self":[{"href":"https:\/\/suomenkuvalehti.fi\/kirjailijanpaivakirja\/wp-json\/wp\/v2\/posts\/1268","targetHints":{"allow":["GET"]}}],"collection":[{"href":"https:\/\/suomenkuvalehti.fi\/kirjailijanpaivakirja\/wp-json\/wp\/v2\/posts"}],"about":[{"href":"https:\/\/suomenkuvalehti.fi\/kirjailijanpaivakirja\/wp-json\/wp\/v2\/types\/post"}],"author":[{"embeddable":true,"href":"https:\/\/suomenkuvalehti.fi\/kirjailijanpaivakirja\/wp-json\/wp\/v2\/users\/129"}],"replies":[{"embeddable":true,"href":"https:\/\/suomenkuvalehti.fi\/kirjailijanpaivakirja\/wp-json\/wp\/v2\/comments?post=1268"}],"version-history":[{"count":2,"href":"https:\/\/suomenkuvalehti.fi\/kirjailijanpaivakirja\/wp-json\/wp\/v2\/posts\/1268\/revisions"}],"predecessor-version":[{"id":1271,"href":"https:\/\/suomenkuvalehti.fi\/kirjailijanpaivakirja\/wp-json\/wp\/v2\/posts\/1268\/revisions\/1271"}],"wp:attachment":[{"href":"https:\/\/suomenkuvalehti.fi\/kirjailijanpaivakirja\/wp-json\/wp\/v2\/media?parent=1268"}],"wp:term":[{"taxonomy":"category","embeddable":true,"href":"https:\/\/suomenkuvalehti.fi\/kirjailijanpaivakirja\/wp-json\/wp\/v2\/categories?post=1268"},{"taxonomy":"post_tag","embeddable":true,"href":"https:\/\/suomenkuvalehti.fi\/kirjailijanpaivakirja\/wp-json\/wp\/v2\/tags?post=1268"}],"curies":[{"name":"wp","href":"https:\/\/api.w.org\/{rel}","templated":true}]}}