{"id":1214,"date":"2018-07-04T14:55:30","date_gmt":"2018-07-04T11:55:30","guid":{"rendered":"https:\/\/suomenkuvalehti.fi\/kirjailijanpaivakirja\/?p=1214"},"modified":"2018-07-04T14:55:30","modified_gmt":"2018-07-04T11:55:30","slug":"purnaajan-sota-saara-turunen-pilkkaa-stereotypioita","status":"publish","type":"post","link":"https:\/\/suomenkuvalehti.fi\/kirjailijanpaivakirja\/purnaajan-sota-saara-turunen-pilkkaa-stereotypioita\/","title":{"rendered":"Purnaajan sota \u2013 Saara Turunen pilkkaa stereotypioita"},"content":{"rendered":"\n<p><span class=\"capitalized\">\u201d<strong>Saara Turunen<\/strong> <\/span>on kliseeautomaatti\u201d, puuskahti kulttuurintutkija <strong>Markku Eskelinen<\/strong> Vanhan kirjallisuuden p\u00e4ivien keskustelussa, jonka aiheena oli naisen paikka kirjallisuushistoriassa. Keskustelun alaotsikossa naisen paikkojen \u00e4\u00e4ripisteiksi oli asetettu <strong>Minna Canth<\/strong> ja Saara Turunen.<\/p>\n\n\n\n<p>\u201dJos nainen kirjoittaa sukupuolisesta her\u00e4\u00e4misest\u00e4, se on [kriitikoiden mielest\u00e4] kliseist\u00e4! [Se johtuu siit\u00e4, ett\u00e4] miehet arvostelevat naisten kirjoittamia kirjoja\u201d, kirjallisuusarvostelija <strong>Mervi Kantokorpi<\/strong> vastasi.<\/p>\n\n\n\n<p>Kantokorpi <a href=\"https:\/\/www.hs.fi\/kulttuuri\/art-2000005594581.html\" target=\"_blank\" rel=\"noopener\">on arvostellut<\/a> Turusen toisen romaanin <em>Sivuhenkil\u00f6n Helsingin Sanomiin<\/em>.<\/p>\n\n\n\n<p>\u201dSukupuoliero on kuin palkkaerot, tai luokkaero \u2013 kaikki tiet\u00e4v\u00e4t ja tuntevat ne, mutta niist\u00e4 ei puhuta, kirjailija Saara Turunen pohtii uudessa kirjassaan <em>Sivuhenkil\u00f6<\/em>\u201d, lukee Kantokorven kritiikin ingressiss\u00e4.<\/p>\n\n\n\n<p>Kuuntelin <strong>Touko Siltalan<\/strong> vet\u00e4m\u00e4\u00e4 keskustelua kiinnostuneena, olinhan juuri ryhtynyt lukemaan Turusen <em>Sivuhenkil\u00f6\u00e4<\/em>&nbsp;(Tammi, 2018).<\/p>\n\n\n\n<p>Kuuntelin keskustelua my\u00f6s h\u00e4mmentyneen\u00e4, sill\u00e4 Kantokorpi ja Eskelinen tuntuivat puhuvan aivan eri kirjasta kuin se, jota olin lukemassa.<\/p>\n\n\n\n<p>&nbsp;<\/p>\n\n\n\n<p><span class=\"capitalized\">Eskelinen osuu<\/span> naulan kantaan luonnehtiessaan Turusta kliseeautomaatiksi. <em>Sivuhenkil\u00f6 <\/em>on tuupattu t\u00e4yteen odotuksenmukaisia rooleja ja tilanteita.<\/p>\n\n\n\n<p>Vanhemmat tuovat tytt\u00e4relleen marjoja. Siskon mies osaa laittaa polkupy\u00f6r\u00e4n ketjut paikoilleen (mutta ei ilmeisesti lyhent\u00e4\u00e4 niit\u00e4). Tapahtuman j\u00e4rjest\u00e4j\u00e4 tarjoaa kirjailijalle esiintymispalkkioksi kahvit. Kustantamon syyskauden avajaisissa naiset poseeraavat ryhm\u00e4kuvissa, miehet kallistavat lasejaan tiuhaan tahtiin.<\/p>\n\n\n\n<p>Kliseevy\u00f6ry on valtava, ja sille on hyv\u00e4 syy. Turunen ilmiselv\u00e4sti haluaa osoittaa, millainen on maailma, jossa toimitaan niin kutsuttujen perinteisten roolien mukaan, vailla vivahteita. <em>Sivuhenkil\u00f6<\/em> on nukkekotin\u00e4ytelm\u00e4\u00e4.<\/p>\n\n\n\n<p>&nbsp;<\/p>\n\n\n\n<p><span class=\"capitalized\">Henkil\u00f6t ja<\/span> tilanteet ovat kliseit\u00e4. Niin t\u00e4ytyy olla, sill\u00e4 Turusen tyylilaji on satiiri. Satiiri saa hengitysilmansa stereotypioista.<\/p>\n\n\n\n<p>Kirjan min\u00e4kertoja heittelee piikkej\u00e4 ymp\u00e4rilleen. Noin naulataan yksin ruokaileva ihminen, tuossa oopperan k\u00e4siohjelma, ja n\u00e4in pilaillaan pesukonetta tuovan ty\u00f6harjoittelijan (\u201dmykk\u00e4 albiino\u201d) ulkon\u00e4\u00f6n kustannuksella! Vaskipuhallinorkeskerin soittajat pit\u00e4v\u00e4t oluesta, ja pikkupaikkakunnan asukkaat n\u00e4ytt\u00e4v\u00e4t p\u00e4\u00e4henkil\u00f6n silm\u00e4\u00e4n <em>Temptation Island<\/em> -ohjelman osallistujilta.<\/p>\n\n\n\n<p>Erityisesti min\u00e4kertojan maaleina ovat kirjallisuusinstituutio, sukupuoliroolit ja suhtautuminen lapsettomiin aikuisiin.<\/p>\n\n\n\n<p>Yksitt\u00e4isi\u00e4 kohtauksia useammin kirjassa vilahtelevat l\u00e4hisukulaisten lis\u00e4ksi pari yst\u00e4v\u00e4\u00e4 ja \u201dmaamme huomattavimman sanomalehden\u201d kriitikko, joka ensin kirjoittaa kirjasta negatiiviss\u00e4vytteisen arvostelun, lopussa antaa samasta kirjasta min\u00e4kertojalle kirjallisuuspalkinnon. Miest\u00e4 \u2013 Turusen kertojalle sukupuolella on merkityst\u00e4 \u2013 vedet\u00e4\u00e4n k\u00f6lin ali oikein kunnolla.<\/p>\n\n\n\n<p>Onneksi kyseess\u00e4 on fiktiivinen henkil\u00f6.<\/p>\n\n\n\n<p>&nbsp;<\/p>\n\n\n\n<p><span class=\"capitalized\">Kaikkein eniten<\/span> Turunen tekee kuitenkin pilaa kertojastaan, p\u00e4\u00e4henkil\u00f6st\u00e4, joka sanoo itse\u00e4\u00e4n sivuhenkil\u00f6ksi.<\/p>\n\n\n\n<p><em>Sivuhenkil\u00f6n<\/em> p\u00e4\u00e4henkil\u00f6 on purnaaja, jolle mik\u00e4\u00e4n ei kelpaa ja kaikki on huonosti.<\/p>\n\n\n\n<p>Kun h\u00e4n saa kirjallisuuspalkinnon, palkintopatsas on niin iso, ett\u00e4 se pit\u00e4\u00e4 hakea seuraavana p\u00e4iv\u00e4n\u00e4 lastenvaunuilla. Kun h\u00e4n py\u00f6r\u00e4ilee, kanssaliikkujat saavat h\u00e4nelt\u00e4 murhaavat tuomiot. Vanhempien teot ja sanomiset \u00e4rsytt\u00e4v\u00e4t. Kun h\u00e4nen kirjansa saa h\u00e4nen haikailemaansa huomiota, sekin stressaa.<\/p>\n\n\n\n<p><em>Sivuhenkil\u00f6<\/em> on purnaajan p\u00e4\u00e4ttym\u00e4t\u00f6n sota ihmiskuntaa vastaan.<\/p>\n\n\n\n<p>Patriarkaatin ikeen alla p\u00e4\u00e4henkil\u00f6 tuskittelee niin kuin on varmaankin jostain feminismin perusoppikirjasta opetellut. Samalla h\u00e4n mieluusti tukeutuu pinttyneisiin sukupuolistereotypioihin silloin, kun niist\u00e4 on h\u00e4nelle hy\u00f6ty\u00e4.<\/p>\n\n\n\n<p>Min\u00e4kertojaan kohdistuva iva viilt\u00e4\u00e4 syv\u00e4lle.<\/p>\n\n\n\n<p>&nbsp;<\/p>\n\n\n\n<p><span class=\"capitalized\">Satiiri haluaa<\/span> muuttaa maailmaa. Se asettaa kehnouden naurun kohteeksi.<\/p>\n\n\n\n<p>Satiiri r\u00e4\u00e4kyy: Ei n\u00e4in!<\/p>\n\n\n\n<p>Satiiri esittelee kovin koomisen maailman. Eik\u00f6s olisi hassua, jos ihmiset olisivat t\u00e4llaisia? se kysyy.<\/p>\n\n\n\n<p>Ja lukija ny\u00f6kk\u00e4\u00e4: olisihan se.<\/p>\n\n\n\n<p>&nbsp;<\/p>\n\n\n","protected":false},"excerpt":{"rendered":"<p>\u201dSaara Turunen on kliseeautomaatti\u201d, puuskahti kulttuurintutkija Markku Eskelinen Vanhan kirjallisuuden p\u00e4ivien keskustelussa, jonka aiheena oli naisen paikka kirjallisuushistoriassa. Keskustelun alaotsikossa naisen paikkojen \u00e4\u00e4ripisteiksi oli asetettu Minna Canth ja<br \/>\nSaara &hellip;<\/p>\n","protected":false},"author":129,"featured_media":0,"comment_status":"open","ping_status":"open","sticky":false,"template":"","format":"standard","meta":{"_acf_changed":false,"asauth_required_access_level":3,"asauth_cansharepaid":"true","om_header_attributes":[],"footnotes":"","om_featured_image_focal_point":[],"om_primary_tag":0,"om_contributors":[],"om_co_authors":[],"beyondwords_generate_audio":"","beyondwords_project_id":"","beyondwords_content_id":"","beyondwords_preview_token":"","beyondwords_player_content":"","beyondwords_player_style":"","beyondwords_language_code":"","beyondwords_language_id":"","beyondwords_title_voice_id":"","beyondwords_body_voice_id":"","beyondwords_summary_voice_id":"","beyondwords_error_message":"","beyondwords_disabled":"","beyondwords_delete_content":"","beyondwords_podcast_id":"","beyondwords_hash":"","publish_post_to_speechkit":"","speechkit_hash":"","speechkit_generate_audio":"","speechkit_project_id":"","speechkit_podcast_id":"","speechkit_error_message":"","speechkit_disabled":"","speechkit_access_key":"","speechkit_error":"","speechkit_info":"","speechkit_response":"","speechkit_retries":"","speechkit_status":"","speechkit_updated_at":"","_speechkit_link":"","_speechkit_text":""},"categories":[1],"tags":[1174,1175],"class_list":["post-1214","post","type-post","status-publish","format-standard","hentry","category-kirjailijan-paivakirja","tag-saara-turunen","tag-sivuhenkilo"],"om_views":null,"acf":{"tuuma_off":false,"tuuma_kysymys":"","tuuma_vastaus":""},"asauth":{"required_access_level":1,"share_token":"","is_paid":false},"yoast_head":"<!-- This site is optimized with the Yoast SEO plugin v26.4 - https:\/\/yoast.com\/wordpress\/plugins\/seo\/ -->\n<title>Purnaajan sota \u2013 Saara Turunen pilkkaa stereotypioita - Kirjailijan p\u00e4iv\u00e4kirja<\/title>\n<meta name=\"robots\" content=\"index, follow, max-snippet:-1, max-image-preview:large, max-video-preview:-1\" \/>\n<link rel=\"canonical\" href=\"https:\/\/suomenkuvalehti.fi\/kirjailijanpaivakirja\/purnaajan-sota-saara-turunen-pilkkaa-stereotypioita\/\" \/>\n<meta property=\"og:locale\" content=\"fi_FI\" \/>\n<meta property=\"og:type\" content=\"article\" \/>\n<meta property=\"og:title\" content=\"Purnaajan sota \u2013 Saara Turunen pilkkaa stereotypioita - Kirjailijan p\u00e4iv\u00e4kirja\" \/>\n<meta property=\"og:description\" content=\"\u201dSaara Turunen on kliseeautomaatti\u201d, puuskahti kulttuurintutkija Markku Eskelinen Vanhan kirjallisuuden p\u00e4ivien keskustelussa, jonka aiheena oli naisen paikka kirjallisuushistoriassa. Keskustelun alaotsikossa naisen paikkojen \u00e4\u00e4ripisteiksi oli asetettu Minna Canth ja Saara &hellip;\" \/>\n<meta property=\"og:url\" content=\"https:\/\/suomenkuvalehti.fi\/kirjailijanpaivakirja\/purnaajan-sota-saara-turunen-pilkkaa-stereotypioita\/\" \/>\n<meta property=\"og:site_name\" content=\"Kirjailijan p\u00e4iv\u00e4kirja\" \/>\n<meta property=\"article:published_time\" content=\"2018-07-04T11:55:30+00:00\" \/>\n<meta property=\"og:image\" content=\"https:\/\/suomenkuvalehti.fi\/kirjailijanpaivakirja\/wp-content\/uploads\/sites\/21\/2022\/04\/hamalainen_karo06-1-scaled.jpg\" \/>\n\t<meta property=\"og:image:width\" content=\"2560\" \/>\n\t<meta property=\"og:image:height\" content=\"1706\" \/>\n\t<meta property=\"og:image:type\" content=\"image\/jpeg\" \/>\n<meta name=\"author\" content=\"Karo H\u00e4m\u00e4l\u00e4inen\" \/>\n<meta name=\"twitter:card\" content=\"summary_large_image\" \/>\n<meta name=\"twitter:label1\" content=\"Written by\" \/>\n\t<meta name=\"twitter:data1\" content=\"Karo H\u00e4m\u00e4l\u00e4inen\" \/>\n\t<meta name=\"twitter:label2\" content=\"Est. reading time\" \/>\n\t<meta name=\"twitter:data2\" content=\"3 minuuttia\" \/>\n<script type=\"application\/ld+json\" class=\"yoast-schema-graph\">{\"@context\":\"https:\/\/schema.org\",\"@graph\":[{\"@type\":\"WebPage\",\"@id\":\"https:\/\/suomenkuvalehti.fi\/kirjailijanpaivakirja\/purnaajan-sota-saara-turunen-pilkkaa-stereotypioita\/\",\"url\":\"https:\/\/suomenkuvalehti.fi\/kirjailijanpaivakirja\/purnaajan-sota-saara-turunen-pilkkaa-stereotypioita\/\",\"name\":\"Purnaajan sota \u2013 Saara Turunen pilkkaa stereotypioita - Kirjailijan p\u00e4iv\u00e4kirja\",\"isPartOf\":{\"@id\":\"https:\/\/suomenkuvalehti.fi\/kirjailijanpaivakirja\/#website\"},\"datePublished\":\"2018-07-04T11:55:30+00:00\",\"author\":{\"@id\":\"https:\/\/suomenkuvalehti.fi\/kirjailijanpaivakirja\/#\/schema\/person\/ca2dfd9d508d8c675e07b3c099fc789b\"},\"breadcrumb\":{\"@id\":\"https:\/\/suomenkuvalehti.fi\/kirjailijanpaivakirja\/purnaajan-sota-saara-turunen-pilkkaa-stereotypioita\/#breadcrumb\"},\"inLanguage\":\"fi\",\"potentialAction\":[{\"@type\":\"ReadAction\",\"target\":[\"https:\/\/suomenkuvalehti.fi\/kirjailijanpaivakirja\/purnaajan-sota-saara-turunen-pilkkaa-stereotypioita\/\"]}]},{\"@type\":\"BreadcrumbList\",\"@id\":\"https:\/\/suomenkuvalehti.fi\/kirjailijanpaivakirja\/purnaajan-sota-saara-turunen-pilkkaa-stereotypioita\/#breadcrumb\",\"itemListElement\":[{\"@type\":\"ListItem\",\"position\":1,\"name\":\"Home\",\"item\":\"https:\/\/suomenkuvalehti.fi\/kirjailijanpaivakirja\/\"},{\"@type\":\"ListItem\",\"position\":2,\"name\":\"Purnaajan sota \u2013 Saara Turunen pilkkaa stereotypioita\"}]},{\"@type\":\"WebSite\",\"@id\":\"https:\/\/suomenkuvalehti.fi\/kirjailijanpaivakirja\/#website\",\"url\":\"https:\/\/suomenkuvalehti.fi\/kirjailijanpaivakirja\/\",\"name\":\"Kirjailijan p\u00e4iv\u00e4kirja\",\"description\":\"Proosakirjailijan arkea ja kirjallisuuden ajankohtaisia aiheita.\",\"potentialAction\":[{\"@type\":\"SearchAction\",\"target\":{\"@type\":\"EntryPoint\",\"urlTemplate\":\"https:\/\/suomenkuvalehti.fi\/haku\/?q={search_term_string}\"},\"query-input\":{\"@type\":\"PropertyValueSpecification\",\"valueRequired\":true,\"valueName\":\"search_term_string\"}}],\"inLanguage\":\"fi\"},{\"@type\":\"Person\",\"@id\":\"https:\/\/suomenkuvalehti.fi\/kirjailijanpaivakirja\/#\/schema\/person\/ca2dfd9d508d8c675e07b3c099fc789b\",\"name\":\"Karo H\u00e4m\u00e4l\u00e4inen\",\"image\":{\"@type\":\"ImageObject\",\"inLanguage\":\"fi\",\"@id\":\"https:\/\/suomenkuvalehti.fi\/kirjailijanpaivakirja\/#\/schema\/person\/image\/\",\"url\":\"https:\/\/suomenkuvalehti.fi\/kirjailijanpaivakirja\/wp-content\/uploads\/sites\/21\/2022\/04\/hamalainen_karo06-1-150x150.jpg\",\"contentUrl\":\"https:\/\/suomenkuvalehti.fi\/kirjailijanpaivakirja\/wp-content\/uploads\/sites\/21\/2022\/04\/hamalainen_karo06-1-150x150.jpg\",\"caption\":\"Karo H\u00e4m\u00e4l\u00e4inen\"},\"description\":\"Karo H\u00e4m\u00e4l\u00e4inen on kirjailija ja talouteen erikoistunut vapaa toimittaja.\"}]}<\/script>\n<!-- \/ Yoast SEO plugin. -->","yoast_head_json":{"title":"Purnaajan sota \u2013 Saara Turunen pilkkaa stereotypioita - Kirjailijan p\u00e4iv\u00e4kirja","robots":{"index":"index","follow":"follow","max-snippet":"max-snippet:-1","max-image-preview":"max-image-preview:large","max-video-preview":"max-video-preview:-1"},"canonical":"https:\/\/suomenkuvalehti.fi\/kirjailijanpaivakirja\/purnaajan-sota-saara-turunen-pilkkaa-stereotypioita\/","og_locale":"fi_FI","og_type":"article","og_title":"Purnaajan sota \u2013 Saara Turunen pilkkaa stereotypioita - Kirjailijan p\u00e4iv\u00e4kirja","og_description":"\u201dSaara Turunen on kliseeautomaatti\u201d, puuskahti kulttuurintutkija Markku Eskelinen Vanhan kirjallisuuden p\u00e4ivien keskustelussa, jonka aiheena oli naisen paikka kirjallisuushistoriassa. Keskustelun alaotsikossa naisen paikkojen \u00e4\u00e4ripisteiksi oli asetettu Minna Canth ja Saara &hellip;","og_url":"https:\/\/suomenkuvalehti.fi\/kirjailijanpaivakirja\/purnaajan-sota-saara-turunen-pilkkaa-stereotypioita\/","og_site_name":"Kirjailijan p\u00e4iv\u00e4kirja","article_published_time":"2018-07-04T11:55:30+00:00","og_image":[{"width":2560,"height":1706,"url":"https:\/\/suomenkuvalehti.fi\/kirjailijanpaivakirja\/wp-content\/uploads\/sites\/21\/2022\/04\/hamalainen_karo06-1-scaled.jpg","type":"image\/jpeg"}],"author":"Karo H\u00e4m\u00e4l\u00e4inen","twitter_card":"summary_large_image","twitter_misc":{"Written by":"Karo H\u00e4m\u00e4l\u00e4inen","Est. reading time":"3 minuuttia"},"schema":{"@context":"https:\/\/schema.org","@graph":[{"@type":"WebPage","@id":"https:\/\/suomenkuvalehti.fi\/kirjailijanpaivakirja\/purnaajan-sota-saara-turunen-pilkkaa-stereotypioita\/","url":"https:\/\/suomenkuvalehti.fi\/kirjailijanpaivakirja\/purnaajan-sota-saara-turunen-pilkkaa-stereotypioita\/","name":"Purnaajan sota \u2013 Saara Turunen pilkkaa stereotypioita - Kirjailijan p\u00e4iv\u00e4kirja","isPartOf":{"@id":"https:\/\/suomenkuvalehti.fi\/kirjailijanpaivakirja\/#website"},"datePublished":"2018-07-04T11:55:30+00:00","author":{"@id":"https:\/\/suomenkuvalehti.fi\/kirjailijanpaivakirja\/#\/schema\/person\/ca2dfd9d508d8c675e07b3c099fc789b"},"breadcrumb":{"@id":"https:\/\/suomenkuvalehti.fi\/kirjailijanpaivakirja\/purnaajan-sota-saara-turunen-pilkkaa-stereotypioita\/#breadcrumb"},"inLanguage":"fi","potentialAction":[{"@type":"ReadAction","target":["https:\/\/suomenkuvalehti.fi\/kirjailijanpaivakirja\/purnaajan-sota-saara-turunen-pilkkaa-stereotypioita\/"]}]},{"@type":"BreadcrumbList","@id":"https:\/\/suomenkuvalehti.fi\/kirjailijanpaivakirja\/purnaajan-sota-saara-turunen-pilkkaa-stereotypioita\/#breadcrumb","itemListElement":[{"@type":"ListItem","position":1,"name":"Home","item":"https:\/\/suomenkuvalehti.fi\/kirjailijanpaivakirja\/"},{"@type":"ListItem","position":2,"name":"Purnaajan sota \u2013 Saara Turunen pilkkaa stereotypioita"}]},{"@type":"WebSite","@id":"https:\/\/suomenkuvalehti.fi\/kirjailijanpaivakirja\/#website","url":"https:\/\/suomenkuvalehti.fi\/kirjailijanpaivakirja\/","name":"Kirjailijan p\u00e4iv\u00e4kirja","description":"Proosakirjailijan arkea ja kirjallisuuden ajankohtaisia aiheita.","potentialAction":[{"@type":"SearchAction","target":{"@type":"EntryPoint","urlTemplate":"https:\/\/suomenkuvalehti.fi\/haku\/?q={search_term_string}"},"query-input":{"@type":"PropertyValueSpecification","valueRequired":true,"valueName":"search_term_string"}}],"inLanguage":"fi"},{"@type":"Person","@id":"https:\/\/suomenkuvalehti.fi\/kirjailijanpaivakirja\/#\/schema\/person\/ca2dfd9d508d8c675e07b3c099fc789b","name":"Karo H\u00e4m\u00e4l\u00e4inen","image":{"@type":"ImageObject","inLanguage":"fi","@id":"https:\/\/suomenkuvalehti.fi\/kirjailijanpaivakirja\/#\/schema\/person\/image\/","url":"https:\/\/suomenkuvalehti.fi\/kirjailijanpaivakirja\/wp-content\/uploads\/sites\/21\/2022\/04\/hamalainen_karo06-1-150x150.jpg","contentUrl":"https:\/\/suomenkuvalehti.fi\/kirjailijanpaivakirja\/wp-content\/uploads\/sites\/21\/2022\/04\/hamalainen_karo06-1-150x150.jpg","caption":"Karo H\u00e4m\u00e4l\u00e4inen"},"description":"Karo H\u00e4m\u00e4l\u00e4inen on kirjailija ja talouteen erikoistunut vapaa toimittaja."}]}},"_links":{"self":[{"href":"https:\/\/suomenkuvalehti.fi\/kirjailijanpaivakirja\/wp-json\/wp\/v2\/posts\/1214","targetHints":{"allow":["GET"]}}],"collection":[{"href":"https:\/\/suomenkuvalehti.fi\/kirjailijanpaivakirja\/wp-json\/wp\/v2\/posts"}],"about":[{"href":"https:\/\/suomenkuvalehti.fi\/kirjailijanpaivakirja\/wp-json\/wp\/v2\/types\/post"}],"author":[{"embeddable":true,"href":"https:\/\/suomenkuvalehti.fi\/kirjailijanpaivakirja\/wp-json\/wp\/v2\/users\/129"}],"replies":[{"embeddable":true,"href":"https:\/\/suomenkuvalehti.fi\/kirjailijanpaivakirja\/wp-json\/wp\/v2\/comments?post=1214"}],"version-history":[{"count":1,"href":"https:\/\/suomenkuvalehti.fi\/kirjailijanpaivakirja\/wp-json\/wp\/v2\/posts\/1214\/revisions"}],"predecessor-version":[{"id":1215,"href":"https:\/\/suomenkuvalehti.fi\/kirjailijanpaivakirja\/wp-json\/wp\/v2\/posts\/1214\/revisions\/1215"}],"wp:attachment":[{"href":"https:\/\/suomenkuvalehti.fi\/kirjailijanpaivakirja\/wp-json\/wp\/v2\/media?parent=1214"}],"wp:term":[{"taxonomy":"category","embeddable":true,"href":"https:\/\/suomenkuvalehti.fi\/kirjailijanpaivakirja\/wp-json\/wp\/v2\/categories?post=1214"},{"taxonomy":"post_tag","embeddable":true,"href":"https:\/\/suomenkuvalehti.fi\/kirjailijanpaivakirja\/wp-json\/wp\/v2\/tags?post=1214"}],"curies":[{"name":"wp","href":"https:\/\/api.w.org\/{rel}","templated":true}]}}