{"id":1198,"date":"2018-06-16T16:40:48","date_gmt":"2018-06-16T13:40:48","guid":{"rendered":"https:\/\/suomenkuvalehti.fi\/kirjailijanpaivakirja\/?p=1198"},"modified":"2018-06-16T17:20:51","modified_gmt":"2018-06-16T14:20:51","slug":"suoraan-korvalle-kuinka-teknologian-kehitys-vaikuttaa-kirjallisuuteen","status":"publish","type":"post","link":"https:\/\/suomenkuvalehti.fi\/kirjailijanpaivakirja\/suoraan-korvalle-kuinka-teknologian-kehitys-vaikuttaa-kirjallisuuteen\/","title":{"rendered":"Suoraan korvalle \u2013 Kuinka teknologian kehitys vaikuttaa kirjallisuuteen?"},"content":{"rendered":"\n<p><span class=\"capitalized\">\u201dAutofiktio,<\/span> audio ja Trump.\u201d<\/p>\n\n\n\n<p>Niin yhdysvaltalaiskustantamoni pomo tiivisti kirjallisuuden kolme suurta trendi\u00e4. Autofiktio eli jonkinmoinen omael\u00e4m\u00e4kerrallisuus n\u00e4kyy kirjallisuuden muodossa. <strong>Donald Trump<\/strong> on selv\u00e4sti kirjallisuuden aihe.<\/p>\n\n\n\n<p>Audio eli \u00e4\u00e4nikirjat taas n\u00e4kyv\u00e4t kirjallisuuden markkinoita ja kanavia muuttavana ilmi\u00f6n\u00e4. Viime vuonna yleisen kirjallisuuden s\u00e4hk\u00f6isten \u00e4\u00e4nikirjojen markkina Suomessa oli 2,4 miljoonan euron suuruinen, mutta kasvuluvut ovat kovia.<\/p>\n\n\n\n<p>T\u00e4ll\u00e4 hetkell\u00e4 markkinaa vet\u00e4v\u00e4t Netflix-tyyliset suoratoistopalvelut, joissa vajaan parinkympin kuukausimaksulla saa kuunneltavakseen palvelun koko kirjaston. Palveluista Storytel seuraa Netflixin esimerkki\u00e4 siin\u00e4kin, ett\u00e4 se on tilannut my\u00f6s suomalaisilta kaunokirjailijoilta kirjoja, jotka ilmestyv\u00e4t vain tai ainakin ensisijaisesti \u00e4\u00e4nikirjoina.<\/p>\n\n\n\n<p>&nbsp;<\/p>\n\n\n\n<p><span class=\"capitalized\">Oma kokemukseni<\/span> \u00e4\u00e4nikirjojen k\u00e4yt\u00f6st\u00e4 on se, ett\u00e4 niit\u00e4 tulee kuunneltua muiden t\u00f6iden tai harrastusten ohessa. Samanlaisia kokemuksia olen kuullut keskustellessani yst\u00e4vieni ja tuttavieni kanssa, ja my\u00f6s <a href=\"https:\/\/areena.yle.fi\/1-4422434\" target=\"_blank\" rel=\"noopener\">torstaina Ylen Kulttuuriykk\u00f6sess\u00e4 vieraillut<\/a> Bookbeatin kehitysp\u00e4\u00e4llikk\u00f6 <strong>Sari Forsstr\u00f6m<\/strong> tunnustaa olevansa samanlainen kirjojen lukija ja kuuntelija.<\/p>\n\n\n\n<p>Kes\u00e4 on Forsstr\u00f6min mukaan \u00e4\u00e4nikirjapalvelulle sesonkiaikaa, kun painettujen kirjojen myynti painottuu vuoden loppuun.<\/p>\n\n\n\n<p>T\u00e4llaisille meid\u00e4n kaltaisillemme kirjallisuuden kuluttajille \u00e4\u00e4nikirjojen kuunteleminen on mahdollisuus \u201dlukea\u201d useampia kirjoja. Audio lis\u00e4\u00e4 kirjojen kulutusta.<\/p>\n\n\n\n<p>Forsstr\u00f6m my\u00f6s kertoo, ett\u00e4 palvelulla on paljon k\u00e4ytt\u00e4ji\u00e4, jotka eiv\u00e4t ole olleet kirjojen lukijoita. Suurin asiakaskunta ovat 25\u201335-vuotiaat.<\/p>\n\n\n\n<p>&nbsp;<\/p>\n\n\n\n<p><span class=\"capitalized\">Audio tuo<\/span> kirjoille lis\u00e4\u00e4 yleis\u00f6\u00e4 ja laajentaa nykyisten lukijoiden kirjoihin k\u00e4ytt\u00e4m\u00e4\u00e4 aikaa. Toimialalle se on hyv\u00e4 uutinen.<\/p>\n\n\n\n<p>Uusi muoto vaikuttaa ep\u00e4ilem\u00e4tt\u00e4 my\u00f6s kirjallisuuteen: mist\u00e4 kirjoitetaan ja miten kirjoitetaan.<\/p>\n\n\n\n<p>\u00c4\u00e4nikirjoina suosittuja ovat erilaiset rikos- ja viihdekirjat sek\u00e4 tietokirjallisuuden puolella el\u00e4m\u00e4kerrat. Se n\u00e4kyy Storytelin ensimm\u00e4isten suomalaisten <a href=\"https:\/\/www.storytel.fi\/publishers\/536-Storytel-Original\" target=\"_blank\" rel=\"noopener\">Storytel Original -nimikkeiden<\/a> listalla.<\/p>\n\n\n\n<p>Kun kirjailija l\u00e4htee kirjoittamaan teosta, joka on tarkoitus kuunnella, ja kun tiedossa on, ett\u00e4 teoksen olisi hyv\u00e4 jakautua kymmeneen suunnilleen tunnin mittaiseen osaan, se varmasti vaikuttaa siihen, kuinka h\u00e4n kirjoittaa.<\/p>\n\n\n\n<p>&nbsp;<\/p>\n\n\n\n<p><span class=\"capitalized\"><strong>Tiina Raevaara<\/strong><\/span> on yksi Storytel Originalin ensimm\u00e4isist\u00e4 suomalaiskirjoittajista. Tapasin h\u00e4net Korjaamon Dekkarilauantai-tapahtumassa ja kysyin asiasta.<\/p>\n\n\n\n<p>Raevaara p\u00e4\u00e4tyi <em>Silloinkin satoi kaatamalla<\/em> -teoksessaan min\u00e4muotoiseen kerrontaan. Sit\u00e4 on helpompi seurata kuin n\u00e4k\u00f6kulmia tihe\u00e4sti vaihtavaa kerrontaa, jos kuunnellessa tekee samalla jotain muuta&nbsp;\u2013 esimerkiksi autoillessa tai py\u00f6r\u00e4illess\u00e4 huomiota ei parane tykk\u00e4n\u00e4\u00e4n kiinnitt\u00e4\u00e4 kirjan finessien seuraamiseen.<\/p>\n\n\n\n<p>Samoin dialogissa kuulijalle t\u00e4ytyy olla selv\u00e4, kuka on \u00e4\u00e4ness\u00e4.<\/p>\n\n\n\n<p>\u201dLuin teksti\u00e4 \u00e4\u00e4neen\u201d, Raevaara kertoi luontevaksi ty\u00f6metodikseen.<\/p>\n\n\n\n<p>&nbsp;<\/p>\n\n\n\n<p><span class=\"capitalized\">K\u00e4vin kuuntelemassa<\/span> Korjaamon dekkaritilaisuudessa ruotsalaiskirjailijan <a href=\"http:\/\/hannalindberg.com\/\" target=\"_blank\" rel=\"noopener\"><strong>Hanna Lindbergin<\/strong><\/a> haastattelun, jonka aiheena oli sosiaalinen media rikoskirjallisuudessa. Lindbergin esikoistrillerin <em>STHLM Confidential<\/em> suomennos on ilmestynyt juuri.<\/p>\n\n\n\n<p>Ennen Korjaamolle l\u00e4ht\u00f6\u00e4ni googlailin, mik\u00e4 onkaan Lindbergin kustantaja. En l\u00f6yt\u00e4nyt suomennoksen tietoja verkkokirjakaupoista.<\/p>\n\n\n\n<p>Syy selvisi pian: <em>STHLM Confidential<\/em> on ilmestynyt suomeksi vain Storytelin \u00e4\u00e4nikirjana.<\/p>\n\n\n\n<p>Juttelin haastattelun j\u00e4lkeen Korjaamon aulassa Storytelin maajohtajan <strong>Mari W\u00e4rrin<\/strong> kanssa. W\u00e4rri kertoi, ett\u00e4 painettu kirja ei ole mink\u00e4\u00e4n kustantamon ohjelmassa.<\/p>\n\n\n\n<p>&#8221;Me emme julkaise painettuja kirjoja&#8221;, h\u00e4n lis\u00e4si.<\/p>\n\n\n\n<p>Suomennoksen suurin kustannus eli suomennosty\u00f6 on tehty, ja voisi kuvitella, ett\u00e4 sen oikeudet irtoaisivat Storytelilt\u00e4 alle omakustannushinnan.<\/p>\n\n\n\n<p>T\u00e4m\u00e4kin osoittaa, ett\u00e4 kirja-alalla asioita tehd\u00e4\u00e4n aiemmasta poikkeavalla tavalla.<\/p>\n\n\n","protected":false},"excerpt":{"rendered":"<p>\u201dAutofiktio, audio ja Trump.\u201d Niin yhdysvaltalaiskustantamoni pomo tiivisti kirjallisuuden kolme suurta trendi\u00e4. Autofiktio eli jonkinmoinen omael\u00e4m\u00e4kerrallisuus n\u00e4kyy kirjallisuuden muodossa. Donald Trump on selv\u00e4sti kirjallisuuden aihe. Audio eli<br \/>\n\u00e4\u00e4nikirj&hellip;<\/p>\n","protected":false},"author":129,"featured_media":0,"comment_status":"open","ping_status":"open","sticky":false,"template":"","format":"standard","meta":{"_acf_changed":false,"asauth_required_access_level":3,"asauth_cansharepaid":"true","om_header_attributes":[],"footnotes":"","om_featured_image_focal_point":[],"om_primary_tag":0,"om_contributors":[],"om_co_authors":[],"beyondwords_generate_audio":"","beyondwords_project_id":"","beyondwords_content_id":"","beyondwords_preview_token":"","beyondwords_player_content":"","beyondwords_player_style":"","beyondwords_language_code":"","beyondwords_language_id":"","beyondwords_title_voice_id":"","beyondwords_body_voice_id":"","beyondwords_summary_voice_id":"","beyondwords_error_message":"","beyondwords_disabled":"","beyondwords_delete_content":"","beyondwords_podcast_id":"","beyondwords_hash":"","publish_post_to_speechkit":"","speechkit_hash":"","speechkit_generate_audio":"","speechkit_project_id":"","speechkit_podcast_id":"","speechkit_error_message":"","speechkit_disabled":"","speechkit_access_key":"","speechkit_error":"","speechkit_info":"","speechkit_response":"","speechkit_retries":"","speechkit_status":"","speechkit_updated_at":"","_speechkit_link":"","_speechkit_text":""},"categories":[1],"tags":[1108,1106,1107],"class_list":["post-1198","post","type-post","status-publish","format-standard","hentry","category-kirjailijan-paivakirja","tag-aanikirjat","tag-bookbeat","tag-storytel"],"om_views":null,"acf":{"tuuma_off":false,"tuuma_kysymys":"","tuuma_vastaus":""},"asauth":{"required_access_level":1,"share_token":"","is_paid":false},"yoast_head":"<!-- This site is optimized with the Yoast SEO plugin v26.4 - https:\/\/yoast.com\/wordpress\/plugins\/seo\/ -->\n<title>Suoraan korvalle \u2013 Kuinka teknologian kehitys vaikuttaa kirjallisuuteen? - Kirjailijan p\u00e4iv\u00e4kirja<\/title>\n<meta name=\"robots\" content=\"index, follow, max-snippet:-1, max-image-preview:large, max-video-preview:-1\" \/>\n<link rel=\"canonical\" href=\"https:\/\/suomenkuvalehti.fi\/kirjailijanpaivakirja\/suoraan-korvalle-kuinka-teknologian-kehitys-vaikuttaa-kirjallisuuteen\/\" \/>\n<meta property=\"og:locale\" content=\"fi_FI\" \/>\n<meta property=\"og:type\" content=\"article\" \/>\n<meta property=\"og:title\" content=\"Suoraan korvalle \u2013 Kuinka teknologian kehitys vaikuttaa kirjallisuuteen? - Kirjailijan p\u00e4iv\u00e4kirja\" \/>\n<meta property=\"og:description\" content=\"\u201dAutofiktio, audio ja Trump.\u201d Niin yhdysvaltalaiskustantamoni pomo tiivisti kirjallisuuden kolme suurta trendi\u00e4. Autofiktio eli jonkinmoinen omael\u00e4m\u00e4kerrallisuus n\u00e4kyy kirjallisuuden muodossa. Donald Trump on selv\u00e4sti kirjallisuuden aihe. Audio eli \u00e4\u00e4nikirj&hellip;\" \/>\n<meta property=\"og:url\" content=\"https:\/\/suomenkuvalehti.fi\/kirjailijanpaivakirja\/suoraan-korvalle-kuinka-teknologian-kehitys-vaikuttaa-kirjallisuuteen\/\" \/>\n<meta property=\"og:site_name\" content=\"Kirjailijan p\u00e4iv\u00e4kirja\" \/>\n<meta property=\"article:published_time\" content=\"2018-06-16T13:40:48+00:00\" \/>\n<meta property=\"article:modified_time\" content=\"2018-06-16T14:20:51+00:00\" \/>\n<meta property=\"og:image\" content=\"https:\/\/suomenkuvalehti.fi\/kirjailijanpaivakirja\/wp-content\/uploads\/sites\/21\/2022\/04\/hamalainen_karo06-1-scaled.jpg\" \/>\n\t<meta property=\"og:image:width\" content=\"2560\" \/>\n\t<meta property=\"og:image:height\" content=\"1706\" \/>\n\t<meta property=\"og:image:type\" content=\"image\/jpeg\" \/>\n<meta name=\"author\" content=\"Karo H\u00e4m\u00e4l\u00e4inen\" \/>\n<meta name=\"twitter:card\" content=\"summary_large_image\" \/>\n<meta name=\"twitter:label1\" content=\"Written by\" \/>\n\t<meta name=\"twitter:data1\" content=\"Karo H\u00e4m\u00e4l\u00e4inen\" \/>\n\t<meta name=\"twitter:label2\" content=\"Est. reading time\" \/>\n\t<meta name=\"twitter:data2\" content=\"2 minuuttia\" \/>\n<script type=\"application\/ld+json\" class=\"yoast-schema-graph\">{\"@context\":\"https:\/\/schema.org\",\"@graph\":[{\"@type\":\"WebPage\",\"@id\":\"https:\/\/suomenkuvalehti.fi\/kirjailijanpaivakirja\/suoraan-korvalle-kuinka-teknologian-kehitys-vaikuttaa-kirjallisuuteen\/\",\"url\":\"https:\/\/suomenkuvalehti.fi\/kirjailijanpaivakirja\/suoraan-korvalle-kuinka-teknologian-kehitys-vaikuttaa-kirjallisuuteen\/\",\"name\":\"Suoraan korvalle \u2013 Kuinka teknologian kehitys vaikuttaa kirjallisuuteen? - Kirjailijan p\u00e4iv\u00e4kirja\",\"isPartOf\":{\"@id\":\"https:\/\/suomenkuvalehti.fi\/kirjailijanpaivakirja\/#website\"},\"datePublished\":\"2018-06-16T13:40:48+00:00\",\"dateModified\":\"2018-06-16T14:20:51+00:00\",\"author\":{\"@id\":\"https:\/\/suomenkuvalehti.fi\/kirjailijanpaivakirja\/#\/schema\/person\/ca2dfd9d508d8c675e07b3c099fc789b\"},\"breadcrumb\":{\"@id\":\"https:\/\/suomenkuvalehti.fi\/kirjailijanpaivakirja\/suoraan-korvalle-kuinka-teknologian-kehitys-vaikuttaa-kirjallisuuteen\/#breadcrumb\"},\"inLanguage\":\"fi\",\"potentialAction\":[{\"@type\":\"ReadAction\",\"target\":[\"https:\/\/suomenkuvalehti.fi\/kirjailijanpaivakirja\/suoraan-korvalle-kuinka-teknologian-kehitys-vaikuttaa-kirjallisuuteen\/\"]}]},{\"@type\":\"BreadcrumbList\",\"@id\":\"https:\/\/suomenkuvalehti.fi\/kirjailijanpaivakirja\/suoraan-korvalle-kuinka-teknologian-kehitys-vaikuttaa-kirjallisuuteen\/#breadcrumb\",\"itemListElement\":[{\"@type\":\"ListItem\",\"position\":1,\"name\":\"Home\",\"item\":\"https:\/\/suomenkuvalehti.fi\/kirjailijanpaivakirja\/\"},{\"@type\":\"ListItem\",\"position\":2,\"name\":\"Suoraan korvalle \u2013 Kuinka teknologian kehitys vaikuttaa kirjallisuuteen?\"}]},{\"@type\":\"WebSite\",\"@id\":\"https:\/\/suomenkuvalehti.fi\/kirjailijanpaivakirja\/#website\",\"url\":\"https:\/\/suomenkuvalehti.fi\/kirjailijanpaivakirja\/\",\"name\":\"Kirjailijan p\u00e4iv\u00e4kirja\",\"description\":\"Proosakirjailijan arkea ja kirjallisuuden ajankohtaisia aiheita.\",\"potentialAction\":[{\"@type\":\"SearchAction\",\"target\":{\"@type\":\"EntryPoint\",\"urlTemplate\":\"https:\/\/suomenkuvalehti.fi\/haku\/?q={search_term_string}\"},\"query-input\":{\"@type\":\"PropertyValueSpecification\",\"valueRequired\":true,\"valueName\":\"search_term_string\"}}],\"inLanguage\":\"fi\"},{\"@type\":\"Person\",\"@id\":\"https:\/\/suomenkuvalehti.fi\/kirjailijanpaivakirja\/#\/schema\/person\/ca2dfd9d508d8c675e07b3c099fc789b\",\"name\":\"Karo H\u00e4m\u00e4l\u00e4inen\",\"image\":{\"@type\":\"ImageObject\",\"inLanguage\":\"fi\",\"@id\":\"https:\/\/suomenkuvalehti.fi\/kirjailijanpaivakirja\/#\/schema\/person\/image\/\",\"url\":\"https:\/\/suomenkuvalehti.fi\/kirjailijanpaivakirja\/wp-content\/uploads\/sites\/21\/2022\/04\/hamalainen_karo06-1-150x150.jpg\",\"contentUrl\":\"https:\/\/suomenkuvalehti.fi\/kirjailijanpaivakirja\/wp-content\/uploads\/sites\/21\/2022\/04\/hamalainen_karo06-1-150x150.jpg\",\"caption\":\"Karo H\u00e4m\u00e4l\u00e4inen\"},\"description\":\"Karo H\u00e4m\u00e4l\u00e4inen on kirjailija ja talouteen erikoistunut vapaa toimittaja.\"}]}<\/script>\n<!-- \/ Yoast SEO plugin. -->","yoast_head_json":{"title":"Suoraan korvalle \u2013 Kuinka teknologian kehitys vaikuttaa kirjallisuuteen? - Kirjailijan p\u00e4iv\u00e4kirja","robots":{"index":"index","follow":"follow","max-snippet":"max-snippet:-1","max-image-preview":"max-image-preview:large","max-video-preview":"max-video-preview:-1"},"canonical":"https:\/\/suomenkuvalehti.fi\/kirjailijanpaivakirja\/suoraan-korvalle-kuinka-teknologian-kehitys-vaikuttaa-kirjallisuuteen\/","og_locale":"fi_FI","og_type":"article","og_title":"Suoraan korvalle \u2013 Kuinka teknologian kehitys vaikuttaa kirjallisuuteen? - Kirjailijan p\u00e4iv\u00e4kirja","og_description":"\u201dAutofiktio, audio ja Trump.\u201d Niin yhdysvaltalaiskustantamoni pomo tiivisti kirjallisuuden kolme suurta trendi\u00e4. Autofiktio eli jonkinmoinen omael\u00e4m\u00e4kerrallisuus n\u00e4kyy kirjallisuuden muodossa. Donald Trump on selv\u00e4sti kirjallisuuden aihe. Audio eli \u00e4\u00e4nikirj&hellip;","og_url":"https:\/\/suomenkuvalehti.fi\/kirjailijanpaivakirja\/suoraan-korvalle-kuinka-teknologian-kehitys-vaikuttaa-kirjallisuuteen\/","og_site_name":"Kirjailijan p\u00e4iv\u00e4kirja","article_published_time":"2018-06-16T13:40:48+00:00","article_modified_time":"2018-06-16T14:20:51+00:00","og_image":[{"width":2560,"height":1706,"url":"https:\/\/suomenkuvalehti.fi\/kirjailijanpaivakirja\/wp-content\/uploads\/sites\/21\/2022\/04\/hamalainen_karo06-1-scaled.jpg","type":"image\/jpeg"}],"author":"Karo H\u00e4m\u00e4l\u00e4inen","twitter_card":"summary_large_image","twitter_misc":{"Written by":"Karo H\u00e4m\u00e4l\u00e4inen","Est. reading time":"2 minuuttia"},"schema":{"@context":"https:\/\/schema.org","@graph":[{"@type":"WebPage","@id":"https:\/\/suomenkuvalehti.fi\/kirjailijanpaivakirja\/suoraan-korvalle-kuinka-teknologian-kehitys-vaikuttaa-kirjallisuuteen\/","url":"https:\/\/suomenkuvalehti.fi\/kirjailijanpaivakirja\/suoraan-korvalle-kuinka-teknologian-kehitys-vaikuttaa-kirjallisuuteen\/","name":"Suoraan korvalle \u2013 Kuinka teknologian kehitys vaikuttaa kirjallisuuteen? - Kirjailijan p\u00e4iv\u00e4kirja","isPartOf":{"@id":"https:\/\/suomenkuvalehti.fi\/kirjailijanpaivakirja\/#website"},"datePublished":"2018-06-16T13:40:48+00:00","dateModified":"2018-06-16T14:20:51+00:00","author":{"@id":"https:\/\/suomenkuvalehti.fi\/kirjailijanpaivakirja\/#\/schema\/person\/ca2dfd9d508d8c675e07b3c099fc789b"},"breadcrumb":{"@id":"https:\/\/suomenkuvalehti.fi\/kirjailijanpaivakirja\/suoraan-korvalle-kuinka-teknologian-kehitys-vaikuttaa-kirjallisuuteen\/#breadcrumb"},"inLanguage":"fi","potentialAction":[{"@type":"ReadAction","target":["https:\/\/suomenkuvalehti.fi\/kirjailijanpaivakirja\/suoraan-korvalle-kuinka-teknologian-kehitys-vaikuttaa-kirjallisuuteen\/"]}]},{"@type":"BreadcrumbList","@id":"https:\/\/suomenkuvalehti.fi\/kirjailijanpaivakirja\/suoraan-korvalle-kuinka-teknologian-kehitys-vaikuttaa-kirjallisuuteen\/#breadcrumb","itemListElement":[{"@type":"ListItem","position":1,"name":"Home","item":"https:\/\/suomenkuvalehti.fi\/kirjailijanpaivakirja\/"},{"@type":"ListItem","position":2,"name":"Suoraan korvalle \u2013 Kuinka teknologian kehitys vaikuttaa kirjallisuuteen?"}]},{"@type":"WebSite","@id":"https:\/\/suomenkuvalehti.fi\/kirjailijanpaivakirja\/#website","url":"https:\/\/suomenkuvalehti.fi\/kirjailijanpaivakirja\/","name":"Kirjailijan p\u00e4iv\u00e4kirja","description":"Proosakirjailijan arkea ja kirjallisuuden ajankohtaisia aiheita.","potentialAction":[{"@type":"SearchAction","target":{"@type":"EntryPoint","urlTemplate":"https:\/\/suomenkuvalehti.fi\/haku\/?q={search_term_string}"},"query-input":{"@type":"PropertyValueSpecification","valueRequired":true,"valueName":"search_term_string"}}],"inLanguage":"fi"},{"@type":"Person","@id":"https:\/\/suomenkuvalehti.fi\/kirjailijanpaivakirja\/#\/schema\/person\/ca2dfd9d508d8c675e07b3c099fc789b","name":"Karo H\u00e4m\u00e4l\u00e4inen","image":{"@type":"ImageObject","inLanguage":"fi","@id":"https:\/\/suomenkuvalehti.fi\/kirjailijanpaivakirja\/#\/schema\/person\/image\/","url":"https:\/\/suomenkuvalehti.fi\/kirjailijanpaivakirja\/wp-content\/uploads\/sites\/21\/2022\/04\/hamalainen_karo06-1-150x150.jpg","contentUrl":"https:\/\/suomenkuvalehti.fi\/kirjailijanpaivakirja\/wp-content\/uploads\/sites\/21\/2022\/04\/hamalainen_karo06-1-150x150.jpg","caption":"Karo H\u00e4m\u00e4l\u00e4inen"},"description":"Karo H\u00e4m\u00e4l\u00e4inen on kirjailija ja talouteen erikoistunut vapaa toimittaja."}]}},"_links":{"self":[{"href":"https:\/\/suomenkuvalehti.fi\/kirjailijanpaivakirja\/wp-json\/wp\/v2\/posts\/1198","targetHints":{"allow":["GET"]}}],"collection":[{"href":"https:\/\/suomenkuvalehti.fi\/kirjailijanpaivakirja\/wp-json\/wp\/v2\/posts"}],"about":[{"href":"https:\/\/suomenkuvalehti.fi\/kirjailijanpaivakirja\/wp-json\/wp\/v2\/types\/post"}],"author":[{"embeddable":true,"href":"https:\/\/suomenkuvalehti.fi\/kirjailijanpaivakirja\/wp-json\/wp\/v2\/users\/129"}],"replies":[{"embeddable":true,"href":"https:\/\/suomenkuvalehti.fi\/kirjailijanpaivakirja\/wp-json\/wp\/v2\/comments?post=1198"}],"version-history":[{"count":4,"href":"https:\/\/suomenkuvalehti.fi\/kirjailijanpaivakirja\/wp-json\/wp\/v2\/posts\/1198\/revisions"}],"predecessor-version":[{"id":1202,"href":"https:\/\/suomenkuvalehti.fi\/kirjailijanpaivakirja\/wp-json\/wp\/v2\/posts\/1198\/revisions\/1202"}],"wp:attachment":[{"href":"https:\/\/suomenkuvalehti.fi\/kirjailijanpaivakirja\/wp-json\/wp\/v2\/media?parent=1198"}],"wp:term":[{"taxonomy":"category","embeddable":true,"href":"https:\/\/suomenkuvalehti.fi\/kirjailijanpaivakirja\/wp-json\/wp\/v2\/categories?post=1198"},{"taxonomy":"post_tag","embeddable":true,"href":"https:\/\/suomenkuvalehti.fi\/kirjailijanpaivakirja\/wp-json\/wp\/v2\/tags?post=1198"}],"curies":[{"name":"wp","href":"https:\/\/api.w.org\/{rel}","templated":true}]}}