{"id":1175,"date":"2018-05-14T15:47:43","date_gmt":"2018-05-14T12:47:43","guid":{"rendered":"https:\/\/suomenkuvalehti.fi\/kirjailijanpaivakirja\/?p=1175"},"modified":"2018-05-14T15:53:34","modified_gmt":"2018-05-14T12:53:34","slug":"kirjallisuuskriitikko-maistaa-punajuurta","status":"publish","type":"post","link":"https:\/\/suomenkuvalehti.fi\/kirjailijanpaivakirja\/kirjallisuuskriitikko-maistaa-punajuurta\/","title":{"rendered":"Kirjallisuuskriitikko maistaa punajuurta"},"content":{"rendered":"<figure class=\"alignleft size-medium is-resized wp-block-image\">\n  <div class=\"wp-block-image__inner-container\">\n    <a href='https:\/\/suomenkuvalehti.fi\/kirjailijanpaivakirja\/wp-content\/uploads\/sites\/21\/2018\/05\/professori.jpg'><img loading=\"lazy\" decoding=\"async\" src=\"https:\/\/suomenkuvalehti.fi\/kirjailijanpaivakirja\/wp-content\/uploads\/sites\/21\/2018\/05\/professori-235x300.jpg\" alt=\"\" class=\"wp-image-1176\" width=\"235\" height=\"300\" style=\"--aspect-ratio: 0.78\" srcset=\"https:\/\/suomenkuvalehti.fi\/kirjailijanpaivakirja\/wp-content\/uploads\/sites\/21\/2018\/05\/professori-235x300.jpg 235w, https:\/\/suomenkuvalehti.fi\/kirjailijanpaivakirja\/wp-content\/uploads\/sites\/21\/2018\/05\/professori-300x383.jpg 300w, https:\/\/suomenkuvalehti.fi\/kirjailijanpaivakirja\/wp-content\/uploads\/sites\/21\/2018\/05\/professori.jpg 450w\" sizes=\"auto, (max-width: 235px) 100vw, 235px\" \/><\/a>    <figcaption class=\"wp-block-image__figcaption\">\n      Crist\u00f3v\u00e3o Tezza: Professori. Kansi: Jonna Nisu.          <\/figcaption>\n      <\/div>\n<\/figure>\n\n\n<p><span class=\"capitalized\">Aikuisuuden<\/span> harvoihin hyviin puoliin kuuluu se, ett\u00e4 punajuurta ei ole pakko maistaa, jos ei tahdo, ja tillilihan sijaan ruuaksi voi kokata vaikka broileripataa.<\/p>\n\n\n\n<p>Samaa vapautta kokee kirjallisuuskriitikko lukiessaan kirjaa huvin vuoksi, ei arvostelu mieless\u00e4\u00e4n. Jos kirja ei sytyt\u00e4, sit\u00e4 voi harppoa tai sen voi j\u00e4tt\u00e4\u00e4 kesken.<\/p>\n\n\n\n<p>Parikymment\u00e4 vuotta aktiivista kriitikonty\u00f6t\u00e4 kuitenkin iskostaa sellaisen analyyttisen lukutavan, ett\u00e4 mit\u00e4\u00e4n kirjaa ei osaa olla problematisoimatta. Se on kriitikon asenne: ohittamaton taipumus analysoida ja reflektoida taidekokemusta.<\/p>\n\n\n\n<p>&nbsp;<\/p>\n\n\n\n<p><span class=\"capitalized\">Heliseu da Motta e Silva<\/span> on romanisen filologian professori, jonka loistavin akateeminen el\u00e4mys on mukanaolo yhten\u00e4 kolmesta brasilialaisesta portugalin historiallisen kieliopin XII kansainv\u00e4lisess\u00e4 kongressissa vuonna 1986. Siell\u00e4 h\u00e4n p\u00e4\u00e4si puhumaan syd\u00e4mens\u00e4 kyllyydest\u00e4 puhutteluj\u00e4rjestelm\u00e4n rakenteellisista eroavaisuuksista brasilialaisissa ja portugalilaisissa kielivarianteissa sek\u00e4 niiden yhteiskunnallisista juurista.<\/p>\n\n\n\n<p>Se on kiinnostavaa, sill\u00e4 asialleen omistautuminen on aina kiinnostavaa.<\/p>\n\n\n\n<p>Heliseu da Motta e Silva on brasilialaisen <strong>Crist\u00f3v\u00e3o Tezzan<\/strong> romaanin<em> Professori<\/em> (suom. <strong>Tarja H\u00e4rk\u00f6nen<\/strong>, Aviador 2018) p\u00e4\u00e4henkil\u00f6. Tezza taas on kansainv\u00e4lisesti erityisesti <em>O Filho Eterno<\/em> -romaanistaan (2007) tunnettu brasilialainen kirjailija ja professori, joka saapuu toukokuun lopulla Suomeen ja osallistuu Helsinki Lit -kirjallisuustapahtumaan.<\/p>\n\n\n\n<p>Romaanin alussa professori her\u00e4\u00e4 inhottavasta unesta, sivulla 186 ojentaa k\u00e4tens\u00e4 kraanaa kohti ottaakseen aamusuihkun ja sivulla 243 avaa vaatekaapin. Ei spoilattako, mihin asti professori p\u00e4\u00e4seek\u00e4\u00e4n ennen romaanin viimeist\u00e4 sivua 269.<\/p>\n\n\n\n<p>&nbsp;<\/p>\n\n\n\n<p><span class=\"capitalized\"><em>Professorin<\/em><\/span> ajallinen kehys on niukka, mutta kehyksen sis\u00e4ll\u00e4 voi tapahtua kokonainen maailma. <strong>Volter Kilven<\/strong> <em>Alastalon salissa<\/em> -teokseen verrattuna <em>Professori<\/em> etenee vauhdikkaasti.<\/p>\n\n\n\n<p>Aamun aikana Heliseu da Motta e Silva k\u00e4y l\u00e4pi el\u00e4m\u00e4\u00e4ns\u00e4, erityisesti ty\u00f6t\u00e4\u00e4n romanisen filologian parissa, el\u00e4m\u00e4\u00e4ns\u00e4 vaikuttaneita naisiaan ja Yhdysvaltoihin muuttanutta poikaansa. Ajatus assosioi kehitelm\u00e4st\u00e4 toiseen ja kieli polveilee rikkaasti.<\/p>\n\n\n\n<p><strong>Tarja H\u00e4rk\u00f6nen<\/strong> suomentaa ilmeisen mainiosti ja imitoi vanhaksi portugaliksi kirjoitettuja p\u00e4tki\u00e4 Agricolan aikaisen suomen kielen kirjoitusasulla suorastaan loisteliaasti.<\/p>\n\n\n\n<p>Mutta kun ei kiinnosta. Miksi?<\/p>\n\n\n\n<p>&nbsp;<\/p>\n\n\n\n<p><span class=\"capitalized\"><em>Professori <\/em><\/span>sai minut ajattelemaan odotushorisonttia.<\/p>\n\n\n\n<p>Saksalaisen kirjallisuustieteilij\u00e4n <strong>Hans Robert Jaussin<\/strong> mukaan lukija l\u00e4hestyy teosta varustettuna kaikella siihen menness\u00e4 lukemastaan saamallaan tiedolla ja kokemuksella. Jos teksti yll\u00e4tt\u00e4\u00e4, ei vastaa sit\u00e4, mihin lukija on tottunut, tuloksena on horisontin muutos.<\/p>\n\n\n\n<p>Jos horisontti ei muutu ja teksti siten t\u00e4ytt\u00e4\u00e4 lukijan odotukset, lukeminen on kevytt\u00e4 lukemista. Jos teksti haraa vastaan, se tuottaa uuden l\u00f6yt\u00e4misen riemua tai pettymyksen. Joka tapauksessa odotukset rikkovan tekstin lukeminen tulee osaksi lukijan kokemuksia, joita h\u00e4nell\u00e4 on j\u00e4lleen seuraavaa teksti\u00e4 lukiessaan.<\/p>\n\n\n\n<p>Jos <em>Professori<\/em> olisi ilmestynyt sata vuotta sitten, sit\u00e4 pidett\u00e4isiin nykyisin kirjallisuutta uudistaneena klassikkona, mutta nyt meid\u00e4t lukijat on hemmoteltu <strong>James Joycen<\/strong> <em>Odysseuksella<\/em> eli <em>Ulysseuksella<\/em> (alkukielell\u00e4 englanniksi 1922), <strong>Marcel Proustin<\/strong> <em>Kadonnutta aikaa etsim\u00e4ss\u00e4<\/em> -sarjalla (alkukielell\u00e4 ranskaksi 1913\u20131927) ja vaikkapa Kilven <em>Alastalon salissa<\/em> -mammutilla (1933) \u2013 olimmepa lukeneet niit\u00e4 tai emme.<\/p>\n\n\n\n<p>&nbsp;<\/p>\n\n\n\n<p><span class=\"capitalized\">Tajunnanvirta<\/span> ja lyhyen ajan kehykseen isketty romaani on n\u00e4hty keino. Itsess\u00e4\u00e4n se ei vieh\u00e4t\u00e4, vaan mielenkiinnon t\u00e4ytyy l\u00f6yty\u00e4 muualta. Minun t\u00e4ytyisi innostua professorin rakkaudesta portugalin kieleen tai alkaa j\u00e4nnitt\u00e4\u00e4, onko h\u00e4n tappanut M\u00f4nican \u2013 tai antautua kielen hurmaan.<\/p>\n\n\n\n<p>En kiinnostu, en hurmaannu.<\/p>\n\n\n\n<p>Kun huvikseni luen, ei tarvitse yritt\u00e4\u00e4k\u00e4\u00e4n.<\/p>\n\n\n\n<p>Silti olen hyvill\u00e4ni, ett\u00e4 tulin harpponeeksi romaanin l\u00e4pi. Mikrotasolla Crist\u00f3v\u00e3o Tezzalla on hyvi\u00e4 oivalluksia, ja kirja antoi aihetta ajatteluun, vaikkakin l\u00e4hinn\u00e4 metatasolla.<\/p>\n\n\n\n<p>Ylip\u00e4\u00e4t\u00e4\u00e4n: punajuurta kannattaa muistaa maistaa silloin t\u00e4ll\u00f6in, vaikkei ole pakko.<\/p>\n\n\n","protected":false},"excerpt":{"rendered":"<p>Aikuisuuden harvoihin hyviin puoliin kuuluu se, ett\u00e4 punajuurta ei ole pakko maistaa, jos ei tahdo, ja tillilihan sijaan ruuaksi voi kokata vaikka broileripataa. Samaa vapautta kokee kirjallisuuskriitikko lukiessaan kirjaa huvin vuoksi, ei arvostelu mieless\u00e4\u00e4n. Jos kirja ei sytyt\u00e4,<br \/>\nsit&hellip;<\/p>\n","protected":false},"author":129,"featured_media":0,"comment_status":"open","ping_status":"open","sticky":false,"template":"","format":"standard","meta":{"_acf_changed":false,"asauth_required_access_level":3,"asauth_cansharepaid":"true","om_header_attributes":[],"footnotes":"","om_featured_image_focal_point":[],"om_primary_tag":0,"om_contributors":[],"om_co_authors":[],"beyondwords_generate_audio":"","beyondwords_project_id":"","beyondwords_content_id":"","beyondwords_preview_token":"","beyondwords_player_content":"","beyondwords_player_style":"","beyondwords_language_code":"","beyondwords_language_id":"","beyondwords_title_voice_id":"","beyondwords_body_voice_id":"","beyondwords_summary_voice_id":"","beyondwords_error_message":"","beyondwords_disabled":"","beyondwords_delete_content":"","beyondwords_podcast_id":"","beyondwords_hash":"","publish_post_to_speechkit":"","speechkit_hash":"","speechkit_generate_audio":"","speechkit_project_id":"","speechkit_podcast_id":"","speechkit_error_message":"","speechkit_disabled":"","speechkit_access_key":"","speechkit_error":"","speechkit_info":"","speechkit_response":"","speechkit_retries":"","speechkit_status":"","speechkit_updated_at":"","_speechkit_link":"","_speechkit_text":""},"categories":[1],"tags":[1158,1156,1159,1157],"class_list":["post-1175","post","type-post","status-publish","format-standard","hentry","category-kirjailijan-paivakirja","tag-aviador","tag-cristovao-tezza","tag-odotushorisontti","tag-professori"],"om_views":null,"acf":{"tuuma_off":false,"tuuma_kysymys":"","tuuma_vastaus":""},"asauth":{"required_access_level":1,"share_token":"","is_paid":false},"yoast_head":"<!-- This site is optimized with the Yoast SEO plugin v26.4 - https:\/\/yoast.com\/wordpress\/plugins\/seo\/ -->\n<title>Kirjallisuuskriitikko maistaa punajuurta - Kirjailijan p\u00e4iv\u00e4kirja<\/title>\n<meta name=\"robots\" content=\"index, follow, max-snippet:-1, max-image-preview:large, max-video-preview:-1\" \/>\n<link rel=\"canonical\" href=\"https:\/\/suomenkuvalehti.fi\/kirjailijanpaivakirja\/kirjallisuuskriitikko-maistaa-punajuurta\/\" \/>\n<meta property=\"og:locale\" content=\"fi_FI\" \/>\n<meta property=\"og:type\" content=\"article\" \/>\n<meta property=\"og:title\" content=\"Kirjallisuuskriitikko maistaa punajuurta - Kirjailijan p\u00e4iv\u00e4kirja\" \/>\n<meta property=\"og:description\" content=\"Aikuisuuden harvoihin hyviin puoliin kuuluu se, ett\u00e4 punajuurta ei ole pakko maistaa, jos ei tahdo, ja tillilihan sijaan ruuaksi voi kokata vaikka broileripataa. Samaa vapautta kokee kirjallisuuskriitikko lukiessaan kirjaa huvin vuoksi, ei arvostelu mieless\u00e4\u00e4n. Jos kirja ei sytyt\u00e4, sit&hellip;\" \/>\n<meta property=\"og:url\" content=\"https:\/\/suomenkuvalehti.fi\/kirjailijanpaivakirja\/kirjallisuuskriitikko-maistaa-punajuurta\/\" \/>\n<meta property=\"og:site_name\" content=\"Kirjailijan p\u00e4iv\u00e4kirja\" \/>\n<meta property=\"article:published_time\" content=\"2018-05-14T12:47:43+00:00\" \/>\n<meta property=\"article:modified_time\" content=\"2018-05-14T12:53:34+00:00\" \/>\n<meta property=\"og:image\" content=\"https:\/\/suomenkuvalehti.fi\/kirjailijanpaivakirja\/wp-content\/uploads\/sites\/21\/2018\/05\/professori-235x300.jpg\" \/>\n<meta name=\"author\" content=\"Karo H\u00e4m\u00e4l\u00e4inen\" \/>\n<meta name=\"twitter:card\" content=\"summary_large_image\" \/>\n<meta name=\"twitter:label1\" content=\"Written by\" \/>\n\t<meta name=\"twitter:data1\" content=\"Karo H\u00e4m\u00e4l\u00e4inen\" \/>\n\t<meta name=\"twitter:label2\" content=\"Est. reading time\" \/>\n\t<meta name=\"twitter:data2\" content=\"3 minuuttia\" \/>\n<script type=\"application\/ld+json\" class=\"yoast-schema-graph\">{\"@context\":\"https:\/\/schema.org\",\"@graph\":[{\"@type\":\"WebPage\",\"@id\":\"https:\/\/suomenkuvalehti.fi\/kirjailijanpaivakirja\/kirjallisuuskriitikko-maistaa-punajuurta\/\",\"url\":\"https:\/\/suomenkuvalehti.fi\/kirjailijanpaivakirja\/kirjallisuuskriitikko-maistaa-punajuurta\/\",\"name\":\"Kirjallisuuskriitikko maistaa punajuurta - Kirjailijan p\u00e4iv\u00e4kirja\",\"isPartOf\":{\"@id\":\"https:\/\/suomenkuvalehti.fi\/kirjailijanpaivakirja\/#website\"},\"primaryImageOfPage\":{\"@id\":\"https:\/\/suomenkuvalehti.fi\/kirjailijanpaivakirja\/kirjallisuuskriitikko-maistaa-punajuurta\/#primaryimage\"},\"image\":{\"@id\":\"https:\/\/suomenkuvalehti.fi\/kirjailijanpaivakirja\/kirjallisuuskriitikko-maistaa-punajuurta\/#primaryimage\"},\"thumbnailUrl\":\"https:\/\/suomenkuvalehti.fi\/kirjailijanpaivakirja\/wp-content\/uploads\/sites\/21\/2018\/05\/professori-235x300.jpg\",\"datePublished\":\"2018-05-14T12:47:43+00:00\",\"dateModified\":\"2018-05-14T12:53:34+00:00\",\"author\":{\"@id\":\"https:\/\/suomenkuvalehti.fi\/kirjailijanpaivakirja\/#\/schema\/person\/ca2dfd9d508d8c675e07b3c099fc789b\"},\"breadcrumb\":{\"@id\":\"https:\/\/suomenkuvalehti.fi\/kirjailijanpaivakirja\/kirjallisuuskriitikko-maistaa-punajuurta\/#breadcrumb\"},\"inLanguage\":\"fi\",\"potentialAction\":[{\"@type\":\"ReadAction\",\"target\":[\"https:\/\/suomenkuvalehti.fi\/kirjailijanpaivakirja\/kirjallisuuskriitikko-maistaa-punajuurta\/\"]}]},{\"@type\":\"ImageObject\",\"inLanguage\":\"fi\",\"@id\":\"https:\/\/suomenkuvalehti.fi\/kirjailijanpaivakirja\/kirjallisuuskriitikko-maistaa-punajuurta\/#primaryimage\",\"url\":\"https:\/\/suomenkuvalehti.fi\/kirjailijanpaivakirja\/wp-content\/uploads\/sites\/21\/2018\/05\/professori.jpg\",\"contentUrl\":\"https:\/\/suomenkuvalehti.fi\/kirjailijanpaivakirja\/wp-content\/uploads\/sites\/21\/2018\/05\/professori.jpg\",\"width\":450,\"height\":575},{\"@type\":\"BreadcrumbList\",\"@id\":\"https:\/\/suomenkuvalehti.fi\/kirjailijanpaivakirja\/kirjallisuuskriitikko-maistaa-punajuurta\/#breadcrumb\",\"itemListElement\":[{\"@type\":\"ListItem\",\"position\":1,\"name\":\"Home\",\"item\":\"https:\/\/suomenkuvalehti.fi\/kirjailijanpaivakirja\/\"},{\"@type\":\"ListItem\",\"position\":2,\"name\":\"Kirjallisuuskriitikko maistaa punajuurta\"}]},{\"@type\":\"WebSite\",\"@id\":\"https:\/\/suomenkuvalehti.fi\/kirjailijanpaivakirja\/#website\",\"url\":\"https:\/\/suomenkuvalehti.fi\/kirjailijanpaivakirja\/\",\"name\":\"Kirjailijan p\u00e4iv\u00e4kirja\",\"description\":\"Proosakirjailijan arkea ja kirjallisuuden ajankohtaisia aiheita.\",\"potentialAction\":[{\"@type\":\"SearchAction\",\"target\":{\"@type\":\"EntryPoint\",\"urlTemplate\":\"https:\/\/suomenkuvalehti.fi\/haku\/?q={search_term_string}\"},\"query-input\":{\"@type\":\"PropertyValueSpecification\",\"valueRequired\":true,\"valueName\":\"search_term_string\"}}],\"inLanguage\":\"fi\"},{\"@type\":\"Person\",\"@id\":\"https:\/\/suomenkuvalehti.fi\/kirjailijanpaivakirja\/#\/schema\/person\/ca2dfd9d508d8c675e07b3c099fc789b\",\"name\":\"Karo H\u00e4m\u00e4l\u00e4inen\",\"image\":{\"@type\":\"ImageObject\",\"inLanguage\":\"fi\",\"@id\":\"https:\/\/suomenkuvalehti.fi\/kirjailijanpaivakirja\/#\/schema\/person\/image\/\",\"url\":\"https:\/\/suomenkuvalehti.fi\/kirjailijanpaivakirja\/wp-content\/uploads\/sites\/21\/2022\/04\/hamalainen_karo06-1-150x150.jpg\",\"contentUrl\":\"https:\/\/suomenkuvalehti.fi\/kirjailijanpaivakirja\/wp-content\/uploads\/sites\/21\/2022\/04\/hamalainen_karo06-1-150x150.jpg\",\"caption\":\"Karo H\u00e4m\u00e4l\u00e4inen\"},\"description\":\"Karo H\u00e4m\u00e4l\u00e4inen on kirjailija ja talouteen erikoistunut vapaa toimittaja.\"}]}<\/script>\n<!-- \/ Yoast SEO plugin. -->","yoast_head_json":{"title":"Kirjallisuuskriitikko maistaa punajuurta - Kirjailijan p\u00e4iv\u00e4kirja","robots":{"index":"index","follow":"follow","max-snippet":"max-snippet:-1","max-image-preview":"max-image-preview:large","max-video-preview":"max-video-preview:-1"},"canonical":"https:\/\/suomenkuvalehti.fi\/kirjailijanpaivakirja\/kirjallisuuskriitikko-maistaa-punajuurta\/","og_locale":"fi_FI","og_type":"article","og_title":"Kirjallisuuskriitikko maistaa punajuurta - Kirjailijan p\u00e4iv\u00e4kirja","og_description":"Aikuisuuden harvoihin hyviin puoliin kuuluu se, ett\u00e4 punajuurta ei ole pakko maistaa, jos ei tahdo, ja tillilihan sijaan ruuaksi voi kokata vaikka broileripataa. Samaa vapautta kokee kirjallisuuskriitikko lukiessaan kirjaa huvin vuoksi, ei arvostelu mieless\u00e4\u00e4n. Jos kirja ei sytyt\u00e4, sit&hellip;","og_url":"https:\/\/suomenkuvalehti.fi\/kirjailijanpaivakirja\/kirjallisuuskriitikko-maistaa-punajuurta\/","og_site_name":"Kirjailijan p\u00e4iv\u00e4kirja","article_published_time":"2018-05-14T12:47:43+00:00","article_modified_time":"2018-05-14T12:53:34+00:00","og_image":[{"url":"https:\/\/suomenkuvalehti.fi\/kirjailijanpaivakirja\/wp-content\/uploads\/sites\/21\/2018\/05\/professori-235x300.jpg","type":"","width":"","height":""}],"author":"Karo H\u00e4m\u00e4l\u00e4inen","twitter_card":"summary_large_image","twitter_misc":{"Written by":"Karo H\u00e4m\u00e4l\u00e4inen","Est. reading time":"3 minuuttia"},"schema":{"@context":"https:\/\/schema.org","@graph":[{"@type":"WebPage","@id":"https:\/\/suomenkuvalehti.fi\/kirjailijanpaivakirja\/kirjallisuuskriitikko-maistaa-punajuurta\/","url":"https:\/\/suomenkuvalehti.fi\/kirjailijanpaivakirja\/kirjallisuuskriitikko-maistaa-punajuurta\/","name":"Kirjallisuuskriitikko maistaa punajuurta - Kirjailijan p\u00e4iv\u00e4kirja","isPartOf":{"@id":"https:\/\/suomenkuvalehti.fi\/kirjailijanpaivakirja\/#website"},"primaryImageOfPage":{"@id":"https:\/\/suomenkuvalehti.fi\/kirjailijanpaivakirja\/kirjallisuuskriitikko-maistaa-punajuurta\/#primaryimage"},"image":{"@id":"https:\/\/suomenkuvalehti.fi\/kirjailijanpaivakirja\/kirjallisuuskriitikko-maistaa-punajuurta\/#primaryimage"},"thumbnailUrl":"https:\/\/suomenkuvalehti.fi\/kirjailijanpaivakirja\/wp-content\/uploads\/sites\/21\/2018\/05\/professori-235x300.jpg","datePublished":"2018-05-14T12:47:43+00:00","dateModified":"2018-05-14T12:53:34+00:00","author":{"@id":"https:\/\/suomenkuvalehti.fi\/kirjailijanpaivakirja\/#\/schema\/person\/ca2dfd9d508d8c675e07b3c099fc789b"},"breadcrumb":{"@id":"https:\/\/suomenkuvalehti.fi\/kirjailijanpaivakirja\/kirjallisuuskriitikko-maistaa-punajuurta\/#breadcrumb"},"inLanguage":"fi","potentialAction":[{"@type":"ReadAction","target":["https:\/\/suomenkuvalehti.fi\/kirjailijanpaivakirja\/kirjallisuuskriitikko-maistaa-punajuurta\/"]}]},{"@type":"ImageObject","inLanguage":"fi","@id":"https:\/\/suomenkuvalehti.fi\/kirjailijanpaivakirja\/kirjallisuuskriitikko-maistaa-punajuurta\/#primaryimage","url":"https:\/\/suomenkuvalehti.fi\/kirjailijanpaivakirja\/wp-content\/uploads\/sites\/21\/2018\/05\/professori.jpg","contentUrl":"https:\/\/suomenkuvalehti.fi\/kirjailijanpaivakirja\/wp-content\/uploads\/sites\/21\/2018\/05\/professori.jpg","width":450,"height":575},{"@type":"BreadcrumbList","@id":"https:\/\/suomenkuvalehti.fi\/kirjailijanpaivakirja\/kirjallisuuskriitikko-maistaa-punajuurta\/#breadcrumb","itemListElement":[{"@type":"ListItem","position":1,"name":"Home","item":"https:\/\/suomenkuvalehti.fi\/kirjailijanpaivakirja\/"},{"@type":"ListItem","position":2,"name":"Kirjallisuuskriitikko maistaa punajuurta"}]},{"@type":"WebSite","@id":"https:\/\/suomenkuvalehti.fi\/kirjailijanpaivakirja\/#website","url":"https:\/\/suomenkuvalehti.fi\/kirjailijanpaivakirja\/","name":"Kirjailijan p\u00e4iv\u00e4kirja","description":"Proosakirjailijan arkea ja kirjallisuuden ajankohtaisia aiheita.","potentialAction":[{"@type":"SearchAction","target":{"@type":"EntryPoint","urlTemplate":"https:\/\/suomenkuvalehti.fi\/haku\/?q={search_term_string}"},"query-input":{"@type":"PropertyValueSpecification","valueRequired":true,"valueName":"search_term_string"}}],"inLanguage":"fi"},{"@type":"Person","@id":"https:\/\/suomenkuvalehti.fi\/kirjailijanpaivakirja\/#\/schema\/person\/ca2dfd9d508d8c675e07b3c099fc789b","name":"Karo H\u00e4m\u00e4l\u00e4inen","image":{"@type":"ImageObject","inLanguage":"fi","@id":"https:\/\/suomenkuvalehti.fi\/kirjailijanpaivakirja\/#\/schema\/person\/image\/","url":"https:\/\/suomenkuvalehti.fi\/kirjailijanpaivakirja\/wp-content\/uploads\/sites\/21\/2022\/04\/hamalainen_karo06-1-150x150.jpg","contentUrl":"https:\/\/suomenkuvalehti.fi\/kirjailijanpaivakirja\/wp-content\/uploads\/sites\/21\/2022\/04\/hamalainen_karo06-1-150x150.jpg","caption":"Karo H\u00e4m\u00e4l\u00e4inen"},"description":"Karo H\u00e4m\u00e4l\u00e4inen on kirjailija ja talouteen erikoistunut vapaa toimittaja."}]}},"_links":{"self":[{"href":"https:\/\/suomenkuvalehti.fi\/kirjailijanpaivakirja\/wp-json\/wp\/v2\/posts\/1175","targetHints":{"allow":["GET"]}}],"collection":[{"href":"https:\/\/suomenkuvalehti.fi\/kirjailijanpaivakirja\/wp-json\/wp\/v2\/posts"}],"about":[{"href":"https:\/\/suomenkuvalehti.fi\/kirjailijanpaivakirja\/wp-json\/wp\/v2\/types\/post"}],"author":[{"embeddable":true,"href":"https:\/\/suomenkuvalehti.fi\/kirjailijanpaivakirja\/wp-json\/wp\/v2\/users\/129"}],"replies":[{"embeddable":true,"href":"https:\/\/suomenkuvalehti.fi\/kirjailijanpaivakirja\/wp-json\/wp\/v2\/comments?post=1175"}],"version-history":[{"count":3,"href":"https:\/\/suomenkuvalehti.fi\/kirjailijanpaivakirja\/wp-json\/wp\/v2\/posts\/1175\/revisions"}],"predecessor-version":[{"id":1179,"href":"https:\/\/suomenkuvalehti.fi\/kirjailijanpaivakirja\/wp-json\/wp\/v2\/posts\/1175\/revisions\/1179"}],"wp:attachment":[{"href":"https:\/\/suomenkuvalehti.fi\/kirjailijanpaivakirja\/wp-json\/wp\/v2\/media?parent=1175"}],"wp:term":[{"taxonomy":"category","embeddable":true,"href":"https:\/\/suomenkuvalehti.fi\/kirjailijanpaivakirja\/wp-json\/wp\/v2\/categories?post=1175"},{"taxonomy":"post_tag","embeddable":true,"href":"https:\/\/suomenkuvalehti.fi\/kirjailijanpaivakirja\/wp-json\/wp\/v2\/tags?post=1175"}],"curies":[{"name":"wp","href":"https:\/\/api.w.org\/{rel}","templated":true}]}}