{"id":1152,"date":"2018-04-18T22:05:44","date_gmt":"2018-04-18T19:05:44","guid":{"rendered":"https:\/\/suomenkuvalehti.fi\/kirjailijanpaivakirja\/?p=1152"},"modified":"2018-04-18T22:18:37","modified_gmt":"2018-04-18T19:18:37","slug":"juristit-ja-laakarit-digikirjojen-kysynnan-takana","status":"publish","type":"post","link":"https:\/\/suomenkuvalehti.fi\/kirjailijanpaivakirja\/juristit-ja-laakarit-digikirjojen-kysynnan-takana\/","title":{"rendered":"Juristit ja l\u00e4\u00e4k\u00e4rit digikirjojen kysynn\u00e4n takana"},"content":{"rendered":"\n<p><span class=\"capitalized\">Yleisen kirjallisuuden<\/span> myynnist\u00e4 <a href=\"https:\/\/suomenkuvalehti.fi\/kirjailijanpaivakirja\/jo-joka-kuudes-kirjaeuro-tulee-sahkoisista-julkaisuista-kirjamyynti-kaantyikin-nousuun\/?shared=1148-05f0a535-999\" target=\"_blank\" rel=\"noopener\">jo kuudennes<\/a> tuli viime vuonna s\u00e4hk\u00f6isist\u00e4 julkaisuista. S\u00e4hk\u00f6isten julkaisujen markkina kasvoi 40 prosenttia yli 25 miljoonaan euroon.<\/p>\n\n\n\n<p>Hypp\u00e4yksen taustalla eiv\u00e4t ole Netflix-periaatteella toimivat e- ja \u00e4\u00e4nikirjapalvelut, vaikka ladattavien \u00e4\u00e4nikirjojen myynti kasvoikin suhteellisesti eritt\u00e4in paljon. S\u00e4hk\u00f6isten julkaisujen euroista ehdoton valtaosa on per\u00e4isin tietokirjoista, joiden osuus yleisen kirjallisuuden s\u00e4hk\u00f6isten julkaisujen markkinasta oli viime vuonna 84 prosenttia.<\/p>\n\n\n\n<p>Edelleen eriteltyn\u00e4 s\u00e4hk\u00f6isten julkaisujen markkinalta l\u00f6ytyy gigantti, joka Suomen kustannusyhdistyksen tilastoissa kantaa nime\u00e4 \u201dAmmatillinen digikirjasto\u201d. Rivi on viime vuotta koskevissa tilastoissa uusi. Aiemmin sit\u00e4 on kutakuinkin vastannut kategoria \u201donline-julkaisut\u201d.<\/p>\n\n\n\n<p>&nbsp;<\/p>\n\n\n\n<p><span class=\"capitalized\">Tilastoissa<\/span> \u201dAmmatillista digikirjastoa\u201d luonnehditaan: \u201dAmmatillinen digikirjasto on verkon kautta k\u00e4ytett\u00e4v\u00e4 kokonaisuus, johon sis\u00e4ltyy merkitt\u00e4v\u00e4 m\u00e4\u00e4r\u00e4 muutakin aineistoa ja toimintoja kuin yksitt\u00e4isten kirjojen luku- tai kuunteluoikeuksia.\u201d<\/p>\n\n\n\n<p>Yksik\u00f6llisest\u00e4 luonnehdinnasta on helppo hairahtua ajattelemaan, ett\u00e4 kyseess\u00e4 olisi yksi palvelu, mutta tosiasiasiassa luokka sis\u00e4lt\u00e4\u00e4 useita digitaalisia palvelukokonaisuuksia, joihin kuuluu my\u00f6s kirjoja.<\/p>\n\n\n\n<p>Esimerkiksi l\u00e4\u00e4k\u00e4reille on tarjolla Terveysportti-niminen palvelu, johon voi moduuleina ostaa k\u00e4ytt\u00f6oikeuksia eri tietokantoihin ja oppaisiin. Vaikkapa Herbalbase-luontaistuotetietokannan k\u00e4ytt\u00f6oikeus maksaa 195 euroa vuoden 2018 loppuun asti. L\u00e4\u00e4ketieteen suomi\u2013englanti\u2013suomi-sanakirjan hinta on 52 euroa.<\/p>\n\n\n\n<p>L\u00e4\u00e4k\u00e4reit\u00e4 palvelee Duodecim Kustannus.<\/p>\n\n\n\n<p>&nbsp;<\/p>\n\n\n\n<p><span class=\"capitalized\">Suomen Laki<\/span> -verkkopalvelu taas on suunnattu juristeille. Kahdentoista kuukauden k\u00e4ytt\u00f6oikeus maksaa 545 euroa + alv 24 prosenttia eli tavallisille kuolevaisille 675,80 euroa. Sill\u00e4 saa lukea lains\u00e4\u00e4d\u00e4nt\u00f6\u00e4 aihealueittain jaoteltuna ja oikeusk\u00e4yt\u00e4nt\u00f6tietokantaan mutta my\u00f6s juridista kirjallisuutta. Tilausta voi t\u00e4ydent\u00e4\u00e4 uusilla juridiikan kirjoilla.<\/p>\n\n\n\n<p>Suomen Laki -palvelun takana on Alma Talent.<\/p>\n\n\n\n<p>Kilpaileva lakipalvelu on Editan Edilex. Edilexin peruspalvelu maksaa 509 euroa ja sen p\u00e4\u00e4lle 24 prosentin arvonlis\u00e4veron.<\/p>\n\n\n\n<p>&nbsp;<\/p>\n\n\n\n<p><span class=\"capitalized\">Alma Talent<\/span> myy my\u00f6s muiden kuin juridiikan alan ammattikirjojaan Verkkokirjahylly-palvelun kautta. Esimerkiksi taloushallinnon Verkkokirjahylly maksaa 638 euroa ja kaikki Alma Talentin tarjoamat ammattikirjat sis\u00e4lt\u00e4v\u00e4 Verkkokirjahylly 1809 euroa. Hintoihin lis\u00e4tt\u00e4neen arvonlis\u00e4vero, vaikkei sit\u00e4 Alma Talent Shopissa mainitakaan.<\/p>\n\n\n\n<p>Napin painalluksella teht\u00e4v\u00e4 1809 euron kertatilaus vastaa yli seitsem\u00e4nkymmenen kovakantisen uutuusromaanin myynti\u00e4. Yksi Alma Talentin koko hyllyn vuodeksi ostava asiakas synnytt\u00e4\u00e4 kerralla enemm\u00e4n liikevaihtoa kuin moni runokokoelma.<\/p>\n\n\n","protected":false},"excerpt":{"rendered":"<p>Yleisen kirjallisuuden myynnist\u00e4 jo kuudennes tuli viime vuonna s\u00e4hk\u00f6isist\u00e4 julkaisuista. S\u00e4hk\u00f6isten julkaisujen markkina kasvoi 40 prosenttia yli 25 miljoonaan euroon. Hypp\u00e4yksen taustalla eiv\u00e4t ole Netflix-periaatteella toimivat e- ja \u00e4\u00e4nikirjapalvelut, vaikka<br \/>\nladattavi&hellip;<\/p>\n","protected":false},"author":129,"featured_media":0,"comment_status":"open","ping_status":"open","sticky":false,"template":"","format":"standard","meta":{"_acf_changed":false,"asauth_required_access_level":3,"asauth_cansharepaid":"true","om_header_attributes":[],"footnotes":"","om_featured_image_focal_point":[],"om_primary_tag":0,"om_contributors":[],"om_co_authors":[],"beyondwords_generate_audio":"","beyondwords_project_id":"","beyondwords_content_id":"","beyondwords_preview_token":"","beyondwords_player_content":"","beyondwords_player_style":"","beyondwords_language_code":"","beyondwords_language_id":"","beyondwords_title_voice_id":"","beyondwords_body_voice_id":"","beyondwords_summary_voice_id":"","beyondwords_error_message":"","beyondwords_disabled":"","beyondwords_delete_content":"","beyondwords_podcast_id":"","beyondwords_hash":"","publish_post_to_speechkit":"","speechkit_hash":"","speechkit_generate_audio":"","speechkit_project_id":"","speechkit_podcast_id":"","speechkit_error_message":"","speechkit_disabled":"","speechkit_access_key":"","speechkit_error":"","speechkit_info":"","speechkit_response":"","speechkit_retries":"","speechkit_status":"","speechkit_updated_at":"","_speechkit_link":"","_speechkit_text":""},"categories":[1],"tags":[1150,56],"class_list":["post-1152","post","type-post","status-publish","format-standard","hentry","category-kirjailijan-paivakirja","tag-ammatillinen-digikirjasto","tag-kirjamyynti"],"om_views":null,"acf":{"tuuma_off":false,"tuuma_kysymys":"","tuuma_vastaus":""},"asauth":{"required_access_level":1,"share_token":"","is_paid":false},"yoast_head":"<!-- This site is optimized with the Yoast SEO plugin v26.4 - https:\/\/yoast.com\/wordpress\/plugins\/seo\/ -->\n<title>Juristit ja l\u00e4\u00e4k\u00e4rit digikirjojen kysynn\u00e4n takana - Kirjailijan p\u00e4iv\u00e4kirja<\/title>\n<meta name=\"description\" content=\"Yksi Alma Talentin koko hyllyn vuodeksi ostava asiakas synnytt\u00e4\u00e4 kerralla enemm\u00e4n liikevaihtoa kuin moni runokokoelma.\" \/>\n<meta name=\"robots\" content=\"index, follow, max-snippet:-1, max-image-preview:large, max-video-preview:-1\" \/>\n<link rel=\"canonical\" href=\"https:\/\/suomenkuvalehti.fi\/kirjailijanpaivakirja\/juristit-ja-laakarit-digikirjojen-kysynnan-takana\/\" \/>\n<meta property=\"og:locale\" content=\"fi_FI\" \/>\n<meta property=\"og:type\" content=\"article\" \/>\n<meta property=\"og:title\" content=\"Juristit ja l\u00e4\u00e4k\u00e4rit digikirjojen kysynn\u00e4n takana - Kirjailijan p\u00e4iv\u00e4kirja\" \/>\n<meta property=\"og:description\" content=\"Yksi Alma Talentin koko hyllyn vuodeksi ostava asiakas synnytt\u00e4\u00e4 kerralla enemm\u00e4n liikevaihtoa kuin moni runokokoelma.\" \/>\n<meta property=\"og:url\" content=\"https:\/\/suomenkuvalehti.fi\/kirjailijanpaivakirja\/juristit-ja-laakarit-digikirjojen-kysynnan-takana\/\" \/>\n<meta property=\"og:site_name\" content=\"Kirjailijan p\u00e4iv\u00e4kirja\" \/>\n<meta property=\"article:published_time\" content=\"2018-04-18T19:05:44+00:00\" \/>\n<meta property=\"article:modified_time\" content=\"2018-04-18T19:18:37+00:00\" \/>\n<meta property=\"og:image\" content=\"https:\/\/suomenkuvalehti.fi\/kirjailijanpaivakirja\/wp-content\/uploads\/sites\/21\/2022\/04\/hamalainen_karo06-1-scaled.jpg\" \/>\n\t<meta property=\"og:image:width\" content=\"2560\" \/>\n\t<meta property=\"og:image:height\" content=\"1706\" \/>\n\t<meta property=\"og:image:type\" content=\"image\/jpeg\" \/>\n<meta name=\"author\" content=\"Karo H\u00e4m\u00e4l\u00e4inen\" \/>\n<meta name=\"twitter:card\" content=\"summary_large_image\" \/>\n<meta name=\"twitter:label1\" content=\"Written by\" \/>\n\t<meta name=\"twitter:data1\" content=\"Karo H\u00e4m\u00e4l\u00e4inen\" \/>\n\t<meta name=\"twitter:label2\" content=\"Est. reading time\" \/>\n\t<meta name=\"twitter:data2\" content=\"2 minuuttia\" \/>\n<script type=\"application\/ld+json\" class=\"yoast-schema-graph\">{\"@context\":\"https:\/\/schema.org\",\"@graph\":[{\"@type\":\"WebPage\",\"@id\":\"https:\/\/suomenkuvalehti.fi\/kirjailijanpaivakirja\/juristit-ja-laakarit-digikirjojen-kysynnan-takana\/\",\"url\":\"https:\/\/suomenkuvalehti.fi\/kirjailijanpaivakirja\/juristit-ja-laakarit-digikirjojen-kysynnan-takana\/\",\"name\":\"Juristit ja l\u00e4\u00e4k\u00e4rit digikirjojen kysynn\u00e4n takana - Kirjailijan p\u00e4iv\u00e4kirja\",\"isPartOf\":{\"@id\":\"https:\/\/suomenkuvalehti.fi\/kirjailijanpaivakirja\/#website\"},\"datePublished\":\"2018-04-18T19:05:44+00:00\",\"dateModified\":\"2018-04-18T19:18:37+00:00\",\"author\":{\"@id\":\"https:\/\/suomenkuvalehti.fi\/kirjailijanpaivakirja\/#\/schema\/person\/ca2dfd9d508d8c675e07b3c099fc789b\"},\"description\":\"Yksi Alma Talentin koko hyllyn vuodeksi ostava asiakas synnytt\u00e4\u00e4 kerralla enemm\u00e4n liikevaihtoa kuin moni runokokoelma.\",\"breadcrumb\":{\"@id\":\"https:\/\/suomenkuvalehti.fi\/kirjailijanpaivakirja\/juristit-ja-laakarit-digikirjojen-kysynnan-takana\/#breadcrumb\"},\"inLanguage\":\"fi\",\"potentialAction\":[{\"@type\":\"ReadAction\",\"target\":[\"https:\/\/suomenkuvalehti.fi\/kirjailijanpaivakirja\/juristit-ja-laakarit-digikirjojen-kysynnan-takana\/\"]}]},{\"@type\":\"BreadcrumbList\",\"@id\":\"https:\/\/suomenkuvalehti.fi\/kirjailijanpaivakirja\/juristit-ja-laakarit-digikirjojen-kysynnan-takana\/#breadcrumb\",\"itemListElement\":[{\"@type\":\"ListItem\",\"position\":1,\"name\":\"Home\",\"item\":\"https:\/\/suomenkuvalehti.fi\/kirjailijanpaivakirja\/\"},{\"@type\":\"ListItem\",\"position\":2,\"name\":\"Juristit ja l\u00e4\u00e4k\u00e4rit digikirjojen kysynn\u00e4n takana\"}]},{\"@type\":\"WebSite\",\"@id\":\"https:\/\/suomenkuvalehti.fi\/kirjailijanpaivakirja\/#website\",\"url\":\"https:\/\/suomenkuvalehti.fi\/kirjailijanpaivakirja\/\",\"name\":\"Kirjailijan p\u00e4iv\u00e4kirja\",\"description\":\"Proosakirjailijan arkea ja kirjallisuuden ajankohtaisia aiheita.\",\"potentialAction\":[{\"@type\":\"SearchAction\",\"target\":{\"@type\":\"EntryPoint\",\"urlTemplate\":\"https:\/\/suomenkuvalehti.fi\/haku\/?q={search_term_string}\"},\"query-input\":{\"@type\":\"PropertyValueSpecification\",\"valueRequired\":true,\"valueName\":\"search_term_string\"}}],\"inLanguage\":\"fi\"},{\"@type\":\"Person\",\"@id\":\"https:\/\/suomenkuvalehti.fi\/kirjailijanpaivakirja\/#\/schema\/person\/ca2dfd9d508d8c675e07b3c099fc789b\",\"name\":\"Karo H\u00e4m\u00e4l\u00e4inen\",\"image\":{\"@type\":\"ImageObject\",\"inLanguage\":\"fi\",\"@id\":\"https:\/\/suomenkuvalehti.fi\/kirjailijanpaivakirja\/#\/schema\/person\/image\/\",\"url\":\"https:\/\/suomenkuvalehti.fi\/kirjailijanpaivakirja\/wp-content\/uploads\/sites\/21\/2022\/04\/hamalainen_karo06-1-150x150.jpg\",\"contentUrl\":\"https:\/\/suomenkuvalehti.fi\/kirjailijanpaivakirja\/wp-content\/uploads\/sites\/21\/2022\/04\/hamalainen_karo06-1-150x150.jpg\",\"caption\":\"Karo H\u00e4m\u00e4l\u00e4inen\"},\"description\":\"Karo H\u00e4m\u00e4l\u00e4inen on kirjailija ja talouteen erikoistunut vapaa toimittaja.\"}]}<\/script>\n<!-- \/ Yoast SEO plugin. -->","yoast_head_json":{"title":"Juristit ja l\u00e4\u00e4k\u00e4rit digikirjojen kysynn\u00e4n takana - Kirjailijan p\u00e4iv\u00e4kirja","description":"Yksi Alma Talentin koko hyllyn vuodeksi ostava asiakas synnytt\u00e4\u00e4 kerralla enemm\u00e4n liikevaihtoa kuin moni runokokoelma.","robots":{"index":"index","follow":"follow","max-snippet":"max-snippet:-1","max-image-preview":"max-image-preview:large","max-video-preview":"max-video-preview:-1"},"canonical":"https:\/\/suomenkuvalehti.fi\/kirjailijanpaivakirja\/juristit-ja-laakarit-digikirjojen-kysynnan-takana\/","og_locale":"fi_FI","og_type":"article","og_title":"Juristit ja l\u00e4\u00e4k\u00e4rit digikirjojen kysynn\u00e4n takana - Kirjailijan p\u00e4iv\u00e4kirja","og_description":"Yksi Alma Talentin koko hyllyn vuodeksi ostava asiakas synnytt\u00e4\u00e4 kerralla enemm\u00e4n liikevaihtoa kuin moni runokokoelma.","og_url":"https:\/\/suomenkuvalehti.fi\/kirjailijanpaivakirja\/juristit-ja-laakarit-digikirjojen-kysynnan-takana\/","og_site_name":"Kirjailijan p\u00e4iv\u00e4kirja","article_published_time":"2018-04-18T19:05:44+00:00","article_modified_time":"2018-04-18T19:18:37+00:00","og_image":[{"width":2560,"height":1706,"url":"https:\/\/suomenkuvalehti.fi\/kirjailijanpaivakirja\/wp-content\/uploads\/sites\/21\/2022\/04\/hamalainen_karo06-1-scaled.jpg","type":"image\/jpeg"}],"author":"Karo H\u00e4m\u00e4l\u00e4inen","twitter_card":"summary_large_image","twitter_misc":{"Written by":"Karo H\u00e4m\u00e4l\u00e4inen","Est. reading time":"2 minuuttia"},"schema":{"@context":"https:\/\/schema.org","@graph":[{"@type":"WebPage","@id":"https:\/\/suomenkuvalehti.fi\/kirjailijanpaivakirja\/juristit-ja-laakarit-digikirjojen-kysynnan-takana\/","url":"https:\/\/suomenkuvalehti.fi\/kirjailijanpaivakirja\/juristit-ja-laakarit-digikirjojen-kysynnan-takana\/","name":"Juristit ja l\u00e4\u00e4k\u00e4rit digikirjojen kysynn\u00e4n takana - Kirjailijan p\u00e4iv\u00e4kirja","isPartOf":{"@id":"https:\/\/suomenkuvalehti.fi\/kirjailijanpaivakirja\/#website"},"datePublished":"2018-04-18T19:05:44+00:00","dateModified":"2018-04-18T19:18:37+00:00","author":{"@id":"https:\/\/suomenkuvalehti.fi\/kirjailijanpaivakirja\/#\/schema\/person\/ca2dfd9d508d8c675e07b3c099fc789b"},"description":"Yksi Alma Talentin koko hyllyn vuodeksi ostava asiakas synnytt\u00e4\u00e4 kerralla enemm\u00e4n liikevaihtoa kuin moni runokokoelma.","breadcrumb":{"@id":"https:\/\/suomenkuvalehti.fi\/kirjailijanpaivakirja\/juristit-ja-laakarit-digikirjojen-kysynnan-takana\/#breadcrumb"},"inLanguage":"fi","potentialAction":[{"@type":"ReadAction","target":["https:\/\/suomenkuvalehti.fi\/kirjailijanpaivakirja\/juristit-ja-laakarit-digikirjojen-kysynnan-takana\/"]}]},{"@type":"BreadcrumbList","@id":"https:\/\/suomenkuvalehti.fi\/kirjailijanpaivakirja\/juristit-ja-laakarit-digikirjojen-kysynnan-takana\/#breadcrumb","itemListElement":[{"@type":"ListItem","position":1,"name":"Home","item":"https:\/\/suomenkuvalehti.fi\/kirjailijanpaivakirja\/"},{"@type":"ListItem","position":2,"name":"Juristit ja l\u00e4\u00e4k\u00e4rit digikirjojen kysynn\u00e4n takana"}]},{"@type":"WebSite","@id":"https:\/\/suomenkuvalehti.fi\/kirjailijanpaivakirja\/#website","url":"https:\/\/suomenkuvalehti.fi\/kirjailijanpaivakirja\/","name":"Kirjailijan p\u00e4iv\u00e4kirja","description":"Proosakirjailijan arkea ja kirjallisuuden ajankohtaisia aiheita.","potentialAction":[{"@type":"SearchAction","target":{"@type":"EntryPoint","urlTemplate":"https:\/\/suomenkuvalehti.fi\/haku\/?q={search_term_string}"},"query-input":{"@type":"PropertyValueSpecification","valueRequired":true,"valueName":"search_term_string"}}],"inLanguage":"fi"},{"@type":"Person","@id":"https:\/\/suomenkuvalehti.fi\/kirjailijanpaivakirja\/#\/schema\/person\/ca2dfd9d508d8c675e07b3c099fc789b","name":"Karo H\u00e4m\u00e4l\u00e4inen","image":{"@type":"ImageObject","inLanguage":"fi","@id":"https:\/\/suomenkuvalehti.fi\/kirjailijanpaivakirja\/#\/schema\/person\/image\/","url":"https:\/\/suomenkuvalehti.fi\/kirjailijanpaivakirja\/wp-content\/uploads\/sites\/21\/2022\/04\/hamalainen_karo06-1-150x150.jpg","contentUrl":"https:\/\/suomenkuvalehti.fi\/kirjailijanpaivakirja\/wp-content\/uploads\/sites\/21\/2022\/04\/hamalainen_karo06-1-150x150.jpg","caption":"Karo H\u00e4m\u00e4l\u00e4inen"},"description":"Karo H\u00e4m\u00e4l\u00e4inen on kirjailija ja talouteen erikoistunut vapaa toimittaja."}]}},"_links":{"self":[{"href":"https:\/\/suomenkuvalehti.fi\/kirjailijanpaivakirja\/wp-json\/wp\/v2\/posts\/1152","targetHints":{"allow":["GET"]}}],"collection":[{"href":"https:\/\/suomenkuvalehti.fi\/kirjailijanpaivakirja\/wp-json\/wp\/v2\/posts"}],"about":[{"href":"https:\/\/suomenkuvalehti.fi\/kirjailijanpaivakirja\/wp-json\/wp\/v2\/types\/post"}],"author":[{"embeddable":true,"href":"https:\/\/suomenkuvalehti.fi\/kirjailijanpaivakirja\/wp-json\/wp\/v2\/users\/129"}],"replies":[{"embeddable":true,"href":"https:\/\/suomenkuvalehti.fi\/kirjailijanpaivakirja\/wp-json\/wp\/v2\/comments?post=1152"}],"version-history":[{"count":4,"href":"https:\/\/suomenkuvalehti.fi\/kirjailijanpaivakirja\/wp-json\/wp\/v2\/posts\/1152\/revisions"}],"predecessor-version":[{"id":1156,"href":"https:\/\/suomenkuvalehti.fi\/kirjailijanpaivakirja\/wp-json\/wp\/v2\/posts\/1152\/revisions\/1156"}],"wp:attachment":[{"href":"https:\/\/suomenkuvalehti.fi\/kirjailijanpaivakirja\/wp-json\/wp\/v2\/media?parent=1152"}],"wp:term":[{"taxonomy":"category","embeddable":true,"href":"https:\/\/suomenkuvalehti.fi\/kirjailijanpaivakirja\/wp-json\/wp\/v2\/categories?post=1152"},{"taxonomy":"post_tag","embeddable":true,"href":"https:\/\/suomenkuvalehti.fi\/kirjailijanpaivakirja\/wp-json\/wp\/v2\/tags?post=1152"}],"curies":[{"name":"wp","href":"https:\/\/api.w.org\/{rel}","templated":true}]}}