{"id":1134,"date":"2018-04-10T15:07:08","date_gmt":"2018-04-10T12:07:08","guid":{"rendered":"https:\/\/suomenkuvalehti.fi\/kirjailijanpaivakirja\/?p=1134"},"modified":"2018-04-10T15:11:20","modified_gmt":"2018-04-10T12:11:20","slug":"kuka-rakastaisi-kriitikkoa","status":"publish","type":"post","link":"https:\/\/suomenkuvalehti.fi\/kirjailijanpaivakirja\/kuka-rakastaisi-kriitikkoa\/","title":{"rendered":"Kuka rakastaisi kriitikkoa?"},"content":{"rendered":"\n<p><span class=\"capitalized\"><strong>Jean Sibelius<\/strong><\/span> kehotti olemaan kiinnitt\u00e4m\u00e4tt\u00e4 huomiota siihen, mit\u00e4 kriitikot sanovat.<\/p>\n\n\n\n<p>\u201dKriitikoille ei ole koskaan pystytetty yht\u00e4\u00e4n patsasta\u201d, h\u00e4nen v\u00e4itet\u00e4\u00e4n tokaisseen \u2013 sanamuoto vaihtelee l\u00e4hteest\u00e4 toiseen.<\/p>\n\n\n\n<p>Sibelius ei suinkaan ole ainut taiteilija, joka on suhtautunut kriitikoihin nuivasti. Eik\u00e4 ihminen ylip\u00e4\u00e4t\u00e4\u00e4n. <em>Suomen Kuvalehden<\/em> ammattien arvostusta k\u00e4sittelev\u00e4ss\u00e4 <a href=\"https:\/\/suomenkuvalehti.fi\/digilehti\/20-2010-pdf\/valkokaulusten-vastaisku-skn-ammattienarvostustutkimus-tehti\" target=\"_blank\" rel=\"noopener\">selvityksess\u00e4 vuonna 2010<\/a> kriitikko oli sijalla 362, kun mukana oli kaikkiaan 380 ammattia. Kriitikkoja arvostettiin siis kahdeksanneksitoista v\u00e4hiten.<\/p>\n\n\n\n<p>Tuolloin kriitikon taakse j\u00e4i sittemmin ammattikartalta kadonnut televisiolupien tarkastaja. Kriitikkoa arvostettiin tuolloisessa kyselytutkimuksessa v\u00e4hemm\u00e4n kuin vaikkapa l\u00e4hetti\u00e4, ulosottomiest\u00e4 tai baariapulaista.<\/p>\n\n\n\n<p>&nbsp;<\/p>\n\n\n\n<p><span class=\"capitalized\">Kun kriitikko<\/span> ja taiteilija joutuvat tukkanuottasille, sympatiat ovat l\u00e4hes poikkeuksetta taiteilijan puolella.<\/p>\n\n\n\n<p>Kriitikot ovat taidemaailman altavastaajia. Kun kirjailija pahoittaa mielens\u00e4 kritiikist\u00e4 julkisesti, h\u00e4n saa tuekseen uskollisten lukijoiden ja tukijoiden armeijan.<\/p>\n\n\n\n<p>Kriitikkoa arvosteltaessa on hyv\u00e4ksytty\u00e4 menn\u00e4 henkil\u00f6kohtaisuuksiin. Siit\u00e4s saa, ammattiteloittaja!<\/p>\n\n\n\n<p>Kriitikko joutuu kohauttamaan olkap\u00e4it\u00e4\u00e4n \u2013 ja nielaisemaan \u2013 yksin.<\/p>\n\n\n\n<p>&nbsp;<\/p>\n\n\n\n<p><span class=\"capitalized\">\u201dJos kriitikko<\/span> haukkuu, kirja on varmaan hyv\u00e4\u201d, kuulee sanottavan.<\/p>\n\n\n\n<p>\u201dMenisi itse ja kirjoittaisi (maalaisi, s\u00e4velt\u00e4isi) paremman\u201d, kriitikosta puhistaan, vaikka ei kriitikko ole taiteilija eik\u00e4 taiteellinen luominen h\u00e4nen ty\u00f6t\u00e4\u00e4n<\/p>\n\n\n\n<p>Eik\u00e4 kritiikkej\u00e4 edes lueta! N\u00e4in on huomattu ainakin sanomalehdiss\u00e4, joiden kulttuurisivuilla kritiikkitekstit ovat antaneet tilaa paitsi henkil\u00f6iden kuville my\u00f6s henkil\u00f6kuville ja -haastatteluille.<\/p>\n\n\n\n<p>Eiv\u00e4tk\u00e4 kritiikit kuulemma en\u00e4\u00e4 edes vaikuta kirjan myyntiin toisin kuin aiemmin.<\/p>\n\n\n\n<p>Kirjakritiikeist\u00e4 eiv\u00e4t v\u00e4lit\u00e4 lehtien lukijat, lehtien talousosastot, eiv\u00e4t kirjakaupat eiv\u00e4tk\u00e4 kirjojen ostajat.<\/p>\n\n\n\n<p>&nbsp;<\/p>\n\n\n\n<p><span class=\"capitalized\">Kriitikoista<\/span> tavataan puhua silloin, kun kriitikko on kirjoittanut v\u00e4hemm\u00e4n my\u00f6t\u00e4mielisen arvostelun.<\/p>\n\n\n\n<p>Jos kriitikko kehuu, taidepiirit hykertelev\u00e4t. Positiivisia arvosteluja kirjoittavien kriitikoiden mielenterveytt\u00e4 ei aseteta kyseenalaiseksi eik\u00e4 ulkon\u00e4\u00f6st\u00e4 pilailla.<\/p>\n\n\n\n<p>Miksi kukaan hullu \u2013 nii-in \u2013 kriitikko sitten on niin masokisti \u2013 nii-in \u2013, ett\u00e4 haukkuu kirjan?<\/p>\n\n\n\n<p>Syy on rakkaus, v\u00e4hemm\u00e4n juhlallisesti ammattietiikka.<\/p>\n\n\n\n<p>&nbsp;<\/p>\n\n\n\n<p><span class=\"capitalized\">Kirjallisuusarvostelijat<\/span> ovat kirjallisuuden intohimoisia rakastajia. Kriitikon teht\u00e4v\u00e4 taideinstituutiossa on paitsi v\u00e4litt\u00e4\u00e4 tietoa ja n\u00e4kemyksi\u00e4 taideteoksista innokkaalle, kirjallisuudesta kiinnostuneelle lukevalle yleis\u00f6lle my\u00f6s edist\u00e4\u00e4 taiteenlajin kehityst\u00e4.<\/p>\n\n\n\n<p>Utopistista ja idealistista, ehk\u00e4, mutta taiteessa saa olla idealisti.<\/p>\n\n\n\n<p>Vain moraalisesti sy\u00f6pynyt kriitikko kykenee olemaan sanomatta pahasti silloin, kun on sanottava pahasti. Useat kriitikot kitkuttelevatkin t\u00e4ll\u00f6in vaikenemalla pahasti sanomisen sijaan.<\/p>\n\n\n\n<p>&nbsp;<\/p>\n\n\n\n<p><span class=\"capitalized\">Kuka rakastaisi<\/span> kriitikkoa?<\/p>\n\n\n\n<p>Ne, jotka kriitikkoja kipeimmin ja kielt\u00e4m\u00e4tt\u00e4 usein my\u00f6s osuvimmin haukkuvat.<\/p>\n\n\n\n<p>Reilun kymmenen vuoden ajan olen tilannut kritiikkej\u00e4, ensin kirjallisuuskritiikin verkkolehteen <em>Kiiltomatoon<\/em>, nykyisin kirjallisuuslehti <em>Parnassoon<\/em>. Tuona aikana olen muutaman kerran saanut palautetta siit\u00e4, mit\u00e4 (negatiivista) kriitikko on kirjoittanut.<\/p>\n\n\n\n<p>Paljon enemm\u00e4n parkua olen saanut siit\u00e4, ett\u00e4 jotain teosta ei ole arvosteltu. Er\u00e4s kirjailija irtisanoi parikymmenvuotisen yst\u00e4vyytemme, koska lehdess\u00e4 ei ollut arvostelua h\u00e4nen romaanistaan. Joidenkuiden kanssa olen p\u00e4\u00e4tynyt pitk\u00e4lliseen meilipingikseen, jossa olen yritt\u00e4nyt perustella huomion jakamisen ja jakautumisen lainalaisuuksia.<\/p>\n\n\n\n<p>Nuo keskustelut ovat vakuuttaneet minut siit\u00e4, ett\u00e4 \u2013 toisin kuin julkisesta keskustelusta voisi p\u00e4\u00e4tell\u00e4 \u2013 kritiikeill\u00e4 on merkityst\u00e4.<\/p>\n\n\n\n<p>&nbsp;<\/p>\n\n\n\n<div class data-block=\"true\" data-editor=\"9el75\" data-offset-key=\"bvs2b-0-0\">\n<div class=\"_1mf _1mj\" data-offset-key=\"bvs2b-0-0\"><span data-offset-key=\"bvs2b-0-0\"><span class=\"capitalized\">Taidemaailmassa<\/span> ei ole mit\u00e4\u00e4n niin pahaa kuin kriitikko.<\/span><\/div>\n<div data-offset-key=\"bvs2b-0-0\"><\/div>\n<div class=\"_1mf _1mj\" data-offset-key=\"bvs2b-0-0\">Paitsi se, ett\u00e4 kriitikkoa ei olisi lainkaan.<\/div>\n<\/div>\n\n\n\n<p>&nbsp;<\/p>\n\n\n\n<p><em>Kirjoittaja on toiminut kirjallisuusarvostelijana eri medioissa vuodesta 1993.<\/em><\/p>\n\n\n","protected":false},"excerpt":{"rendered":"<p>Jean Sibelius kehotti olemaan kiinnitt\u00e4m\u00e4tt\u00e4 huomiota siihen, mit\u00e4 kriitikot sanovat. \u201dKriitikoille ei ole koskaan pystytetty yht\u00e4\u00e4n patsasta\u201d, h\u00e4nen v\u00e4itet\u00e4\u00e4n tokaisseen \u2013 sanamuoto vaihtelee l\u00e4hteest\u00e4 toiseen. Sibelius ei suinkaan ole ainut taiteilija, joka on suhtautunut<br \/>\nkriitikoihin nuiv&hellip;<\/p>\n","protected":false},"author":129,"featured_media":0,"comment_status":"open","ping_status":"open","sticky":false,"template":"","format":"standard","meta":{"_acf_changed":false,"asauth_required_access_level":3,"asauth_cansharepaid":"true","om_header_attributes":[],"footnotes":"","om_featured_image_focal_point":[],"om_primary_tag":0,"om_contributors":[],"om_co_authors":[],"beyondwords_generate_audio":"","beyondwords_project_id":"","beyondwords_content_id":"","beyondwords_preview_token":"","beyondwords_player_content":"","beyondwords_player_style":"","beyondwords_language_code":"","beyondwords_language_id":"","beyondwords_title_voice_id":"","beyondwords_body_voice_id":"","beyondwords_summary_voice_id":"","beyondwords_error_message":"","beyondwords_disabled":"","beyondwords_delete_content":"","beyondwords_podcast_id":"","beyondwords_hash":"","publish_post_to_speechkit":"","speechkit_hash":"","speechkit_generate_audio":"","speechkit_project_id":"","speechkit_podcast_id":"","speechkit_error_message":"","speechkit_disabled":"","speechkit_access_key":"","speechkit_error":"","speechkit_info":"","speechkit_response":"","speechkit_retries":"","speechkit_status":"","speechkit_updated_at":"","_speechkit_link":"","_speechkit_text":""},"categories":[1],"tags":[291,231,230],"class_list":["post-1134","post","type-post","status-publish","format-standard","hentry","category-kirjailijan-paivakirja","tag-kirjallisuusarvostelu","tag-kriitikko","tag-kritiikki"],"om_views":null,"acf":{"tuuma_off":false,"tuuma_kysymys":"","tuuma_vastaus":""},"asauth":{"required_access_level":1,"share_token":"","is_paid":false},"yoast_head":"<!-- This site is optimized with the Yoast SEO plugin v26.4 - https:\/\/yoast.com\/wordpress\/plugins\/seo\/ -->\n<title>Kuka rakastaisi kriitikkoa? - Kirjailijan p\u00e4iv\u00e4kirja<\/title>\n<meta name=\"robots\" content=\"index, follow, max-snippet:-1, max-image-preview:large, max-video-preview:-1\" \/>\n<link rel=\"canonical\" href=\"https:\/\/suomenkuvalehti.fi\/kirjailijanpaivakirja\/kuka-rakastaisi-kriitikkoa\/\" \/>\n<meta property=\"og:locale\" content=\"fi_FI\" \/>\n<meta property=\"og:type\" content=\"article\" \/>\n<meta property=\"og:title\" content=\"Kuka rakastaisi kriitikkoa? - Kirjailijan p\u00e4iv\u00e4kirja\" \/>\n<meta property=\"og:description\" content=\"Jean Sibelius kehotti olemaan kiinnitt\u00e4m\u00e4tt\u00e4 huomiota siihen, mit\u00e4 kriitikot sanovat. \u201dKriitikoille ei ole koskaan pystytetty yht\u00e4\u00e4n patsasta\u201d, h\u00e4nen v\u00e4itet\u00e4\u00e4n tokaisseen \u2013 sanamuoto vaihtelee l\u00e4hteest\u00e4 toiseen. Sibelius ei suinkaan ole ainut taiteilija, joka on suhtautunut kriitikoihin nuiv&hellip;\" \/>\n<meta property=\"og:url\" content=\"https:\/\/suomenkuvalehti.fi\/kirjailijanpaivakirja\/kuka-rakastaisi-kriitikkoa\/\" \/>\n<meta property=\"og:site_name\" content=\"Kirjailijan p\u00e4iv\u00e4kirja\" \/>\n<meta property=\"article:published_time\" content=\"2018-04-10T12:07:08+00:00\" \/>\n<meta property=\"article:modified_time\" content=\"2018-04-10T12:11:20+00:00\" \/>\n<meta property=\"og:image\" content=\"https:\/\/suomenkuvalehti.fi\/kirjailijanpaivakirja\/wp-content\/uploads\/sites\/21\/2022\/04\/hamalainen_karo06-1-scaled.jpg\" \/>\n\t<meta property=\"og:image:width\" content=\"2560\" \/>\n\t<meta property=\"og:image:height\" content=\"1706\" \/>\n\t<meta property=\"og:image:type\" content=\"image\/jpeg\" \/>\n<meta name=\"author\" content=\"Karo H\u00e4m\u00e4l\u00e4inen\" \/>\n<meta name=\"twitter:card\" content=\"summary_large_image\" \/>\n<meta name=\"twitter:label1\" content=\"Written by\" \/>\n\t<meta name=\"twitter:data1\" content=\"Karo H\u00e4m\u00e4l\u00e4inen\" \/>\n\t<meta name=\"twitter:label2\" content=\"Est. reading time\" \/>\n\t<meta name=\"twitter:data2\" content=\"2 minuuttia\" \/>\n<script type=\"application\/ld+json\" class=\"yoast-schema-graph\">{\"@context\":\"https:\/\/schema.org\",\"@graph\":[{\"@type\":\"WebPage\",\"@id\":\"https:\/\/suomenkuvalehti.fi\/kirjailijanpaivakirja\/kuka-rakastaisi-kriitikkoa\/\",\"url\":\"https:\/\/suomenkuvalehti.fi\/kirjailijanpaivakirja\/kuka-rakastaisi-kriitikkoa\/\",\"name\":\"Kuka rakastaisi kriitikkoa? - Kirjailijan p\u00e4iv\u00e4kirja\",\"isPartOf\":{\"@id\":\"https:\/\/suomenkuvalehti.fi\/kirjailijanpaivakirja\/#website\"},\"datePublished\":\"2018-04-10T12:07:08+00:00\",\"dateModified\":\"2018-04-10T12:11:20+00:00\",\"author\":{\"@id\":\"https:\/\/suomenkuvalehti.fi\/kirjailijanpaivakirja\/#\/schema\/person\/ca2dfd9d508d8c675e07b3c099fc789b\"},\"breadcrumb\":{\"@id\":\"https:\/\/suomenkuvalehti.fi\/kirjailijanpaivakirja\/kuka-rakastaisi-kriitikkoa\/#breadcrumb\"},\"inLanguage\":\"fi\",\"potentialAction\":[{\"@type\":\"ReadAction\",\"target\":[\"https:\/\/suomenkuvalehti.fi\/kirjailijanpaivakirja\/kuka-rakastaisi-kriitikkoa\/\"]}]},{\"@type\":\"BreadcrumbList\",\"@id\":\"https:\/\/suomenkuvalehti.fi\/kirjailijanpaivakirja\/kuka-rakastaisi-kriitikkoa\/#breadcrumb\",\"itemListElement\":[{\"@type\":\"ListItem\",\"position\":1,\"name\":\"Home\",\"item\":\"https:\/\/suomenkuvalehti.fi\/kirjailijanpaivakirja\/\"},{\"@type\":\"ListItem\",\"position\":2,\"name\":\"Kuka rakastaisi kriitikkoa?\"}]},{\"@type\":\"WebSite\",\"@id\":\"https:\/\/suomenkuvalehti.fi\/kirjailijanpaivakirja\/#website\",\"url\":\"https:\/\/suomenkuvalehti.fi\/kirjailijanpaivakirja\/\",\"name\":\"Kirjailijan p\u00e4iv\u00e4kirja\",\"description\":\"Proosakirjailijan arkea ja kirjallisuuden ajankohtaisia aiheita.\",\"potentialAction\":[{\"@type\":\"SearchAction\",\"target\":{\"@type\":\"EntryPoint\",\"urlTemplate\":\"https:\/\/suomenkuvalehti.fi\/haku\/?q={search_term_string}\"},\"query-input\":{\"@type\":\"PropertyValueSpecification\",\"valueRequired\":true,\"valueName\":\"search_term_string\"}}],\"inLanguage\":\"fi\"},{\"@type\":\"Person\",\"@id\":\"https:\/\/suomenkuvalehti.fi\/kirjailijanpaivakirja\/#\/schema\/person\/ca2dfd9d508d8c675e07b3c099fc789b\",\"name\":\"Karo H\u00e4m\u00e4l\u00e4inen\",\"image\":{\"@type\":\"ImageObject\",\"inLanguage\":\"fi\",\"@id\":\"https:\/\/suomenkuvalehti.fi\/kirjailijanpaivakirja\/#\/schema\/person\/image\/\",\"url\":\"https:\/\/suomenkuvalehti.fi\/kirjailijanpaivakirja\/wp-content\/uploads\/sites\/21\/2022\/04\/hamalainen_karo06-1-150x150.jpg\",\"contentUrl\":\"https:\/\/suomenkuvalehti.fi\/kirjailijanpaivakirja\/wp-content\/uploads\/sites\/21\/2022\/04\/hamalainen_karo06-1-150x150.jpg\",\"caption\":\"Karo H\u00e4m\u00e4l\u00e4inen\"},\"description\":\"Karo H\u00e4m\u00e4l\u00e4inen on kirjailija ja talouteen erikoistunut vapaa toimittaja.\"}]}<\/script>\n<!-- \/ Yoast SEO plugin. -->","yoast_head_json":{"title":"Kuka rakastaisi kriitikkoa? - Kirjailijan p\u00e4iv\u00e4kirja","robots":{"index":"index","follow":"follow","max-snippet":"max-snippet:-1","max-image-preview":"max-image-preview:large","max-video-preview":"max-video-preview:-1"},"canonical":"https:\/\/suomenkuvalehti.fi\/kirjailijanpaivakirja\/kuka-rakastaisi-kriitikkoa\/","og_locale":"fi_FI","og_type":"article","og_title":"Kuka rakastaisi kriitikkoa? - Kirjailijan p\u00e4iv\u00e4kirja","og_description":"Jean Sibelius kehotti olemaan kiinnitt\u00e4m\u00e4tt\u00e4 huomiota siihen, mit\u00e4 kriitikot sanovat. \u201dKriitikoille ei ole koskaan pystytetty yht\u00e4\u00e4n patsasta\u201d, h\u00e4nen v\u00e4itet\u00e4\u00e4n tokaisseen \u2013 sanamuoto vaihtelee l\u00e4hteest\u00e4 toiseen. Sibelius ei suinkaan ole ainut taiteilija, joka on suhtautunut kriitikoihin nuiv&hellip;","og_url":"https:\/\/suomenkuvalehti.fi\/kirjailijanpaivakirja\/kuka-rakastaisi-kriitikkoa\/","og_site_name":"Kirjailijan p\u00e4iv\u00e4kirja","article_published_time":"2018-04-10T12:07:08+00:00","article_modified_time":"2018-04-10T12:11:20+00:00","og_image":[{"width":2560,"height":1706,"url":"https:\/\/suomenkuvalehti.fi\/kirjailijanpaivakirja\/wp-content\/uploads\/sites\/21\/2022\/04\/hamalainen_karo06-1-scaled.jpg","type":"image\/jpeg"}],"author":"Karo H\u00e4m\u00e4l\u00e4inen","twitter_card":"summary_large_image","twitter_misc":{"Written by":"Karo H\u00e4m\u00e4l\u00e4inen","Est. reading time":"2 minuuttia"},"schema":{"@context":"https:\/\/schema.org","@graph":[{"@type":"WebPage","@id":"https:\/\/suomenkuvalehti.fi\/kirjailijanpaivakirja\/kuka-rakastaisi-kriitikkoa\/","url":"https:\/\/suomenkuvalehti.fi\/kirjailijanpaivakirja\/kuka-rakastaisi-kriitikkoa\/","name":"Kuka rakastaisi kriitikkoa? - Kirjailijan p\u00e4iv\u00e4kirja","isPartOf":{"@id":"https:\/\/suomenkuvalehti.fi\/kirjailijanpaivakirja\/#website"},"datePublished":"2018-04-10T12:07:08+00:00","dateModified":"2018-04-10T12:11:20+00:00","author":{"@id":"https:\/\/suomenkuvalehti.fi\/kirjailijanpaivakirja\/#\/schema\/person\/ca2dfd9d508d8c675e07b3c099fc789b"},"breadcrumb":{"@id":"https:\/\/suomenkuvalehti.fi\/kirjailijanpaivakirja\/kuka-rakastaisi-kriitikkoa\/#breadcrumb"},"inLanguage":"fi","potentialAction":[{"@type":"ReadAction","target":["https:\/\/suomenkuvalehti.fi\/kirjailijanpaivakirja\/kuka-rakastaisi-kriitikkoa\/"]}]},{"@type":"BreadcrumbList","@id":"https:\/\/suomenkuvalehti.fi\/kirjailijanpaivakirja\/kuka-rakastaisi-kriitikkoa\/#breadcrumb","itemListElement":[{"@type":"ListItem","position":1,"name":"Home","item":"https:\/\/suomenkuvalehti.fi\/kirjailijanpaivakirja\/"},{"@type":"ListItem","position":2,"name":"Kuka rakastaisi kriitikkoa?"}]},{"@type":"WebSite","@id":"https:\/\/suomenkuvalehti.fi\/kirjailijanpaivakirja\/#website","url":"https:\/\/suomenkuvalehti.fi\/kirjailijanpaivakirja\/","name":"Kirjailijan p\u00e4iv\u00e4kirja","description":"Proosakirjailijan arkea ja kirjallisuuden ajankohtaisia aiheita.","potentialAction":[{"@type":"SearchAction","target":{"@type":"EntryPoint","urlTemplate":"https:\/\/suomenkuvalehti.fi\/haku\/?q={search_term_string}"},"query-input":{"@type":"PropertyValueSpecification","valueRequired":true,"valueName":"search_term_string"}}],"inLanguage":"fi"},{"@type":"Person","@id":"https:\/\/suomenkuvalehti.fi\/kirjailijanpaivakirja\/#\/schema\/person\/ca2dfd9d508d8c675e07b3c099fc789b","name":"Karo H\u00e4m\u00e4l\u00e4inen","image":{"@type":"ImageObject","inLanguage":"fi","@id":"https:\/\/suomenkuvalehti.fi\/kirjailijanpaivakirja\/#\/schema\/person\/image\/","url":"https:\/\/suomenkuvalehti.fi\/kirjailijanpaivakirja\/wp-content\/uploads\/sites\/21\/2022\/04\/hamalainen_karo06-1-150x150.jpg","contentUrl":"https:\/\/suomenkuvalehti.fi\/kirjailijanpaivakirja\/wp-content\/uploads\/sites\/21\/2022\/04\/hamalainen_karo06-1-150x150.jpg","caption":"Karo H\u00e4m\u00e4l\u00e4inen"},"description":"Karo H\u00e4m\u00e4l\u00e4inen on kirjailija ja talouteen erikoistunut vapaa toimittaja."}]}},"_links":{"self":[{"href":"https:\/\/suomenkuvalehti.fi\/kirjailijanpaivakirja\/wp-json\/wp\/v2\/posts\/1134","targetHints":{"allow":["GET"]}}],"collection":[{"href":"https:\/\/suomenkuvalehti.fi\/kirjailijanpaivakirja\/wp-json\/wp\/v2\/posts"}],"about":[{"href":"https:\/\/suomenkuvalehti.fi\/kirjailijanpaivakirja\/wp-json\/wp\/v2\/types\/post"}],"author":[{"embeddable":true,"href":"https:\/\/suomenkuvalehti.fi\/kirjailijanpaivakirja\/wp-json\/wp\/v2\/users\/129"}],"replies":[{"embeddable":true,"href":"https:\/\/suomenkuvalehti.fi\/kirjailijanpaivakirja\/wp-json\/wp\/v2\/comments?post=1134"}],"version-history":[{"count":3,"href":"https:\/\/suomenkuvalehti.fi\/kirjailijanpaivakirja\/wp-json\/wp\/v2\/posts\/1134\/revisions"}],"predecessor-version":[{"id":1138,"href":"https:\/\/suomenkuvalehti.fi\/kirjailijanpaivakirja\/wp-json\/wp\/v2\/posts\/1134\/revisions\/1138"}],"wp:attachment":[{"href":"https:\/\/suomenkuvalehti.fi\/kirjailijanpaivakirja\/wp-json\/wp\/v2\/media?parent=1134"}],"wp:term":[{"taxonomy":"category","embeddable":true,"href":"https:\/\/suomenkuvalehti.fi\/kirjailijanpaivakirja\/wp-json\/wp\/v2\/categories?post=1134"},{"taxonomy":"post_tag","embeddable":true,"href":"https:\/\/suomenkuvalehti.fi\/kirjailijanpaivakirja\/wp-json\/wp\/v2\/tags?post=1134"}],"curies":[{"name":"wp","href":"https:\/\/api.w.org\/{rel}","templated":true}]}}