{"id":108,"date":"2014-03-22T13:11:16","date_gmt":"2014-03-22T11:11:16","guid":{"rendered":"https:\/\/suomenkuvalehti.fi\/kirjailijanpaivakirja\/?p=108"},"modified":"2014-03-22T13:12:26","modified_gmt":"2014-03-22T11:12:26","slug":"miksi-kustantamoita-pitaisi-tukea","status":"publish","type":"post","link":"https:\/\/suomenkuvalehti.fi\/kirjailijanpaivakirja\/miksi-kustantamoita-pitaisi-tukea\/","title":{"rendered":"Miksi kustantamoita pit\u00e4isi tukea?"},"content":{"rendered":"\n<p>Hallituksen kehysriihess\u00e4 yksi keskeisist\u00e4 veroaiheista on alennettujen arvonlis\u00e4verokantojen kohtalo. T\u00e4ll\u00e4 hetkell\u00e4 elintarvikkeiden ja ravintolapalveluiden arvonlis\u00e4vero on 14 prosenttia ja monien kulttuuri- ja matkailupalveluiden sek\u00e4 l\u00e4\u00e4kkeiden 10 prosenttia. Yleinen arvonlis\u00e4verokanta on 24 prosenttia.<\/p>\n\n\n\n<p>My\u00f6s painettujen kirjojen arvonlis\u00e4vero on kymmenen prosenttia. Jos kirja maksaa 33,00 euroa, siit\u00e4 arvonlis\u00e4veron osuus on 3 euroa. Mik\u00e4li kirjoja verotettaisiin 24 prosentin arvonlis\u00e4verokannalla, sama kirja maksaisikin 37,20 euroa. Kahdeksan euron pokkarin hinta nousisi yhdeks\u00e4\u00e4n euroon.<\/p>\n\n\n\n<p>Kirjailijaj\u00e4rjest\u00f6t, kustantajat ja kirjakauppa julkistivat kuluneella viikolla <a href=\"http:\/\/www.kirjailijaliitto.fi\/artikkelit\/?E18668=\/%40News\/6197014\" target=\"_blank\">kannanoton<\/a>, jossa vedottiin poliittisiin p\u00e4\u00e4tt\u00e4jiin, ett\u00e4 kotimaisen kirjallisuuden asemaa ei heikennett\u00e4isi. Suomeksi se tarkoittaa, ett\u00e4 kirjan arvonlis\u00e4veroa ei nostettaisi.<\/p>\n\n\n\n<p>Arvonlis\u00e4verotuksen muutokset vaikuttavat luonnollisesti niiden toimialojen kehitykseen, joita muutokset koskevat. Kun tilattavien lehtien arvonlis\u00e4vero nostettiin vuodenvaihteessa 2011-2012 nollasta alemmalle alennetulle alv-tasolle eli ensin 9 prosenttiin ja sitten 10 prosenttiin, muutos ep\u00e4ilem\u00e4tt\u00e4 kiihdytti lehtien levikkien laskua. Levikit toki olivat pienentyneet jo aiemmin siksi, ett\u00e4 kuluttajien k\u00e4ytt\u00e4ytyminen on muuttunut. Arvonlis\u00e4verotuksen isku kiihdytti ja nopeutti muutosta.<\/p>\n\n\n\n<p>Samoin kuin lehdenkustannusala my\u00f6s kirjankustannusala on ollut 2000-luvun ajan muutoksessa. Kirjakauppojen kirjamyynti euroissa mitattuna on laskenut. Kirjojen kappalem\u00e4\u00e4r\u00e4iset myynnit ovat laskeneet viel\u00e4 enemm\u00e4n. Jos kirjojen arvonlis\u00e4veroa nostettaisiin, se lis\u00e4isi kirja-alan vaikeuksia entisest\u00e4\u00e4n.<\/p>\n\n\n\n<p>Alennettu alv on ennen muuta tukea kaupalliselle kirja-alalle eli kirjakaupoille ja kustantamoille. Miksi kaupallisia yrityksi\u00e4 pit\u00e4isi tukea? Eik\u00f6 kyse ole ep\u00e4miellytt\u00e4v\u00e4st\u00e4 elinkeinotuesta?<\/p>\n\n\n\n<p>Elinkeinotuestahan on kysymys, mutta se toteutetaan rehdisti ja l\u00e4pin\u00e4kyv\u00e4sti kaupallisin mekanismein sen sijaan, ett\u00e4 tukieurot kierr\u00e4tett\u00e4isiin monimutkaisten ja paljon turhia kuluja aiheuttavien hakemusprosessien kautta niin kuin monella muulla elinkeinotuen alalla.<\/p>\n\n\n\n<p>Siin\u00e4 miss\u00e4 matkailualan alennettu alv-kanta on perusteltua ty\u00f6llist\u00e4misvaikutuksilla, kirjojen alennettu alv-kanta on selv\u00e4sti perusteltavissa kulttuuriarvoilla. Sivistyneeseen yhteiskuntaan kuuluu omasta kulttuurista huolehtiminen. Kirjapuolella vakiintunut ja ihan hyv\u00e4ksi koettu rakenne on se, ett\u00e4 kirjojen kustannusprosessi on kaupallisilla toimijoilla, jotka huolehtivat kulttuurituotteen valmistamisesta ja markkinoinnista.<\/p>\n\n\n\n<p>Kirjankustantamot toimivat liikeyrityksiksi poikkeuksellisen ep\u00e4ammattimaisesti siin\u00e4 mieless\u00e4, ett\u00e4 ne eiv\u00e4t maksimoi lyhyen aikav\u00e4lin voittoa vaan tuottavat sellaisia teoksia, joiden jo julkaisup\u00e4\u00e4t\u00f6st\u00e4 teht\u00e4ess\u00e4 tiedet\u00e4\u00e4n tuottavan tappiota. Siten kustantamot huolehtivat kulttuurin monialaisuudesta. T\u00e4m\u00e4n roolin ne ovat omaksuneet itsen\u00e4isesti. Se on eritt\u00e4in kunnioitettavaa.<\/p>\n\n\n\n<p>Jos kustantamoista tulee vain ankarasti liiketaloudellisin kriteerein kustannusp\u00e4\u00e4t\u00f6ksi\u00e4 tekevi\u00e4 yhti\u00f6it\u00e4, se ilman muuta heikent\u00e4\u00e4 suomalaisen kirjallisuuden monialaisuutta. Kyse ei ole sit\u00e4, eiv\u00e4tk\u00f6 kirjailijat saisi teoksiaan julki \u2013 pdf-tiedoston lataaminen nettiin onnistuu kenelt\u00e4 tahansa \u2013, vaan siit\u00e4, ovatko teokset ainakin teoriassa kaiken kansan saatavilla. Huolellisesti toimitetut ja graafisesti viimeistellyt kirjat ovat netist\u00e4 ladattavaa pdf:\u00e4\u00e4 houkuttelevampia ja siten suomalaisten kannalta houkuttelevampi tapa viett\u00e4\u00e4 aikaa ja harrastaa kulttuuria. Siksi kaupallisen kustannustoiminnan toimintaedellytysten yll\u00e4pit\u00e4minen on t\u00e4rke\u00e4\u00e4 suomalaisen kulttuurin kannalta.<\/p>\n\n\n\n<p>Jos kustantamoista tulee vain ankarasti liiketaloudellisin kriteerein kustannusp\u00e4\u00e4t\u00f6ksi\u00e4 tekevi\u00e4 yhti\u00f6it\u00e4, pian valtio ryhtyy rakentelemaan keinoja tukea kirjallisuuden monimuotoisuutta. Luultavasti tavat ovat monimutkaisempia ja kalliimpia kuin nykyinen alennettu alv-kanta.<\/p>\n\n\n\n<p>Kirjamyynti on pient\u00e4 bisnest\u00e4, joten kirjojen arvonlis\u00e4veron nostolla ei ole k\u00e4yt\u00e4nn\u00f6n merkityst\u00e4 valtion budjettiin. L\u00e4\u00e4kkeiden arvonlis\u00e4veron nosto puolestaan valuisi kela-korvauksiin. Matkailupalveluiden arvonlis\u00e4veron nosto kurjistaisi entisest\u00e4\u00e4n matkailualaa, joka k\u00e4rsii talouden taantumasta ja edustuskulujen muuttamisesta t\u00e4ysin verov\u00e4hennyskelvottomiksi yritysverotuksessa, ja luultavasti n\u00e4ht\u00e4isiin hotellikuolemia sanan ep\u00e4tyypillisess\u00e4 merkityksess\u00e4.<\/p>\n\n\n\n<p><strong>Huomio 1:<\/strong> Kirja-alan tulee osoittaa valtiovallalle kulttuuritahtoisuutensa. Viime aikoina esimerkiksi kirjojen saatavuus joissakin kirjakauppaketjuissa on heikentynyt. Kirjakaupan pit\u00e4\u00e4 tsempata ja hankkia oikeutuksensa kulttuuri-instituutiona.<\/p>\n\n\n\n<p><strong>Huomio 2:<\/strong> E-kirjojen arvonlis\u00e4vero on yleisen arvonlis\u00e4verokannan mukainen eli t\u00e4ll\u00e4 hetkell\u00e4 24 prosenttia. Kirjaformaattien toisistaan poikkeava alv-kanta heikent\u00e4\u00e4 e-kirjojen yleistymist\u00e4. Kun suomalaiset e-kirjat ovat kalliita, e-kirjojen lukijat tottuvat lataamaan englanninkielisi\u00e4 e-kirjoja. Se heikent\u00e4\u00e4 suomalaisen kirjallisuuden asemaa pitk\u00e4ll\u00e4 aikav\u00e4lill\u00e4.<\/p>\n\n\n","protected":false},"excerpt":{"rendered":"<p>Hallituksen kehysriihess\u00e4 yksi keskeisist\u00e4 veroaiheista on alennettujen arvonlis\u00e4verokantojen kohtalo. T\u00e4ll\u00e4 hetkell\u00e4 elintarvikkeiden ja ravintolapalveluiden arvonlis\u00e4vero on 14 prosenttia ja monien kulttuuri- ja matkailupalveluiden sek\u00e4 l\u00e4\u00e4kkeiden 10 prosenttia. Yleinen<br \/>\narvonlis\u00e4&hellip;<\/p>\n","protected":false},"author":129,"featured_media":0,"comment_status":"open","ping_status":"open","sticky":false,"template":"","format":"standard","meta":{"_acf_changed":false,"asauth_required_access_level":3,"asauth_cansharepaid":"true","om_header_attributes":[],"footnotes":"","om_featured_image_focal_point":[],"om_primary_tag":0,"om_contributors":[],"om_co_authors":[],"beyondwords_generate_audio":"","beyondwords_project_id":"","beyondwords_content_id":"","beyondwords_preview_token":"","beyondwords_player_content":"","beyondwords_player_style":"","beyondwords_language_code":"","beyondwords_language_id":"","beyondwords_title_voice_id":"","beyondwords_body_voice_id":"","beyondwords_summary_voice_id":"","beyondwords_error_message":"","beyondwords_disabled":"","beyondwords_delete_content":"","beyondwords_podcast_id":"","beyondwords_hash":"","publish_post_to_speechkit":"","speechkit_hash":"","speechkit_generate_audio":"","speechkit_project_id":"","speechkit_podcast_id":"","speechkit_error_message":"","speechkit_disabled":"","speechkit_access_key":"","speechkit_error":"","speechkit_info":"","speechkit_response":"","speechkit_retries":"","speechkit_status":"","speechkit_updated_at":"","_speechkit_link":"","_speechkit_text":""},"categories":[1],"tags":[94,96,95,59,56,57,97],"class_list":["post-108","post","type-post","status-publish","format-standard","hentry","category-kirjailijan-paivakirja","tag-arvnlisavero","tag-elinkeinotuet","tag-kirja-ala","tag-kirjakauppa","tag-kirjamyynti","tag-kustantamot","tag-verotus"],"om_views":null,"acf":{"tuuma_off":false,"tuuma_kysymys":"","tuuma_vastaus":""},"asauth":{"required_access_level":1,"share_token":"","is_paid":false},"yoast_head":"<!-- This site is optimized with the Yoast SEO plugin v26.4 - https:\/\/yoast.com\/wordpress\/plugins\/seo\/ -->\n<title>Miksi kustantamoita pit\u00e4isi tukea? - Kirjailijan p\u00e4iv\u00e4kirja<\/title>\n<meta name=\"robots\" content=\"index, follow, max-snippet:-1, max-image-preview:large, max-video-preview:-1\" \/>\n<link rel=\"canonical\" href=\"https:\/\/suomenkuvalehti.fi\/kirjailijanpaivakirja\/miksi-kustantamoita-pitaisi-tukea\/\" \/>\n<meta property=\"og:locale\" content=\"fi_FI\" \/>\n<meta property=\"og:type\" content=\"article\" \/>\n<meta property=\"og:title\" content=\"Miksi kustantamoita pit\u00e4isi tukea? - Kirjailijan p\u00e4iv\u00e4kirja\" \/>\n<meta property=\"og:description\" content=\"Hallituksen kehysriihess\u00e4 yksi keskeisist\u00e4 veroaiheista on alennettujen arvonlis\u00e4verokantojen kohtalo. T\u00e4ll\u00e4 hetkell\u00e4 elintarvikkeiden ja ravintolapalveluiden arvonlis\u00e4vero on 14 prosenttia ja monien kulttuuri- ja matkailupalveluiden sek\u00e4 l\u00e4\u00e4kkeiden 10 prosenttia. Yleinen arvonlis\u00e4&hellip;\" \/>\n<meta property=\"og:url\" content=\"https:\/\/suomenkuvalehti.fi\/kirjailijanpaivakirja\/miksi-kustantamoita-pitaisi-tukea\/\" \/>\n<meta property=\"og:site_name\" content=\"Kirjailijan p\u00e4iv\u00e4kirja\" \/>\n<meta property=\"article:published_time\" content=\"2014-03-22T11:11:16+00:00\" \/>\n<meta property=\"article:modified_time\" content=\"2014-03-22T11:12:26+00:00\" \/>\n<meta property=\"og:image\" content=\"https:\/\/suomenkuvalehti.fi\/kirjailijanpaivakirja\/wp-content\/uploads\/sites\/21\/2022\/04\/hamalainen_karo06-1-scaled.jpg\" \/>\n\t<meta property=\"og:image:width\" content=\"2560\" \/>\n\t<meta property=\"og:image:height\" content=\"1706\" \/>\n\t<meta property=\"og:image:type\" content=\"image\/jpeg\" \/>\n<meta name=\"author\" content=\"Karo H\u00e4m\u00e4l\u00e4inen\" \/>\n<meta name=\"twitter:card\" content=\"summary_large_image\" \/>\n<meta name=\"twitter:label1\" content=\"Written by\" \/>\n\t<meta name=\"twitter:data1\" content=\"Karo H\u00e4m\u00e4l\u00e4inen\" \/>\n\t<meta name=\"twitter:label2\" content=\"Est. reading time\" \/>\n\t<meta name=\"twitter:data2\" content=\"3 minuuttia\" \/>\n<script type=\"application\/ld+json\" class=\"yoast-schema-graph\">{\"@context\":\"https:\/\/schema.org\",\"@graph\":[{\"@type\":\"WebPage\",\"@id\":\"https:\/\/suomenkuvalehti.fi\/kirjailijanpaivakirja\/miksi-kustantamoita-pitaisi-tukea\/\",\"url\":\"https:\/\/suomenkuvalehti.fi\/kirjailijanpaivakirja\/miksi-kustantamoita-pitaisi-tukea\/\",\"name\":\"Miksi kustantamoita pit\u00e4isi tukea? - Kirjailijan p\u00e4iv\u00e4kirja\",\"isPartOf\":{\"@id\":\"https:\/\/suomenkuvalehti.fi\/kirjailijanpaivakirja\/#website\"},\"datePublished\":\"2014-03-22T11:11:16+00:00\",\"dateModified\":\"2014-03-22T11:12:26+00:00\",\"author\":{\"@id\":\"https:\/\/suomenkuvalehti.fi\/kirjailijanpaivakirja\/#\/schema\/person\/ca2dfd9d508d8c675e07b3c099fc789b\"},\"breadcrumb\":{\"@id\":\"https:\/\/suomenkuvalehti.fi\/kirjailijanpaivakirja\/miksi-kustantamoita-pitaisi-tukea\/#breadcrumb\"},\"inLanguage\":\"fi\",\"potentialAction\":[{\"@type\":\"ReadAction\",\"target\":[\"https:\/\/suomenkuvalehti.fi\/kirjailijanpaivakirja\/miksi-kustantamoita-pitaisi-tukea\/\"]}]},{\"@type\":\"BreadcrumbList\",\"@id\":\"https:\/\/suomenkuvalehti.fi\/kirjailijanpaivakirja\/miksi-kustantamoita-pitaisi-tukea\/#breadcrumb\",\"itemListElement\":[{\"@type\":\"ListItem\",\"position\":1,\"name\":\"Home\",\"item\":\"https:\/\/suomenkuvalehti.fi\/kirjailijanpaivakirja\/\"},{\"@type\":\"ListItem\",\"position\":2,\"name\":\"Miksi kustantamoita pit\u00e4isi tukea?\"}]},{\"@type\":\"WebSite\",\"@id\":\"https:\/\/suomenkuvalehti.fi\/kirjailijanpaivakirja\/#website\",\"url\":\"https:\/\/suomenkuvalehti.fi\/kirjailijanpaivakirja\/\",\"name\":\"Kirjailijan p\u00e4iv\u00e4kirja\",\"description\":\"Proosakirjailijan arkea ja kirjallisuuden ajankohtaisia aiheita.\",\"potentialAction\":[{\"@type\":\"SearchAction\",\"target\":{\"@type\":\"EntryPoint\",\"urlTemplate\":\"https:\/\/suomenkuvalehti.fi\/haku\/?q={search_term_string}\"},\"query-input\":{\"@type\":\"PropertyValueSpecification\",\"valueRequired\":true,\"valueName\":\"search_term_string\"}}],\"inLanguage\":\"fi\"},{\"@type\":\"Person\",\"@id\":\"https:\/\/suomenkuvalehti.fi\/kirjailijanpaivakirja\/#\/schema\/person\/ca2dfd9d508d8c675e07b3c099fc789b\",\"name\":\"Karo H\u00e4m\u00e4l\u00e4inen\",\"image\":{\"@type\":\"ImageObject\",\"inLanguage\":\"fi\",\"@id\":\"https:\/\/suomenkuvalehti.fi\/kirjailijanpaivakirja\/#\/schema\/person\/image\/\",\"url\":\"https:\/\/suomenkuvalehti.fi\/kirjailijanpaivakirja\/wp-content\/uploads\/sites\/21\/2022\/04\/hamalainen_karo06-1-150x150.jpg\",\"contentUrl\":\"https:\/\/suomenkuvalehti.fi\/kirjailijanpaivakirja\/wp-content\/uploads\/sites\/21\/2022\/04\/hamalainen_karo06-1-150x150.jpg\",\"caption\":\"Karo H\u00e4m\u00e4l\u00e4inen\"},\"description\":\"Karo H\u00e4m\u00e4l\u00e4inen on kirjailija ja talouteen erikoistunut vapaa toimittaja.\"}]}<\/script>\n<!-- \/ Yoast SEO plugin. -->","yoast_head_json":{"title":"Miksi kustantamoita pit\u00e4isi tukea? - Kirjailijan p\u00e4iv\u00e4kirja","robots":{"index":"index","follow":"follow","max-snippet":"max-snippet:-1","max-image-preview":"max-image-preview:large","max-video-preview":"max-video-preview:-1"},"canonical":"https:\/\/suomenkuvalehti.fi\/kirjailijanpaivakirja\/miksi-kustantamoita-pitaisi-tukea\/","og_locale":"fi_FI","og_type":"article","og_title":"Miksi kustantamoita pit\u00e4isi tukea? - Kirjailijan p\u00e4iv\u00e4kirja","og_description":"Hallituksen kehysriihess\u00e4 yksi keskeisist\u00e4 veroaiheista on alennettujen arvonlis\u00e4verokantojen kohtalo. T\u00e4ll\u00e4 hetkell\u00e4 elintarvikkeiden ja ravintolapalveluiden arvonlis\u00e4vero on 14 prosenttia ja monien kulttuuri- ja matkailupalveluiden sek\u00e4 l\u00e4\u00e4kkeiden 10 prosenttia. Yleinen arvonlis\u00e4&hellip;","og_url":"https:\/\/suomenkuvalehti.fi\/kirjailijanpaivakirja\/miksi-kustantamoita-pitaisi-tukea\/","og_site_name":"Kirjailijan p\u00e4iv\u00e4kirja","article_published_time":"2014-03-22T11:11:16+00:00","article_modified_time":"2014-03-22T11:12:26+00:00","og_image":[{"width":2560,"height":1706,"url":"https:\/\/suomenkuvalehti.fi\/kirjailijanpaivakirja\/wp-content\/uploads\/sites\/21\/2022\/04\/hamalainen_karo06-1-scaled.jpg","type":"image\/jpeg"}],"author":"Karo H\u00e4m\u00e4l\u00e4inen","twitter_card":"summary_large_image","twitter_misc":{"Written by":"Karo H\u00e4m\u00e4l\u00e4inen","Est. reading time":"3 minuuttia"},"schema":{"@context":"https:\/\/schema.org","@graph":[{"@type":"WebPage","@id":"https:\/\/suomenkuvalehti.fi\/kirjailijanpaivakirja\/miksi-kustantamoita-pitaisi-tukea\/","url":"https:\/\/suomenkuvalehti.fi\/kirjailijanpaivakirja\/miksi-kustantamoita-pitaisi-tukea\/","name":"Miksi kustantamoita pit\u00e4isi tukea? - Kirjailijan p\u00e4iv\u00e4kirja","isPartOf":{"@id":"https:\/\/suomenkuvalehti.fi\/kirjailijanpaivakirja\/#website"},"datePublished":"2014-03-22T11:11:16+00:00","dateModified":"2014-03-22T11:12:26+00:00","author":{"@id":"https:\/\/suomenkuvalehti.fi\/kirjailijanpaivakirja\/#\/schema\/person\/ca2dfd9d508d8c675e07b3c099fc789b"},"breadcrumb":{"@id":"https:\/\/suomenkuvalehti.fi\/kirjailijanpaivakirja\/miksi-kustantamoita-pitaisi-tukea\/#breadcrumb"},"inLanguage":"fi","potentialAction":[{"@type":"ReadAction","target":["https:\/\/suomenkuvalehti.fi\/kirjailijanpaivakirja\/miksi-kustantamoita-pitaisi-tukea\/"]}]},{"@type":"BreadcrumbList","@id":"https:\/\/suomenkuvalehti.fi\/kirjailijanpaivakirja\/miksi-kustantamoita-pitaisi-tukea\/#breadcrumb","itemListElement":[{"@type":"ListItem","position":1,"name":"Home","item":"https:\/\/suomenkuvalehti.fi\/kirjailijanpaivakirja\/"},{"@type":"ListItem","position":2,"name":"Miksi kustantamoita pit\u00e4isi tukea?"}]},{"@type":"WebSite","@id":"https:\/\/suomenkuvalehti.fi\/kirjailijanpaivakirja\/#website","url":"https:\/\/suomenkuvalehti.fi\/kirjailijanpaivakirja\/","name":"Kirjailijan p\u00e4iv\u00e4kirja","description":"Proosakirjailijan arkea ja kirjallisuuden ajankohtaisia aiheita.","potentialAction":[{"@type":"SearchAction","target":{"@type":"EntryPoint","urlTemplate":"https:\/\/suomenkuvalehti.fi\/haku\/?q={search_term_string}"},"query-input":{"@type":"PropertyValueSpecification","valueRequired":true,"valueName":"search_term_string"}}],"inLanguage":"fi"},{"@type":"Person","@id":"https:\/\/suomenkuvalehti.fi\/kirjailijanpaivakirja\/#\/schema\/person\/ca2dfd9d508d8c675e07b3c099fc789b","name":"Karo H\u00e4m\u00e4l\u00e4inen","image":{"@type":"ImageObject","inLanguage":"fi","@id":"https:\/\/suomenkuvalehti.fi\/kirjailijanpaivakirja\/#\/schema\/person\/image\/","url":"https:\/\/suomenkuvalehti.fi\/kirjailijanpaivakirja\/wp-content\/uploads\/sites\/21\/2022\/04\/hamalainen_karo06-1-150x150.jpg","contentUrl":"https:\/\/suomenkuvalehti.fi\/kirjailijanpaivakirja\/wp-content\/uploads\/sites\/21\/2022\/04\/hamalainen_karo06-1-150x150.jpg","caption":"Karo H\u00e4m\u00e4l\u00e4inen"},"description":"Karo H\u00e4m\u00e4l\u00e4inen on kirjailija ja talouteen erikoistunut vapaa toimittaja."}]}},"_links":{"self":[{"href":"https:\/\/suomenkuvalehti.fi\/kirjailijanpaivakirja\/wp-json\/wp\/v2\/posts\/108","targetHints":{"allow":["GET"]}}],"collection":[{"href":"https:\/\/suomenkuvalehti.fi\/kirjailijanpaivakirja\/wp-json\/wp\/v2\/posts"}],"about":[{"href":"https:\/\/suomenkuvalehti.fi\/kirjailijanpaivakirja\/wp-json\/wp\/v2\/types\/post"}],"author":[{"embeddable":true,"href":"https:\/\/suomenkuvalehti.fi\/kirjailijanpaivakirja\/wp-json\/wp\/v2\/users\/129"}],"replies":[{"embeddable":true,"href":"https:\/\/suomenkuvalehti.fi\/kirjailijanpaivakirja\/wp-json\/wp\/v2\/comments?post=108"}],"version-history":[{"count":2,"href":"https:\/\/suomenkuvalehti.fi\/kirjailijanpaivakirja\/wp-json\/wp\/v2\/posts\/108\/revisions"}],"predecessor-version":[{"id":110,"href":"https:\/\/suomenkuvalehti.fi\/kirjailijanpaivakirja\/wp-json\/wp\/v2\/posts\/108\/revisions\/110"}],"wp:attachment":[{"href":"https:\/\/suomenkuvalehti.fi\/kirjailijanpaivakirja\/wp-json\/wp\/v2\/media?parent=108"}],"wp:term":[{"taxonomy":"category","embeddable":true,"href":"https:\/\/suomenkuvalehti.fi\/kirjailijanpaivakirja\/wp-json\/wp\/v2\/categories?post=108"},{"taxonomy":"post_tag","embeddable":true,"href":"https:\/\/suomenkuvalehti.fi\/kirjailijanpaivakirja\/wp-json\/wp\/v2\/tags?post=108"}],"curies":[{"name":"wp","href":"https:\/\/api.w.org\/{rel}","templated":true}]}}