{"id":1067,"date":"2018-01-25T14:05:20","date_gmt":"2018-01-25T12:05:20","guid":{"rendered":"https:\/\/suomenkuvalehti.fi\/kirjailijanpaivakirja\/?p=1067"},"modified":"2018-01-25T14:05:20","modified_gmt":"2018-01-25T12:05:20","slug":"perustaja-protestoi-nayttavasti-puheenjohtaja-erosi-paatoimittajavalinta-kuohuttaa-runousyhdistysta","status":"publish","type":"post","link":"https:\/\/suomenkuvalehti.fi\/kirjailijanpaivakirja\/perustaja-protestoi-nayttavasti-puheenjohtaja-erosi-paatoimittajavalinta-kuohuttaa-runousyhdistysta\/","title":{"rendered":"Perustaja protestoi n\u00e4ytt\u00e4v\u00e4sti, puheenjohtaja erosi \u2013 p\u00e4\u00e4toimittajavalinta kuohuttaa runousyhdistyst\u00e4"},"content":{"rendered":"\n<p><span class=\"capitalized\">Runoyhdistys<\/span> Nihil Interitin 1990-luvun alussa yhdess\u00e4 <strong>Markus J\u00e4\u00e4skel\u00e4isen<\/strong> kanssa perustanut <strong>Tommi Parkko<\/strong> k\u00e4y julkista kampanjaa yhdistyksen hallitusta vastaan.<\/p>\n\n\n\n<p>&#8221;Olen ker\u00e4\u00e4m\u00e4ss\u00e4 j\u00e4senten nimi\u00e4 s\u00e4\u00e4nt\u00f6jen mukaisen ylim\u00e4\u00e4r\u00e4isen j\u00e4senkokouksen j\u00e4rjest\u00e4miseksi, jossa nykyinen hallitus vaihdetaan. Tavoitteena on saada sellainen hallitus, joka pystyy toimimaan ja jonka toimintaa ei lamauta riidat. Tarvitsen viel\u00e4 muutamia nimi\u00e4. Minuun voi ottaa yhteytt\u00e4&#8221;, runoilija Parkko kirjoittaa julkisessa <a href=\"https:\/\/www.facebook.com\/tommi.parkko\/posts\/10156267477763296\" target=\"_blank\" rel=\"noopener\">Facebook-statuksessaan<\/a>.<\/p>\n\n\n\n<p>Parkon mukaan hallitus on &#8221;ajautunut umpikujaan ep\u00e4asiallisen p\u00e4\u00e4t\u00f6ksenteon takia&#8221;.<\/p>\n\n\n\n<p>&#8221;P\u00e4\u00e4t\u00f6ksenteossa tuntuu vaikuttavan enemm\u00e4n lillukanvarsiin tuijottaminen kuin olennaiset runouden edist\u00e4miseen liittyv\u00e4t argumentit&#8221;, Parkko kirjoittaa.<\/p>\n\n\n\n<p>&nbsp;<\/p>\n\n\n\n<p><span class=\"capitalized\">Taustalla on<\/span> runoyhdistyksen julkaiseman <a href=\"http:\/\/www.tulijasavu.net\/\" target=\"_blank\" rel=\"noopener\"><em>Tuli &amp; Savu<\/em> -lehden<\/a> p\u00e4\u00e4toimittajanvalinta. Parkko ty\u00f6pareineen haki p\u00e4\u00e4toimittajan paikkaa, mutta p\u00e4\u00e4toimittajaksi valittiin \u00e4\u00e4nestyksen j\u00e4lkeen <strong>Juha-Pekka Kilpi\u00f6<\/strong>.<\/p>\n\n\n\n<p>Parkko ei ole peitellyt pettymyst\u00e4\u00e4n p\u00e4\u00e4t\u00f6kseen. H\u00e4n erosi yhdistyksen taloudenhoitajan teht\u00e4v\u00e4st\u00e4, ja h\u00e4nen j\u00e4lkeens\u00e4 my\u00f6s Nihil Interitin hallituksen puheenjohtaja <strong>Eeva Siivonen<\/strong> on j\u00e4tt\u00e4nyt teht\u00e4v\u00e4ns\u00e4. Hallituksessa puhetta johtaa nyt varapuheenjohtaja <strong>Janette Hannukainen<\/strong>.<\/p>\n\n\n\n<p><em>Mist\u00e4 sinun n\u00e4hd\u00e4ksesi Tommi Parkon ja aiemman hallituksen puheenjohtajan ero johtuvat, Janette Hannukainen?<\/em><\/p>\n\n\n\n<p>&#8221;Tommi Parkko oli hakenut <em>Tuli &amp; Savu <\/em>-lehden p\u00e4\u00e4toimittajaksi yhdess\u00e4 <strong>Elina Laineen<\/strong> kanssa. Yhdistyksen hallitus valitsi teht\u00e4v\u00e4\u00e4n kuitenkin Juha-Pekka Kilpi\u00f6n. Parkko koki t\u00e4m\u00e4n ep\u00e4luottamuksena itse\u00e4\u00e4n kohtaan ja asiasta kuultuaan ilmoitti eroavansa. Olemme t\u00e4st\u00e4 pahoillamme, sill\u00e4 Parkko on yhdistyksen perustajana luonnollisesti ollut vahva toimija hallituksessa.&#8221;<\/p>\n\n\n\n<p>&#8221;Kun ei-valituksi tullut hakija loukkaantui asiasta julkisesti, se vaikeutti hallitusty\u00f6skentely\u00e4 merkitt\u00e4v\u00e4sti. Ristiriitaisessa tilanteessa my\u00f6s puheenjohtaja Eeva Siivonen koki, ettei voinut jatkaa teht\u00e4v\u00e4ss\u00e4\u00e4n. T\u00e4ll\u00e4 hetkell\u00e4 hallitus ty\u00f6skentelee varapuheenjohtajansa johdolla tilanteen rauhoittamiseksi, jotta yhdistys voisi keskitty\u00e4 p\u00e4\u00e4teht\u00e4v\u00e4\u00e4ns\u00e4 eli runouden edist\u00e4miseen.&#8221;<\/p>\n\n\n\n<p><em>Tuli &amp; Savun p\u00e4\u00e4toimittajasta \u00e4\u00e4nestettiin hallituksessa. Millaista keskustelua k\u00e4ytiin ja kuinka \u00e4\u00e4net jakautuivat?<\/em><\/p>\n\n\n\n<p>&#8221;Loppusuoralla oli kaksi hakemusta: ty\u00f6pari Tommi Parkon ja Elina Laineen sek\u00e4 Juha-Pekka Kilpi\u00f6n. Hallitus keskusteli hakemuksista ja vertaili niit\u00e4 sek\u00e4 s\u00e4hk\u00f6postikeskustelussa ett\u00e4 kokouksessaan. Molemmissa hakemuksissa oli paljon hyv\u00e4\u00e4. Valituksi tulleella Juha-Pekka Kilpi\u00f6ll\u00e4 on pitk\u00e4 kokemus runoudesta kirjoittamisessa sek\u00e4 runouden tutkimuksessa. H\u00e4nen visionsa lehden linjasta ja kokemuksensa <em>Tuli &amp; Savu<\/em> -lehdess\u00e4 usean vuoden ajalta katsottiin h\u00e4nelle eduksi.&#8221;<\/p>\n\n\n\n<p>&#8221;Hallitus \u00e4\u00e4nesti suljetulla lippu\u00e4\u00e4nestyksell\u00e4, jonka tuloksena ty\u00f6pari Tommi Parkko ja Elina Laine sai kaksi \u00e4\u00e4nt\u00e4, Juha-Pekka Kilpi\u00f6 viisi \u00e4\u00e4nt\u00e4 ja yksi \u00e4\u00e4ni oli tyhj\u00e4.&#8221;<\/p>\n\n\n\n<p>&nbsp;<\/p>\n\n\n\n<p><span class=\"capitalized\">Parkon Facebook-statuksen<\/span> alla on k\u00e4yty keskustelua Tuli &amp; Savun linjasta. Osa keskustelijoita kokee nykyisen linjan liian kapeaksi ja teoreettiseksi, osa puolustaa Kilpi\u00f6n taitoja. Hannukainen pit\u00e4\u00e4 keskustelua tervetulleena.<\/p>\n\n\n\n<p>&#8221;Uusi p\u00e4\u00e4toimittaja toimituksensa kanssa varmasti ottaa lukijoidenkin mielipiteit\u00e4 huomioon lehte\u00e4 kehitt\u00e4ess\u00e4\u00e4n. Palautetta kannattaa aina antaa suoraan lehdelle.&#8221;<\/p>\n\n\n","protected":false},"excerpt":{"rendered":"<p>Runoyhdistys Nihil Interitin 1990-luvun alussa yhdess\u00e4 Markus J\u00e4\u00e4skel\u00e4isen kanssa perustanut Tommi Parkko k\u00e4y julkista kampanjaa yhdistyksen hallitusta vastaan. &#8221;Olen ker\u00e4\u00e4m\u00e4ss\u00e4 j\u00e4senten nimi\u00e4 s\u00e4\u00e4nt\u00f6jen<br \/>\nmukaisen ylim&hellip;<\/p>\n","protected":false},"author":129,"featured_media":0,"comment_status":"open","ping_status":"open","sticky":false,"template":"","format":"standard","meta":{"_acf_changed":false,"asauth_required_access_level":3,"asauth_cansharepaid":"true","om_header_attributes":[],"footnotes":"","om_featured_image_focal_point":[],"om_primary_tag":0,"om_contributors":[],"om_co_authors":[],"beyondwords_generate_audio":"","beyondwords_project_id":"","beyondwords_content_id":"","beyondwords_preview_token":"","beyondwords_player_content":"","beyondwords_player_style":"","beyondwords_language_code":"","beyondwords_language_id":"","beyondwords_title_voice_id":"","beyondwords_body_voice_id":"","beyondwords_summary_voice_id":"","beyondwords_error_message":"","beyondwords_disabled":"","beyondwords_delete_content":"","beyondwords_podcast_id":"","beyondwords_hash":"","publish_post_to_speechkit":"","speechkit_hash":"","speechkit_generate_audio":"","speechkit_project_id":"","speechkit_podcast_id":"","speechkit_error_message":"","speechkit_disabled":"","speechkit_access_key":"","speechkit_error":"","speechkit_info":"","speechkit_response":"","speechkit_retries":"","speechkit_status":"","speechkit_updated_at":"","_speechkit_link":"","_speechkit_text":""},"categories":[1],"tags":[1112,925,1113],"class_list":["post-1067","post","type-post","status-publish","format-standard","hentry","category-kirjailijan-paivakirja","tag-nihil-interitm","tag-tommi-parkko","tag-tuli-savu"],"om_views":null,"acf":{"tuuma_off":false,"tuuma_kysymys":"","tuuma_vastaus":""},"asauth":{"required_access_level":1,"share_token":"","is_paid":false},"yoast_head":"<!-- This site is optimized with the Yoast SEO plugin v26.4 - https:\/\/yoast.com\/wordpress\/plugins\/seo\/ -->\n<title>Perustaja protestoi n\u00e4ytt\u00e4v\u00e4sti, puheenjohtaja erosi \u2013 p\u00e4\u00e4toimittajavalinta kuohuttaa runousyhdistyst\u00e4 - Kirjailijan p\u00e4iv\u00e4kirja<\/title>\n<meta name=\"robots\" content=\"index, follow, max-snippet:-1, max-image-preview:large, max-video-preview:-1\" \/>\n<link rel=\"canonical\" href=\"https:\/\/suomenkuvalehti.fi\/kirjailijanpaivakirja\/perustaja-protestoi-nayttavasti-puheenjohtaja-erosi-paatoimittajavalinta-kuohuttaa-runousyhdistysta\/\" \/>\n<meta property=\"og:locale\" content=\"fi_FI\" \/>\n<meta property=\"og:type\" content=\"article\" \/>\n<meta property=\"og:title\" content=\"Perustaja protestoi n\u00e4ytt\u00e4v\u00e4sti, puheenjohtaja erosi \u2013 p\u00e4\u00e4toimittajavalinta kuohuttaa runousyhdistyst\u00e4 - Kirjailijan p\u00e4iv\u00e4kirja\" \/>\n<meta property=\"og:description\" content=\"Runoyhdistys Nihil Interitin 1990-luvun alussa yhdess\u00e4 Markus J\u00e4\u00e4skel\u00e4isen kanssa perustanut Tommi Parkko k\u00e4y julkista kampanjaa yhdistyksen hallitusta vastaan. &#8221;Olen ker\u00e4\u00e4m\u00e4ss\u00e4 j\u00e4senten nimi\u00e4 s\u00e4\u00e4nt\u00f6jen mukaisen ylim&hellip;\" \/>\n<meta property=\"og:url\" content=\"https:\/\/suomenkuvalehti.fi\/kirjailijanpaivakirja\/perustaja-protestoi-nayttavasti-puheenjohtaja-erosi-paatoimittajavalinta-kuohuttaa-runousyhdistysta\/\" \/>\n<meta property=\"og:site_name\" content=\"Kirjailijan p\u00e4iv\u00e4kirja\" \/>\n<meta property=\"article:published_time\" content=\"2018-01-25T12:05:20+00:00\" \/>\n<meta property=\"og:image\" content=\"https:\/\/suomenkuvalehti.fi\/kirjailijanpaivakirja\/wp-content\/uploads\/sites\/21\/2022\/04\/hamalainen_karo06-1-scaled.jpg\" \/>\n\t<meta property=\"og:image:width\" content=\"2560\" \/>\n\t<meta property=\"og:image:height\" content=\"1706\" \/>\n\t<meta property=\"og:image:type\" content=\"image\/jpeg\" \/>\n<meta name=\"author\" content=\"Karo H\u00e4m\u00e4l\u00e4inen\" \/>\n<meta name=\"twitter:card\" content=\"summary_large_image\" \/>\n<meta name=\"twitter:label1\" content=\"Written by\" \/>\n\t<meta name=\"twitter:data1\" content=\"Karo H\u00e4m\u00e4l\u00e4inen\" \/>\n\t<meta name=\"twitter:label2\" content=\"Est. reading time\" \/>\n\t<meta name=\"twitter:data2\" content=\"2 minuuttia\" \/>\n<script type=\"application\/ld+json\" class=\"yoast-schema-graph\">{\"@context\":\"https:\/\/schema.org\",\"@graph\":[{\"@type\":\"WebPage\",\"@id\":\"https:\/\/suomenkuvalehti.fi\/kirjailijanpaivakirja\/perustaja-protestoi-nayttavasti-puheenjohtaja-erosi-paatoimittajavalinta-kuohuttaa-runousyhdistysta\/\",\"url\":\"https:\/\/suomenkuvalehti.fi\/kirjailijanpaivakirja\/perustaja-protestoi-nayttavasti-puheenjohtaja-erosi-paatoimittajavalinta-kuohuttaa-runousyhdistysta\/\",\"name\":\"Perustaja protestoi n\u00e4ytt\u00e4v\u00e4sti, puheenjohtaja erosi \u2013 p\u00e4\u00e4toimittajavalinta kuohuttaa runousyhdistyst\u00e4 - Kirjailijan p\u00e4iv\u00e4kirja\",\"isPartOf\":{\"@id\":\"https:\/\/suomenkuvalehti.fi\/kirjailijanpaivakirja\/#website\"},\"datePublished\":\"2018-01-25T12:05:20+00:00\",\"author\":{\"@id\":\"https:\/\/suomenkuvalehti.fi\/kirjailijanpaivakirja\/#\/schema\/person\/ca2dfd9d508d8c675e07b3c099fc789b\"},\"breadcrumb\":{\"@id\":\"https:\/\/suomenkuvalehti.fi\/kirjailijanpaivakirja\/perustaja-protestoi-nayttavasti-puheenjohtaja-erosi-paatoimittajavalinta-kuohuttaa-runousyhdistysta\/#breadcrumb\"},\"inLanguage\":\"fi\",\"potentialAction\":[{\"@type\":\"ReadAction\",\"target\":[\"https:\/\/suomenkuvalehti.fi\/kirjailijanpaivakirja\/perustaja-protestoi-nayttavasti-puheenjohtaja-erosi-paatoimittajavalinta-kuohuttaa-runousyhdistysta\/\"]}]},{\"@type\":\"BreadcrumbList\",\"@id\":\"https:\/\/suomenkuvalehti.fi\/kirjailijanpaivakirja\/perustaja-protestoi-nayttavasti-puheenjohtaja-erosi-paatoimittajavalinta-kuohuttaa-runousyhdistysta\/#breadcrumb\",\"itemListElement\":[{\"@type\":\"ListItem\",\"position\":1,\"name\":\"Home\",\"item\":\"https:\/\/suomenkuvalehti.fi\/kirjailijanpaivakirja\/\"},{\"@type\":\"ListItem\",\"position\":2,\"name\":\"Perustaja protestoi n\u00e4ytt\u00e4v\u00e4sti, puheenjohtaja erosi \u2013 p\u00e4\u00e4toimittajavalinta kuohuttaa runousyhdistyst\u00e4\"}]},{\"@type\":\"WebSite\",\"@id\":\"https:\/\/suomenkuvalehti.fi\/kirjailijanpaivakirja\/#website\",\"url\":\"https:\/\/suomenkuvalehti.fi\/kirjailijanpaivakirja\/\",\"name\":\"Kirjailijan p\u00e4iv\u00e4kirja\",\"description\":\"Proosakirjailijan arkea ja kirjallisuuden ajankohtaisia aiheita.\",\"potentialAction\":[{\"@type\":\"SearchAction\",\"target\":{\"@type\":\"EntryPoint\",\"urlTemplate\":\"https:\/\/suomenkuvalehti.fi\/haku\/?q={search_term_string}\"},\"query-input\":{\"@type\":\"PropertyValueSpecification\",\"valueRequired\":true,\"valueName\":\"search_term_string\"}}],\"inLanguage\":\"fi\"},{\"@type\":\"Person\",\"@id\":\"https:\/\/suomenkuvalehti.fi\/kirjailijanpaivakirja\/#\/schema\/person\/ca2dfd9d508d8c675e07b3c099fc789b\",\"name\":\"Karo H\u00e4m\u00e4l\u00e4inen\",\"image\":{\"@type\":\"ImageObject\",\"inLanguage\":\"fi\",\"@id\":\"https:\/\/suomenkuvalehti.fi\/kirjailijanpaivakirja\/#\/schema\/person\/image\/\",\"url\":\"https:\/\/suomenkuvalehti.fi\/kirjailijanpaivakirja\/wp-content\/uploads\/sites\/21\/2022\/04\/hamalainen_karo06-1-150x150.jpg\",\"contentUrl\":\"https:\/\/suomenkuvalehti.fi\/kirjailijanpaivakirja\/wp-content\/uploads\/sites\/21\/2022\/04\/hamalainen_karo06-1-150x150.jpg\",\"caption\":\"Karo H\u00e4m\u00e4l\u00e4inen\"},\"description\":\"Karo H\u00e4m\u00e4l\u00e4inen on kirjailija ja talouteen erikoistunut vapaa toimittaja.\"}]}<\/script>\n<!-- \/ Yoast SEO plugin. -->","yoast_head_json":{"title":"Perustaja protestoi n\u00e4ytt\u00e4v\u00e4sti, puheenjohtaja erosi \u2013 p\u00e4\u00e4toimittajavalinta kuohuttaa runousyhdistyst\u00e4 - Kirjailijan p\u00e4iv\u00e4kirja","robots":{"index":"index","follow":"follow","max-snippet":"max-snippet:-1","max-image-preview":"max-image-preview:large","max-video-preview":"max-video-preview:-1"},"canonical":"https:\/\/suomenkuvalehti.fi\/kirjailijanpaivakirja\/perustaja-protestoi-nayttavasti-puheenjohtaja-erosi-paatoimittajavalinta-kuohuttaa-runousyhdistysta\/","og_locale":"fi_FI","og_type":"article","og_title":"Perustaja protestoi n\u00e4ytt\u00e4v\u00e4sti, puheenjohtaja erosi \u2013 p\u00e4\u00e4toimittajavalinta kuohuttaa runousyhdistyst\u00e4 - Kirjailijan p\u00e4iv\u00e4kirja","og_description":"Runoyhdistys Nihil Interitin 1990-luvun alussa yhdess\u00e4 Markus J\u00e4\u00e4skel\u00e4isen kanssa perustanut Tommi Parkko k\u00e4y julkista kampanjaa yhdistyksen hallitusta vastaan. &#8221;Olen ker\u00e4\u00e4m\u00e4ss\u00e4 j\u00e4senten nimi\u00e4 s\u00e4\u00e4nt\u00f6jen mukaisen ylim&hellip;","og_url":"https:\/\/suomenkuvalehti.fi\/kirjailijanpaivakirja\/perustaja-protestoi-nayttavasti-puheenjohtaja-erosi-paatoimittajavalinta-kuohuttaa-runousyhdistysta\/","og_site_name":"Kirjailijan p\u00e4iv\u00e4kirja","article_published_time":"2018-01-25T12:05:20+00:00","og_image":[{"width":2560,"height":1706,"url":"https:\/\/suomenkuvalehti.fi\/kirjailijanpaivakirja\/wp-content\/uploads\/sites\/21\/2022\/04\/hamalainen_karo06-1-scaled.jpg","type":"image\/jpeg"}],"author":"Karo H\u00e4m\u00e4l\u00e4inen","twitter_card":"summary_large_image","twitter_misc":{"Written by":"Karo H\u00e4m\u00e4l\u00e4inen","Est. reading time":"2 minuuttia"},"schema":{"@context":"https:\/\/schema.org","@graph":[{"@type":"WebPage","@id":"https:\/\/suomenkuvalehti.fi\/kirjailijanpaivakirja\/perustaja-protestoi-nayttavasti-puheenjohtaja-erosi-paatoimittajavalinta-kuohuttaa-runousyhdistysta\/","url":"https:\/\/suomenkuvalehti.fi\/kirjailijanpaivakirja\/perustaja-protestoi-nayttavasti-puheenjohtaja-erosi-paatoimittajavalinta-kuohuttaa-runousyhdistysta\/","name":"Perustaja protestoi n\u00e4ytt\u00e4v\u00e4sti, puheenjohtaja erosi \u2013 p\u00e4\u00e4toimittajavalinta kuohuttaa runousyhdistyst\u00e4 - Kirjailijan p\u00e4iv\u00e4kirja","isPartOf":{"@id":"https:\/\/suomenkuvalehti.fi\/kirjailijanpaivakirja\/#website"},"datePublished":"2018-01-25T12:05:20+00:00","author":{"@id":"https:\/\/suomenkuvalehti.fi\/kirjailijanpaivakirja\/#\/schema\/person\/ca2dfd9d508d8c675e07b3c099fc789b"},"breadcrumb":{"@id":"https:\/\/suomenkuvalehti.fi\/kirjailijanpaivakirja\/perustaja-protestoi-nayttavasti-puheenjohtaja-erosi-paatoimittajavalinta-kuohuttaa-runousyhdistysta\/#breadcrumb"},"inLanguage":"fi","potentialAction":[{"@type":"ReadAction","target":["https:\/\/suomenkuvalehti.fi\/kirjailijanpaivakirja\/perustaja-protestoi-nayttavasti-puheenjohtaja-erosi-paatoimittajavalinta-kuohuttaa-runousyhdistysta\/"]}]},{"@type":"BreadcrumbList","@id":"https:\/\/suomenkuvalehti.fi\/kirjailijanpaivakirja\/perustaja-protestoi-nayttavasti-puheenjohtaja-erosi-paatoimittajavalinta-kuohuttaa-runousyhdistysta\/#breadcrumb","itemListElement":[{"@type":"ListItem","position":1,"name":"Home","item":"https:\/\/suomenkuvalehti.fi\/kirjailijanpaivakirja\/"},{"@type":"ListItem","position":2,"name":"Perustaja protestoi n\u00e4ytt\u00e4v\u00e4sti, puheenjohtaja erosi \u2013 p\u00e4\u00e4toimittajavalinta kuohuttaa runousyhdistyst\u00e4"}]},{"@type":"WebSite","@id":"https:\/\/suomenkuvalehti.fi\/kirjailijanpaivakirja\/#website","url":"https:\/\/suomenkuvalehti.fi\/kirjailijanpaivakirja\/","name":"Kirjailijan p\u00e4iv\u00e4kirja","description":"Proosakirjailijan arkea ja kirjallisuuden ajankohtaisia aiheita.","potentialAction":[{"@type":"SearchAction","target":{"@type":"EntryPoint","urlTemplate":"https:\/\/suomenkuvalehti.fi\/haku\/?q={search_term_string}"},"query-input":{"@type":"PropertyValueSpecification","valueRequired":true,"valueName":"search_term_string"}}],"inLanguage":"fi"},{"@type":"Person","@id":"https:\/\/suomenkuvalehti.fi\/kirjailijanpaivakirja\/#\/schema\/person\/ca2dfd9d508d8c675e07b3c099fc789b","name":"Karo H\u00e4m\u00e4l\u00e4inen","image":{"@type":"ImageObject","inLanguage":"fi","@id":"https:\/\/suomenkuvalehti.fi\/kirjailijanpaivakirja\/#\/schema\/person\/image\/","url":"https:\/\/suomenkuvalehti.fi\/kirjailijanpaivakirja\/wp-content\/uploads\/sites\/21\/2022\/04\/hamalainen_karo06-1-150x150.jpg","contentUrl":"https:\/\/suomenkuvalehti.fi\/kirjailijanpaivakirja\/wp-content\/uploads\/sites\/21\/2022\/04\/hamalainen_karo06-1-150x150.jpg","caption":"Karo H\u00e4m\u00e4l\u00e4inen"},"description":"Karo H\u00e4m\u00e4l\u00e4inen on kirjailija ja talouteen erikoistunut vapaa toimittaja."}]}},"_links":{"self":[{"href":"https:\/\/suomenkuvalehti.fi\/kirjailijanpaivakirja\/wp-json\/wp\/v2\/posts\/1067","targetHints":{"allow":["GET"]}}],"collection":[{"href":"https:\/\/suomenkuvalehti.fi\/kirjailijanpaivakirja\/wp-json\/wp\/v2\/posts"}],"about":[{"href":"https:\/\/suomenkuvalehti.fi\/kirjailijanpaivakirja\/wp-json\/wp\/v2\/types\/post"}],"author":[{"embeddable":true,"href":"https:\/\/suomenkuvalehti.fi\/kirjailijanpaivakirja\/wp-json\/wp\/v2\/users\/129"}],"replies":[{"embeddable":true,"href":"https:\/\/suomenkuvalehti.fi\/kirjailijanpaivakirja\/wp-json\/wp\/v2\/comments?post=1067"}],"version-history":[{"count":1,"href":"https:\/\/suomenkuvalehti.fi\/kirjailijanpaivakirja\/wp-json\/wp\/v2\/posts\/1067\/revisions"}],"predecessor-version":[{"id":1068,"href":"https:\/\/suomenkuvalehti.fi\/kirjailijanpaivakirja\/wp-json\/wp\/v2\/posts\/1067\/revisions\/1068"}],"wp:attachment":[{"href":"https:\/\/suomenkuvalehti.fi\/kirjailijanpaivakirja\/wp-json\/wp\/v2\/media?parent=1067"}],"wp:term":[{"taxonomy":"category","embeddable":true,"href":"https:\/\/suomenkuvalehti.fi\/kirjailijanpaivakirja\/wp-json\/wp\/v2\/categories?post=1067"},{"taxonomy":"post_tag","embeddable":true,"href":"https:\/\/suomenkuvalehti.fi\/kirjailijanpaivakirja\/wp-json\/wp\/v2\/tags?post=1067"}],"curies":[{"name":"wp","href":"https:\/\/api.w.org\/{rel}","templated":true}]}}