{"id":1040,"date":"2017-12-20T10:07:54","date_gmt":"2017-12-20T08:07:54","guid":{"rendered":"https:\/\/suomenkuvalehti.fi\/kirjailijanpaivakirja\/?p=1040"},"modified":"2017-12-20T10:07:54","modified_gmt":"2017-12-20T08:07:54","slug":"antti-rokka-matti-nykanen-ja-eduskunnan-aku-ankka","status":"publish","type":"post","link":"https:\/\/suomenkuvalehti.fi\/kirjailijanpaivakirja\/antti-rokka-matti-nykanen-ja-eduskunnan-aku-ankka\/","title":{"rendered":"Antti Rokka, Matti Nyk\u00e4nen ja eduskunnan Aku Ankka"},"content":{"rendered":"\n<p><span class=\"capitalized\">Kun kansanedustaja<\/span> k\u00e4y umpik\u00e4nniss\u00e4 kiinni kollegaansa tavalla, joka ilmeisesti t\u00e4ytt\u00e4\u00e4 rikoksen tunnusmerkit, upseeristo paheksuu ja sotamiehet virnuilevat.<\/p>\n\n\n\n<p>T\u00e4n\u00e4\u00e4n 97 vuotta sitten syntynyt <strong>V\u00e4in\u00f6 Linna<\/strong> on romaaniensa henkil\u00f6iss\u00e4 kiteytt\u00e4nyt suomalaisia perushahmoja, jotka olemme ottaneet omiksemme. Se on my\u00f6s yksi keskeinen osa h\u00e4nen romaaniensa vieh\u00e4tyst\u00e4: romaanihenkil\u00f6t tuntuvat tutuilta, omasta l\u00e4hipiirist\u00e4 tai -ymp\u00e4rist\u00f6st\u00e4 tuntuu l\u00f6ytyv\u00e4n ihmisi\u00e4, jotka ovat aivan samanlaisia kuin Koskelan Jussi, Salpakari \u2013 tai Antero Rokka, jota Antiksi kutsutaan.<\/p>\n\n\n\n<p>Rokka on <em>Tuntemattoman sotilaan<\/em> sankari. H\u00e4n ampuu vihollisia kuin marjoja poimisi ja toimii sodassa esimerkillisen neuvokkaasti, mutta upseeristoa kohtaan h\u00e4nell\u00e4 on pakkomielteelt\u00e4 tuntuva tottelemattomuuden vimma. Rokan antipatiat esimiehi\u00e4\u00e4n kohtaan ovat tuntuneet kiinnostaneen my\u00f6s ohjaaja <strong>Aku Louhimiest\u00e4<\/strong>, jonka <em>Tuntemattomassa sotilaassa<\/em> Rokka (<strong>Eero Aho<\/strong>) \u00e4\u00e4neen pohdiskelee, mist\u00e4 vaikeus totella esivaltaa kumpuaa.<\/p>\n\n\n\n<p><em>Tuntematon sotilas<\/em> on &#8221;purnaajan sota&#8221; niin kuin kirjallisuuskriitikko <strong>Toini Havu<\/strong> otsikoi <a href=\"https:\/\/www.hs.fi\/kulttuuri\/art-2000005424236.html\" target=\"_blank\" rel=\"noopener\">teilausarvostelunsa<\/a> V\u00e4in\u00f6 Linnan romaanista <em>Helsingin Sanomissa<\/em> 63 vuotta ja 1 p\u00e4iv\u00e4 sitten. Linnan sankareita ovat esimiehi\u00e4\u00e4n vastaan niskuroivat Rokka ja Vilho Koskela, joka upottaa konekiv\u00e4\u00e4rit ja pelastaa niin monta miest\u00e4 kuin mahdollista.<\/p>\n\n\n\n<p>Havulle Linnan sammakkoperspektiivi ei kelvannut ideologisena ratkaisuna. Havukin arvosti Linnan kielenk\u00e4ytt\u00f6\u00e4 ja kutsuu t\u00e4t\u00e4 loistavaksi tyyliniekaksi.<\/p>\n\n\n\n<p>&nbsp;<\/p>\n\n\n\n<p><span class=\"capitalized\">Lukijasukupolvet<\/span> ovat hyv\u00e4ksyneet paitsi Linnan kirjallis-teknisen taitavuuden my\u00f6s sen, ett\u00e4 sankari voi olla hankala tapaus. Eiv\u00e4tk\u00e4 vain ole hyv\u00e4ksyneet vaan ottaneet omakseen.<\/p>\n\n\n\n<p>Draamallisesti \u2013 eli kirjallis-teknisesti \u2013 toimivampaa on se, ett\u00e4 esimiehet ovat tyhmi\u00e4 ja asemaltaan alempi fiksu. Samalla lailla Sherlock Holmes pit\u00e4\u00e4 Scotland Yardin etsivi\u00e4 pilkkanaan.<\/p>\n\n\n\n<p>Rokan hahmon Linna on pannut kasaan todellisuuden pohjalta, ja itse\u00e4\u00e4n suurempana hahmo kulkee l\u00e4pi Suomen. Ilmeinen inkarnaatio on <strong>Matti Nyk\u00e4nen<\/strong>, mies joka p\u00e4ivisin hypp\u00e4si olympiakultia ja iltaisin ry\u00f6steli kioskeja tai rusikoi hotellihuoneita.&nbsp;<\/p>\n\n\n\n<blockquote class=\"wp-block-quote\">\n<p>Matti Nyk\u00e4nen on Rokan inkarnaatio<\/p>\n<\/blockquote>\n\n\n\n<p>&nbsp;<\/p>\n\n\n\n<p><span class=\"capitalized\">Ylen asiantuntijaraati<\/span> laati listan <a href=\"https:\/\/yle.fi\/urheilu\/3-9978866\" target=\"_blank\" rel=\"noopener\">sadasta suurimmasta suomalaisesta urheilijasta<\/a>. Nyk\u00e4nen on maanantaina julkistetun listan pronssisijalla. H\u00e4nen edell\u00e4\u00e4n ovat kest\u00e4vyysjuoksijat <strong>Paavo Nurmi<\/strong> ja <strong>Lasse Vir\u00e9n<\/strong>. Kaikki kolme ovat nousseet ihmisist\u00e4 myyteiksi, ja kaikki he ovat tai ainakin ovat olleet suomalaisten omakuvia.<\/p>\n\n\n\n<p>Paavo Nurmesta nuori tasavalta rakensi tietoisesti omakuvaa. <strong>W\u00e4in\u00f6 Aaltonen<\/strong> veisti vuonna 1925 Nurmesta patsaan \u2013 ensimm\u00e4inen Suomen valtion varoilla tilattu patsas. Nurmi kelpasi kaikille. H\u00e4n oli l\u00e4ht\u00f6isin ty\u00f6v\u00e4enluokasta ja raivannut omalla ty\u00f6ll\u00e4\u00e4n ja vaatimattomasti itsens\u00e4 maailman ylivoimaisesti parhaaksi juoksijaksi. Nurmi ja Linnan Koskelan Jussi edustavat samaa suomalaisuutta.<\/p>\n\n\n\n<p>Lasse Vir\u00e9nin myytin innokkain k\u00e4ytt\u00e4j\u00e4 on ollut Nokian toimitusjohtajana toimineen <strong>Stephen Elopin<\/strong> puheenkirjoittaja. Elop muistutti toistuvasti, ett\u00e4 Nokiankaan kaatuminen ei est\u00e4isi voittamasta olympiakultaa maailmanenn\u00e4tysajalla. Vir\u00e9n sopii hyvin kuvaamaan suomalaisuuteen usein liitetty\u00e4 pragmaattisuutta: vaikeuksia kohdataan, mutta ne ravistetaan pois puvusta niin kuin James Bond. Eik\u00e4 j\u00e4\u00e4d\u00e4 tuleen makaamaan.<\/p>\n\n\n\n<p>&nbsp;<\/p>\n\n\n\n<p><span class=\"capitalized\">Sankaruuteen<\/span> kuuluu ylivertaisuus. Jos Matti Nyk\u00e4nen ei olisi maailmanhistorian ylivoimaisin m\u00e4kihypp\u00e4\u00e4j\u00e4, h\u00e4n olisi s\u00e4\u00e4litt\u00e4v\u00e4 alkoholiongelmainen tapaus. <em>Tuntemattoman sotilaan<\/em> sankariksi ei p\u00e4\u00e4se sill\u00e4, ett\u00e4 yritt\u00e4\u00e4 suudella vastentahtoista ty\u00f6kaveria. T\u00e4ytyy olla ylivertainen siin\u00e4, mit\u00e4 tekee.<\/p>\n\n\n\n<p>Alkoholia juomalla ei tulla urheilut\u00e4hdeksi eik\u00e4 menestyskirjailijaksi. L\u00e4hipiiri tyrannisoimalla ei juosta nopeammin kuin kukaan koskaan ennen.<\/p>\n\n\n\n<p>Sankarin vastakohta on antisankari. H\u00f6lm\u00f6sti k\u00e4ytt\u00e4ytyv\u00e4 kansanedustaja on eduskunnan Aku Ankka.<\/p>\n\n\n","protected":false},"excerpt":{"rendered":"<p>Kun kansanedustaja k\u00e4y umpik\u00e4nniss\u00e4 kiinni kollegaansa tavalla, joka ilmeisesti t\u00e4ytt\u00e4\u00e4 rikoksen tunnusmerkit, upseeristo paheksuu ja sotamiehet virnuilevat. T\u00e4n\u00e4\u00e4n 97 vuotta sitten syntynyt V\u00e4in\u00f6 Linna on romaaniensa henkil\u00f6iss\u00e4 kiteytt\u00e4nyt suomalaisia<br \/>\nperushahmoja,&hellip;<\/p>\n","protected":false},"author":129,"featured_media":0,"comment_status":"open","ping_status":"open","sticky":false,"template":"","format":"standard","meta":{"_acf_changed":false,"asauth_required_access_level":3,"asauth_cansharepaid":"true","om_header_attributes":[],"footnotes":"","om_featured_image_focal_point":[],"om_primary_tag":0,"om_contributors":[],"om_co_authors":[],"beyondwords_generate_audio":"","beyondwords_project_id":"","beyondwords_content_id":"","beyondwords_preview_token":"","beyondwords_player_content":"","beyondwords_player_style":"","beyondwords_language_code":"","beyondwords_language_id":"","beyondwords_title_voice_id":"","beyondwords_body_voice_id":"","beyondwords_summary_voice_id":"","beyondwords_error_message":"","beyondwords_disabled":"","beyondwords_delete_content":"","beyondwords_podcast_id":"","beyondwords_hash":"","publish_post_to_speechkit":"","speechkit_hash":"","speechkit_generate_audio":"","speechkit_project_id":"","speechkit_podcast_id":"","speechkit_error_message":"","speechkit_disabled":"","speechkit_access_key":"","speechkit_error":"","speechkit_info":"","speechkit_response":"","speechkit_retries":"","speechkit_status":"","speechkit_updated_at":"","_speechkit_link":"","_speechkit_text":""},"categories":[1],"tags":[1093,1092,226,93],"class_list":["post-1040","post","type-post","status-publish","format-standard","hentry","category-kirjailijan-paivakirja","tag-matti-nykanen","tag-sankaruus","tag-tuntematon-sotilas","tag-vaino-linna"],"om_views":null,"acf":{"tuuma_off":false,"tuuma_kysymys":"","tuuma_vastaus":""},"asauth":{"required_access_level":1,"share_token":"","is_paid":false},"yoast_head":"<!-- This site is optimized with the Yoast SEO plugin v26.4 - https:\/\/yoast.com\/wordpress\/plugins\/seo\/ -->\n<title>Antti Rokka, Matti Nyk\u00e4nen ja eduskunnan Aku Ankka - Kirjailijan p\u00e4iv\u00e4kirja<\/title>\n<meta name=\"robots\" content=\"index, follow, max-snippet:-1, max-image-preview:large, max-video-preview:-1\" \/>\n<link rel=\"canonical\" href=\"https:\/\/suomenkuvalehti.fi\/kirjailijanpaivakirja\/antti-rokka-matti-nykanen-ja-eduskunnan-aku-ankka\/\" \/>\n<meta property=\"og:locale\" content=\"fi_FI\" \/>\n<meta property=\"og:type\" content=\"article\" \/>\n<meta property=\"og:title\" content=\"Antti Rokka, Matti Nyk\u00e4nen ja eduskunnan Aku Ankka - Kirjailijan p\u00e4iv\u00e4kirja\" \/>\n<meta property=\"og:description\" content=\"Kun kansanedustaja k\u00e4y umpik\u00e4nniss\u00e4 kiinni kollegaansa tavalla, joka ilmeisesti t\u00e4ytt\u00e4\u00e4 rikoksen tunnusmerkit, upseeristo paheksuu ja sotamiehet virnuilevat. T\u00e4n\u00e4\u00e4n 97 vuotta sitten syntynyt V\u00e4in\u00f6 Linna on romaaniensa henkil\u00f6iss\u00e4 kiteytt\u00e4nyt suomalaisia perushahmoja,&hellip;\" \/>\n<meta property=\"og:url\" content=\"https:\/\/suomenkuvalehti.fi\/kirjailijanpaivakirja\/antti-rokka-matti-nykanen-ja-eduskunnan-aku-ankka\/\" \/>\n<meta property=\"og:site_name\" content=\"Kirjailijan p\u00e4iv\u00e4kirja\" \/>\n<meta property=\"article:published_time\" content=\"2017-12-20T08:07:54+00:00\" \/>\n<meta property=\"og:image\" content=\"https:\/\/suomenkuvalehti.fi\/kirjailijanpaivakirja\/wp-content\/uploads\/sites\/21\/2022\/04\/hamalainen_karo06-1-scaled.jpg\" \/>\n\t<meta property=\"og:image:width\" content=\"2560\" \/>\n\t<meta property=\"og:image:height\" content=\"1706\" \/>\n\t<meta property=\"og:image:type\" content=\"image\/jpeg\" \/>\n<meta name=\"author\" content=\"Karo H\u00e4m\u00e4l\u00e4inen\" \/>\n<meta name=\"twitter:card\" content=\"summary_large_image\" \/>\n<meta name=\"twitter:label1\" content=\"Written by\" \/>\n\t<meta name=\"twitter:data1\" content=\"Karo H\u00e4m\u00e4l\u00e4inen\" \/>\n\t<meta name=\"twitter:label2\" content=\"Est. reading time\" \/>\n\t<meta name=\"twitter:data2\" content=\"3 minuuttia\" \/>\n<script type=\"application\/ld+json\" class=\"yoast-schema-graph\">{\"@context\":\"https:\/\/schema.org\",\"@graph\":[{\"@type\":\"WebPage\",\"@id\":\"https:\/\/suomenkuvalehti.fi\/kirjailijanpaivakirja\/antti-rokka-matti-nykanen-ja-eduskunnan-aku-ankka\/\",\"url\":\"https:\/\/suomenkuvalehti.fi\/kirjailijanpaivakirja\/antti-rokka-matti-nykanen-ja-eduskunnan-aku-ankka\/\",\"name\":\"Antti Rokka, Matti Nyk\u00e4nen ja eduskunnan Aku Ankka - Kirjailijan p\u00e4iv\u00e4kirja\",\"isPartOf\":{\"@id\":\"https:\/\/suomenkuvalehti.fi\/kirjailijanpaivakirja\/#website\"},\"datePublished\":\"2017-12-20T08:07:54+00:00\",\"author\":{\"@id\":\"https:\/\/suomenkuvalehti.fi\/kirjailijanpaivakirja\/#\/schema\/person\/ca2dfd9d508d8c675e07b3c099fc789b\"},\"breadcrumb\":{\"@id\":\"https:\/\/suomenkuvalehti.fi\/kirjailijanpaivakirja\/antti-rokka-matti-nykanen-ja-eduskunnan-aku-ankka\/#breadcrumb\"},\"inLanguage\":\"fi\",\"potentialAction\":[{\"@type\":\"ReadAction\",\"target\":[\"https:\/\/suomenkuvalehti.fi\/kirjailijanpaivakirja\/antti-rokka-matti-nykanen-ja-eduskunnan-aku-ankka\/\"]}]},{\"@type\":\"BreadcrumbList\",\"@id\":\"https:\/\/suomenkuvalehti.fi\/kirjailijanpaivakirja\/antti-rokka-matti-nykanen-ja-eduskunnan-aku-ankka\/#breadcrumb\",\"itemListElement\":[{\"@type\":\"ListItem\",\"position\":1,\"name\":\"Home\",\"item\":\"https:\/\/suomenkuvalehti.fi\/kirjailijanpaivakirja\/\"},{\"@type\":\"ListItem\",\"position\":2,\"name\":\"Antti Rokka, Matti Nyk\u00e4nen ja eduskunnan Aku Ankka\"}]},{\"@type\":\"WebSite\",\"@id\":\"https:\/\/suomenkuvalehti.fi\/kirjailijanpaivakirja\/#website\",\"url\":\"https:\/\/suomenkuvalehti.fi\/kirjailijanpaivakirja\/\",\"name\":\"Kirjailijan p\u00e4iv\u00e4kirja\",\"description\":\"Proosakirjailijan arkea ja kirjallisuuden ajankohtaisia aiheita.\",\"potentialAction\":[{\"@type\":\"SearchAction\",\"target\":{\"@type\":\"EntryPoint\",\"urlTemplate\":\"https:\/\/suomenkuvalehti.fi\/haku\/?q={search_term_string}\"},\"query-input\":{\"@type\":\"PropertyValueSpecification\",\"valueRequired\":true,\"valueName\":\"search_term_string\"}}],\"inLanguage\":\"fi\"},{\"@type\":\"Person\",\"@id\":\"https:\/\/suomenkuvalehti.fi\/kirjailijanpaivakirja\/#\/schema\/person\/ca2dfd9d508d8c675e07b3c099fc789b\",\"name\":\"Karo H\u00e4m\u00e4l\u00e4inen\",\"image\":{\"@type\":\"ImageObject\",\"inLanguage\":\"fi\",\"@id\":\"https:\/\/suomenkuvalehti.fi\/kirjailijanpaivakirja\/#\/schema\/person\/image\/\",\"url\":\"https:\/\/suomenkuvalehti.fi\/kirjailijanpaivakirja\/wp-content\/uploads\/sites\/21\/2022\/04\/hamalainen_karo06-1-150x150.jpg\",\"contentUrl\":\"https:\/\/suomenkuvalehti.fi\/kirjailijanpaivakirja\/wp-content\/uploads\/sites\/21\/2022\/04\/hamalainen_karo06-1-150x150.jpg\",\"caption\":\"Karo H\u00e4m\u00e4l\u00e4inen\"},\"description\":\"Karo H\u00e4m\u00e4l\u00e4inen on kirjailija ja talouteen erikoistunut vapaa toimittaja.\"}]}<\/script>\n<!-- \/ Yoast SEO plugin. -->","yoast_head_json":{"title":"Antti Rokka, Matti Nyk\u00e4nen ja eduskunnan Aku Ankka - Kirjailijan p\u00e4iv\u00e4kirja","robots":{"index":"index","follow":"follow","max-snippet":"max-snippet:-1","max-image-preview":"max-image-preview:large","max-video-preview":"max-video-preview:-1"},"canonical":"https:\/\/suomenkuvalehti.fi\/kirjailijanpaivakirja\/antti-rokka-matti-nykanen-ja-eduskunnan-aku-ankka\/","og_locale":"fi_FI","og_type":"article","og_title":"Antti Rokka, Matti Nyk\u00e4nen ja eduskunnan Aku Ankka - Kirjailijan p\u00e4iv\u00e4kirja","og_description":"Kun kansanedustaja k\u00e4y umpik\u00e4nniss\u00e4 kiinni kollegaansa tavalla, joka ilmeisesti t\u00e4ytt\u00e4\u00e4 rikoksen tunnusmerkit, upseeristo paheksuu ja sotamiehet virnuilevat. T\u00e4n\u00e4\u00e4n 97 vuotta sitten syntynyt V\u00e4in\u00f6 Linna on romaaniensa henkil\u00f6iss\u00e4 kiteytt\u00e4nyt suomalaisia perushahmoja,&hellip;","og_url":"https:\/\/suomenkuvalehti.fi\/kirjailijanpaivakirja\/antti-rokka-matti-nykanen-ja-eduskunnan-aku-ankka\/","og_site_name":"Kirjailijan p\u00e4iv\u00e4kirja","article_published_time":"2017-12-20T08:07:54+00:00","og_image":[{"width":2560,"height":1706,"url":"https:\/\/suomenkuvalehti.fi\/kirjailijanpaivakirja\/wp-content\/uploads\/sites\/21\/2022\/04\/hamalainen_karo06-1-scaled.jpg","type":"image\/jpeg"}],"author":"Karo H\u00e4m\u00e4l\u00e4inen","twitter_card":"summary_large_image","twitter_misc":{"Written by":"Karo H\u00e4m\u00e4l\u00e4inen","Est. reading time":"3 minuuttia"},"schema":{"@context":"https:\/\/schema.org","@graph":[{"@type":"WebPage","@id":"https:\/\/suomenkuvalehti.fi\/kirjailijanpaivakirja\/antti-rokka-matti-nykanen-ja-eduskunnan-aku-ankka\/","url":"https:\/\/suomenkuvalehti.fi\/kirjailijanpaivakirja\/antti-rokka-matti-nykanen-ja-eduskunnan-aku-ankka\/","name":"Antti Rokka, Matti Nyk\u00e4nen ja eduskunnan Aku Ankka - Kirjailijan p\u00e4iv\u00e4kirja","isPartOf":{"@id":"https:\/\/suomenkuvalehti.fi\/kirjailijanpaivakirja\/#website"},"datePublished":"2017-12-20T08:07:54+00:00","author":{"@id":"https:\/\/suomenkuvalehti.fi\/kirjailijanpaivakirja\/#\/schema\/person\/ca2dfd9d508d8c675e07b3c099fc789b"},"breadcrumb":{"@id":"https:\/\/suomenkuvalehti.fi\/kirjailijanpaivakirja\/antti-rokka-matti-nykanen-ja-eduskunnan-aku-ankka\/#breadcrumb"},"inLanguage":"fi","potentialAction":[{"@type":"ReadAction","target":["https:\/\/suomenkuvalehti.fi\/kirjailijanpaivakirja\/antti-rokka-matti-nykanen-ja-eduskunnan-aku-ankka\/"]}]},{"@type":"BreadcrumbList","@id":"https:\/\/suomenkuvalehti.fi\/kirjailijanpaivakirja\/antti-rokka-matti-nykanen-ja-eduskunnan-aku-ankka\/#breadcrumb","itemListElement":[{"@type":"ListItem","position":1,"name":"Home","item":"https:\/\/suomenkuvalehti.fi\/kirjailijanpaivakirja\/"},{"@type":"ListItem","position":2,"name":"Antti Rokka, Matti Nyk\u00e4nen ja eduskunnan Aku Ankka"}]},{"@type":"WebSite","@id":"https:\/\/suomenkuvalehti.fi\/kirjailijanpaivakirja\/#website","url":"https:\/\/suomenkuvalehti.fi\/kirjailijanpaivakirja\/","name":"Kirjailijan p\u00e4iv\u00e4kirja","description":"Proosakirjailijan arkea ja kirjallisuuden ajankohtaisia aiheita.","potentialAction":[{"@type":"SearchAction","target":{"@type":"EntryPoint","urlTemplate":"https:\/\/suomenkuvalehti.fi\/haku\/?q={search_term_string}"},"query-input":{"@type":"PropertyValueSpecification","valueRequired":true,"valueName":"search_term_string"}}],"inLanguage":"fi"},{"@type":"Person","@id":"https:\/\/suomenkuvalehti.fi\/kirjailijanpaivakirja\/#\/schema\/person\/ca2dfd9d508d8c675e07b3c099fc789b","name":"Karo H\u00e4m\u00e4l\u00e4inen","image":{"@type":"ImageObject","inLanguage":"fi","@id":"https:\/\/suomenkuvalehti.fi\/kirjailijanpaivakirja\/#\/schema\/person\/image\/","url":"https:\/\/suomenkuvalehti.fi\/kirjailijanpaivakirja\/wp-content\/uploads\/sites\/21\/2022\/04\/hamalainen_karo06-1-150x150.jpg","contentUrl":"https:\/\/suomenkuvalehti.fi\/kirjailijanpaivakirja\/wp-content\/uploads\/sites\/21\/2022\/04\/hamalainen_karo06-1-150x150.jpg","caption":"Karo H\u00e4m\u00e4l\u00e4inen"},"description":"Karo H\u00e4m\u00e4l\u00e4inen on kirjailija ja talouteen erikoistunut vapaa toimittaja."}]}},"_links":{"self":[{"href":"https:\/\/suomenkuvalehti.fi\/kirjailijanpaivakirja\/wp-json\/wp\/v2\/posts\/1040","targetHints":{"allow":["GET"]}}],"collection":[{"href":"https:\/\/suomenkuvalehti.fi\/kirjailijanpaivakirja\/wp-json\/wp\/v2\/posts"}],"about":[{"href":"https:\/\/suomenkuvalehti.fi\/kirjailijanpaivakirja\/wp-json\/wp\/v2\/types\/post"}],"author":[{"embeddable":true,"href":"https:\/\/suomenkuvalehti.fi\/kirjailijanpaivakirja\/wp-json\/wp\/v2\/users\/129"}],"replies":[{"embeddable":true,"href":"https:\/\/suomenkuvalehti.fi\/kirjailijanpaivakirja\/wp-json\/wp\/v2\/comments?post=1040"}],"version-history":[{"count":1,"href":"https:\/\/suomenkuvalehti.fi\/kirjailijanpaivakirja\/wp-json\/wp\/v2\/posts\/1040\/revisions"}],"predecessor-version":[{"id":1041,"href":"https:\/\/suomenkuvalehti.fi\/kirjailijanpaivakirja\/wp-json\/wp\/v2\/posts\/1040\/revisions\/1041"}],"wp:attachment":[{"href":"https:\/\/suomenkuvalehti.fi\/kirjailijanpaivakirja\/wp-json\/wp\/v2\/media?parent=1040"}],"wp:term":[{"taxonomy":"category","embeddable":true,"href":"https:\/\/suomenkuvalehti.fi\/kirjailijanpaivakirja\/wp-json\/wp\/v2\/categories?post=1040"},{"taxonomy":"post_tag","embeddable":true,"href":"https:\/\/suomenkuvalehti.fi\/kirjailijanpaivakirja\/wp-json\/wp\/v2\/tags?post=1040"}],"curies":[{"name":"wp","href":"https:\/\/api.w.org\/{rel}","templated":true}]}}