{"id":1026,"date":"2017-11-25T17:52:58","date_gmt":"2017-11-25T15:52:58","guid":{"rendered":"https:\/\/suomenkuvalehti.fi\/kirjailijanpaivakirja\/?p=1026"},"modified":"2017-11-25T17:55:10","modified_gmt":"2017-11-25T15:55:10","slug":"sirpa-kahkonen-aanestettiin-kirjailijaliiton-puheenjohtajaksi","status":"publish","type":"post","link":"https:\/\/suomenkuvalehti.fi\/kirjailijanpaivakirja\/sirpa-kahkonen-aanestettiin-kirjailijaliiton-puheenjohtajaksi\/","title":{"rendered":"Sirpa K\u00e4hk\u00f6nen \u00e4\u00e4nestettiin Kirjailijaliiton puheenjohtajaksi"},"content":{"rendered":"\n<p>Suomen Kirjailijaliitto valitsi kirjailija <strong>Sirpa K\u00e4hk\u00f6sen<\/strong> liiton puheenjohtajaksi kolmivuotiskaudelle 2018 &#8211; 2020.<\/p>\n\n\n\n<p>Kirjailijaliiton puheenjohtajavalinta oli t\u00e4n\u00e4 vuonna taas edelliskertaa kiinnostavampi ehdokasasetteluun liittyneen kalabaliikin vuoksi.<\/p>\n\n\n\n<p>K\u00e4hk\u00f6sen lis\u00e4ksi puheenjohtajanpaikkaa tavoitteli kirjailija <strong>Venla Hiidensalo<\/strong>. Puheenjohtajasta \u00e4\u00e4nestettiin.<\/p>\n\n\n\n<p>Kirjailija <strong>Jouni Tossavaisen<\/strong> julkisen Facebook-p\u00e4ivityksen mukaan \u00e4\u00e4nestyksess\u00e4 K\u00e4hk\u00f6nen sai 128 \u00e4\u00e4nt\u00e4, Hiidensalo 50.<\/p>\n\n\n\n<p>Kirjailijakunnalla aihetta kevyeen kuohuntaan antoi se, ett\u00e4 liiton j\u00e4senkirjeess\u00e4 julkaistiin kannattajalista kummallekin ehdokkaalle. K\u00e4hk\u00f6sen tukijoina oli koko joukko nimekk\u00e4it\u00e4 kirjailijoita. Suhteessa Hiidensalon tukijoiden m\u00e4\u00e4r\u00e4\u00e4 osalle kirjailijoista saattoi synty\u00e4 mielikuva siit\u00e4, ett\u00e4 puheenjohtajuus olisi jo ratkaistu.<\/p>\n\n\n\n<p>Sosiaalisessa mediassa ep\u00e4iltiin Kirjailijaliitossa syyllistytyn junttameininkiin.&nbsp;<\/p>\n\n\n\n<p>Kirjailijaliiton puheenjohtajana t\u00e4ll\u00e4 hetkell\u00e4 toimivalle<strong> Jyrki Vainoselle <\/strong>riitti yksi kolmivuotiskausi. H\u00e4n ei asettunut ehdolle.<\/p>\n\n\n\n<p>Kirjailijaliiton johtokuntaan valittiin uutena j\u00e4senen\u00e4 <strong>Tuija V\u00e4lipakka<\/strong>. Aiemmasta johtokunnasta jatkavat <strong>Marjo Heiskanen<\/strong>, Venla Hiidensalo, <strong>Virpi H\u00e4meen-Anttila<\/strong>, <strong>Juha-Pekka Koskinen<\/strong>, <strong>Hannu Niklander<\/strong>, <strong>Heli Slunga <\/strong>sek\u00e4 kautensa loputtua uudelle kaudelle jatkamaan valittu<strong> Paula Havaste<\/strong>.<\/p>\n\n\n\n<p><em>Kirjoittaja on Suomen Kirjailijaliiton j\u00e4sen. H\u00e4n ei osallistunut kokoukseen eik\u00e4 \u00e4\u00e4nestykseen paikalla eik\u00e4 valtakirjan v\u00e4lityksell\u00e4.<\/em><\/p>\n\n\n","protected":false},"excerpt":{"rendered":"<p>Suomen Kirjailijaliitto valitsi kirjailija Sirpa K\u00e4hk\u00f6sen liiton puheenjohtajaksi kolmivuotiskaudelle 2018 &#8211; 2020. Kirjailijaliiton puheenjohtajavalinta oli t\u00e4n\u00e4 vuonna taas edelliskertaa kiinnostavampi ehdokasasetteluun liittyneen kalabaliikin vuoksi.<br \/>\nK\u00e4h&hellip;<\/p>\n","protected":false},"author":129,"featured_media":0,"comment_status":"open","ping_status":"open","sticky":false,"template":"","format":"standard","meta":{"_acf_changed":false,"asauth_required_access_level":3,"asauth_cansharepaid":"true","om_header_attributes":[],"footnotes":"","om_featured_image_focal_point":[],"om_primary_tag":0,"om_contributors":[],"om_co_authors":[],"beyondwords_generate_audio":"","beyondwords_project_id":"","beyondwords_content_id":"","beyondwords_preview_token":"","beyondwords_player_content":"","beyondwords_player_style":"","beyondwords_language_code":"","beyondwords_language_id":"","beyondwords_title_voice_id":"","beyondwords_body_voice_id":"","beyondwords_summary_voice_id":"","beyondwords_error_message":"","beyondwords_disabled":"","beyondwords_delete_content":"","beyondwords_podcast_id":"","beyondwords_hash":"","publish_post_to_speechkit":"","speechkit_hash":"","speechkit_generate_audio":"","speechkit_project_id":"","speechkit_podcast_id":"","speechkit_error_message":"","speechkit_disabled":"","speechkit_access_key":"","speechkit_error":"","speechkit_info":"","speechkit_response":"","speechkit_retries":"","speechkit_status":"","speechkit_updated_at":"","_speechkit_link":"","_speechkit_text":""},"categories":[1],"tags":[694,320,1087],"class_list":["post-1026","post","type-post","status-publish","format-standard","hentry","category-kirjailijan-paivakirja","tag-sirpa-kahkonen","tag-suomen-kirjailijaliitto","tag-venla-hiidensalo"],"om_views":null,"acf":{"tuuma_off":false,"tuuma_kysymys":"","tuuma_vastaus":""},"asauth":{"required_access_level":1,"share_token":"","is_paid":false},"yoast_head":"<!-- This site is optimized with the Yoast SEO plugin v26.4 - https:\/\/yoast.com\/wordpress\/plugins\/seo\/ -->\n<title>Sirpa K\u00e4hk\u00f6nen \u00e4\u00e4nestettiin Kirjailijaliiton puheenjohtajaksi - Kirjailijan p\u00e4iv\u00e4kirja<\/title>\n<meta name=\"robots\" content=\"index, follow, max-snippet:-1, max-image-preview:large, max-video-preview:-1\" \/>\n<link rel=\"canonical\" href=\"https:\/\/suomenkuvalehti.fi\/kirjailijanpaivakirja\/sirpa-kahkonen-aanestettiin-kirjailijaliiton-puheenjohtajaksi\/\" \/>\n<meta property=\"og:locale\" content=\"fi_FI\" \/>\n<meta property=\"og:type\" content=\"article\" \/>\n<meta property=\"og:title\" content=\"Sirpa K\u00e4hk\u00f6nen \u00e4\u00e4nestettiin Kirjailijaliiton puheenjohtajaksi - Kirjailijan p\u00e4iv\u00e4kirja\" \/>\n<meta property=\"og:description\" content=\"Suomen Kirjailijaliitto valitsi kirjailija Sirpa K\u00e4hk\u00f6sen liiton puheenjohtajaksi kolmivuotiskaudelle 2018 &#8211; 2020. Kirjailijaliiton puheenjohtajavalinta oli t\u00e4n\u00e4 vuonna taas edelliskertaa kiinnostavampi ehdokasasetteluun liittyneen kalabaliikin vuoksi. K\u00e4h&hellip;\" \/>\n<meta property=\"og:url\" content=\"https:\/\/suomenkuvalehti.fi\/kirjailijanpaivakirja\/sirpa-kahkonen-aanestettiin-kirjailijaliiton-puheenjohtajaksi\/\" \/>\n<meta property=\"og:site_name\" content=\"Kirjailijan p\u00e4iv\u00e4kirja\" \/>\n<meta property=\"article:published_time\" content=\"2017-11-25T15:52:58+00:00\" \/>\n<meta property=\"article:modified_time\" content=\"2017-11-25T15:55:10+00:00\" \/>\n<meta property=\"og:image\" content=\"https:\/\/suomenkuvalehti.fi\/kirjailijanpaivakirja\/wp-content\/uploads\/sites\/21\/2022\/04\/hamalainen_karo06-1-scaled.jpg\" \/>\n\t<meta property=\"og:image:width\" content=\"2560\" \/>\n\t<meta property=\"og:image:height\" content=\"1706\" \/>\n\t<meta property=\"og:image:type\" content=\"image\/jpeg\" \/>\n<meta name=\"author\" content=\"Karo H\u00e4m\u00e4l\u00e4inen\" \/>\n<meta name=\"twitter:card\" content=\"summary_large_image\" \/>\n<meta name=\"twitter:label1\" content=\"Written by\" \/>\n\t<meta name=\"twitter:data1\" content=\"Karo H\u00e4m\u00e4l\u00e4inen\" \/>\n\t<meta name=\"twitter:label2\" content=\"Est. reading time\" \/>\n\t<meta name=\"twitter:data2\" content=\"1 minuutti\" \/>\n<script type=\"application\/ld+json\" class=\"yoast-schema-graph\">{\"@context\":\"https:\/\/schema.org\",\"@graph\":[{\"@type\":\"WebPage\",\"@id\":\"https:\/\/suomenkuvalehti.fi\/kirjailijanpaivakirja\/sirpa-kahkonen-aanestettiin-kirjailijaliiton-puheenjohtajaksi\/\",\"url\":\"https:\/\/suomenkuvalehti.fi\/kirjailijanpaivakirja\/sirpa-kahkonen-aanestettiin-kirjailijaliiton-puheenjohtajaksi\/\",\"name\":\"Sirpa K\u00e4hk\u00f6nen \u00e4\u00e4nestettiin Kirjailijaliiton puheenjohtajaksi - Kirjailijan p\u00e4iv\u00e4kirja\",\"isPartOf\":{\"@id\":\"https:\/\/suomenkuvalehti.fi\/kirjailijanpaivakirja\/#website\"},\"datePublished\":\"2017-11-25T15:52:58+00:00\",\"dateModified\":\"2017-11-25T15:55:10+00:00\",\"author\":{\"@id\":\"https:\/\/suomenkuvalehti.fi\/kirjailijanpaivakirja\/#\/schema\/person\/ca2dfd9d508d8c675e07b3c099fc789b\"},\"breadcrumb\":{\"@id\":\"https:\/\/suomenkuvalehti.fi\/kirjailijanpaivakirja\/sirpa-kahkonen-aanestettiin-kirjailijaliiton-puheenjohtajaksi\/#breadcrumb\"},\"inLanguage\":\"fi\",\"potentialAction\":[{\"@type\":\"ReadAction\",\"target\":[\"https:\/\/suomenkuvalehti.fi\/kirjailijanpaivakirja\/sirpa-kahkonen-aanestettiin-kirjailijaliiton-puheenjohtajaksi\/\"]}]},{\"@type\":\"BreadcrumbList\",\"@id\":\"https:\/\/suomenkuvalehti.fi\/kirjailijanpaivakirja\/sirpa-kahkonen-aanestettiin-kirjailijaliiton-puheenjohtajaksi\/#breadcrumb\",\"itemListElement\":[{\"@type\":\"ListItem\",\"position\":1,\"name\":\"Home\",\"item\":\"https:\/\/suomenkuvalehti.fi\/kirjailijanpaivakirja\/\"},{\"@type\":\"ListItem\",\"position\":2,\"name\":\"Sirpa K\u00e4hk\u00f6nen \u00e4\u00e4nestettiin Kirjailijaliiton puheenjohtajaksi\"}]},{\"@type\":\"WebSite\",\"@id\":\"https:\/\/suomenkuvalehti.fi\/kirjailijanpaivakirja\/#website\",\"url\":\"https:\/\/suomenkuvalehti.fi\/kirjailijanpaivakirja\/\",\"name\":\"Kirjailijan p\u00e4iv\u00e4kirja\",\"description\":\"Proosakirjailijan arkea ja kirjallisuuden ajankohtaisia aiheita.\",\"potentialAction\":[{\"@type\":\"SearchAction\",\"target\":{\"@type\":\"EntryPoint\",\"urlTemplate\":\"https:\/\/suomenkuvalehti.fi\/haku\/?q={search_term_string}\"},\"query-input\":{\"@type\":\"PropertyValueSpecification\",\"valueRequired\":true,\"valueName\":\"search_term_string\"}}],\"inLanguage\":\"fi\"},{\"@type\":\"Person\",\"@id\":\"https:\/\/suomenkuvalehti.fi\/kirjailijanpaivakirja\/#\/schema\/person\/ca2dfd9d508d8c675e07b3c099fc789b\",\"name\":\"Karo H\u00e4m\u00e4l\u00e4inen\",\"image\":{\"@type\":\"ImageObject\",\"inLanguage\":\"fi\",\"@id\":\"https:\/\/suomenkuvalehti.fi\/kirjailijanpaivakirja\/#\/schema\/person\/image\/\",\"url\":\"https:\/\/suomenkuvalehti.fi\/kirjailijanpaivakirja\/wp-content\/uploads\/sites\/21\/2022\/04\/hamalainen_karo06-1-150x150.jpg\",\"contentUrl\":\"https:\/\/suomenkuvalehti.fi\/kirjailijanpaivakirja\/wp-content\/uploads\/sites\/21\/2022\/04\/hamalainen_karo06-1-150x150.jpg\",\"caption\":\"Karo H\u00e4m\u00e4l\u00e4inen\"},\"description\":\"Karo H\u00e4m\u00e4l\u00e4inen on kirjailija ja talouteen erikoistunut vapaa toimittaja.\"}]}<\/script>\n<!-- \/ Yoast SEO plugin. -->","yoast_head_json":{"title":"Sirpa K\u00e4hk\u00f6nen \u00e4\u00e4nestettiin Kirjailijaliiton puheenjohtajaksi - Kirjailijan p\u00e4iv\u00e4kirja","robots":{"index":"index","follow":"follow","max-snippet":"max-snippet:-1","max-image-preview":"max-image-preview:large","max-video-preview":"max-video-preview:-1"},"canonical":"https:\/\/suomenkuvalehti.fi\/kirjailijanpaivakirja\/sirpa-kahkonen-aanestettiin-kirjailijaliiton-puheenjohtajaksi\/","og_locale":"fi_FI","og_type":"article","og_title":"Sirpa K\u00e4hk\u00f6nen \u00e4\u00e4nestettiin Kirjailijaliiton puheenjohtajaksi - Kirjailijan p\u00e4iv\u00e4kirja","og_description":"Suomen Kirjailijaliitto valitsi kirjailija Sirpa K\u00e4hk\u00f6sen liiton puheenjohtajaksi kolmivuotiskaudelle 2018 &#8211; 2020. Kirjailijaliiton puheenjohtajavalinta oli t\u00e4n\u00e4 vuonna taas edelliskertaa kiinnostavampi ehdokasasetteluun liittyneen kalabaliikin vuoksi. K\u00e4h&hellip;","og_url":"https:\/\/suomenkuvalehti.fi\/kirjailijanpaivakirja\/sirpa-kahkonen-aanestettiin-kirjailijaliiton-puheenjohtajaksi\/","og_site_name":"Kirjailijan p\u00e4iv\u00e4kirja","article_published_time":"2017-11-25T15:52:58+00:00","article_modified_time":"2017-11-25T15:55:10+00:00","og_image":[{"width":2560,"height":1706,"url":"https:\/\/suomenkuvalehti.fi\/kirjailijanpaivakirja\/wp-content\/uploads\/sites\/21\/2022\/04\/hamalainen_karo06-1-scaled.jpg","type":"image\/jpeg"}],"author":"Karo H\u00e4m\u00e4l\u00e4inen","twitter_card":"summary_large_image","twitter_misc":{"Written by":"Karo H\u00e4m\u00e4l\u00e4inen","Est. reading time":"1 minuutti"},"schema":{"@context":"https:\/\/schema.org","@graph":[{"@type":"WebPage","@id":"https:\/\/suomenkuvalehti.fi\/kirjailijanpaivakirja\/sirpa-kahkonen-aanestettiin-kirjailijaliiton-puheenjohtajaksi\/","url":"https:\/\/suomenkuvalehti.fi\/kirjailijanpaivakirja\/sirpa-kahkonen-aanestettiin-kirjailijaliiton-puheenjohtajaksi\/","name":"Sirpa K\u00e4hk\u00f6nen \u00e4\u00e4nestettiin Kirjailijaliiton puheenjohtajaksi - Kirjailijan p\u00e4iv\u00e4kirja","isPartOf":{"@id":"https:\/\/suomenkuvalehti.fi\/kirjailijanpaivakirja\/#website"},"datePublished":"2017-11-25T15:52:58+00:00","dateModified":"2017-11-25T15:55:10+00:00","author":{"@id":"https:\/\/suomenkuvalehti.fi\/kirjailijanpaivakirja\/#\/schema\/person\/ca2dfd9d508d8c675e07b3c099fc789b"},"breadcrumb":{"@id":"https:\/\/suomenkuvalehti.fi\/kirjailijanpaivakirja\/sirpa-kahkonen-aanestettiin-kirjailijaliiton-puheenjohtajaksi\/#breadcrumb"},"inLanguage":"fi","potentialAction":[{"@type":"ReadAction","target":["https:\/\/suomenkuvalehti.fi\/kirjailijanpaivakirja\/sirpa-kahkonen-aanestettiin-kirjailijaliiton-puheenjohtajaksi\/"]}]},{"@type":"BreadcrumbList","@id":"https:\/\/suomenkuvalehti.fi\/kirjailijanpaivakirja\/sirpa-kahkonen-aanestettiin-kirjailijaliiton-puheenjohtajaksi\/#breadcrumb","itemListElement":[{"@type":"ListItem","position":1,"name":"Home","item":"https:\/\/suomenkuvalehti.fi\/kirjailijanpaivakirja\/"},{"@type":"ListItem","position":2,"name":"Sirpa K\u00e4hk\u00f6nen \u00e4\u00e4nestettiin Kirjailijaliiton puheenjohtajaksi"}]},{"@type":"WebSite","@id":"https:\/\/suomenkuvalehti.fi\/kirjailijanpaivakirja\/#website","url":"https:\/\/suomenkuvalehti.fi\/kirjailijanpaivakirja\/","name":"Kirjailijan p\u00e4iv\u00e4kirja","description":"Proosakirjailijan arkea ja kirjallisuuden ajankohtaisia aiheita.","potentialAction":[{"@type":"SearchAction","target":{"@type":"EntryPoint","urlTemplate":"https:\/\/suomenkuvalehti.fi\/haku\/?q={search_term_string}"},"query-input":{"@type":"PropertyValueSpecification","valueRequired":true,"valueName":"search_term_string"}}],"inLanguage":"fi"},{"@type":"Person","@id":"https:\/\/suomenkuvalehti.fi\/kirjailijanpaivakirja\/#\/schema\/person\/ca2dfd9d508d8c675e07b3c099fc789b","name":"Karo H\u00e4m\u00e4l\u00e4inen","image":{"@type":"ImageObject","inLanguage":"fi","@id":"https:\/\/suomenkuvalehti.fi\/kirjailijanpaivakirja\/#\/schema\/person\/image\/","url":"https:\/\/suomenkuvalehti.fi\/kirjailijanpaivakirja\/wp-content\/uploads\/sites\/21\/2022\/04\/hamalainen_karo06-1-150x150.jpg","contentUrl":"https:\/\/suomenkuvalehti.fi\/kirjailijanpaivakirja\/wp-content\/uploads\/sites\/21\/2022\/04\/hamalainen_karo06-1-150x150.jpg","caption":"Karo H\u00e4m\u00e4l\u00e4inen"},"description":"Karo H\u00e4m\u00e4l\u00e4inen on kirjailija ja talouteen erikoistunut vapaa toimittaja."}]}},"_links":{"self":[{"href":"https:\/\/suomenkuvalehti.fi\/kirjailijanpaivakirja\/wp-json\/wp\/v2\/posts\/1026","targetHints":{"allow":["GET"]}}],"collection":[{"href":"https:\/\/suomenkuvalehti.fi\/kirjailijanpaivakirja\/wp-json\/wp\/v2\/posts"}],"about":[{"href":"https:\/\/suomenkuvalehti.fi\/kirjailijanpaivakirja\/wp-json\/wp\/v2\/types\/post"}],"author":[{"embeddable":true,"href":"https:\/\/suomenkuvalehti.fi\/kirjailijanpaivakirja\/wp-json\/wp\/v2\/users\/129"}],"replies":[{"embeddable":true,"href":"https:\/\/suomenkuvalehti.fi\/kirjailijanpaivakirja\/wp-json\/wp\/v2\/comments?post=1026"}],"version-history":[{"count":2,"href":"https:\/\/suomenkuvalehti.fi\/kirjailijanpaivakirja\/wp-json\/wp\/v2\/posts\/1026\/revisions"}],"predecessor-version":[{"id":1028,"href":"https:\/\/suomenkuvalehti.fi\/kirjailijanpaivakirja\/wp-json\/wp\/v2\/posts\/1026\/revisions\/1028"}],"wp:attachment":[{"href":"https:\/\/suomenkuvalehti.fi\/kirjailijanpaivakirja\/wp-json\/wp\/v2\/media?parent=1026"}],"wp:term":[{"taxonomy":"category","embeddable":true,"href":"https:\/\/suomenkuvalehti.fi\/kirjailijanpaivakirja\/wp-json\/wp\/v2\/categories?post=1026"},{"taxonomy":"post_tag","embeddable":true,"href":"https:\/\/suomenkuvalehti.fi\/kirjailijanpaivakirja\/wp-json\/wp\/v2\/tags?post=1026"}],"curies":[{"name":"wp","href":"https:\/\/api.w.org\/{rel}","templated":true}]}}