{"id":81,"date":"2010-01-14T18:53:01","date_gmt":"2010-01-14T16:53:01","guid":{"rendered":"https:\/\/suomenkuvalehti.fi\/jarki-ja-tunteet\/2010\/01\/14\/tappolistalla\/"},"modified":"2013-11-29T16:00:31","modified_gmt":"2013-11-29T14:00:31","slug":"tappolistalla","status":"publish","type":"post","link":"https:\/\/suomenkuvalehti.fi\/jarki-ja-tunteet\/2010\/01\/14\/tappolistalla\/","title":{"rendered":"Tappolistalla"},"content":{"rendered":"\n<p>Tervetuloa Harlemiin.<\/p>\n\n\n\n\n<p>olen saanut todella rohkaisevia kommentteja<br>pitkin syksy\u00e4 kirjoituksistani<br>ja olen niist\u00e4 valtavan kiitollinen<br>koska niill\u00e4 jaksaa aina paljon pitemp\u00e4\u00e4n<\/p>\n\n\n\n<p><a href=\"https:\/\/suomenkuvalehti.fi\/jarki-ja-tunteet\/2010\/01\/13\/didi-dyy-dyy-didi-dyy-dyy-didi-dyy-dyy-dii\/\" target=\"_blank\">joku ep\u00e4ili alkuviikosta<br>ett\u00e4 en ole helsingiss\u00e4 t\u00f6iss\u00e4<br>vaan jossain suburbanl\u00e4hi\u00f6ss\u00e4<\/a><\/p>\n\n\n\n<p>ihan paremmalla puolella helsinki\u00e4 ollaan<br>ja oppilasaineskin on hiukan valikoituneempaa<br>ihmisill\u00e4 ja erityisesti vanhemmilla<br>vain on liian ruusuinen kuva<br>menosta kouluissa<\/p>\n\n\n\n<p>eik\u00f6 kukaan osaa lukea rehtorien<br>lausunnoista lehdiss\u00e4 (erityisesti rivinv\u00e4lit)<br>ett\u00e4 ongelmia silotellaan<br>ja useimmat v\u00e4itt\u00e4v\u00e4t viel\u00e4kin<br>&#8221;ett\u00e4 MEILL\u00c4 ei kiusata&#8221; tai<br>&#8221;JOS kiusataan, niin siihen YRITET\u00c4\u00c4N puuttua&#8221;<\/p>\n\n\n\n<p>anteeksi, ett\u00e4 toistan itse\u00e4ni<br>mutta kiusaamista on niin paljon ja koko ajan<br>ett\u00e4 voisin unohtaa opsit ihan t\u00e4ysp\u00e4iv\u00e4isesti<br>ja keskitty\u00e4 ainoastaan v\u00e4lienselvittelyyn<\/p>\n\n\n\n<p>en p\u00e4\u00e4sisi luokasta opehuoneeseen<br>ellen sulkisi silmi\u00e4ni k\u00e4yt\u00e4vill\u00e4<br>hevosille tarkoitetuilla lapuilla<br>t\u00e4n\u00e4\u00e4nkin viisi poikaa muksi toisiaan<br>suoraan opehuoneen oven edess\u00e4<br>ja p\u00e4\u00e4t kolisivat seiniin<br>roikuin yhdess\u00e4 kuristusotteessa kiinni<br>ja teeskentelin selvitt\u00e4neeni tilanteen<br>kun minulla oli pissah\u00e4t\u00e4<\/p>\n\n\n\n<p>ennen viimeisen tunnin alkua<br>puutuin jatkuvaan nimittelyyn<br>johon kuuluivat sanat<br>huora, l\u00e4skiperse, vitun idiootti<\/p>\n\n\n\n<p>tiesin ett\u00e4 asia on t\u00e4rke\u00e4<br>mutta ehdotin silti kiukkuiselle sonjalle<br>ett\u00e4 voidaanko selvitt\u00e4\u00e4 t\u00e4m\u00e4<br>koulun j\u00e4lkeen<br>(eik\u00e4 kukaan tietenk\u00e4\u00e4n halua j\u00e4\u00e4d\u00e4<br>mit\u00e4\u00e4n selvittelem\u00e4\u00e4n kolmen j\u00e4lkeen)<br>ja min\u00e4 halusin perheeni pariin<\/p>\n\n\n\n<p>tunnin lopuksi sain viel\u00e4 runnoa oven auki<br>kun kolme poikaa piti sit\u00e4 v\u00e4kisin kiinni ulkopuolelta<br>eiv\u00e4tk\u00e4 kaikki oppilaat p\u00e4\u00e4sseet luokasta heti ulos<br>ja yhdelle tyt\u00f6lle tuli jo paniikki<\/p>\n\n\n\n<p>potkaisin korkokenk\u00e4ni ovesta l\u00e4pi<br>ja puskin hartioilla adrenaliinin avustamana<br>ovi repsahti auki<br>mutta pojaat juoksivat jo kaukana<br>onneksi olen k\u00e4ynyt punttisalilla<br>(h\u00e4t\u00e4\u00e4ntyneet oppilaat kyll\u00e4 v\u00e4ittiv\u00e4t ensin<br>etteiv\u00e4t voimani riit\u00e4 saamaan ovea auki)<\/p>\n\n\n\n<p><a href=\"http:\/\/uutiset.msn.hs.fi\/kaupunki\/artikkeli\/Vartti+14-vuotias+tytt%C3%B6+laati+tappolistan+koulukiusaajistaan\/1135252134273\" target=\"_blank\">tappolistat ovat arkip\u00e4iv\u00e4\u00e4<br>rautalankaa t\u00e4ss\u00e4 v\u00e4\u00e4ntelen nyt<\/a><\/p>\n\n\n\n<p>minusta on ep\u00e4reilua<br>ett\u00e4 kiusattu haetaan jalkapuuhun<br>poliisisaattueen voimin<br>ja kiusaajat j\u00e4\u00e4v\u00e4t patsastelemaan kouluun<br>syytt\u00f6myytt\u00e4\u00e4n vakuutellen ja virnuillen<br>niikuin t\u00e4h\u00e4nkin asti<\/p>\n\n\n\n<p>kiusaajat kulkevat suomessa<br>diplomaattipassilla<br>seuraamuksia ei ole<\/p>\n\n\n\n<p>koska kiusaaja on esimerkiksi<br>erotettu koulusta m\u00e4\u00e4r\u00e4ajaksi?<\/p>\n\n\n\n<p>ei koskaan<br>koska h\u00e4nell\u00e4 on<br>enemm\u00e4n oikeuksia<br>kuin velvollisuuksia<\/p>\n\n\n\n<p>P.S. jos ihailemani asianajaja Tomi V\u00e4h\u00e4talo<br>ajaisi kiusattujen asiaa samaan tapaan<br>kuin aikanaan pieni vastaan isot<br>pankki- ja kettutytt\u00f6oikeudenk\u00e4ynneiss\u00e4<br>niin koulujen virkamiehet vapisisivat kauhusta<\/p>\n\n\n\n<p>&nbsp;<\/p>\n\n\n","protected":false},"excerpt":{"rendered":"<p>Tervetuloa Harlemiin. olen saanut todella rohkaisevia kommenttejapitkin syksy\u00e4 kirjoituksistanija olen niist\u00e4 valtavan kiitollinenkoska niill\u00e4 jaksaa aina paljon pitemp\u00e4\u00e4n joku ep\u00e4ili alkuviikostaett\u00e4 en ole helsingiss\u00e4 t\u00f6iss\u00e4vaan jossain suburbanl\u00e4hi\u00f6ss\u00e4 ihan paremmalla puolella helsinki\u00e4 ollaanja<br \/>\noppilasainesk&hellip;<\/p>\n","protected":false},"author":162,"featured_media":0,"comment_status":"open","ping_status":"open","sticky":false,"template":"","format":"standard","meta":{"_acf_changed":false,"asauth_required_access_level":0,"asauth_cansharepaid":"","om_header_attributes":[],"footnotes":"","om_featured_image_focal_point":[],"om_primary_tag":0,"om_contributors":[],"om_co_authors":[],"beyondwords_generate_audio":"","beyondwords_project_id":"","beyondwords_content_id":"","beyondwords_preview_token":"","beyondwords_player_content":"","beyondwords_player_style":"","beyondwords_language_code":"","beyondwords_language_id":"","beyondwords_title_voice_id":"","beyondwords_body_voice_id":"","beyondwords_summary_voice_id":"","beyondwords_error_message":"","beyondwords_disabled":"","beyondwords_delete_content":"","beyondwords_podcast_id":"","beyondwords_hash":"","publish_post_to_speechkit":"","speechkit_hash":"","speechkit_generate_audio":"","speechkit_project_id":"","speechkit_podcast_id":"","speechkit_error_message":"","speechkit_disabled":"","speechkit_access_key":"","speechkit_error":"","speechkit_info":"","speechkit_response":"","speechkit_retries":"","speechkit_status":"","speechkit_updated_at":"","_speechkit_link":"","_speechkit_text":""},"categories":[1],"tags":[323,69,324,322],"class_list":["post-81","post","type-post","status-publish","format-standard","hentry","category-yleinen","tag-kiusatun-oikeudet","tag-koulukiusaaminen","tag-rehtorit","tag-tappolista"],"om_views":null,"acf":{"tuuma_off":false,"tuuma_kysymys":"","tuuma_vastaus":""},"asauth":{"required_access_level":1,"share_token":"","is_paid":false},"yoast_head":"<!-- This site is optimized with the Yoast SEO plugin v26.4 - https:\/\/yoast.com\/wordpress\/plugins\/seo\/ -->\n<title>Tappolistalla - J\u00e4rki ja tunteet<\/title>\n<meta name=\"robots\" content=\"index, follow, max-snippet:-1, max-image-preview:large, max-video-preview:-1\" \/>\n<link rel=\"canonical\" href=\"https:\/\/suomenkuvalehti.fi\/jarki-ja-tunteet\/2010\/01\/14\/tappolistalla\/\" \/>\n<meta property=\"og:locale\" content=\"fi_FI\" \/>\n<meta property=\"og:type\" content=\"article\" \/>\n<meta property=\"og:title\" content=\"Tappolistalla - J\u00e4rki ja tunteet\" \/>\n<meta property=\"og:description\" content=\"Tervetuloa Harlemiin. olen saanut todella rohkaisevia kommenttejapitkin syksy\u00e4 kirjoituksistanija olen niist\u00e4 valtavan kiitollinenkoska niill\u00e4 jaksaa aina paljon pitemp\u00e4\u00e4n joku ep\u00e4ili alkuviikostaett\u00e4 en ole helsingiss\u00e4 t\u00f6iss\u00e4vaan jossain suburbanl\u00e4hi\u00f6ss\u00e4 ihan paremmalla puolella helsinki\u00e4 ollaanja oppilasainesk&hellip;\" \/>\n<meta property=\"og:url\" content=\"https:\/\/suomenkuvalehti.fi\/jarki-ja-tunteet\/2010\/01\/14\/tappolistalla\/\" \/>\n<meta property=\"og:site_name\" content=\"J\u00e4rki ja tunteet\" \/>\n<meta property=\"article:published_time\" content=\"2010-01-14T16:53:01+00:00\" \/>\n<meta property=\"article:modified_time\" content=\"2013-11-29T14:00:31+00:00\" \/>\n<meta name=\"author\" content=\"Koulukinkku\" \/>\n<meta name=\"twitter:label1\" content=\"Written by\" \/>\n\t<meta name=\"twitter:data1\" content=\"Koulukinkku\" \/>\n\t<meta name=\"twitter:label2\" content=\"Est. reading time\" \/>\n\t<meta name=\"twitter:data2\" content=\"2 minuuttia\" \/>\n<script type=\"application\/ld+json\" class=\"yoast-schema-graph\">{\"@context\":\"https:\/\/schema.org\",\"@graph\":[{\"@type\":\"WebPage\",\"@id\":\"https:\/\/suomenkuvalehti.fi\/jarki-ja-tunteet\/2010\/01\/14\/tappolistalla\/\",\"url\":\"https:\/\/suomenkuvalehti.fi\/jarki-ja-tunteet\/2010\/01\/14\/tappolistalla\/\",\"name\":\"Tappolistalla - J\u00e4rki ja tunteet\",\"isPartOf\":{\"@id\":\"https:\/\/suomenkuvalehti.fi\/jarki-ja-tunteet\/#website\"},\"datePublished\":\"2010-01-14T16:53:01+00:00\",\"dateModified\":\"2013-11-29T14:00:31+00:00\",\"author\":{\"@id\":\"https:\/\/suomenkuvalehti.fi\/jarki-ja-tunteet\/#\/schema\/person\/f1e9ae7b12dc278cd86251f0defe1bf6\"},\"breadcrumb\":{\"@id\":\"https:\/\/suomenkuvalehti.fi\/jarki-ja-tunteet\/2010\/01\/14\/tappolistalla\/#breadcrumb\"},\"inLanguage\":\"fi\",\"potentialAction\":[{\"@type\":\"ReadAction\",\"target\":[\"https:\/\/suomenkuvalehti.fi\/jarki-ja-tunteet\/2010\/01\/14\/tappolistalla\/\"]}]},{\"@type\":\"BreadcrumbList\",\"@id\":\"https:\/\/suomenkuvalehti.fi\/jarki-ja-tunteet\/2010\/01\/14\/tappolistalla\/#breadcrumb\",\"itemListElement\":[{\"@type\":\"ListItem\",\"position\":1,\"name\":\"Home\",\"item\":\"https:\/\/suomenkuvalehti.fi\/jarki-ja-tunteet\/\"},{\"@type\":\"ListItem\",\"position\":2,\"name\":\"Tappolistalla\"}]},{\"@type\":\"WebSite\",\"@id\":\"https:\/\/suomenkuvalehti.fi\/jarki-ja-tunteet\/#website\",\"url\":\"https:\/\/suomenkuvalehti.fi\/jarki-ja-tunteet\/\",\"name\":\"J\u00e4rki ja tunteet\",\"description\":\"Uusi Suomen Kuvalehti -sivusto\",\"potentialAction\":[{\"@type\":\"SearchAction\",\"target\":{\"@type\":\"EntryPoint\",\"urlTemplate\":\"https:\/\/suomenkuvalehti.fi\/haku\/?q={search_term_string}\"},\"query-input\":{\"@type\":\"PropertyValueSpecification\",\"valueRequired\":true,\"valueName\":\"search_term_string\"}}],\"inLanguage\":\"fi\"},{\"@type\":\"Person\",\"@id\":\"https:\/\/suomenkuvalehti.fi\/jarki-ja-tunteet\/#\/schema\/person\/f1e9ae7b12dc278cd86251f0defe1bf6\",\"name\":\"Koulukinkku\",\"image\":{\"@type\":\"ImageObject\",\"inLanguage\":\"fi\",\"@id\":\"https:\/\/suomenkuvalehti.fi\/jarki-ja-tunteet\/#\/schema\/person\/image\/\",\"url\":\"https:\/\/secure.gravatar.com\/avatar\/c33523e4cb25d7920a88aee325d9b0ca16387a985d6c623ad5ed093338b964e2?s=96&d=mm&r=g\",\"contentUrl\":\"https:\/\/secure.gravatar.com\/avatar\/c33523e4cb25d7920a88aee325d9b0ca16387a985d6c623ad5ed093338b964e2?s=96&d=mm&r=g\",\"caption\":\"Koulukinkku\"}}]}<\/script>\n<!-- \/ Yoast SEO plugin. -->","yoast_head_json":{"title":"Tappolistalla - J\u00e4rki ja tunteet","robots":{"index":"index","follow":"follow","max-snippet":"max-snippet:-1","max-image-preview":"max-image-preview:large","max-video-preview":"max-video-preview:-1"},"canonical":"https:\/\/suomenkuvalehti.fi\/jarki-ja-tunteet\/2010\/01\/14\/tappolistalla\/","og_locale":"fi_FI","og_type":"article","og_title":"Tappolistalla - J\u00e4rki ja tunteet","og_description":"Tervetuloa Harlemiin. olen saanut todella rohkaisevia kommenttejapitkin syksy\u00e4 kirjoituksistanija olen niist\u00e4 valtavan kiitollinenkoska niill\u00e4 jaksaa aina paljon pitemp\u00e4\u00e4n joku ep\u00e4ili alkuviikostaett\u00e4 en ole helsingiss\u00e4 t\u00f6iss\u00e4vaan jossain suburbanl\u00e4hi\u00f6ss\u00e4 ihan paremmalla puolella helsinki\u00e4 ollaanja oppilasainesk&hellip;","og_url":"https:\/\/suomenkuvalehti.fi\/jarki-ja-tunteet\/2010\/01\/14\/tappolistalla\/","og_site_name":"J\u00e4rki ja tunteet","article_published_time":"2010-01-14T16:53:01+00:00","article_modified_time":"2013-11-29T14:00:31+00:00","author":"Koulukinkku","twitter_misc":{"Written by":"Koulukinkku","Est. reading time":"2 minuuttia"},"schema":{"@context":"https:\/\/schema.org","@graph":[{"@type":"WebPage","@id":"https:\/\/suomenkuvalehti.fi\/jarki-ja-tunteet\/2010\/01\/14\/tappolistalla\/","url":"https:\/\/suomenkuvalehti.fi\/jarki-ja-tunteet\/2010\/01\/14\/tappolistalla\/","name":"Tappolistalla - J\u00e4rki ja tunteet","isPartOf":{"@id":"https:\/\/suomenkuvalehti.fi\/jarki-ja-tunteet\/#website"},"datePublished":"2010-01-14T16:53:01+00:00","dateModified":"2013-11-29T14:00:31+00:00","author":{"@id":"https:\/\/suomenkuvalehti.fi\/jarki-ja-tunteet\/#\/schema\/person\/f1e9ae7b12dc278cd86251f0defe1bf6"},"breadcrumb":{"@id":"https:\/\/suomenkuvalehti.fi\/jarki-ja-tunteet\/2010\/01\/14\/tappolistalla\/#breadcrumb"},"inLanguage":"fi","potentialAction":[{"@type":"ReadAction","target":["https:\/\/suomenkuvalehti.fi\/jarki-ja-tunteet\/2010\/01\/14\/tappolistalla\/"]}]},{"@type":"BreadcrumbList","@id":"https:\/\/suomenkuvalehti.fi\/jarki-ja-tunteet\/2010\/01\/14\/tappolistalla\/#breadcrumb","itemListElement":[{"@type":"ListItem","position":1,"name":"Home","item":"https:\/\/suomenkuvalehti.fi\/jarki-ja-tunteet\/"},{"@type":"ListItem","position":2,"name":"Tappolistalla"}]},{"@type":"WebSite","@id":"https:\/\/suomenkuvalehti.fi\/jarki-ja-tunteet\/#website","url":"https:\/\/suomenkuvalehti.fi\/jarki-ja-tunteet\/","name":"J\u00e4rki ja tunteet","description":"Uusi Suomen Kuvalehti -sivusto","potentialAction":[{"@type":"SearchAction","target":{"@type":"EntryPoint","urlTemplate":"https:\/\/suomenkuvalehti.fi\/haku\/?q={search_term_string}"},"query-input":{"@type":"PropertyValueSpecification","valueRequired":true,"valueName":"search_term_string"}}],"inLanguage":"fi"},{"@type":"Person","@id":"https:\/\/suomenkuvalehti.fi\/jarki-ja-tunteet\/#\/schema\/person\/f1e9ae7b12dc278cd86251f0defe1bf6","name":"Koulukinkku","image":{"@type":"ImageObject","inLanguage":"fi","@id":"https:\/\/suomenkuvalehti.fi\/jarki-ja-tunteet\/#\/schema\/person\/image\/","url":"https:\/\/secure.gravatar.com\/avatar\/c33523e4cb25d7920a88aee325d9b0ca16387a985d6c623ad5ed093338b964e2?s=96&d=mm&r=g","contentUrl":"https:\/\/secure.gravatar.com\/avatar\/c33523e4cb25d7920a88aee325d9b0ca16387a985d6c623ad5ed093338b964e2?s=96&d=mm&r=g","caption":"Koulukinkku"}}]}},"_links":{"self":[{"href":"https:\/\/suomenkuvalehti.fi\/jarki-ja-tunteet\/wp-json\/wp\/v2\/posts\/81","targetHints":{"allow":["GET"]}}],"collection":[{"href":"https:\/\/suomenkuvalehti.fi\/jarki-ja-tunteet\/wp-json\/wp\/v2\/posts"}],"about":[{"href":"https:\/\/suomenkuvalehti.fi\/jarki-ja-tunteet\/wp-json\/wp\/v2\/types\/post"}],"author":[{"embeddable":true,"href":"https:\/\/suomenkuvalehti.fi\/jarki-ja-tunteet\/wp-json\/wp\/v2\/users\/162"}],"replies":[{"embeddable":true,"href":"https:\/\/suomenkuvalehti.fi\/jarki-ja-tunteet\/wp-json\/wp\/v2\/comments?post=81"}],"version-history":[{"count":1,"href":"https:\/\/suomenkuvalehti.fi\/jarki-ja-tunteet\/wp-json\/wp\/v2\/posts\/81\/revisions"}],"predecessor-version":[{"id":167,"href":"https:\/\/suomenkuvalehti.fi\/jarki-ja-tunteet\/wp-json\/wp\/v2\/posts\/81\/revisions\/167"}],"wp:attachment":[{"href":"https:\/\/suomenkuvalehti.fi\/jarki-ja-tunteet\/wp-json\/wp\/v2\/media?parent=81"}],"wp:term":[{"taxonomy":"category","embeddable":true,"href":"https:\/\/suomenkuvalehti.fi\/jarki-ja-tunteet\/wp-json\/wp\/v2\/categories?post=81"},{"taxonomy":"post_tag","embeddable":true,"href":"https:\/\/suomenkuvalehti.fi\/jarki-ja-tunteet\/wp-json\/wp\/v2\/tags?post=81"}],"curies":[{"name":"wp","href":"https:\/\/api.w.org\/{rel}","templated":true}]}}