{"id":60,"date":"2010-08-30T19:08:00","date_gmt":"2010-08-30T16:08:00","guid":{"rendered":"https:\/\/suomenkuvalehti.fi\/jarki-ja-tunteet\/2010\/08\/30\/kielitaidottoman-tuskaa\/"},"modified":"2010-08-30T19:08:00","modified_gmt":"2010-08-30T16:08:00","slug":"kielitaidottoman-tuskaa","status":"publish","type":"post","link":"https:\/\/suomenkuvalehti.fi\/jarki-ja-tunteet\/2010\/08\/30\/kielitaidottoman-tuskaa\/","title":{"rendered":"Kielitaidottoman tuskaa"},"content":{"rendered":"\n<p>minulla oli tapahtumarikas kes\u00e4<br>enk\u00e4 ole viel\u00e4k\u00e4\u00e4n toipunut<br>vaikka olen palannut sorvin \u00e4\u00e4reen<\/p>\n\n\n\n<p>olin kaksi viikkoa kanadassa<br>perheeni kanssa kun \u00e4iti tarjosi<\/p>\n\n\n\n<p>punavalkoisessa montrealissa <br>oli viidet festarit k\u00e4ynniss\u00e4 yht\u00e4 aikaa<br>kadut siistej\u00e4<br>homot kauniita<br>ihmiset kiinnostavia<\/p>\n\n\n\n<p>nuhjuhotellin aamiaistarjoilija <br>oli synke\u00e4 sisilialainen<br>joka tykk\u00e4si vaivalloisesta italiankielen taidostani<br>ja antoi lapsille ylim\u00e4\u00e4r\u00e4isen kanadankokoisen muffinin<br>grazie kelpasi<\/p>\n\n\n\n<p>quebec oli paremman v\u00e4en pittoreski idylli<br>jossa puhuttiin ylpe\u00e4sti sinivalkoista ranskaa<\/p>\n\n\n\n<p>mutta kotimatkamme sai kammottavan k\u00e4\u00e4nteen<\/p>\n\n\n\n<p>Montrealin lentokent\u00e4ll\u00e4 menin <br>mieheni luvalla wellness-hoitolaan<br>kun odotusaikaa lennon l\u00e4ht\u00f6\u00f6n <br>oli monta tuntia<\/p>\n\n\n\n<p>makoilin manikyyrin j\u00e4lkeen pyyhe ymp\u00e4rill\u00e4<br>rentouttavassa keitaassa<br>kun kuulin s\u00e4rmin yli <br>ahdistuneen ja tutun \u00e4\u00e4nen: <br>&#8221;Ekskjuus mii, mai vaif is hi\u00f6. <br>I loost au\u00f6 tsaild.&#8221;<\/p>\n\n\n\n<p>9-vuotiasta etsittiin <br>kuristavissa tunnelmissa<br>paikalla olivat ratsupoliisikingit ja viranomaiset<br>ja k\u00e4nnyk\u00e4st\u00e4 piti l\u00f6yt\u00e4\u00e4 lapsesta tuore kuva<\/p>\n\n\n\n<p>Madeleinen vanhempien kohtalo vilisi silmiss\u00e4<br>n\u00e4in itseni helsinki-vantaalla <br>piinaavassa haastattelussa<br>palaamassa lomalta ilman lasta<br>ja eritt\u00e4in huonon ja turhamaisen <br>\u00e4idin leimaa ly\u00f6d\u00e4\u00e4n otsaani <br>(ihan oikein)<br>ja juuri silloin yksin\u00e4inen ja itkuinen<br>ikkunapenkille k\u00e4pertynyt lapseni l\u00f6ytyi<\/p>\n\n\n\n<p>sis\u00e4inen vapinani ei lakannut lentokoneessakaan<\/p>\n\n\n\n<p>tyt\u00e4r t\u00e4ytteli n\u00e4enn\u00e4isen reippaana <br>matkatoverin ojentamaa koululaisten yst\u00e4v\u00e4kirjaa<br>jossa kysell\u00e4\u00e4n lempiruokia ja muuta<\/p>\n\n\n\n<p>viimeisen\u00e4 kohtana oli &#8221;suurin mokani&#8221;<br>tyt\u00e4r mietti hetken ja kirjoitti: <br>&#8221;kun en osaa vieraita kieli\u00e4&#8221;<\/p>\n\n\n\n<p>yritin protestoida<br>mutta h\u00e4n sanoi<br>ett\u00e4 haluaisi osata pyyt\u00e4\u00e4 apua <br><em>niiden omalla kielell\u00e4<\/em><\/p>\n\n\n\n<p>toivon salaa<br>ett\u00e4 h\u00e4nest\u00e4 tulee <br>hammasl\u00e4\u00e4k\u00e4ri tai arkkitehti<br>koska kielitaidolla ei el\u00e4<\/p>\n\n\n\n<p>&nbsp;<\/p>\n\n\n\n<p>&nbsp;<\/p>\n\n\n","protected":false},"excerpt":{"rendered":"<p>minulla oli tapahtumarikas kes\u00e4enk\u00e4 ole viel\u00e4k\u00e4\u00e4n toipunutvaikka olen palannut sorvin \u00e4\u00e4reen olin kaksi viikkoa kanadassaperheeni kanssa kun \u00e4iti tarjosi punavalkoisessa montrealissa oli viidet festarit k\u00e4ynniss\u00e4 yht\u00e4 aikaakadut siistej\u00e4homot kauniitaihmiset kiinnostavia nuhjuhotellin<br \/>\naamiaistarj&hellip;<\/p>\n","protected":false},"author":162,"featured_media":0,"comment_status":"open","ping_status":"open","sticky":false,"template":"","format":"standard","meta":{"_acf_changed":false,"asauth_required_access_level":0,"asauth_cansharepaid":"","om_header_attributes":[],"footnotes":"","om_featured_image_focal_point":[],"om_primary_tag":0,"om_contributors":[],"om_co_authors":[],"beyondwords_generate_audio":"","beyondwords_project_id":"","beyondwords_content_id":"","beyondwords_preview_token":"","beyondwords_player_content":"","beyondwords_player_style":"","beyondwords_language_code":"","beyondwords_language_id":"","beyondwords_title_voice_id":"","beyondwords_body_voice_id":"","beyondwords_summary_voice_id":"","beyondwords_error_message":"","beyondwords_disabled":"","beyondwords_delete_content":"","beyondwords_podcast_id":"","beyondwords_hash":"","publish_post_to_speechkit":"","speechkit_hash":"","speechkit_generate_audio":"","speechkit_project_id":"","speechkit_podcast_id":"","speechkit_error_message":"","speechkit_disabled":"","speechkit_access_key":"","speechkit_error":"","speechkit_info":"","speechkit_response":"","speechkit_retries":"","speechkit_status":"","speechkit_updated_at":"","_speechkit_link":"","_speechkit_text":""},"categories":[1],"tags":[272,274,275,276,273],"class_list":["post-60","post","type-post","status-publish","format-standard","hentry","category-yleinen","tag-kanada","tag-kulttuuri","tag-lapsi","tag-madeleine","tag-vieraat-kielet"],"om_views":null,"acf":{"tuuma_off":false,"tuuma_kysymys":"","tuuma_vastaus":""},"asauth":{"required_access_level":1,"share_token":"","is_paid":false},"yoast_head":"<!-- This site is optimized with the Yoast SEO plugin v26.4 - https:\/\/yoast.com\/wordpress\/plugins\/seo\/ -->\n<title>Kielitaidottoman tuskaa - J\u00e4rki ja tunteet<\/title>\n<meta name=\"robots\" content=\"index, follow, max-snippet:-1, max-image-preview:large, max-video-preview:-1\" \/>\n<link rel=\"canonical\" href=\"https:\/\/suomenkuvalehti.fi\/jarki-ja-tunteet\/2010\/08\/30\/kielitaidottoman-tuskaa\/\" \/>\n<meta property=\"og:locale\" content=\"fi_FI\" \/>\n<meta property=\"og:type\" content=\"article\" \/>\n<meta property=\"og:title\" content=\"Kielitaidottoman tuskaa - J\u00e4rki ja tunteet\" \/>\n<meta property=\"og:description\" content=\"minulla oli tapahtumarikas kes\u00e4enk\u00e4 ole viel\u00e4k\u00e4\u00e4n toipunutvaikka olen palannut sorvin \u00e4\u00e4reen olin kaksi viikkoa kanadassaperheeni kanssa kun \u00e4iti tarjosi punavalkoisessa montrealissa oli viidet festarit k\u00e4ynniss\u00e4 yht\u00e4 aikaakadut siistej\u00e4homot kauniitaihmiset kiinnostavia nuhjuhotellin aamiaistarj&hellip;\" \/>\n<meta property=\"og:url\" content=\"https:\/\/suomenkuvalehti.fi\/jarki-ja-tunteet\/2010\/08\/30\/kielitaidottoman-tuskaa\/\" \/>\n<meta property=\"og:site_name\" content=\"J\u00e4rki ja tunteet\" \/>\n<meta property=\"article:published_time\" content=\"2010-08-30T16:08:00+00:00\" \/>\n<meta name=\"author\" content=\"Koulukinkku\" \/>\n<meta name=\"twitter:label1\" content=\"Written by\" \/>\n\t<meta name=\"twitter:data1\" content=\"Koulukinkku\" \/>\n\t<meta name=\"twitter:label2\" content=\"Est. reading time\" \/>\n\t<meta name=\"twitter:data2\" content=\"1 minuutti\" \/>\n<script type=\"application\/ld+json\" class=\"yoast-schema-graph\">{\"@context\":\"https:\/\/schema.org\",\"@graph\":[{\"@type\":\"WebPage\",\"@id\":\"https:\/\/suomenkuvalehti.fi\/jarki-ja-tunteet\/2010\/08\/30\/kielitaidottoman-tuskaa\/\",\"url\":\"https:\/\/suomenkuvalehti.fi\/jarki-ja-tunteet\/2010\/08\/30\/kielitaidottoman-tuskaa\/\",\"name\":\"Kielitaidottoman tuskaa - J\u00e4rki ja tunteet\",\"isPartOf\":{\"@id\":\"https:\/\/suomenkuvalehti.fi\/jarki-ja-tunteet\/#website\"},\"datePublished\":\"2010-08-30T16:08:00+00:00\",\"author\":{\"@id\":\"https:\/\/suomenkuvalehti.fi\/jarki-ja-tunteet\/#\/schema\/person\/f1e9ae7b12dc278cd86251f0defe1bf6\"},\"breadcrumb\":{\"@id\":\"https:\/\/suomenkuvalehti.fi\/jarki-ja-tunteet\/2010\/08\/30\/kielitaidottoman-tuskaa\/#breadcrumb\"},\"inLanguage\":\"fi\",\"potentialAction\":[{\"@type\":\"ReadAction\",\"target\":[\"https:\/\/suomenkuvalehti.fi\/jarki-ja-tunteet\/2010\/08\/30\/kielitaidottoman-tuskaa\/\"]}]},{\"@type\":\"BreadcrumbList\",\"@id\":\"https:\/\/suomenkuvalehti.fi\/jarki-ja-tunteet\/2010\/08\/30\/kielitaidottoman-tuskaa\/#breadcrumb\",\"itemListElement\":[{\"@type\":\"ListItem\",\"position\":1,\"name\":\"Home\",\"item\":\"https:\/\/suomenkuvalehti.fi\/jarki-ja-tunteet\/\"},{\"@type\":\"ListItem\",\"position\":2,\"name\":\"Kielitaidottoman tuskaa\"}]},{\"@type\":\"WebSite\",\"@id\":\"https:\/\/suomenkuvalehti.fi\/jarki-ja-tunteet\/#website\",\"url\":\"https:\/\/suomenkuvalehti.fi\/jarki-ja-tunteet\/\",\"name\":\"J\u00e4rki ja tunteet\",\"description\":\"Uusi Suomen Kuvalehti -sivusto\",\"potentialAction\":[{\"@type\":\"SearchAction\",\"target\":{\"@type\":\"EntryPoint\",\"urlTemplate\":\"https:\/\/suomenkuvalehti.fi\/haku\/?q={search_term_string}\"},\"query-input\":{\"@type\":\"PropertyValueSpecification\",\"valueRequired\":true,\"valueName\":\"search_term_string\"}}],\"inLanguage\":\"fi\"},{\"@type\":\"Person\",\"@id\":\"https:\/\/suomenkuvalehti.fi\/jarki-ja-tunteet\/#\/schema\/person\/f1e9ae7b12dc278cd86251f0defe1bf6\",\"name\":\"Koulukinkku\",\"image\":{\"@type\":\"ImageObject\",\"inLanguage\":\"fi\",\"@id\":\"https:\/\/suomenkuvalehti.fi\/jarki-ja-tunteet\/#\/schema\/person\/image\/\",\"url\":\"https:\/\/secure.gravatar.com\/avatar\/c33523e4cb25d7920a88aee325d9b0ca16387a985d6c623ad5ed093338b964e2?s=96&d=mm&r=g\",\"contentUrl\":\"https:\/\/secure.gravatar.com\/avatar\/c33523e4cb25d7920a88aee325d9b0ca16387a985d6c623ad5ed093338b964e2?s=96&d=mm&r=g\",\"caption\":\"Koulukinkku\"}}]}<\/script>\n<!-- \/ Yoast SEO plugin. -->","yoast_head_json":{"title":"Kielitaidottoman tuskaa - J\u00e4rki ja tunteet","robots":{"index":"index","follow":"follow","max-snippet":"max-snippet:-1","max-image-preview":"max-image-preview:large","max-video-preview":"max-video-preview:-1"},"canonical":"https:\/\/suomenkuvalehti.fi\/jarki-ja-tunteet\/2010\/08\/30\/kielitaidottoman-tuskaa\/","og_locale":"fi_FI","og_type":"article","og_title":"Kielitaidottoman tuskaa - J\u00e4rki ja tunteet","og_description":"minulla oli tapahtumarikas kes\u00e4enk\u00e4 ole viel\u00e4k\u00e4\u00e4n toipunutvaikka olen palannut sorvin \u00e4\u00e4reen olin kaksi viikkoa kanadassaperheeni kanssa kun \u00e4iti tarjosi punavalkoisessa montrealissa oli viidet festarit k\u00e4ynniss\u00e4 yht\u00e4 aikaakadut siistej\u00e4homot kauniitaihmiset kiinnostavia nuhjuhotellin aamiaistarj&hellip;","og_url":"https:\/\/suomenkuvalehti.fi\/jarki-ja-tunteet\/2010\/08\/30\/kielitaidottoman-tuskaa\/","og_site_name":"J\u00e4rki ja tunteet","article_published_time":"2010-08-30T16:08:00+00:00","author":"Koulukinkku","twitter_misc":{"Written by":"Koulukinkku","Est. reading time":"1 minuutti"},"schema":{"@context":"https:\/\/schema.org","@graph":[{"@type":"WebPage","@id":"https:\/\/suomenkuvalehti.fi\/jarki-ja-tunteet\/2010\/08\/30\/kielitaidottoman-tuskaa\/","url":"https:\/\/suomenkuvalehti.fi\/jarki-ja-tunteet\/2010\/08\/30\/kielitaidottoman-tuskaa\/","name":"Kielitaidottoman tuskaa - J\u00e4rki ja tunteet","isPartOf":{"@id":"https:\/\/suomenkuvalehti.fi\/jarki-ja-tunteet\/#website"},"datePublished":"2010-08-30T16:08:00+00:00","author":{"@id":"https:\/\/suomenkuvalehti.fi\/jarki-ja-tunteet\/#\/schema\/person\/f1e9ae7b12dc278cd86251f0defe1bf6"},"breadcrumb":{"@id":"https:\/\/suomenkuvalehti.fi\/jarki-ja-tunteet\/2010\/08\/30\/kielitaidottoman-tuskaa\/#breadcrumb"},"inLanguage":"fi","potentialAction":[{"@type":"ReadAction","target":["https:\/\/suomenkuvalehti.fi\/jarki-ja-tunteet\/2010\/08\/30\/kielitaidottoman-tuskaa\/"]}]},{"@type":"BreadcrumbList","@id":"https:\/\/suomenkuvalehti.fi\/jarki-ja-tunteet\/2010\/08\/30\/kielitaidottoman-tuskaa\/#breadcrumb","itemListElement":[{"@type":"ListItem","position":1,"name":"Home","item":"https:\/\/suomenkuvalehti.fi\/jarki-ja-tunteet\/"},{"@type":"ListItem","position":2,"name":"Kielitaidottoman tuskaa"}]},{"@type":"WebSite","@id":"https:\/\/suomenkuvalehti.fi\/jarki-ja-tunteet\/#website","url":"https:\/\/suomenkuvalehti.fi\/jarki-ja-tunteet\/","name":"J\u00e4rki ja tunteet","description":"Uusi Suomen Kuvalehti -sivusto","potentialAction":[{"@type":"SearchAction","target":{"@type":"EntryPoint","urlTemplate":"https:\/\/suomenkuvalehti.fi\/haku\/?q={search_term_string}"},"query-input":{"@type":"PropertyValueSpecification","valueRequired":true,"valueName":"search_term_string"}}],"inLanguage":"fi"},{"@type":"Person","@id":"https:\/\/suomenkuvalehti.fi\/jarki-ja-tunteet\/#\/schema\/person\/f1e9ae7b12dc278cd86251f0defe1bf6","name":"Koulukinkku","image":{"@type":"ImageObject","inLanguage":"fi","@id":"https:\/\/suomenkuvalehti.fi\/jarki-ja-tunteet\/#\/schema\/person\/image\/","url":"https:\/\/secure.gravatar.com\/avatar\/c33523e4cb25d7920a88aee325d9b0ca16387a985d6c623ad5ed093338b964e2?s=96&d=mm&r=g","contentUrl":"https:\/\/secure.gravatar.com\/avatar\/c33523e4cb25d7920a88aee325d9b0ca16387a985d6c623ad5ed093338b964e2?s=96&d=mm&r=g","caption":"Koulukinkku"}}]}},"_links":{"self":[{"href":"https:\/\/suomenkuvalehti.fi\/jarki-ja-tunteet\/wp-json\/wp\/v2\/posts\/60","targetHints":{"allow":["GET"]}}],"collection":[{"href":"https:\/\/suomenkuvalehti.fi\/jarki-ja-tunteet\/wp-json\/wp\/v2\/posts"}],"about":[{"href":"https:\/\/suomenkuvalehti.fi\/jarki-ja-tunteet\/wp-json\/wp\/v2\/types\/post"}],"author":[{"embeddable":true,"href":"https:\/\/suomenkuvalehti.fi\/jarki-ja-tunteet\/wp-json\/wp\/v2\/users\/162"}],"replies":[{"embeddable":true,"href":"https:\/\/suomenkuvalehti.fi\/jarki-ja-tunteet\/wp-json\/wp\/v2\/comments?post=60"}],"version-history":[{"count":0,"href":"https:\/\/suomenkuvalehti.fi\/jarki-ja-tunteet\/wp-json\/wp\/v2\/posts\/60\/revisions"}],"wp:attachment":[{"href":"https:\/\/suomenkuvalehti.fi\/jarki-ja-tunteet\/wp-json\/wp\/v2\/media?parent=60"}],"wp:term":[{"taxonomy":"category","embeddable":true,"href":"https:\/\/suomenkuvalehti.fi\/jarki-ja-tunteet\/wp-json\/wp\/v2\/categories?post=60"},{"taxonomy":"post_tag","embeddable":true,"href":"https:\/\/suomenkuvalehti.fi\/jarki-ja-tunteet\/wp-json\/wp\/v2\/tags?post=60"}],"curies":[{"name":"wp","href":"https:\/\/api.w.org\/{rel}","templated":true}]}}