{"id":59,"date":"2010-09-03T17:30:01","date_gmt":"2010-09-03T14:30:01","guid":{"rendered":"https:\/\/suomenkuvalehti.fi\/jarki-ja-tunteet\/2010\/09\/03\/eroaisinko-oajsta\/"},"modified":"2010-09-03T17:30:01","modified_gmt":"2010-09-03T14:30:01","slug":"eroaisinko-oajsta","status":"publish","type":"post","link":"https:\/\/suomenkuvalehti.fi\/jarki-ja-tunteet\/2010\/09\/03\/eroaisinko-oajsta\/","title":{"rendered":"Eroaisinko OAJ:sta?"},"content":{"rendered":"\n<p>olen kovasti miettinyt<br>ammattiliittojen valtaa<br>ja mietin <br>onko niille vaihtoehtoja<\/p>\n\n\n\n\n<p>kaipaan enemm\u00e4n barrikadeja <br>enk\u00e4 korrektia hymistely\u00e4<br>ep\u00e4kohtien korjaamiseksi<\/p>\n\n\n\n<p>monet ovat tyytym\u00e4tt\u00f6mi\u00e4<br><a href=\"http:\/\/www.opettaja.fi\/pls\/portal\/docs\/PAGE\/OPETTAJALEHTI_EPAPER_PG\/2010_35\/page16.htm\" target=\"_blank\">varsinkin nuoret ja virattomat<\/a><br>ja olen pohtinut paljon<br>mit\u00e4 saan liitoltani vastineeksi<br>korkeata ammattiliittomaksua vastaan:<\/p>\n\n\n\n<p>ihan turhan&nbsp;taskukalenterin<br>opettaja-lehden &#8230; ai niin!<br>paikallinen yhdistys j\u00e4rjest\u00e4\u00e4 olutillan<\/p>\n\n\n\n<p>OAJ:lla on prameat tilat pasilassa<br>lattiat kimaltavat<br>lasikatot kiilt\u00e4v\u00e4t<br>aulasohvat upottavat<br>heill\u00e4 on oma ovivahti<br>eik\u00e4 kanttiinin ruoka ole kouluruokaa<br>(sori mutta mummoni oli kunnon kommunisti<br>ja aina se helvi n\u00e4k\u00f6j\u00e4\u00e4n pukkaa p\u00e4\u00e4t\u00e4\u00e4n esiin)<\/p>\n\n\n\n<p>tietenkin odotukseni ovat kovat<br>kun luukkainen on uusi mies <br>pari hyv\u00e4\u00e4 kommenttia h\u00e4nelt\u00e4 on herunut:<br>mm. opettajan &#8221;titteli&#8221; <br>olisi suojattava mopettajilta<br>ja luukkainen my\u00f6t\u00e4\u00e4<br><a href=\"http:\/\/yle.fi\/uutiset\/kotimaa\/2010\/08\/opettajista_ylitarjontaa_yliopistokaupungeissa_1902257.html\" target=\"_blank\">ett\u00e4 opettajista on ylitarjontaa<\/a><br>mutta sen olemme tienneet <br>jo usean vuoden ajan<\/p>\n\n\n\n<p>eroaminen OAJ:sta tuli taas kes\u00e4ll\u00e4 mieleen<br>kun vertasin ty\u00f6tt\u00f6myysrahan odottelua<br><a href=\"http:\/\/www.metalliliitto.fi\/portal\/suomi\/ajankohtaista\/?id=2137\" target=\"_blank\">vaikka metallimiesten tilanteeseen<\/a><br>saavatkohan ne liitolta empatiaa<br>ja kannustavan l\u00e4im\u00e4yksen olalle?<\/p>\n\n\n\n<p>t\u00e4m\u00e4 oli kuudes palkaton kes\u00e4ni<br>valmistumiseni j\u00e4lkeen<br>joten olin aika maassa<br>edunvalvontaa pyh ja pah<\/p>\n\n\n\n<p>ensin t\u00e4ytin ansiop\u00e4iv\u00e4rahahakemuksen<br>6 sivua pienell\u00e4 pr\u00e4ntill\u00e4<\/p>\n\n\n\n<p>mutta vasta maailman tylyin<br>passiivilla kuorrutettu kapulakielinen<br>nelisivuinen kirje ty\u00f6tt\u00f6myyskassalta<br>sai minut kihisem\u00e4\u00e4n raivosta:<\/p>\n\n\n\n<p><em><a href=\"http:\/\/www.opetk.fi\/\" target=\"_blank\">&#8221;voit soittaa meille vain<br>maanantaisin ja torstaisin<br>puhelinpalvelussamme on ruuhkaa<br>k\u00e4sittelyaika on 8 viikkoa<br>korvaukseton omavastuuaika on kaksi viikkoa&#8221;<\/a><\/em><\/p>\n\n\n\n<p>ja silti kes\u00e4kuulta ja elokuulta pit\u00e4\u00e4 maksaa<br>t\u00e4ysim\u00e4\u00e4r\u00e4inen ay-maksu &#8211; miksi?<\/p>\n\n\n\n<p>terveyskeskukseenkin saa helpommin ajan<br>kuin opettajien ty\u00f6tt\u00f6myyskassan virkailijan pakeille<\/p>\n\n\n\n<p><em>&#8221;palaamme asiaan<br>kun olet toimittanut kaikki liitteet<br>palkkakuitit ja kopiot ty\u00f6sopimuksista <br>viimeiselt\u00e4 vuodelta ja by the way<br>ne ja ne seikat alentavat <br>ty\u00f6tt\u00f6myyskorvauksesi m\u00e4\u00e4r\u00e4\u00e4<br>toimita viel\u00e4 n\u00e4m\u00e4 selvitykset&#8221;<\/em><\/p>\n\n\n\n<p>opettajien ty\u00f6tt\u00f6myyskassa sek\u00e4 OAJ<br>voisivat palkata<br>jonkun stilisoimaan nettisivujaan ja <br>pehment\u00e4m\u00e4\u00e4n iskua<br>asenne on kylm\u00e4kiskoinen<\/p>\n\n\n\n<p>t\u00e4ss\u00e4 suoria otteita <br>heid\u00e4n kirjeest\u00e4\u00e4n (huomaa huutomerkit)<br><em>&#8221;VARAUDU K\u00c4SITTELYAIKAAN!&#8221;<br>Tutustu huolella s\u00e4hk\u00f6ist\u00e4 hakemista koskeviin ohjeisiin!<br>Asiointi vaatii ty\u00f6tt\u00f6myyskassan j\u00e4sennumeron!<br>Kes\u00e4ll\u00e4 Opettajien ty\u00f6tt\u00f6myyskassan hakijam\u00e4\u00e4r\u00e4t<br>yli kaksinkertaistuvat talvikauteen verrattuna. <br>Tuhansien hakemusten saapuminen lyhyen ajan sis\u00e4ll\u00e4<br>merkitsee v\u00e4\u00e4j\u00e4\u00e4m\u00e4tt\u00e4, ett\u00e4 k\u00e4sittelyajat pitenev\u00e4t. <br>N\u00e4in siit\u00e4 huolimatta, ett\u00e4 palkkaamme kes\u00e4ksi sijaisia<br>hakemusk\u00e4sittelyyn, eik\u00e4 tyhji\u00e4 ty\u00f6pisteit\u00e4 ole.&#8221;<\/em><\/p>\n\n\n\n<p>ihan kuin he eiv\u00e4t t\u00e4t\u00e4 entuudestaan tiet\u00e4isi<br>no, toivottavasti palkkaavat ty\u00f6tt\u00f6mi\u00e4 opettajia<\/p>\n\n\n\n<p>olen keski-ik\u00e4inen korkeasti koulutettu nainen<br>ja el\u00e4n viel\u00e4 \u00e4idin suosiollisella avustuksella<br>aika noloa<\/p>\n\n\n\n<p>k\u00e4yn viel\u00e4 katsomassa <a href=\"http:\/\/www.oaj.fi\/portal\/page?_pageid=515,434647&amp;_dad=portal&amp;_schema=PORTAL\" target=\"_blank\">OAJ:n nettisivut<\/a><br>jospa muuttaisin mieleni<\/p>\n\n\n\n<p>siell\u00e4 mainostetaan<br>opetusmenetelm\u00e4laivaseminaaria<br>mariellalla sinkkuhintaan 460 e<\/p>\n\n\n\n<p>k\u00e4\u00e4nt\u00e4k\u00e4\u00e4 joku p\u00e4\u00e4ni<br>ja pian<\/p>\n\n\n\n<p>&nbsp;<\/p>\n\n\n","protected":false},"excerpt":{"rendered":"<p>olen kovasti miettinytammattiliittojen valtaaja mietin onko niille vaihtoehtoja kaipaan enemm\u00e4n barrikadeja enk\u00e4 korrektia hymistely\u00e4ep\u00e4kohtien korjaamiseksi monet ovat tyytym\u00e4tt\u00f6mi\u00e4varsinkin nuoret ja virattomatja olen pohtinut paljonmit\u00e4 saan liitoltani vastineeksikorkeata ammattiliittomaksua<br \/>\nvastaan&hellip;<\/p>\n","protected":false},"author":162,"featured_media":0,"comment_status":"open","ping_status":"open","sticky":false,"template":"","format":"standard","meta":{"_acf_changed":false,"asauth_required_access_level":0,"asauth_cansharepaid":"","om_header_attributes":[],"footnotes":"","om_featured_image_focal_point":[],"om_primary_tag":0,"om_contributors":[],"om_co_authors":[],"beyondwords_generate_audio":"","beyondwords_project_id":"","beyondwords_content_id":"","beyondwords_preview_token":"","beyondwords_player_content":"","beyondwords_player_style":"","beyondwords_language_code":"","beyondwords_language_id":"","beyondwords_title_voice_id":"","beyondwords_body_voice_id":"","beyondwords_summary_voice_id":"","beyondwords_error_message":"","beyondwords_disabled":"","beyondwords_delete_content":"","beyondwords_podcast_id":"","beyondwords_hash":"","publish_post_to_speechkit":"","speechkit_hash":"","speechkit_generate_audio":"","speechkit_project_id":"","speechkit_podcast_id":"","speechkit_error_message":"","speechkit_disabled":"","speechkit_access_key":"","speechkit_error":"","speechkit_info":"","speechkit_response":"","speechkit_retries":"","speechkit_status":"","speechkit_updated_at":"","_speechkit_link":"","_speechkit_text":""},"categories":[1],"tags":[270,271,4,96],"class_list":["post-59","post","type-post","status-publish","format-standard","hentry","category-yleinen","tag-ammattiliitot","tag-edunvalvonta","tag-oaj","tag-opettajien-tyottomyyskassa"],"om_views":null,"acf":{"tuuma_off":false,"tuuma_kysymys":"","tuuma_vastaus":""},"asauth":{"required_access_level":1,"share_token":"","is_paid":false},"yoast_head":"<!-- This site is optimized with the Yoast SEO plugin v26.4 - https:\/\/yoast.com\/wordpress\/plugins\/seo\/ -->\n<title>Eroaisinko OAJ:sta? - J\u00e4rki ja tunteet<\/title>\n<meta name=\"robots\" content=\"index, follow, max-snippet:-1, max-image-preview:large, max-video-preview:-1\" \/>\n<link rel=\"canonical\" href=\"https:\/\/suomenkuvalehti.fi\/jarki-ja-tunteet\/2010\/09\/03\/eroaisinko-oajsta\/\" \/>\n<meta property=\"og:locale\" content=\"fi_FI\" \/>\n<meta property=\"og:type\" content=\"article\" \/>\n<meta property=\"og:title\" content=\"Eroaisinko OAJ:sta? - J\u00e4rki ja tunteet\" \/>\n<meta property=\"og:description\" content=\"olen kovasti miettinytammattiliittojen valtaaja mietin onko niille vaihtoehtoja kaipaan enemm\u00e4n barrikadeja enk\u00e4 korrektia hymistely\u00e4ep\u00e4kohtien korjaamiseksi monet ovat tyytym\u00e4tt\u00f6mi\u00e4varsinkin nuoret ja virattomatja olen pohtinut paljonmit\u00e4 saan liitoltani vastineeksikorkeata ammattiliittomaksua vastaan&hellip;\" \/>\n<meta property=\"og:url\" content=\"https:\/\/suomenkuvalehti.fi\/jarki-ja-tunteet\/2010\/09\/03\/eroaisinko-oajsta\/\" \/>\n<meta property=\"og:site_name\" content=\"J\u00e4rki ja tunteet\" \/>\n<meta property=\"article:published_time\" content=\"2010-09-03T14:30:01+00:00\" \/>\n<meta name=\"author\" content=\"Koulukinkku\" \/>\n<meta name=\"twitter:label1\" content=\"Written by\" \/>\n\t<meta name=\"twitter:data1\" content=\"Koulukinkku\" \/>\n\t<meta name=\"twitter:label2\" content=\"Est. reading time\" \/>\n\t<meta name=\"twitter:data2\" content=\"2 minuuttia\" \/>\n<script type=\"application\/ld+json\" class=\"yoast-schema-graph\">{\"@context\":\"https:\/\/schema.org\",\"@graph\":[{\"@type\":\"WebPage\",\"@id\":\"https:\/\/suomenkuvalehti.fi\/jarki-ja-tunteet\/2010\/09\/03\/eroaisinko-oajsta\/\",\"url\":\"https:\/\/suomenkuvalehti.fi\/jarki-ja-tunteet\/2010\/09\/03\/eroaisinko-oajsta\/\",\"name\":\"Eroaisinko OAJ:sta? - J\u00e4rki ja tunteet\",\"isPartOf\":{\"@id\":\"https:\/\/suomenkuvalehti.fi\/jarki-ja-tunteet\/#website\"},\"datePublished\":\"2010-09-03T14:30:01+00:00\",\"author\":{\"@id\":\"https:\/\/suomenkuvalehti.fi\/jarki-ja-tunteet\/#\/schema\/person\/f1e9ae7b12dc278cd86251f0defe1bf6\"},\"breadcrumb\":{\"@id\":\"https:\/\/suomenkuvalehti.fi\/jarki-ja-tunteet\/2010\/09\/03\/eroaisinko-oajsta\/#breadcrumb\"},\"inLanguage\":\"fi\",\"potentialAction\":[{\"@type\":\"ReadAction\",\"target\":[\"https:\/\/suomenkuvalehti.fi\/jarki-ja-tunteet\/2010\/09\/03\/eroaisinko-oajsta\/\"]}]},{\"@type\":\"BreadcrumbList\",\"@id\":\"https:\/\/suomenkuvalehti.fi\/jarki-ja-tunteet\/2010\/09\/03\/eroaisinko-oajsta\/#breadcrumb\",\"itemListElement\":[{\"@type\":\"ListItem\",\"position\":1,\"name\":\"Home\",\"item\":\"https:\/\/suomenkuvalehti.fi\/jarki-ja-tunteet\/\"},{\"@type\":\"ListItem\",\"position\":2,\"name\":\"Eroaisinko OAJ:sta?\"}]},{\"@type\":\"WebSite\",\"@id\":\"https:\/\/suomenkuvalehti.fi\/jarki-ja-tunteet\/#website\",\"url\":\"https:\/\/suomenkuvalehti.fi\/jarki-ja-tunteet\/\",\"name\":\"J\u00e4rki ja tunteet\",\"description\":\"Uusi Suomen Kuvalehti -sivusto\",\"potentialAction\":[{\"@type\":\"SearchAction\",\"target\":{\"@type\":\"EntryPoint\",\"urlTemplate\":\"https:\/\/suomenkuvalehti.fi\/haku\/?q={search_term_string}\"},\"query-input\":{\"@type\":\"PropertyValueSpecification\",\"valueRequired\":true,\"valueName\":\"search_term_string\"}}],\"inLanguage\":\"fi\"},{\"@type\":\"Person\",\"@id\":\"https:\/\/suomenkuvalehti.fi\/jarki-ja-tunteet\/#\/schema\/person\/f1e9ae7b12dc278cd86251f0defe1bf6\",\"name\":\"Koulukinkku\",\"image\":{\"@type\":\"ImageObject\",\"inLanguage\":\"fi\",\"@id\":\"https:\/\/suomenkuvalehti.fi\/jarki-ja-tunteet\/#\/schema\/person\/image\/\",\"url\":\"https:\/\/secure.gravatar.com\/avatar\/c33523e4cb25d7920a88aee325d9b0ca16387a985d6c623ad5ed093338b964e2?s=96&d=mm&r=g\",\"contentUrl\":\"https:\/\/secure.gravatar.com\/avatar\/c33523e4cb25d7920a88aee325d9b0ca16387a985d6c623ad5ed093338b964e2?s=96&d=mm&r=g\",\"caption\":\"Koulukinkku\"}}]}<\/script>\n<!-- \/ Yoast SEO plugin. -->","yoast_head_json":{"title":"Eroaisinko OAJ:sta? - J\u00e4rki ja tunteet","robots":{"index":"index","follow":"follow","max-snippet":"max-snippet:-1","max-image-preview":"max-image-preview:large","max-video-preview":"max-video-preview:-1"},"canonical":"https:\/\/suomenkuvalehti.fi\/jarki-ja-tunteet\/2010\/09\/03\/eroaisinko-oajsta\/","og_locale":"fi_FI","og_type":"article","og_title":"Eroaisinko OAJ:sta? - J\u00e4rki ja tunteet","og_description":"olen kovasti miettinytammattiliittojen valtaaja mietin onko niille vaihtoehtoja kaipaan enemm\u00e4n barrikadeja enk\u00e4 korrektia hymistely\u00e4ep\u00e4kohtien korjaamiseksi monet ovat tyytym\u00e4tt\u00f6mi\u00e4varsinkin nuoret ja virattomatja olen pohtinut paljonmit\u00e4 saan liitoltani vastineeksikorkeata ammattiliittomaksua vastaan&hellip;","og_url":"https:\/\/suomenkuvalehti.fi\/jarki-ja-tunteet\/2010\/09\/03\/eroaisinko-oajsta\/","og_site_name":"J\u00e4rki ja tunteet","article_published_time":"2010-09-03T14:30:01+00:00","author":"Koulukinkku","twitter_misc":{"Written by":"Koulukinkku","Est. reading time":"2 minuuttia"},"schema":{"@context":"https:\/\/schema.org","@graph":[{"@type":"WebPage","@id":"https:\/\/suomenkuvalehti.fi\/jarki-ja-tunteet\/2010\/09\/03\/eroaisinko-oajsta\/","url":"https:\/\/suomenkuvalehti.fi\/jarki-ja-tunteet\/2010\/09\/03\/eroaisinko-oajsta\/","name":"Eroaisinko OAJ:sta? - J\u00e4rki ja tunteet","isPartOf":{"@id":"https:\/\/suomenkuvalehti.fi\/jarki-ja-tunteet\/#website"},"datePublished":"2010-09-03T14:30:01+00:00","author":{"@id":"https:\/\/suomenkuvalehti.fi\/jarki-ja-tunteet\/#\/schema\/person\/f1e9ae7b12dc278cd86251f0defe1bf6"},"breadcrumb":{"@id":"https:\/\/suomenkuvalehti.fi\/jarki-ja-tunteet\/2010\/09\/03\/eroaisinko-oajsta\/#breadcrumb"},"inLanguage":"fi","potentialAction":[{"@type":"ReadAction","target":["https:\/\/suomenkuvalehti.fi\/jarki-ja-tunteet\/2010\/09\/03\/eroaisinko-oajsta\/"]}]},{"@type":"BreadcrumbList","@id":"https:\/\/suomenkuvalehti.fi\/jarki-ja-tunteet\/2010\/09\/03\/eroaisinko-oajsta\/#breadcrumb","itemListElement":[{"@type":"ListItem","position":1,"name":"Home","item":"https:\/\/suomenkuvalehti.fi\/jarki-ja-tunteet\/"},{"@type":"ListItem","position":2,"name":"Eroaisinko OAJ:sta?"}]},{"@type":"WebSite","@id":"https:\/\/suomenkuvalehti.fi\/jarki-ja-tunteet\/#website","url":"https:\/\/suomenkuvalehti.fi\/jarki-ja-tunteet\/","name":"J\u00e4rki ja tunteet","description":"Uusi Suomen Kuvalehti -sivusto","potentialAction":[{"@type":"SearchAction","target":{"@type":"EntryPoint","urlTemplate":"https:\/\/suomenkuvalehti.fi\/haku\/?q={search_term_string}"},"query-input":{"@type":"PropertyValueSpecification","valueRequired":true,"valueName":"search_term_string"}}],"inLanguage":"fi"},{"@type":"Person","@id":"https:\/\/suomenkuvalehti.fi\/jarki-ja-tunteet\/#\/schema\/person\/f1e9ae7b12dc278cd86251f0defe1bf6","name":"Koulukinkku","image":{"@type":"ImageObject","inLanguage":"fi","@id":"https:\/\/suomenkuvalehti.fi\/jarki-ja-tunteet\/#\/schema\/person\/image\/","url":"https:\/\/secure.gravatar.com\/avatar\/c33523e4cb25d7920a88aee325d9b0ca16387a985d6c623ad5ed093338b964e2?s=96&d=mm&r=g","contentUrl":"https:\/\/secure.gravatar.com\/avatar\/c33523e4cb25d7920a88aee325d9b0ca16387a985d6c623ad5ed093338b964e2?s=96&d=mm&r=g","caption":"Koulukinkku"}}]}},"_links":{"self":[{"href":"https:\/\/suomenkuvalehti.fi\/jarki-ja-tunteet\/wp-json\/wp\/v2\/posts\/59","targetHints":{"allow":["GET"]}}],"collection":[{"href":"https:\/\/suomenkuvalehti.fi\/jarki-ja-tunteet\/wp-json\/wp\/v2\/posts"}],"about":[{"href":"https:\/\/suomenkuvalehti.fi\/jarki-ja-tunteet\/wp-json\/wp\/v2\/types\/post"}],"author":[{"embeddable":true,"href":"https:\/\/suomenkuvalehti.fi\/jarki-ja-tunteet\/wp-json\/wp\/v2\/users\/162"}],"replies":[{"embeddable":true,"href":"https:\/\/suomenkuvalehti.fi\/jarki-ja-tunteet\/wp-json\/wp\/v2\/comments?post=59"}],"version-history":[{"count":0,"href":"https:\/\/suomenkuvalehti.fi\/jarki-ja-tunteet\/wp-json\/wp\/v2\/posts\/59\/revisions"}],"wp:attachment":[{"href":"https:\/\/suomenkuvalehti.fi\/jarki-ja-tunteet\/wp-json\/wp\/v2\/media?parent=59"}],"wp:term":[{"taxonomy":"category","embeddable":true,"href":"https:\/\/suomenkuvalehti.fi\/jarki-ja-tunteet\/wp-json\/wp\/v2\/categories?post=59"},{"taxonomy":"post_tag","embeddable":true,"href":"https:\/\/suomenkuvalehti.fi\/jarki-ja-tunteet\/wp-json\/wp\/v2\/tags?post=59"}],"curies":[{"name":"wp","href":"https:\/\/api.w.org\/{rel}","templated":true}]}}