{"id":51,"date":"2010-10-01T05:23:00","date_gmt":"2010-10-01T02:23:00","guid":{"rendered":"https:\/\/suomenkuvalehti.fi\/jarki-ja-tunteet\/2010\/10\/01\/kun-reksi-kay-kuumana\/"},"modified":"2010-10-01T05:23:00","modified_gmt":"2010-10-01T02:23:00","slug":"kun-reksi-kay-kuumana","status":"publish","type":"post","link":"https:\/\/suomenkuvalehti.fi\/jarki-ja-tunteet\/2010\/10\/01\/kun-reksi-kay-kuumana\/","title":{"rendered":"Kun reksi k\u00e4y kuumana"},"content":{"rendered":"\n<p>chattailin eilen yhden kollegan kanssa<br>ja yht\u00e4kki\u00e4 h\u00e4n kysyi<br>ett\u00e4 mit\u00e4 pit\u00e4isi tehd\u00e4<br>kun pomo ehdottelee sopimattomia<\/p>\n\n\n\n<p>olin juuri palaverissa<br>jossa perattiin oman ty\u00f6yhteis\u00f6mme<br>ty\u00f6hyvinvoinnin tuloksia<br>ja h\u00e4mm\u00e4styin siin\u00e4kin esiintynytt\u00e4<br>seksuaalista h\u00e4irint\u00e4\u00e4<br>ei siit\u00e4 ole n\u00e4k\u00f6j\u00e4\u00e4n p\u00e4\u00e4sty<\/p>\n\n\n\n<p>vastasin kollegan kysymykseen<br>kolmella kysymysmerkill\u00e4<br>ja \u00e4imistyneell\u00e4 hymi\u00f6ll\u00e4<\/p>\n\n\n\n<p>en voinut ymm\u00e4rt\u00e4\u00e4<br>ett\u00e4 miten esimies uskaltaa<br>n\u00e4in\u00e4 aikoina<\/p>\n\n\n\n<p>no toisaalta<br>eih\u00e4n sopimattomasta k\u00e4ytt\u00e4ytymisest\u00e4<br>eduskunnassakaan ollut mit\u00e4\u00e4n seuraamuksia<br>ja jossain se virkamiesstandardi asetetaan<\/p>\n\n\n\n<p>rehtori oli kuulemma sanonut<br>ett\u00e4 &#8221;k\u00e4yn suhun ihan kuumana&#8221;<br>ja ryyditti tuntemuksiaan likist\u00e4v\u00e4ll\u00e4 otteella<\/p>\n\n\n\n<p>tee sille selv\u00e4ksi<br>ett\u00e4 olet naimisissa<br>ehdotin<\/p>\n\n\n\n<p>no niin on sekin<br>tuli vastaus<\/p>\n\n\n\n<p>sanoin ett\u00e4 vaihda ty\u00f6paikkaa<\/p>\n\n\n\n<p>johon h\u00e4n<br>ett\u00e4 ei nyt tommoisen takia<br>sill\u00e4 m\u00e4h\u00e4n rakastan t\u00e4t\u00e4 ty\u00f6t\u00e4<\/p>\n\n\n\n<p>&nbsp;<\/p>\n\n\n","protected":false},"excerpt":{"rendered":"<p>chattailin eilen yhden kollegan kanssaja yht\u00e4kki\u00e4 h\u00e4n kysyiett\u00e4 mit\u00e4 pit\u00e4isi tehd\u00e4kun pomo ehdottelee sopimattomia olin juuri palaverissajossa perattiin oman ty\u00f6yhteis\u00f6mmety\u00f6hyvinvoinnin tuloksiaja h\u00e4mm\u00e4styin siin\u00e4kin esiintynytt\u00e4seksuaalista h\u00e4irint\u00e4\u00e4ei siit\u00e4 ole n\u00e4k\u00f6j\u00e4\u00e4n p\u00e4\u00e4sty<br \/>\nvastasin kollegan kysym&hellip;<\/p>\n","protected":false},"author":162,"featured_media":0,"comment_status":"open","ping_status":"open","sticky":false,"template":"","format":"standard","meta":{"_acf_changed":false,"asauth_required_access_level":0,"asauth_cansharepaid":"","om_header_attributes":[],"footnotes":"","om_featured_image_focal_point":[],"om_primary_tag":0,"om_contributors":[],"om_co_authors":[],"beyondwords_generate_audio":"","beyondwords_project_id":"","beyondwords_content_id":"","beyondwords_preview_token":"","beyondwords_player_content":"","beyondwords_player_style":"","beyondwords_language_code":"","beyondwords_language_id":"","beyondwords_title_voice_id":"","beyondwords_body_voice_id":"","beyondwords_summary_voice_id":"","beyondwords_error_message":"","beyondwords_disabled":"","beyondwords_delete_content":"","beyondwords_podcast_id":"","beyondwords_hash":"","publish_post_to_speechkit":"","speechkit_hash":"","speechkit_generate_audio":"","speechkit_project_id":"","speechkit_podcast_id":"","speechkit_error_message":"","speechkit_disabled":"","speechkit_access_key":"","speechkit_error":"","speechkit_info":"","speechkit_response":"","speechkit_retries":"","speechkit_status":"","speechkit_updated_at":"","_speechkit_link":"","_speechkit_text":""},"categories":[1],"tags":[238,65,176,237],"class_list":["post-51","post","type-post","status-publish","format-standard","hentry","category-yleinen","tag-esimies","tag-opettaja","tag-rehtori","tag-seksuaalinen-hairinta"],"om_views":null,"acf":{"tuuma_off":false,"tuuma_kysymys":"","tuuma_vastaus":""},"asauth":{"required_access_level":1,"share_token":"","is_paid":false},"yoast_head":"<!-- This site is optimized with the Yoast SEO plugin v26.4 - https:\/\/yoast.com\/wordpress\/plugins\/seo\/ -->\n<title>Kun reksi k\u00e4y kuumana - J\u00e4rki ja tunteet<\/title>\n<meta name=\"robots\" content=\"index, follow, max-snippet:-1, max-image-preview:large, max-video-preview:-1\" \/>\n<link rel=\"canonical\" href=\"https:\/\/suomenkuvalehti.fi\/jarki-ja-tunteet\/2010\/10\/01\/kun-reksi-kay-kuumana\/\" \/>\n<meta property=\"og:locale\" content=\"fi_FI\" \/>\n<meta property=\"og:type\" content=\"article\" \/>\n<meta property=\"og:title\" content=\"Kun reksi k\u00e4y kuumana - J\u00e4rki ja tunteet\" \/>\n<meta property=\"og:description\" content=\"chattailin eilen yhden kollegan kanssaja yht\u00e4kki\u00e4 h\u00e4n kysyiett\u00e4 mit\u00e4 pit\u00e4isi tehd\u00e4kun pomo ehdottelee sopimattomia olin juuri palaverissajossa perattiin oman ty\u00f6yhteis\u00f6mmety\u00f6hyvinvoinnin tuloksiaja h\u00e4mm\u00e4styin siin\u00e4kin esiintynytt\u00e4seksuaalista h\u00e4irint\u00e4\u00e4ei siit\u00e4 ole n\u00e4k\u00f6j\u00e4\u00e4n p\u00e4\u00e4sty vastasin kollegan kysym&hellip;\" \/>\n<meta property=\"og:url\" content=\"https:\/\/suomenkuvalehti.fi\/jarki-ja-tunteet\/2010\/10\/01\/kun-reksi-kay-kuumana\/\" \/>\n<meta property=\"og:site_name\" content=\"J\u00e4rki ja tunteet\" \/>\n<meta property=\"article:published_time\" content=\"2010-10-01T02:23:00+00:00\" \/>\n<meta name=\"author\" content=\"Koulukinkku\" \/>\n<meta name=\"twitter:label1\" content=\"Written by\" \/>\n\t<meta name=\"twitter:data1\" content=\"Koulukinkku\" \/>\n\t<meta name=\"twitter:label2\" content=\"Est. reading time\" \/>\n\t<meta name=\"twitter:data2\" content=\"1 minuutti\" \/>\n<script type=\"application\/ld+json\" class=\"yoast-schema-graph\">{\"@context\":\"https:\/\/schema.org\",\"@graph\":[{\"@type\":\"WebPage\",\"@id\":\"https:\/\/suomenkuvalehti.fi\/jarki-ja-tunteet\/2010\/10\/01\/kun-reksi-kay-kuumana\/\",\"url\":\"https:\/\/suomenkuvalehti.fi\/jarki-ja-tunteet\/2010\/10\/01\/kun-reksi-kay-kuumana\/\",\"name\":\"Kun reksi k\u00e4y kuumana - J\u00e4rki ja tunteet\",\"isPartOf\":{\"@id\":\"https:\/\/suomenkuvalehti.fi\/jarki-ja-tunteet\/#website\"},\"datePublished\":\"2010-10-01T02:23:00+00:00\",\"author\":{\"@id\":\"https:\/\/suomenkuvalehti.fi\/jarki-ja-tunteet\/#\/schema\/person\/f1e9ae7b12dc278cd86251f0defe1bf6\"},\"breadcrumb\":{\"@id\":\"https:\/\/suomenkuvalehti.fi\/jarki-ja-tunteet\/2010\/10\/01\/kun-reksi-kay-kuumana\/#breadcrumb\"},\"inLanguage\":\"fi\",\"potentialAction\":[{\"@type\":\"ReadAction\",\"target\":[\"https:\/\/suomenkuvalehti.fi\/jarki-ja-tunteet\/2010\/10\/01\/kun-reksi-kay-kuumana\/\"]}]},{\"@type\":\"BreadcrumbList\",\"@id\":\"https:\/\/suomenkuvalehti.fi\/jarki-ja-tunteet\/2010\/10\/01\/kun-reksi-kay-kuumana\/#breadcrumb\",\"itemListElement\":[{\"@type\":\"ListItem\",\"position\":1,\"name\":\"Home\",\"item\":\"https:\/\/suomenkuvalehti.fi\/jarki-ja-tunteet\/\"},{\"@type\":\"ListItem\",\"position\":2,\"name\":\"Kun reksi k\u00e4y kuumana\"}]},{\"@type\":\"WebSite\",\"@id\":\"https:\/\/suomenkuvalehti.fi\/jarki-ja-tunteet\/#website\",\"url\":\"https:\/\/suomenkuvalehti.fi\/jarki-ja-tunteet\/\",\"name\":\"J\u00e4rki ja tunteet\",\"description\":\"Uusi Suomen Kuvalehti -sivusto\",\"potentialAction\":[{\"@type\":\"SearchAction\",\"target\":{\"@type\":\"EntryPoint\",\"urlTemplate\":\"https:\/\/suomenkuvalehti.fi\/haku\/?q={search_term_string}\"},\"query-input\":{\"@type\":\"PropertyValueSpecification\",\"valueRequired\":true,\"valueName\":\"search_term_string\"}}],\"inLanguage\":\"fi\"},{\"@type\":\"Person\",\"@id\":\"https:\/\/suomenkuvalehti.fi\/jarki-ja-tunteet\/#\/schema\/person\/f1e9ae7b12dc278cd86251f0defe1bf6\",\"name\":\"Koulukinkku\",\"image\":{\"@type\":\"ImageObject\",\"inLanguage\":\"fi\",\"@id\":\"https:\/\/suomenkuvalehti.fi\/jarki-ja-tunteet\/#\/schema\/person\/image\/\",\"url\":\"https:\/\/secure.gravatar.com\/avatar\/c33523e4cb25d7920a88aee325d9b0ca16387a985d6c623ad5ed093338b964e2?s=96&d=mm&r=g\",\"contentUrl\":\"https:\/\/secure.gravatar.com\/avatar\/c33523e4cb25d7920a88aee325d9b0ca16387a985d6c623ad5ed093338b964e2?s=96&d=mm&r=g\",\"caption\":\"Koulukinkku\"}}]}<\/script>\n<!-- \/ Yoast SEO plugin. -->","yoast_head_json":{"title":"Kun reksi k\u00e4y kuumana - J\u00e4rki ja tunteet","robots":{"index":"index","follow":"follow","max-snippet":"max-snippet:-1","max-image-preview":"max-image-preview:large","max-video-preview":"max-video-preview:-1"},"canonical":"https:\/\/suomenkuvalehti.fi\/jarki-ja-tunteet\/2010\/10\/01\/kun-reksi-kay-kuumana\/","og_locale":"fi_FI","og_type":"article","og_title":"Kun reksi k\u00e4y kuumana - J\u00e4rki ja tunteet","og_description":"chattailin eilen yhden kollegan kanssaja yht\u00e4kki\u00e4 h\u00e4n kysyiett\u00e4 mit\u00e4 pit\u00e4isi tehd\u00e4kun pomo ehdottelee sopimattomia olin juuri palaverissajossa perattiin oman ty\u00f6yhteis\u00f6mmety\u00f6hyvinvoinnin tuloksiaja h\u00e4mm\u00e4styin siin\u00e4kin esiintynytt\u00e4seksuaalista h\u00e4irint\u00e4\u00e4ei siit\u00e4 ole n\u00e4k\u00f6j\u00e4\u00e4n p\u00e4\u00e4sty vastasin kollegan kysym&hellip;","og_url":"https:\/\/suomenkuvalehti.fi\/jarki-ja-tunteet\/2010\/10\/01\/kun-reksi-kay-kuumana\/","og_site_name":"J\u00e4rki ja tunteet","article_published_time":"2010-10-01T02:23:00+00:00","author":"Koulukinkku","twitter_misc":{"Written by":"Koulukinkku","Est. reading time":"1 minuutti"},"schema":{"@context":"https:\/\/schema.org","@graph":[{"@type":"WebPage","@id":"https:\/\/suomenkuvalehti.fi\/jarki-ja-tunteet\/2010\/10\/01\/kun-reksi-kay-kuumana\/","url":"https:\/\/suomenkuvalehti.fi\/jarki-ja-tunteet\/2010\/10\/01\/kun-reksi-kay-kuumana\/","name":"Kun reksi k\u00e4y kuumana - J\u00e4rki ja tunteet","isPartOf":{"@id":"https:\/\/suomenkuvalehti.fi\/jarki-ja-tunteet\/#website"},"datePublished":"2010-10-01T02:23:00+00:00","author":{"@id":"https:\/\/suomenkuvalehti.fi\/jarki-ja-tunteet\/#\/schema\/person\/f1e9ae7b12dc278cd86251f0defe1bf6"},"breadcrumb":{"@id":"https:\/\/suomenkuvalehti.fi\/jarki-ja-tunteet\/2010\/10\/01\/kun-reksi-kay-kuumana\/#breadcrumb"},"inLanguage":"fi","potentialAction":[{"@type":"ReadAction","target":["https:\/\/suomenkuvalehti.fi\/jarki-ja-tunteet\/2010\/10\/01\/kun-reksi-kay-kuumana\/"]}]},{"@type":"BreadcrumbList","@id":"https:\/\/suomenkuvalehti.fi\/jarki-ja-tunteet\/2010\/10\/01\/kun-reksi-kay-kuumana\/#breadcrumb","itemListElement":[{"@type":"ListItem","position":1,"name":"Home","item":"https:\/\/suomenkuvalehti.fi\/jarki-ja-tunteet\/"},{"@type":"ListItem","position":2,"name":"Kun reksi k\u00e4y kuumana"}]},{"@type":"WebSite","@id":"https:\/\/suomenkuvalehti.fi\/jarki-ja-tunteet\/#website","url":"https:\/\/suomenkuvalehti.fi\/jarki-ja-tunteet\/","name":"J\u00e4rki ja tunteet","description":"Uusi Suomen Kuvalehti -sivusto","potentialAction":[{"@type":"SearchAction","target":{"@type":"EntryPoint","urlTemplate":"https:\/\/suomenkuvalehti.fi\/haku\/?q={search_term_string}"},"query-input":{"@type":"PropertyValueSpecification","valueRequired":true,"valueName":"search_term_string"}}],"inLanguage":"fi"},{"@type":"Person","@id":"https:\/\/suomenkuvalehti.fi\/jarki-ja-tunteet\/#\/schema\/person\/f1e9ae7b12dc278cd86251f0defe1bf6","name":"Koulukinkku","image":{"@type":"ImageObject","inLanguage":"fi","@id":"https:\/\/suomenkuvalehti.fi\/jarki-ja-tunteet\/#\/schema\/person\/image\/","url":"https:\/\/secure.gravatar.com\/avatar\/c33523e4cb25d7920a88aee325d9b0ca16387a985d6c623ad5ed093338b964e2?s=96&d=mm&r=g","contentUrl":"https:\/\/secure.gravatar.com\/avatar\/c33523e4cb25d7920a88aee325d9b0ca16387a985d6c623ad5ed093338b964e2?s=96&d=mm&r=g","caption":"Koulukinkku"}}]}},"_links":{"self":[{"href":"https:\/\/suomenkuvalehti.fi\/jarki-ja-tunteet\/wp-json\/wp\/v2\/posts\/51","targetHints":{"allow":["GET"]}}],"collection":[{"href":"https:\/\/suomenkuvalehti.fi\/jarki-ja-tunteet\/wp-json\/wp\/v2\/posts"}],"about":[{"href":"https:\/\/suomenkuvalehti.fi\/jarki-ja-tunteet\/wp-json\/wp\/v2\/types\/post"}],"author":[{"embeddable":true,"href":"https:\/\/suomenkuvalehti.fi\/jarki-ja-tunteet\/wp-json\/wp\/v2\/users\/162"}],"replies":[{"embeddable":true,"href":"https:\/\/suomenkuvalehti.fi\/jarki-ja-tunteet\/wp-json\/wp\/v2\/comments?post=51"}],"version-history":[{"count":0,"href":"https:\/\/suomenkuvalehti.fi\/jarki-ja-tunteet\/wp-json\/wp\/v2\/posts\/51\/revisions"}],"wp:attachment":[{"href":"https:\/\/suomenkuvalehti.fi\/jarki-ja-tunteet\/wp-json\/wp\/v2\/media?parent=51"}],"wp:term":[{"taxonomy":"category","embeddable":true,"href":"https:\/\/suomenkuvalehti.fi\/jarki-ja-tunteet\/wp-json\/wp\/v2\/categories?post=51"},{"taxonomy":"post_tag","embeddable":true,"href":"https:\/\/suomenkuvalehti.fi\/jarki-ja-tunteet\/wp-json\/wp\/v2\/tags?post=51"}],"curies":[{"name":"wp","href":"https:\/\/api.w.org\/{rel}","templated":true}]}}