{"id":40,"date":"2010-12-08T09:31:00","date_gmt":"2010-12-08T07:31:00","guid":{"rendered":"https:\/\/suomenkuvalehti.fi\/jarki-ja-tunteet\/2010\/12\/08\/crtl-c\/"},"modified":"2010-12-08T09:31:00","modified_gmt":"2010-12-08T07:31:00","slug":"crtl-c","status":"publish","type":"post","link":"https:\/\/suomenkuvalehti.fi\/jarki-ja-tunteet\/2010\/12\/08\/crtl-c\/","title":{"rendered":"Crtl + C"},"content":{"rendered":"\n<p>koulussa kaikki kirjoitetaan viel\u00e4 k\u00e4sin<br>ty\u00f6el\u00e4m\u00e4ss\u00e4 ei<\/p>\n\n\n\n<p>lyijykyn\u00e4t suhisevat paperilla<br>tuskaisen verkkaisesti<br>ja paperi kuluu kiilt\u00e4v\u00e4ksi<br>toistuvan kumituksen seurauksena (tyt\u00f6t)<\/p>\n\n\n\n<p>k\u00e4sinkirjoittaminen hidastaa tarpeettomasti<br>opiskelun tahtia<br>kun kaikki pit\u00e4\u00e4 aina kopioida<br>ensin opettajan muistiinpanot<br>ja sitten siirt\u00e4\u00e4 kirjan kappaleista vastaukset<br>ty\u00f6kirjaan tai vihkoon<\/p>\n\n\n\n<p>milloin j\u00e4\u00e4 tilaa<br>ajattelulle<br>keskustelulle<br>tai lukemiselle?<\/p>\n\n\n\n<p>olen ikuisesti katkera<br>historianopettajilleni<br>jotka pakottivat kopioimaan<br>psykedeelisi\u00e4 muistiinpanojaan<br>monta vuotta putkeen<br>turhaan<\/p>\n\n\n\n<p>t\u00e4yssin\u00e4n ja p\u00e4hkin\u00e4saaren rauhasta<br>muistan vain vuosiluvut<br>enk\u00e4 mit\u00e4\u00e4n muuta<br>en syit\u00e4 enk\u00e4 seurauksia<\/p>\n\n\n\n<p>korean sodasta j\u00e4i mieleeni<br>opettajan syv\u00e4 huokaus<br>ja maininta maailman kummallisimmasta sodasta<\/p>\n\n\n\n<p>kuuden vuoden kopioimiseen k\u00e4ytetyn ajan<br>olisin voinut k\u00e4ytt\u00e4\u00e4 lukemiseen<br>mutta ehk\u00e4 t\u00e4ll\u00e4 kertaa<br>saan korean sodasta jotakin tolkkua<br>lehti\u00e4 lukemalla<br>kun historia n\u00e4ytt\u00e4\u00e4 toistavan itse\u00e4\u00e4n<\/p>\n\n\n\n<p>onneksi k\u00e4yn peruskoulua osin uudestaan<br>tytt\u00e4rieni koulukirjojen kautta<\/p>\n\n\n\n<p>voin lukea oppikirjat kannesta kanteen<br>yhdell\u00e4 istumalla<br>ja laskea sen sitten sylist\u00e4ni<br>hitusen viisaampana<\/p>\n\n\n\n<p>tuleepahan kerratuksi k\u00e4\u00e4nt\u00f6piirit<br>(kuinka p\u00e4in ne olivatkaan)<br>ja karttamerkit sek\u00e4 erilaiset maanpinnan muodot<br>sopivina paloina<\/p>\n\n\n\n<p>mutta tytt\u00e4rien ylenpalttinen kotiteht\u00e4vien<br>vihkoon kirjoittaminen<br>saa vereni kiehumaan<\/p>\n\n\n\n<p>omassa luokassakin tied\u00e4n<br>miss\u00e4 tyt\u00f6t ovat istuneet<br>sen n\u00e4kee pulpettien pinnalla<br>olevasta purukasasta<\/p>\n\n\n\n<p>parhaat oppilaat kuuntelevat puhetta p\u00e4\u00e4 kallellaan<br>ja parhaat luennoitsijat antavat<br>valmiit luentomuistiinpanot ajattelun tueksi<\/p>\n\n\n\n<p>min\u00e4 haluaisin pelk\u00e4t lukul\u00e4ksyt takaisin<\/p>\n\n\n\n<p>lukiessamme kotona yhdess\u00e4 tarinaa<br>eesausta ja iisakista<br>otimme apuun kirkon lahjoittaman lasten raamatun<br>(uskonnonkirjan versio oli sekava<br>eik\u00e4 tytt\u00e4reni pysynyt<br>hankalien kysymysten ja<br>karvaisten k\u00e4sivarsien kiemuroissa)<\/p>\n\n\n\n<p>min\u00e4 luin<br>lapset kyseliv\u00e4t rebekan motiiveja<br>ja selitimme tapahtumien kulkua toisillemme<br>etsien selityksi\u00e4<\/p>\n\n\n\n<p>juonittelusta hurmaantunut kuopukseni<br>totesi tyytyv\u00e4isen\u00e4 peiton alta<br>ett\u00e4 olipa j\u00e4nn\u00e4 tarina!<\/p>\n\n\n\n<p>&nbsp;<\/p>\n\n\n\n<p>&nbsp;<\/p>\n\n\n","protected":false},"excerpt":{"rendered":"<p>koulussa kaikki kirjoitetaan viel\u00e4 k\u00e4sinty\u00f6el\u00e4m\u00e4ss\u00e4 ei lyijykyn\u00e4t suhisevat paperillatuskaisen verkkaisestija paperi kuluu kiilt\u00e4v\u00e4ksitoistuvan kumituksen seurauksena (tyt\u00f6t) k\u00e4sinkirjoittaminen hidastaa tarpeettomastiopiskelun tahtiakun kaikki pit\u00e4\u00e4 aina kopioidaensin opettajan muistiinpanotja sitten<br \/>\nsiirt\u00e4\u00e4 kirj&hellip;<\/p>\n","protected":false},"author":162,"featured_media":0,"comment_status":"open","ping_status":"open","sticky":false,"template":"","format":"standard","meta":{"_acf_changed":false,"asauth_required_access_level":0,"asauth_cansharepaid":"","om_header_attributes":[],"footnotes":"","om_featured_image_focal_point":[],"om_primary_tag":0,"om_contributors":[],"om_co_authors":[],"beyondwords_generate_audio":"","beyondwords_project_id":"","beyondwords_content_id":"","beyondwords_preview_token":"","beyondwords_player_content":"","beyondwords_player_style":"","beyondwords_language_code":"","beyondwords_language_id":"","beyondwords_title_voice_id":"","beyondwords_body_voice_id":"","beyondwords_summary_voice_id":"","beyondwords_error_message":"","beyondwords_disabled":"","beyondwords_delete_content":"","beyondwords_podcast_id":"","beyondwords_hash":"","publish_post_to_speechkit":"","speechkit_hash":"","speechkit_generate_audio":"","speechkit_project_id":"","speechkit_podcast_id":"","speechkit_error_message":"","speechkit_disabled":"","speechkit_access_key":"","speechkit_error":"","speechkit_info":"","speechkit_response":"","speechkit_retries":"","speechkit_status":"","speechkit_updated_at":"","_speechkit_link":"","_speechkit_text":""},"categories":[1],"tags":[200,197,198,199,196],"class_list":["post-40","post","type-post","status-publish","format-standard","hentry","category-yleinen","tag-kaunokirjoitus","tag-kopiointi","tag-koululaisten-opiskelu","tag-lukulaksyt","tag-muistiinpanot"],"om_views":null,"acf":{"tuuma_off":false,"tuuma_kysymys":"","tuuma_vastaus":""},"asauth":{"required_access_level":1,"share_token":"","is_paid":false},"yoast_head":"<!-- This site is optimized with the Yoast SEO plugin v26.4 - https:\/\/yoast.com\/wordpress\/plugins\/seo\/ -->\n<title>Crtl + C - J\u00e4rki ja tunteet<\/title>\n<meta name=\"robots\" content=\"index, follow, max-snippet:-1, max-image-preview:large, max-video-preview:-1\" \/>\n<link rel=\"canonical\" href=\"https:\/\/suomenkuvalehti.fi\/jarki-ja-tunteet\/2010\/12\/08\/crtl-c\/\" \/>\n<meta property=\"og:locale\" content=\"fi_FI\" \/>\n<meta property=\"og:type\" content=\"article\" \/>\n<meta property=\"og:title\" content=\"Crtl + C - J\u00e4rki ja tunteet\" \/>\n<meta property=\"og:description\" content=\"koulussa kaikki kirjoitetaan viel\u00e4 k\u00e4sinty\u00f6el\u00e4m\u00e4ss\u00e4 ei lyijykyn\u00e4t suhisevat paperillatuskaisen verkkaisestija paperi kuluu kiilt\u00e4v\u00e4ksitoistuvan kumituksen seurauksena (tyt\u00f6t) k\u00e4sinkirjoittaminen hidastaa tarpeettomastiopiskelun tahtiakun kaikki pit\u00e4\u00e4 aina kopioidaensin opettajan muistiinpanotja sitten siirt\u00e4\u00e4 kirj&hellip;\" \/>\n<meta property=\"og:url\" content=\"https:\/\/suomenkuvalehti.fi\/jarki-ja-tunteet\/2010\/12\/08\/crtl-c\/\" \/>\n<meta property=\"og:site_name\" content=\"J\u00e4rki ja tunteet\" \/>\n<meta property=\"article:published_time\" content=\"2010-12-08T07:31:00+00:00\" \/>\n<meta name=\"author\" content=\"Koulukinkku\" \/>\n<meta name=\"twitter:label1\" content=\"Written by\" \/>\n\t<meta name=\"twitter:data1\" content=\"Koulukinkku\" \/>\n\t<meta name=\"twitter:label2\" content=\"Est. reading time\" \/>\n\t<meta name=\"twitter:data2\" content=\"1 minuutti\" \/>\n<script type=\"application\/ld+json\" class=\"yoast-schema-graph\">{\"@context\":\"https:\/\/schema.org\",\"@graph\":[{\"@type\":\"WebPage\",\"@id\":\"https:\/\/suomenkuvalehti.fi\/jarki-ja-tunteet\/2010\/12\/08\/crtl-c\/\",\"url\":\"https:\/\/suomenkuvalehti.fi\/jarki-ja-tunteet\/2010\/12\/08\/crtl-c\/\",\"name\":\"Crtl + C - J\u00e4rki ja tunteet\",\"isPartOf\":{\"@id\":\"https:\/\/suomenkuvalehti.fi\/jarki-ja-tunteet\/#website\"},\"datePublished\":\"2010-12-08T07:31:00+00:00\",\"author\":{\"@id\":\"https:\/\/suomenkuvalehti.fi\/jarki-ja-tunteet\/#\/schema\/person\/f1e9ae7b12dc278cd86251f0defe1bf6\"},\"breadcrumb\":{\"@id\":\"https:\/\/suomenkuvalehti.fi\/jarki-ja-tunteet\/2010\/12\/08\/crtl-c\/#breadcrumb\"},\"inLanguage\":\"fi\",\"potentialAction\":[{\"@type\":\"ReadAction\",\"target\":[\"https:\/\/suomenkuvalehti.fi\/jarki-ja-tunteet\/2010\/12\/08\/crtl-c\/\"]}]},{\"@type\":\"BreadcrumbList\",\"@id\":\"https:\/\/suomenkuvalehti.fi\/jarki-ja-tunteet\/2010\/12\/08\/crtl-c\/#breadcrumb\",\"itemListElement\":[{\"@type\":\"ListItem\",\"position\":1,\"name\":\"Home\",\"item\":\"https:\/\/suomenkuvalehti.fi\/jarki-ja-tunteet\/\"},{\"@type\":\"ListItem\",\"position\":2,\"name\":\"Crtl + C\"}]},{\"@type\":\"WebSite\",\"@id\":\"https:\/\/suomenkuvalehti.fi\/jarki-ja-tunteet\/#website\",\"url\":\"https:\/\/suomenkuvalehti.fi\/jarki-ja-tunteet\/\",\"name\":\"J\u00e4rki ja tunteet\",\"description\":\"Uusi Suomen Kuvalehti -sivusto\",\"potentialAction\":[{\"@type\":\"SearchAction\",\"target\":{\"@type\":\"EntryPoint\",\"urlTemplate\":\"https:\/\/suomenkuvalehti.fi\/haku\/?q={search_term_string}\"},\"query-input\":{\"@type\":\"PropertyValueSpecification\",\"valueRequired\":true,\"valueName\":\"search_term_string\"}}],\"inLanguage\":\"fi\"},{\"@type\":\"Person\",\"@id\":\"https:\/\/suomenkuvalehti.fi\/jarki-ja-tunteet\/#\/schema\/person\/f1e9ae7b12dc278cd86251f0defe1bf6\",\"name\":\"Koulukinkku\",\"image\":{\"@type\":\"ImageObject\",\"inLanguage\":\"fi\",\"@id\":\"https:\/\/suomenkuvalehti.fi\/jarki-ja-tunteet\/#\/schema\/person\/image\/\",\"url\":\"https:\/\/secure.gravatar.com\/avatar\/c33523e4cb25d7920a88aee325d9b0ca16387a985d6c623ad5ed093338b964e2?s=96&d=mm&r=g\",\"contentUrl\":\"https:\/\/secure.gravatar.com\/avatar\/c33523e4cb25d7920a88aee325d9b0ca16387a985d6c623ad5ed093338b964e2?s=96&d=mm&r=g\",\"caption\":\"Koulukinkku\"}}]}<\/script>\n<!-- \/ Yoast SEO plugin. -->","yoast_head_json":{"title":"Crtl + C - J\u00e4rki ja tunteet","robots":{"index":"index","follow":"follow","max-snippet":"max-snippet:-1","max-image-preview":"max-image-preview:large","max-video-preview":"max-video-preview:-1"},"canonical":"https:\/\/suomenkuvalehti.fi\/jarki-ja-tunteet\/2010\/12\/08\/crtl-c\/","og_locale":"fi_FI","og_type":"article","og_title":"Crtl + C - J\u00e4rki ja tunteet","og_description":"koulussa kaikki kirjoitetaan viel\u00e4 k\u00e4sinty\u00f6el\u00e4m\u00e4ss\u00e4 ei lyijykyn\u00e4t suhisevat paperillatuskaisen verkkaisestija paperi kuluu kiilt\u00e4v\u00e4ksitoistuvan kumituksen seurauksena (tyt\u00f6t) k\u00e4sinkirjoittaminen hidastaa tarpeettomastiopiskelun tahtiakun kaikki pit\u00e4\u00e4 aina kopioidaensin opettajan muistiinpanotja sitten siirt\u00e4\u00e4 kirj&hellip;","og_url":"https:\/\/suomenkuvalehti.fi\/jarki-ja-tunteet\/2010\/12\/08\/crtl-c\/","og_site_name":"J\u00e4rki ja tunteet","article_published_time":"2010-12-08T07:31:00+00:00","author":"Koulukinkku","twitter_misc":{"Written by":"Koulukinkku","Est. reading time":"1 minuutti"},"schema":{"@context":"https:\/\/schema.org","@graph":[{"@type":"WebPage","@id":"https:\/\/suomenkuvalehti.fi\/jarki-ja-tunteet\/2010\/12\/08\/crtl-c\/","url":"https:\/\/suomenkuvalehti.fi\/jarki-ja-tunteet\/2010\/12\/08\/crtl-c\/","name":"Crtl + C - J\u00e4rki ja tunteet","isPartOf":{"@id":"https:\/\/suomenkuvalehti.fi\/jarki-ja-tunteet\/#website"},"datePublished":"2010-12-08T07:31:00+00:00","author":{"@id":"https:\/\/suomenkuvalehti.fi\/jarki-ja-tunteet\/#\/schema\/person\/f1e9ae7b12dc278cd86251f0defe1bf6"},"breadcrumb":{"@id":"https:\/\/suomenkuvalehti.fi\/jarki-ja-tunteet\/2010\/12\/08\/crtl-c\/#breadcrumb"},"inLanguage":"fi","potentialAction":[{"@type":"ReadAction","target":["https:\/\/suomenkuvalehti.fi\/jarki-ja-tunteet\/2010\/12\/08\/crtl-c\/"]}]},{"@type":"BreadcrumbList","@id":"https:\/\/suomenkuvalehti.fi\/jarki-ja-tunteet\/2010\/12\/08\/crtl-c\/#breadcrumb","itemListElement":[{"@type":"ListItem","position":1,"name":"Home","item":"https:\/\/suomenkuvalehti.fi\/jarki-ja-tunteet\/"},{"@type":"ListItem","position":2,"name":"Crtl + C"}]},{"@type":"WebSite","@id":"https:\/\/suomenkuvalehti.fi\/jarki-ja-tunteet\/#website","url":"https:\/\/suomenkuvalehti.fi\/jarki-ja-tunteet\/","name":"J\u00e4rki ja tunteet","description":"Uusi Suomen Kuvalehti -sivusto","potentialAction":[{"@type":"SearchAction","target":{"@type":"EntryPoint","urlTemplate":"https:\/\/suomenkuvalehti.fi\/haku\/?q={search_term_string}"},"query-input":{"@type":"PropertyValueSpecification","valueRequired":true,"valueName":"search_term_string"}}],"inLanguage":"fi"},{"@type":"Person","@id":"https:\/\/suomenkuvalehti.fi\/jarki-ja-tunteet\/#\/schema\/person\/f1e9ae7b12dc278cd86251f0defe1bf6","name":"Koulukinkku","image":{"@type":"ImageObject","inLanguage":"fi","@id":"https:\/\/suomenkuvalehti.fi\/jarki-ja-tunteet\/#\/schema\/person\/image\/","url":"https:\/\/secure.gravatar.com\/avatar\/c33523e4cb25d7920a88aee325d9b0ca16387a985d6c623ad5ed093338b964e2?s=96&d=mm&r=g","contentUrl":"https:\/\/secure.gravatar.com\/avatar\/c33523e4cb25d7920a88aee325d9b0ca16387a985d6c623ad5ed093338b964e2?s=96&d=mm&r=g","caption":"Koulukinkku"}}]}},"_links":{"self":[{"href":"https:\/\/suomenkuvalehti.fi\/jarki-ja-tunteet\/wp-json\/wp\/v2\/posts\/40","targetHints":{"allow":["GET"]}}],"collection":[{"href":"https:\/\/suomenkuvalehti.fi\/jarki-ja-tunteet\/wp-json\/wp\/v2\/posts"}],"about":[{"href":"https:\/\/suomenkuvalehti.fi\/jarki-ja-tunteet\/wp-json\/wp\/v2\/types\/post"}],"author":[{"embeddable":true,"href":"https:\/\/suomenkuvalehti.fi\/jarki-ja-tunteet\/wp-json\/wp\/v2\/users\/162"}],"replies":[{"embeddable":true,"href":"https:\/\/suomenkuvalehti.fi\/jarki-ja-tunteet\/wp-json\/wp\/v2\/comments?post=40"}],"version-history":[{"count":0,"href":"https:\/\/suomenkuvalehti.fi\/jarki-ja-tunteet\/wp-json\/wp\/v2\/posts\/40\/revisions"}],"wp:attachment":[{"href":"https:\/\/suomenkuvalehti.fi\/jarki-ja-tunteet\/wp-json\/wp\/v2\/media?parent=40"}],"wp:term":[{"taxonomy":"category","embeddable":true,"href":"https:\/\/suomenkuvalehti.fi\/jarki-ja-tunteet\/wp-json\/wp\/v2\/categories?post=40"},{"taxonomy":"post_tag","embeddable":true,"href":"https:\/\/suomenkuvalehti.fi\/jarki-ja-tunteet\/wp-json\/wp\/v2\/tags?post=40"}],"curies":[{"name":"wp","href":"https:\/\/api.w.org\/{rel}","templated":true}]}}