{"id":37,"date":"2010-12-28T19:10:16","date_gmt":"2010-12-28T17:10:16","guid":{"rendered":"https:\/\/suomenkuvalehti.fi\/jarki-ja-tunteet\/2010\/12\/28\/koulut-maan-tasalle\/"},"modified":"2010-12-28T19:10:16","modified_gmt":"2010-12-28T17:10:16","slug":"koulut-maan-tasalle","status":"publish","type":"post","link":"https:\/\/suomenkuvalehti.fi\/jarki-ja-tunteet\/2010\/12\/28\/koulut-maan-tasalle\/","title":{"rendered":"Koulut maan tasalle"},"content":{"rendered":"\n<p>jouluaattona tein kierroksen<br>sukulaisten haudoilla<br>lapsuuteni maisemissa<\/p>\n\n\n\n<p>kun \u00e4iti ja anoppi tarjosivat<br>vuoroin joulunpyhien antimet<br>minulla oli aikaa koluta vanhoja paikkoja<br>kaikessa rauhassa<br>juuso waldenin vanavedess\u00e4<\/p>\n\n\n\n<p>kaihoisa talviaamuinen muisteluretki<br>h\u00e4rskiintyi heti alkuunsa<br>kun en l\u00f6yd\u00e4nyt s\u00e4\u00e4ksm\u00e4en pelloilta en\u00e4\u00e4<br>sukulaisten opinahjoa, vallon koulua<\/p>\n\n\n\n<p>kaunis tuulenviem\u00e4\u00e4-rakennus puupylv\u00e4ineen<br><a href=\"https:\/\/www.youtube.com\/watch?v=fzEraGAukJQ\" target=\"_blank\">oli purettu ja poltettu<\/a><br>ihan tarkoituksella kunnanisien siunauksella<br>rautakauppakodeille kaavoitetulta pellolta<\/p>\n\n\n\n<p>en ymm\u00e4rr\u00e4 sit\u00e4<\/p>\n\n\n\n<p>suomessahan ei ole muuta kuin peltoja ja mets\u00e4\u00e4<br>sen voi jokainen todeta vaikka lentokoneen ikkunasta<\/p>\n\n\n\n<p>vaikka lautavuorattu hirsirunkoinen koulu<br>olisi ollut huonokuntoinen<br>niin eik\u00f6 t\u00e4\u00e4ll\u00e4 ole yht\u00e4\u00e4n<br>panukailamaista perinnerakentamista j\u00e4ljell\u00e4?<\/p>\n\n\n\n<p>soitin j\u00e4rkyttyneen puhelun <br>vallon koulua k\u00e4yneille sukulaisilleni<br>ja he tiesiv\u00e4t kertoa<br>ett\u00e4 valkeakosken yhteiskoulua (apian yl\u00e4koulu ja lukio)<br>odottaa sama kohtalo<\/p>\n\n\n\n<p>pikkuisella torilla ei ole rakennukselle en\u00e4\u00e4 tilaa<br>tilalle halutaan ostoskeskus<br>read my lips: citymarket<\/p>\n\n\n\n<p><a href=\"http:\/\/www.yksityiskoulut.fi\/matrikkeli\/valkeakosken.htm\" target=\"_blank\">katsokaa t\u00e4t\u00e4 kuvaa!<\/a><\/p>\n\n\n\n<p>en ole insin\u00f6\u00f6ri enk\u00e4 arkkitehti<br>mutta eik\u00f6 vanhoissa koulurakennuksissa<br>n\u00e4hd\u00e4 en\u00e4\u00e4 mit\u00e4\u00e4n mahdollisuuksia?<\/p>\n\n\n","protected":false},"excerpt":{"rendered":"<p>jouluaattona tein kierroksensukulaisten haudoillalapsuuteni maisemissa kun \u00e4iti ja anoppi tarjosivatvuoroin joulunpyhien antimetminulla oli aikaa koluta vanhoja paikkojakaikessa rauhassajuuso waldenin vanavedess\u00e4 kaihoisa talviaamuinen muisteluretkih\u00e4rskiintyi heti alkuunsakun en l\u00f6yd\u00e4nyt s\u00e4\u00e4ksm\u00e4en<br \/>\npelloil&hellip;<\/p>\n","protected":false},"author":162,"featured_media":0,"comment_status":"open","ping_status":"open","sticky":false,"template":"","format":"standard","meta":{"_acf_changed":false,"asauth_required_access_level":0,"asauth_cansharepaid":"","om_header_attributes":[],"footnotes":"","om_featured_image_focal_point":[],"om_primary_tag":0,"om_contributors":[],"om_co_authors":[],"beyondwords_generate_audio":"","beyondwords_project_id":"","beyondwords_content_id":"","beyondwords_preview_token":"","beyondwords_player_content":"","beyondwords_player_style":"","beyondwords_language_code":"","beyondwords_language_id":"","beyondwords_title_voice_id":"","beyondwords_body_voice_id":"","beyondwords_summary_voice_id":"","beyondwords_error_message":"","beyondwords_disabled":"","beyondwords_delete_content":"","beyondwords_podcast_id":"","beyondwords_hash":"","publish_post_to_speechkit":"","speechkit_hash":"","speechkit_generate_audio":"","speechkit_project_id":"","speechkit_podcast_id":"","speechkit_error_message":"","speechkit_disabled":"","speechkit_access_key":"","speechkit_error":"","speechkit_info":"","speechkit_response":"","speechkit_retries":"","speechkit_status":"","speechkit_updated_at":"","_speechkit_link":"","_speechkit_text":""},"categories":[1],"tags":[179,180,178,182,181,183,177],"class_list":["post-37","post","type-post","status-publish","format-standard","hentry","category-yleinen","tag-juuso-walden","tag-panu-kaila","tag-purkupaatokset","tag-saaksmaki","tag-valkeakoski","tag-vallon-koulu","tag-vanhat-koulurakennukset"],"om_views":null,"acf":{"tuuma_off":false,"tuuma_kysymys":"","tuuma_vastaus":""},"asauth":{"required_access_level":1,"share_token":"","is_paid":false},"yoast_head":"<!-- This site is optimized with the Yoast SEO plugin v26.4 - https:\/\/yoast.com\/wordpress\/plugins\/seo\/ -->\n<title>Koulut maan tasalle - J\u00e4rki ja tunteet<\/title>\n<meta name=\"robots\" content=\"index, follow, max-snippet:-1, max-image-preview:large, max-video-preview:-1\" \/>\n<link rel=\"canonical\" href=\"https:\/\/suomenkuvalehti.fi\/jarki-ja-tunteet\/2010\/12\/28\/koulut-maan-tasalle\/\" \/>\n<meta property=\"og:locale\" content=\"fi_FI\" \/>\n<meta property=\"og:type\" content=\"article\" \/>\n<meta property=\"og:title\" content=\"Koulut maan tasalle - J\u00e4rki ja tunteet\" \/>\n<meta property=\"og:description\" content=\"jouluaattona tein kierroksensukulaisten haudoillalapsuuteni maisemissa kun \u00e4iti ja anoppi tarjosivatvuoroin joulunpyhien antimetminulla oli aikaa koluta vanhoja paikkojakaikessa rauhassajuuso waldenin vanavedess\u00e4 kaihoisa talviaamuinen muisteluretkih\u00e4rskiintyi heti alkuunsakun en l\u00f6yd\u00e4nyt s\u00e4\u00e4ksm\u00e4en pelloil&hellip;\" \/>\n<meta property=\"og:url\" content=\"https:\/\/suomenkuvalehti.fi\/jarki-ja-tunteet\/2010\/12\/28\/koulut-maan-tasalle\/\" \/>\n<meta property=\"og:site_name\" content=\"J\u00e4rki ja tunteet\" \/>\n<meta property=\"article:published_time\" content=\"2010-12-28T17:10:16+00:00\" \/>\n<meta name=\"author\" content=\"Koulukinkku\" \/>\n<meta name=\"twitter:label1\" content=\"Written by\" \/>\n\t<meta name=\"twitter:data1\" content=\"Koulukinkku\" \/>\n\t<meta name=\"twitter:label2\" content=\"Est. reading time\" \/>\n\t<meta name=\"twitter:data2\" content=\"1 minuutti\" \/>\n<script type=\"application\/ld+json\" class=\"yoast-schema-graph\">{\"@context\":\"https:\/\/schema.org\",\"@graph\":[{\"@type\":\"WebPage\",\"@id\":\"https:\/\/suomenkuvalehti.fi\/jarki-ja-tunteet\/2010\/12\/28\/koulut-maan-tasalle\/\",\"url\":\"https:\/\/suomenkuvalehti.fi\/jarki-ja-tunteet\/2010\/12\/28\/koulut-maan-tasalle\/\",\"name\":\"Koulut maan tasalle - J\u00e4rki ja tunteet\",\"isPartOf\":{\"@id\":\"https:\/\/suomenkuvalehti.fi\/jarki-ja-tunteet\/#website\"},\"datePublished\":\"2010-12-28T17:10:16+00:00\",\"author\":{\"@id\":\"https:\/\/suomenkuvalehti.fi\/jarki-ja-tunteet\/#\/schema\/person\/f1e9ae7b12dc278cd86251f0defe1bf6\"},\"breadcrumb\":{\"@id\":\"https:\/\/suomenkuvalehti.fi\/jarki-ja-tunteet\/2010\/12\/28\/koulut-maan-tasalle\/#breadcrumb\"},\"inLanguage\":\"fi\",\"potentialAction\":[{\"@type\":\"ReadAction\",\"target\":[\"https:\/\/suomenkuvalehti.fi\/jarki-ja-tunteet\/2010\/12\/28\/koulut-maan-tasalle\/\"]}]},{\"@type\":\"BreadcrumbList\",\"@id\":\"https:\/\/suomenkuvalehti.fi\/jarki-ja-tunteet\/2010\/12\/28\/koulut-maan-tasalle\/#breadcrumb\",\"itemListElement\":[{\"@type\":\"ListItem\",\"position\":1,\"name\":\"Home\",\"item\":\"https:\/\/suomenkuvalehti.fi\/jarki-ja-tunteet\/\"},{\"@type\":\"ListItem\",\"position\":2,\"name\":\"Koulut maan tasalle\"}]},{\"@type\":\"WebSite\",\"@id\":\"https:\/\/suomenkuvalehti.fi\/jarki-ja-tunteet\/#website\",\"url\":\"https:\/\/suomenkuvalehti.fi\/jarki-ja-tunteet\/\",\"name\":\"J\u00e4rki ja tunteet\",\"description\":\"Uusi Suomen Kuvalehti -sivusto\",\"potentialAction\":[{\"@type\":\"SearchAction\",\"target\":{\"@type\":\"EntryPoint\",\"urlTemplate\":\"https:\/\/suomenkuvalehti.fi\/haku\/?q={search_term_string}\"},\"query-input\":{\"@type\":\"PropertyValueSpecification\",\"valueRequired\":true,\"valueName\":\"search_term_string\"}}],\"inLanguage\":\"fi\"},{\"@type\":\"Person\",\"@id\":\"https:\/\/suomenkuvalehti.fi\/jarki-ja-tunteet\/#\/schema\/person\/f1e9ae7b12dc278cd86251f0defe1bf6\",\"name\":\"Koulukinkku\",\"image\":{\"@type\":\"ImageObject\",\"inLanguage\":\"fi\",\"@id\":\"https:\/\/suomenkuvalehti.fi\/jarki-ja-tunteet\/#\/schema\/person\/image\/\",\"url\":\"https:\/\/secure.gravatar.com\/avatar\/c33523e4cb25d7920a88aee325d9b0ca16387a985d6c623ad5ed093338b964e2?s=96&d=mm&r=g\",\"contentUrl\":\"https:\/\/secure.gravatar.com\/avatar\/c33523e4cb25d7920a88aee325d9b0ca16387a985d6c623ad5ed093338b964e2?s=96&d=mm&r=g\",\"caption\":\"Koulukinkku\"}}]}<\/script>\n<!-- \/ Yoast SEO plugin. -->","yoast_head_json":{"title":"Koulut maan tasalle - J\u00e4rki ja tunteet","robots":{"index":"index","follow":"follow","max-snippet":"max-snippet:-1","max-image-preview":"max-image-preview:large","max-video-preview":"max-video-preview:-1"},"canonical":"https:\/\/suomenkuvalehti.fi\/jarki-ja-tunteet\/2010\/12\/28\/koulut-maan-tasalle\/","og_locale":"fi_FI","og_type":"article","og_title":"Koulut maan tasalle - J\u00e4rki ja tunteet","og_description":"jouluaattona tein kierroksensukulaisten haudoillalapsuuteni maisemissa kun \u00e4iti ja anoppi tarjosivatvuoroin joulunpyhien antimetminulla oli aikaa koluta vanhoja paikkojakaikessa rauhassajuuso waldenin vanavedess\u00e4 kaihoisa talviaamuinen muisteluretkih\u00e4rskiintyi heti alkuunsakun en l\u00f6yd\u00e4nyt s\u00e4\u00e4ksm\u00e4en pelloil&hellip;","og_url":"https:\/\/suomenkuvalehti.fi\/jarki-ja-tunteet\/2010\/12\/28\/koulut-maan-tasalle\/","og_site_name":"J\u00e4rki ja tunteet","article_published_time":"2010-12-28T17:10:16+00:00","author":"Koulukinkku","twitter_misc":{"Written by":"Koulukinkku","Est. reading time":"1 minuutti"},"schema":{"@context":"https:\/\/schema.org","@graph":[{"@type":"WebPage","@id":"https:\/\/suomenkuvalehti.fi\/jarki-ja-tunteet\/2010\/12\/28\/koulut-maan-tasalle\/","url":"https:\/\/suomenkuvalehti.fi\/jarki-ja-tunteet\/2010\/12\/28\/koulut-maan-tasalle\/","name":"Koulut maan tasalle - J\u00e4rki ja tunteet","isPartOf":{"@id":"https:\/\/suomenkuvalehti.fi\/jarki-ja-tunteet\/#website"},"datePublished":"2010-12-28T17:10:16+00:00","author":{"@id":"https:\/\/suomenkuvalehti.fi\/jarki-ja-tunteet\/#\/schema\/person\/f1e9ae7b12dc278cd86251f0defe1bf6"},"breadcrumb":{"@id":"https:\/\/suomenkuvalehti.fi\/jarki-ja-tunteet\/2010\/12\/28\/koulut-maan-tasalle\/#breadcrumb"},"inLanguage":"fi","potentialAction":[{"@type":"ReadAction","target":["https:\/\/suomenkuvalehti.fi\/jarki-ja-tunteet\/2010\/12\/28\/koulut-maan-tasalle\/"]}]},{"@type":"BreadcrumbList","@id":"https:\/\/suomenkuvalehti.fi\/jarki-ja-tunteet\/2010\/12\/28\/koulut-maan-tasalle\/#breadcrumb","itemListElement":[{"@type":"ListItem","position":1,"name":"Home","item":"https:\/\/suomenkuvalehti.fi\/jarki-ja-tunteet\/"},{"@type":"ListItem","position":2,"name":"Koulut maan tasalle"}]},{"@type":"WebSite","@id":"https:\/\/suomenkuvalehti.fi\/jarki-ja-tunteet\/#website","url":"https:\/\/suomenkuvalehti.fi\/jarki-ja-tunteet\/","name":"J\u00e4rki ja tunteet","description":"Uusi Suomen Kuvalehti -sivusto","potentialAction":[{"@type":"SearchAction","target":{"@type":"EntryPoint","urlTemplate":"https:\/\/suomenkuvalehti.fi\/haku\/?q={search_term_string}"},"query-input":{"@type":"PropertyValueSpecification","valueRequired":true,"valueName":"search_term_string"}}],"inLanguage":"fi"},{"@type":"Person","@id":"https:\/\/suomenkuvalehti.fi\/jarki-ja-tunteet\/#\/schema\/person\/f1e9ae7b12dc278cd86251f0defe1bf6","name":"Koulukinkku","image":{"@type":"ImageObject","inLanguage":"fi","@id":"https:\/\/suomenkuvalehti.fi\/jarki-ja-tunteet\/#\/schema\/person\/image\/","url":"https:\/\/secure.gravatar.com\/avatar\/c33523e4cb25d7920a88aee325d9b0ca16387a985d6c623ad5ed093338b964e2?s=96&d=mm&r=g","contentUrl":"https:\/\/secure.gravatar.com\/avatar\/c33523e4cb25d7920a88aee325d9b0ca16387a985d6c623ad5ed093338b964e2?s=96&d=mm&r=g","caption":"Koulukinkku"}}]}},"_links":{"self":[{"href":"https:\/\/suomenkuvalehti.fi\/jarki-ja-tunteet\/wp-json\/wp\/v2\/posts\/37","targetHints":{"allow":["GET"]}}],"collection":[{"href":"https:\/\/suomenkuvalehti.fi\/jarki-ja-tunteet\/wp-json\/wp\/v2\/posts"}],"about":[{"href":"https:\/\/suomenkuvalehti.fi\/jarki-ja-tunteet\/wp-json\/wp\/v2\/types\/post"}],"author":[{"embeddable":true,"href":"https:\/\/suomenkuvalehti.fi\/jarki-ja-tunteet\/wp-json\/wp\/v2\/users\/162"}],"replies":[{"embeddable":true,"href":"https:\/\/suomenkuvalehti.fi\/jarki-ja-tunteet\/wp-json\/wp\/v2\/comments?post=37"}],"version-history":[{"count":0,"href":"https:\/\/suomenkuvalehti.fi\/jarki-ja-tunteet\/wp-json\/wp\/v2\/posts\/37\/revisions"}],"wp:attachment":[{"href":"https:\/\/suomenkuvalehti.fi\/jarki-ja-tunteet\/wp-json\/wp\/v2\/media?parent=37"}],"wp:term":[{"taxonomy":"category","embeddable":true,"href":"https:\/\/suomenkuvalehti.fi\/jarki-ja-tunteet\/wp-json\/wp\/v2\/categories?post=37"},{"taxonomy":"post_tag","embeddable":true,"href":"https:\/\/suomenkuvalehti.fi\/jarki-ja-tunteet\/wp-json\/wp\/v2\/tags?post=37"}],"curies":[{"name":"wp","href":"https:\/\/api.w.org\/{rel}","templated":true}]}}