{"id":36,"date":"2011-01-17T20:26:21","date_gmt":"2011-01-17T18:26:21","guid":{"rendered":"https:\/\/suomenkuvalehti.fi\/jarki-ja-tunteet\/2011\/01\/17\/mika-tekee-onnelliseksi\/"},"modified":"2011-01-17T20:26:21","modified_gmt":"2011-01-17T18:26:21","slug":"mika-tekee-onnelliseksi","status":"publish","type":"post","link":"https:\/\/suomenkuvalehti.fi\/jarki-ja-tunteet\/2011\/01\/17\/mika-tekee-onnelliseksi\/","title":{"rendered":"Mik\u00e4 tekee onnelliseksi?"},"content":{"rendered":"\n<p>kuulutuksia tulee kesken oppitunnin<br>koulun keskusradiosta<br>l\u00e4hes p\u00e4ivitt\u00e4in<\/p>\n\n\n\n<p>niill\u00e4 halutaan kai hillit\u00e4 ja hallita oppilaita<br>ja turvata kouluhenkil\u00f6kuntaa <br>raivoisien vanhempien kostolta<br>JOS jotakin sattuu<\/p>\n\n\n\n<p>kuulutukset menev\u00e4t t\u00e4h\u00e4n tapaan:<\/p>\n\n\n\n<p>t\u00e4ss\u00e4 rehtori<\/p>\n\n\n\n<p>muistattehan ett\u00e4 n\u00e4in talvisaikaan<br>vuorenvalloitus on ehdottomasti kielletty<\/p>\n\n\n\n<p>koulun pihamaalla<br>ei saa heitell\u00e4 lumipalloja<br>ei sein\u00e4\u00e4n eik\u00e4 ylip\u00e4\u00e4t\u00e4\u00e4n<\/p>\n\n\n\n<p>urheilukent\u00e4lle j\u00e4\u00e4dytetylle j\u00e4\u00e4kent\u00e4lle<br>ei ole v\u00e4lituntisin mit\u00e4\u00e4n asiaa<br>se on tarkoitettu koululiikuntaan<br>ja mit\u00e4 tahansa voi sattua<br>eli kent\u00e4lle vain ohjaavan opettajan valvonnassa<br>koululiikuntatunnin yhteydess\u00e4<\/p>\n\n\n\n<p>jos tulette py\u00f6r\u00e4ll\u00e4 kouluun<br>teill\u00e4 on oltava py\u00f6r\u00e4ilykyp\u00e4r\u00e4<br>j\u00e4rjest\u00e4mme yll\u00e4tysratsioita koulutien varrelle<br>ja py\u00f6r\u00e4t on j\u00e4tett\u00e4v\u00e4 niille kuuluviin telineisiin<br>eik\u00e4 niit\u00e4 riit\u00e4 kaikille halukkaille<\/p>\n\n\n\n<p>pallon potkiminen on kielletty\u00e4 koulun pihamaalla<br>koska istutukset k\u00e4rsiv\u00e4t<br>eik\u00e4 niiden ylitse saa hyppi\u00e4<\/p>\n\n\n\n<p>pallon potkimiseen on varattu erillinen<br>py\u00f6re\u00e4 kuusikulmainen panna <br>jossa on tilaa 30 neli\u00f6t\u00e4 pallon potkimista varten<br>ja sen k\u00e4ytt\u00f6\u00f6n tulee varata vuoro omalta opettajalta<\/p>\n\n\n\n<p>kouluun ei saa tulla rullaluistimilla<br>eik\u00e4 my\u00f6sk\u00e4\u00e4n skeittilaudan k\u00e4ytt\u00f6 ole sallittua<br>siihen liittyvien riskien vuoksi<br>ja jos hiihd\u00e4tte kouluun<br>suksia ei saa j\u00e4tt\u00e4\u00e4 p\u00e4\u00e4sis\u00e4\u00e4nk\u00e4ynnin viereen<br>tulemme siirt\u00e4m\u00e4\u00e4n ne siit\u00e4 pois<\/p>\n\n\n\n<p>aitojen yli ei saa kiivet\u00e4<br>eik\u00e4 ojissa saa hyppi\u00e4<br>ja muistakaa ett\u00e4 koulun k\u00e4yt\u00e4vill\u00e4<br>saa ottaa vain k\u00e4velyaskelia<\/p>\n\n\n\n<p>haluamme varmistaa ett\u00e4 p\u00e4\u00e4sette<br>koulusta kotiin ehjin nahoin<br>joten v\u00e4litunneilla ei saa<br>&#8230; no keksitte varmaankin jotakin tekemist\u00e4<\/p>\n\n\n\n<p>ja muistattehan ett\u00e4<br>koulun alueelta on poistuttava v\u00e4litt\u00f6m\u00e4sti<br>koulup\u00e4iv\u00e4n p\u00e4\u00e4tytty\u00e4<br>ettei vain mit\u00e4\u00e4n sattuisi<\/p>\n\n\n\n<p>turvallista koulup\u00e4iv\u00e4\u00e4 kaikille!<\/p>\n\n\n\n<p>luin t\u00e4n\u00e4\u00e4n koulup\u00e4iv\u00e4n p\u00e4\u00e4tteeksi<br><a href=\"http:\/\/www.independent.co.uk\/news\/media\/press\/the-independent-launches-iii-2109899.html\" target=\"_blank\">independentin sisarlehden (i) jutun<br><\/a>10 asiasta jotka tekev\u00e4t ihmisen onnelliseksi<\/p>\n\n\n\n<p>1. toisen auttaminen<br>2. odottamaton kohteliaisuus<br>3. meren \u00e4\u00e4ni<br>4. auringonvalo<br>5. musiikki<br>6. suosikkiruoka<br>7. iloinen nauru<br>8. rahan voittaminen<br>9. k\u00e4vely rannalla<br>10. lumisota<\/p>\n\n\n\n<p>&nbsp;<\/p>\n\n\n\n<p>&nbsp;<\/p>\n\n\n","protected":false},"excerpt":{"rendered":"<p>kuulutuksia tulee kesken oppitunninkoulun keskusradiostal\u00e4hes p\u00e4ivitt\u00e4in niill\u00e4 halutaan kai hillit\u00e4 ja hallita oppilaitaja turvata kouluhenkil\u00f6kuntaa raivoisien vanhempien kostoltaJOS jotakin sattuu kuulutukset menev\u00e4t t\u00e4h\u00e4n tapaan: t\u00e4ss\u00e4 rehtori muistattehan ett\u00e4 n\u00e4in<br \/>\ntalvisaikaan&hellip;<\/p>\n","protected":false},"author":162,"featured_media":0,"comment_status":"open","ping_status":"open","sticky":false,"template":"","format":"standard","meta":{"_acf_changed":false,"asauth_required_access_level":0,"asauth_cansharepaid":"","om_header_attributes":[],"footnotes":"","om_featured_image_focal_point":[],"om_primary_tag":0,"om_contributors":[],"om_co_authors":[],"beyondwords_generate_audio":"","beyondwords_project_id":"","beyondwords_content_id":"","beyondwords_preview_token":"","beyondwords_player_content":"","beyondwords_player_style":"","beyondwords_language_code":"","beyondwords_language_id":"","beyondwords_title_voice_id":"","beyondwords_body_voice_id":"","beyondwords_summary_voice_id":"","beyondwords_error_message":"","beyondwords_disabled":"","beyondwords_delete_content":"","beyondwords_podcast_id":"","beyondwords_hash":"","publish_post_to_speechkit":"","speechkit_hash":"","speechkit_generate_audio":"","speechkit_project_id":"","speechkit_podcast_id":"","speechkit_error_message":"","speechkit_disabled":"","speechkit_access_key":"","speechkit_error":"","speechkit_info":"","speechkit_response":"","speechkit_retries":"","speechkit_status":"","speechkit_updated_at":"","_speechkit_link":"","_speechkit_text":""},"categories":[1],"tags":[174,173,172,176,175],"class_list":["post-36","post","type-post","status-publish","format-standard","hentry","category-yleinen","tag-keskusradion-kuulutukset","tag-kiellot","tag-lumisota","tag-rehtori","tag-vuorenvalloitus"],"om_views":null,"acf":{"tuuma_off":false,"tuuma_kysymys":"","tuuma_vastaus":""},"asauth":{"required_access_level":1,"share_token":"","is_paid":false},"yoast_head":"<!-- This site is optimized with the Yoast SEO plugin v26.4 - https:\/\/yoast.com\/wordpress\/plugins\/seo\/ -->\n<title>Mik\u00e4 tekee onnelliseksi? - J\u00e4rki ja tunteet<\/title>\n<meta name=\"robots\" content=\"index, follow, max-snippet:-1, max-image-preview:large, max-video-preview:-1\" \/>\n<link rel=\"canonical\" href=\"https:\/\/suomenkuvalehti.fi\/jarki-ja-tunteet\/2011\/01\/17\/mika-tekee-onnelliseksi\/\" \/>\n<meta property=\"og:locale\" content=\"fi_FI\" \/>\n<meta property=\"og:type\" content=\"article\" \/>\n<meta property=\"og:title\" content=\"Mik\u00e4 tekee onnelliseksi? - J\u00e4rki ja tunteet\" \/>\n<meta property=\"og:description\" content=\"kuulutuksia tulee kesken oppitunninkoulun keskusradiostal\u00e4hes p\u00e4ivitt\u00e4in niill\u00e4 halutaan kai hillit\u00e4 ja hallita oppilaitaja turvata kouluhenkil\u00f6kuntaa raivoisien vanhempien kostoltaJOS jotakin sattuu kuulutukset menev\u00e4t t\u00e4h\u00e4n tapaan: t\u00e4ss\u00e4 rehtori muistattehan ett\u00e4 n\u00e4in talvisaikaan&hellip;\" \/>\n<meta property=\"og:url\" content=\"https:\/\/suomenkuvalehti.fi\/jarki-ja-tunteet\/2011\/01\/17\/mika-tekee-onnelliseksi\/\" \/>\n<meta property=\"og:site_name\" content=\"J\u00e4rki ja tunteet\" \/>\n<meta property=\"article:published_time\" content=\"2011-01-17T18:26:21+00:00\" \/>\n<meta name=\"author\" content=\"Koulukinkku\" \/>\n<meta name=\"twitter:label1\" content=\"Written by\" \/>\n\t<meta name=\"twitter:data1\" content=\"Koulukinkku\" \/>\n\t<meta name=\"twitter:label2\" content=\"Est. reading time\" \/>\n\t<meta name=\"twitter:data2\" content=\"1 minuutti\" \/>\n<script type=\"application\/ld+json\" class=\"yoast-schema-graph\">{\"@context\":\"https:\/\/schema.org\",\"@graph\":[{\"@type\":\"WebPage\",\"@id\":\"https:\/\/suomenkuvalehti.fi\/jarki-ja-tunteet\/2011\/01\/17\/mika-tekee-onnelliseksi\/\",\"url\":\"https:\/\/suomenkuvalehti.fi\/jarki-ja-tunteet\/2011\/01\/17\/mika-tekee-onnelliseksi\/\",\"name\":\"Mik\u00e4 tekee onnelliseksi? - J\u00e4rki ja tunteet\",\"isPartOf\":{\"@id\":\"https:\/\/suomenkuvalehti.fi\/jarki-ja-tunteet\/#website\"},\"datePublished\":\"2011-01-17T18:26:21+00:00\",\"author\":{\"@id\":\"https:\/\/suomenkuvalehti.fi\/jarki-ja-tunteet\/#\/schema\/person\/f1e9ae7b12dc278cd86251f0defe1bf6\"},\"breadcrumb\":{\"@id\":\"https:\/\/suomenkuvalehti.fi\/jarki-ja-tunteet\/2011\/01\/17\/mika-tekee-onnelliseksi\/#breadcrumb\"},\"inLanguage\":\"fi\",\"potentialAction\":[{\"@type\":\"ReadAction\",\"target\":[\"https:\/\/suomenkuvalehti.fi\/jarki-ja-tunteet\/2011\/01\/17\/mika-tekee-onnelliseksi\/\"]}]},{\"@type\":\"BreadcrumbList\",\"@id\":\"https:\/\/suomenkuvalehti.fi\/jarki-ja-tunteet\/2011\/01\/17\/mika-tekee-onnelliseksi\/#breadcrumb\",\"itemListElement\":[{\"@type\":\"ListItem\",\"position\":1,\"name\":\"Home\",\"item\":\"https:\/\/suomenkuvalehti.fi\/jarki-ja-tunteet\/\"},{\"@type\":\"ListItem\",\"position\":2,\"name\":\"Mik\u00e4 tekee onnelliseksi?\"}]},{\"@type\":\"WebSite\",\"@id\":\"https:\/\/suomenkuvalehti.fi\/jarki-ja-tunteet\/#website\",\"url\":\"https:\/\/suomenkuvalehti.fi\/jarki-ja-tunteet\/\",\"name\":\"J\u00e4rki ja tunteet\",\"description\":\"Uusi Suomen Kuvalehti -sivusto\",\"potentialAction\":[{\"@type\":\"SearchAction\",\"target\":{\"@type\":\"EntryPoint\",\"urlTemplate\":\"https:\/\/suomenkuvalehti.fi\/haku\/?q={search_term_string}\"},\"query-input\":{\"@type\":\"PropertyValueSpecification\",\"valueRequired\":true,\"valueName\":\"search_term_string\"}}],\"inLanguage\":\"fi\"},{\"@type\":\"Person\",\"@id\":\"https:\/\/suomenkuvalehti.fi\/jarki-ja-tunteet\/#\/schema\/person\/f1e9ae7b12dc278cd86251f0defe1bf6\",\"name\":\"Koulukinkku\",\"image\":{\"@type\":\"ImageObject\",\"inLanguage\":\"fi\",\"@id\":\"https:\/\/suomenkuvalehti.fi\/jarki-ja-tunteet\/#\/schema\/person\/image\/\",\"url\":\"https:\/\/secure.gravatar.com\/avatar\/c33523e4cb25d7920a88aee325d9b0ca16387a985d6c623ad5ed093338b964e2?s=96&d=mm&r=g\",\"contentUrl\":\"https:\/\/secure.gravatar.com\/avatar\/c33523e4cb25d7920a88aee325d9b0ca16387a985d6c623ad5ed093338b964e2?s=96&d=mm&r=g\",\"caption\":\"Koulukinkku\"}}]}<\/script>\n<!-- \/ Yoast SEO plugin. -->","yoast_head_json":{"title":"Mik\u00e4 tekee onnelliseksi? - J\u00e4rki ja tunteet","robots":{"index":"index","follow":"follow","max-snippet":"max-snippet:-1","max-image-preview":"max-image-preview:large","max-video-preview":"max-video-preview:-1"},"canonical":"https:\/\/suomenkuvalehti.fi\/jarki-ja-tunteet\/2011\/01\/17\/mika-tekee-onnelliseksi\/","og_locale":"fi_FI","og_type":"article","og_title":"Mik\u00e4 tekee onnelliseksi? - J\u00e4rki ja tunteet","og_description":"kuulutuksia tulee kesken oppitunninkoulun keskusradiostal\u00e4hes p\u00e4ivitt\u00e4in niill\u00e4 halutaan kai hillit\u00e4 ja hallita oppilaitaja turvata kouluhenkil\u00f6kuntaa raivoisien vanhempien kostoltaJOS jotakin sattuu kuulutukset menev\u00e4t t\u00e4h\u00e4n tapaan: t\u00e4ss\u00e4 rehtori muistattehan ett\u00e4 n\u00e4in talvisaikaan&hellip;","og_url":"https:\/\/suomenkuvalehti.fi\/jarki-ja-tunteet\/2011\/01\/17\/mika-tekee-onnelliseksi\/","og_site_name":"J\u00e4rki ja tunteet","article_published_time":"2011-01-17T18:26:21+00:00","author":"Koulukinkku","twitter_misc":{"Written by":"Koulukinkku","Est. reading time":"1 minuutti"},"schema":{"@context":"https:\/\/schema.org","@graph":[{"@type":"WebPage","@id":"https:\/\/suomenkuvalehti.fi\/jarki-ja-tunteet\/2011\/01\/17\/mika-tekee-onnelliseksi\/","url":"https:\/\/suomenkuvalehti.fi\/jarki-ja-tunteet\/2011\/01\/17\/mika-tekee-onnelliseksi\/","name":"Mik\u00e4 tekee onnelliseksi? - J\u00e4rki ja tunteet","isPartOf":{"@id":"https:\/\/suomenkuvalehti.fi\/jarki-ja-tunteet\/#website"},"datePublished":"2011-01-17T18:26:21+00:00","author":{"@id":"https:\/\/suomenkuvalehti.fi\/jarki-ja-tunteet\/#\/schema\/person\/f1e9ae7b12dc278cd86251f0defe1bf6"},"breadcrumb":{"@id":"https:\/\/suomenkuvalehti.fi\/jarki-ja-tunteet\/2011\/01\/17\/mika-tekee-onnelliseksi\/#breadcrumb"},"inLanguage":"fi","potentialAction":[{"@type":"ReadAction","target":["https:\/\/suomenkuvalehti.fi\/jarki-ja-tunteet\/2011\/01\/17\/mika-tekee-onnelliseksi\/"]}]},{"@type":"BreadcrumbList","@id":"https:\/\/suomenkuvalehti.fi\/jarki-ja-tunteet\/2011\/01\/17\/mika-tekee-onnelliseksi\/#breadcrumb","itemListElement":[{"@type":"ListItem","position":1,"name":"Home","item":"https:\/\/suomenkuvalehti.fi\/jarki-ja-tunteet\/"},{"@type":"ListItem","position":2,"name":"Mik\u00e4 tekee onnelliseksi?"}]},{"@type":"WebSite","@id":"https:\/\/suomenkuvalehti.fi\/jarki-ja-tunteet\/#website","url":"https:\/\/suomenkuvalehti.fi\/jarki-ja-tunteet\/","name":"J\u00e4rki ja tunteet","description":"Uusi Suomen Kuvalehti -sivusto","potentialAction":[{"@type":"SearchAction","target":{"@type":"EntryPoint","urlTemplate":"https:\/\/suomenkuvalehti.fi\/haku\/?q={search_term_string}"},"query-input":{"@type":"PropertyValueSpecification","valueRequired":true,"valueName":"search_term_string"}}],"inLanguage":"fi"},{"@type":"Person","@id":"https:\/\/suomenkuvalehti.fi\/jarki-ja-tunteet\/#\/schema\/person\/f1e9ae7b12dc278cd86251f0defe1bf6","name":"Koulukinkku","image":{"@type":"ImageObject","inLanguage":"fi","@id":"https:\/\/suomenkuvalehti.fi\/jarki-ja-tunteet\/#\/schema\/person\/image\/","url":"https:\/\/secure.gravatar.com\/avatar\/c33523e4cb25d7920a88aee325d9b0ca16387a985d6c623ad5ed093338b964e2?s=96&d=mm&r=g","contentUrl":"https:\/\/secure.gravatar.com\/avatar\/c33523e4cb25d7920a88aee325d9b0ca16387a985d6c623ad5ed093338b964e2?s=96&d=mm&r=g","caption":"Koulukinkku"}}]}},"_links":{"self":[{"href":"https:\/\/suomenkuvalehti.fi\/jarki-ja-tunteet\/wp-json\/wp\/v2\/posts\/36","targetHints":{"allow":["GET"]}}],"collection":[{"href":"https:\/\/suomenkuvalehti.fi\/jarki-ja-tunteet\/wp-json\/wp\/v2\/posts"}],"about":[{"href":"https:\/\/suomenkuvalehti.fi\/jarki-ja-tunteet\/wp-json\/wp\/v2\/types\/post"}],"author":[{"embeddable":true,"href":"https:\/\/suomenkuvalehti.fi\/jarki-ja-tunteet\/wp-json\/wp\/v2\/users\/162"}],"replies":[{"embeddable":true,"href":"https:\/\/suomenkuvalehti.fi\/jarki-ja-tunteet\/wp-json\/wp\/v2\/comments?post=36"}],"version-history":[{"count":0,"href":"https:\/\/suomenkuvalehti.fi\/jarki-ja-tunteet\/wp-json\/wp\/v2\/posts\/36\/revisions"}],"wp:attachment":[{"href":"https:\/\/suomenkuvalehti.fi\/jarki-ja-tunteet\/wp-json\/wp\/v2\/media?parent=36"}],"wp:term":[{"taxonomy":"category","embeddable":true,"href":"https:\/\/suomenkuvalehti.fi\/jarki-ja-tunteet\/wp-json\/wp\/v2\/categories?post=36"},{"taxonomy":"post_tag","embeddable":true,"href":"https:\/\/suomenkuvalehti.fi\/jarki-ja-tunteet\/wp-json\/wp\/v2\/tags?post=36"}],"curies":[{"name":"wp","href":"https:\/\/api.w.org\/{rel}","templated":true}]}}