{"id":13,"date":"2011-11-12T10:12:51","date_gmt":"2011-11-12T08:12:51","guid":{"rendered":"https:\/\/suomenkuvalehti.fi\/jarki-ja-tunteet\/2011\/11\/12\/neekeri-suomeks-sanottuna\/"},"modified":"2011-11-12T10:12:51","modified_gmt":"2011-11-12T08:12:51","slug":"neekeri-suomeks-sanottuna","status":"publish","type":"post","link":"https:\/\/suomenkuvalehti.fi\/jarki-ja-tunteet\/2011\/11\/12\/neekeri-suomeks-sanottuna\/","title":{"rendered":"Neekeri, suomeks sanottuna"},"content":{"rendered":"\n<p>uutinen suomalaisesta rasismista<br>ei yll\u00e4tt\u00e4nyt yht\u00e4\u00e4n<\/p>\n\n\n\n<p>rehkin torstaina personal trainerin opissa<br>kuntopy\u00f6r\u00e4n sel\u00e4ss\u00e4 ryhm\u00e4ss\u00e4<br>jossa on hyv\u00e4tuloisia aikuisia<br>pelaavat tennist\u00e4 ja golfia<\/p>\n\n\n\n<p>meill\u00e4 oli ihan kivaa<br>niiden hillittyjen naisten kanssa<br>mutta aika pian juoksumatolle hypp\u00e4si<br>roisi suomalainen golfari<br>joka makeili saavutuksillaan<br>koristaen jokaisen lauseensa<br>suomalaisilla voimasanoilla<\/p>\n\n\n\n<p>olen ihan kyps\u00e4 kuuntelemaan<br>t\u00e4llaista kielenk\u00e4ytt\u00f6\u00e4 ty\u00f6ni puolesta<br>ja annoin sen n\u00e4ky\u00e4 naamasta<br>mutta iso kiho ei ymm\u00e4rt\u00e4nyt vihjett\u00e4<\/p>\n\n\n\n<p>sitten siirryttiin hoover-asentoihin<br>kuinka helvetin rankkoja ne ovat<br>kannattaisi kuulemma tsekata<br>yksi video youtubesta<br>vaikka se treenaaja olikin<br>suomeks sanottuna neekeri<\/p>\n\n\n\n<p>ett\u00e4 rasisteja ovat kuulap\u00e4\u00e4t ostarin kulmilla?<br>ehei<br>kyll\u00e4 ne ovat ihan taviksia johtoteht\u00e4viss\u00e4<br>t\u00e4m\u00e4kin vastaa vanhustenhuollosta<br>istuu jykev\u00e4sti audissaan<br>isotellen, tilaa halliten<br>tajuamatta vaivaantunutta my\u00f6t\u00e4h\u00e4pe\u00e4\u00e4<\/p>\n\n\n\n<p>eik\u00e4 minussakaan ollut munaa sanoa<br>ett\u00e4 ole saatanan \u00e4ij\u00e4 hiljaa perkele<\/p>\n\n\n","protected":false},"excerpt":{"rendered":"<p>uutinen suomalaisesta rasismistaei yll\u00e4tt\u00e4nyt yht\u00e4\u00e4n rehkin torstaina personal trainerin opissakuntopy\u00f6r\u00e4n sel\u00e4ss\u00e4 ryhm\u00e4ss\u00e4jossa on hyv\u00e4tuloisia aikuisiapelaavat tennist\u00e4 ja golfia meill\u00e4 oli ihan kivaaniiden hillittyjen naisten kanssamutta aika pian juoksumatolle hypp\u00e4siroisi suomalainen<br \/>\ngolfarijoka m&hellip;<\/p>\n","protected":false},"author":162,"featured_media":0,"comment_status":"open","ping_status":"open","sticky":false,"template":"","format":"standard","meta":{"_acf_changed":false,"asauth_required_access_level":0,"asauth_cansharepaid":"","om_header_attributes":[],"footnotes":"","om_featured_image_focal_point":[],"om_primary_tag":0,"om_contributors":[],"om_co_authors":[],"beyondwords_generate_audio":"","beyondwords_project_id":"","beyondwords_content_id":"","beyondwords_preview_token":"","beyondwords_player_content":"","beyondwords_player_style":"","beyondwords_language_code":"","beyondwords_language_id":"","beyondwords_title_voice_id":"","beyondwords_body_voice_id":"","beyondwords_summary_voice_id":"","beyondwords_error_message":"","beyondwords_disabled":"","beyondwords_delete_content":"","beyondwords_podcast_id":"","beyondwords_hash":"","publish_post_to_speechkit":"","speechkit_hash":"","speechkit_generate_audio":"","speechkit_project_id":"","speechkit_podcast_id":"","speechkit_error_message":"","speechkit_disabled":"","speechkit_access_key":"","speechkit_error":"","speechkit_info":"","speechkit_response":"","speechkit_retries":"","speechkit_status":"","speechkit_updated_at":"","_speechkit_link":"","_speechkit_text":""},"categories":[1],"tags":[37,39,41,35,40,34,36,38],"class_list":["post-13","post","type-post","status-publish","format-standard","hentry","category-yleinen","tag-audi","tag-golf","tag-hs","tag-neekeri","tag-personal-training","tag-rasismi","tag-suomalainen-mies","tag-tennis"],"om_views":null,"acf":{"tuuma_off":false,"tuuma_kysymys":"","tuuma_vastaus":""},"asauth":{"required_access_level":1,"share_token":"","is_paid":false},"yoast_head":"<!-- This site is optimized with the Yoast SEO plugin v26.4 - https:\/\/yoast.com\/wordpress\/plugins\/seo\/ -->\n<title>Neekeri, suomeks sanottuna - J\u00e4rki ja tunteet<\/title>\n<meta name=\"robots\" content=\"index, follow, max-snippet:-1, max-image-preview:large, max-video-preview:-1\" \/>\n<link rel=\"canonical\" href=\"https:\/\/suomenkuvalehti.fi\/jarki-ja-tunteet\/2011\/11\/12\/neekeri-suomeks-sanottuna\/\" \/>\n<meta property=\"og:locale\" content=\"fi_FI\" \/>\n<meta property=\"og:type\" content=\"article\" \/>\n<meta property=\"og:title\" content=\"Neekeri, suomeks sanottuna - J\u00e4rki ja tunteet\" \/>\n<meta property=\"og:description\" content=\"uutinen suomalaisesta rasismistaei yll\u00e4tt\u00e4nyt yht\u00e4\u00e4n rehkin torstaina personal trainerin opissakuntopy\u00f6r\u00e4n sel\u00e4ss\u00e4 ryhm\u00e4ss\u00e4jossa on hyv\u00e4tuloisia aikuisiapelaavat tennist\u00e4 ja golfia meill\u00e4 oli ihan kivaaniiden hillittyjen naisten kanssamutta aika pian juoksumatolle hypp\u00e4siroisi suomalainen golfarijoka m&hellip;\" \/>\n<meta property=\"og:url\" content=\"https:\/\/suomenkuvalehti.fi\/jarki-ja-tunteet\/2011\/11\/12\/neekeri-suomeks-sanottuna\/\" \/>\n<meta property=\"og:site_name\" content=\"J\u00e4rki ja tunteet\" \/>\n<meta property=\"article:published_time\" content=\"2011-11-12T08:12:51+00:00\" \/>\n<meta name=\"author\" content=\"Koulukinkku\" \/>\n<meta name=\"twitter:label1\" content=\"Written by\" \/>\n\t<meta name=\"twitter:data1\" content=\"Koulukinkku\" \/>\n\t<meta name=\"twitter:label2\" content=\"Est. reading time\" \/>\n\t<meta name=\"twitter:data2\" content=\"1 minuutti\" \/>\n<script type=\"application\/ld+json\" class=\"yoast-schema-graph\">{\"@context\":\"https:\/\/schema.org\",\"@graph\":[{\"@type\":\"WebPage\",\"@id\":\"https:\/\/suomenkuvalehti.fi\/jarki-ja-tunteet\/2011\/11\/12\/neekeri-suomeks-sanottuna\/\",\"url\":\"https:\/\/suomenkuvalehti.fi\/jarki-ja-tunteet\/2011\/11\/12\/neekeri-suomeks-sanottuna\/\",\"name\":\"Neekeri, suomeks sanottuna - J\u00e4rki ja tunteet\",\"isPartOf\":{\"@id\":\"https:\/\/suomenkuvalehti.fi\/jarki-ja-tunteet\/#website\"},\"datePublished\":\"2011-11-12T08:12:51+00:00\",\"author\":{\"@id\":\"https:\/\/suomenkuvalehti.fi\/jarki-ja-tunteet\/#\/schema\/person\/f1e9ae7b12dc278cd86251f0defe1bf6\"},\"breadcrumb\":{\"@id\":\"https:\/\/suomenkuvalehti.fi\/jarki-ja-tunteet\/2011\/11\/12\/neekeri-suomeks-sanottuna\/#breadcrumb\"},\"inLanguage\":\"fi\",\"potentialAction\":[{\"@type\":\"ReadAction\",\"target\":[\"https:\/\/suomenkuvalehti.fi\/jarki-ja-tunteet\/2011\/11\/12\/neekeri-suomeks-sanottuna\/\"]}]},{\"@type\":\"BreadcrumbList\",\"@id\":\"https:\/\/suomenkuvalehti.fi\/jarki-ja-tunteet\/2011\/11\/12\/neekeri-suomeks-sanottuna\/#breadcrumb\",\"itemListElement\":[{\"@type\":\"ListItem\",\"position\":1,\"name\":\"Home\",\"item\":\"https:\/\/suomenkuvalehti.fi\/jarki-ja-tunteet\/\"},{\"@type\":\"ListItem\",\"position\":2,\"name\":\"Neekeri, suomeks sanottuna\"}]},{\"@type\":\"WebSite\",\"@id\":\"https:\/\/suomenkuvalehti.fi\/jarki-ja-tunteet\/#website\",\"url\":\"https:\/\/suomenkuvalehti.fi\/jarki-ja-tunteet\/\",\"name\":\"J\u00e4rki ja tunteet\",\"description\":\"Uusi Suomen Kuvalehti -sivusto\",\"potentialAction\":[{\"@type\":\"SearchAction\",\"target\":{\"@type\":\"EntryPoint\",\"urlTemplate\":\"https:\/\/suomenkuvalehti.fi\/haku\/?q={search_term_string}\"},\"query-input\":{\"@type\":\"PropertyValueSpecification\",\"valueRequired\":true,\"valueName\":\"search_term_string\"}}],\"inLanguage\":\"fi\"},{\"@type\":\"Person\",\"@id\":\"https:\/\/suomenkuvalehti.fi\/jarki-ja-tunteet\/#\/schema\/person\/f1e9ae7b12dc278cd86251f0defe1bf6\",\"name\":\"Koulukinkku\",\"image\":{\"@type\":\"ImageObject\",\"inLanguage\":\"fi\",\"@id\":\"https:\/\/suomenkuvalehti.fi\/jarki-ja-tunteet\/#\/schema\/person\/image\/\",\"url\":\"https:\/\/secure.gravatar.com\/avatar\/c33523e4cb25d7920a88aee325d9b0ca16387a985d6c623ad5ed093338b964e2?s=96&d=mm&r=g\",\"contentUrl\":\"https:\/\/secure.gravatar.com\/avatar\/c33523e4cb25d7920a88aee325d9b0ca16387a985d6c623ad5ed093338b964e2?s=96&d=mm&r=g\",\"caption\":\"Koulukinkku\"}}]}<\/script>\n<!-- \/ Yoast SEO plugin. -->","yoast_head_json":{"title":"Neekeri, suomeks sanottuna - J\u00e4rki ja tunteet","robots":{"index":"index","follow":"follow","max-snippet":"max-snippet:-1","max-image-preview":"max-image-preview:large","max-video-preview":"max-video-preview:-1"},"canonical":"https:\/\/suomenkuvalehti.fi\/jarki-ja-tunteet\/2011\/11\/12\/neekeri-suomeks-sanottuna\/","og_locale":"fi_FI","og_type":"article","og_title":"Neekeri, suomeks sanottuna - J\u00e4rki ja tunteet","og_description":"uutinen suomalaisesta rasismistaei yll\u00e4tt\u00e4nyt yht\u00e4\u00e4n rehkin torstaina personal trainerin opissakuntopy\u00f6r\u00e4n sel\u00e4ss\u00e4 ryhm\u00e4ss\u00e4jossa on hyv\u00e4tuloisia aikuisiapelaavat tennist\u00e4 ja golfia meill\u00e4 oli ihan kivaaniiden hillittyjen naisten kanssamutta aika pian juoksumatolle hypp\u00e4siroisi suomalainen golfarijoka m&hellip;","og_url":"https:\/\/suomenkuvalehti.fi\/jarki-ja-tunteet\/2011\/11\/12\/neekeri-suomeks-sanottuna\/","og_site_name":"J\u00e4rki ja tunteet","article_published_time":"2011-11-12T08:12:51+00:00","author":"Koulukinkku","twitter_misc":{"Written by":"Koulukinkku","Est. reading time":"1 minuutti"},"schema":{"@context":"https:\/\/schema.org","@graph":[{"@type":"WebPage","@id":"https:\/\/suomenkuvalehti.fi\/jarki-ja-tunteet\/2011\/11\/12\/neekeri-suomeks-sanottuna\/","url":"https:\/\/suomenkuvalehti.fi\/jarki-ja-tunteet\/2011\/11\/12\/neekeri-suomeks-sanottuna\/","name":"Neekeri, suomeks sanottuna - J\u00e4rki ja tunteet","isPartOf":{"@id":"https:\/\/suomenkuvalehti.fi\/jarki-ja-tunteet\/#website"},"datePublished":"2011-11-12T08:12:51+00:00","author":{"@id":"https:\/\/suomenkuvalehti.fi\/jarki-ja-tunteet\/#\/schema\/person\/f1e9ae7b12dc278cd86251f0defe1bf6"},"breadcrumb":{"@id":"https:\/\/suomenkuvalehti.fi\/jarki-ja-tunteet\/2011\/11\/12\/neekeri-suomeks-sanottuna\/#breadcrumb"},"inLanguage":"fi","potentialAction":[{"@type":"ReadAction","target":["https:\/\/suomenkuvalehti.fi\/jarki-ja-tunteet\/2011\/11\/12\/neekeri-suomeks-sanottuna\/"]}]},{"@type":"BreadcrumbList","@id":"https:\/\/suomenkuvalehti.fi\/jarki-ja-tunteet\/2011\/11\/12\/neekeri-suomeks-sanottuna\/#breadcrumb","itemListElement":[{"@type":"ListItem","position":1,"name":"Home","item":"https:\/\/suomenkuvalehti.fi\/jarki-ja-tunteet\/"},{"@type":"ListItem","position":2,"name":"Neekeri, suomeks sanottuna"}]},{"@type":"WebSite","@id":"https:\/\/suomenkuvalehti.fi\/jarki-ja-tunteet\/#website","url":"https:\/\/suomenkuvalehti.fi\/jarki-ja-tunteet\/","name":"J\u00e4rki ja tunteet","description":"Uusi Suomen Kuvalehti -sivusto","potentialAction":[{"@type":"SearchAction","target":{"@type":"EntryPoint","urlTemplate":"https:\/\/suomenkuvalehti.fi\/haku\/?q={search_term_string}"},"query-input":{"@type":"PropertyValueSpecification","valueRequired":true,"valueName":"search_term_string"}}],"inLanguage":"fi"},{"@type":"Person","@id":"https:\/\/suomenkuvalehti.fi\/jarki-ja-tunteet\/#\/schema\/person\/f1e9ae7b12dc278cd86251f0defe1bf6","name":"Koulukinkku","image":{"@type":"ImageObject","inLanguage":"fi","@id":"https:\/\/suomenkuvalehti.fi\/jarki-ja-tunteet\/#\/schema\/person\/image\/","url":"https:\/\/secure.gravatar.com\/avatar\/c33523e4cb25d7920a88aee325d9b0ca16387a985d6c623ad5ed093338b964e2?s=96&d=mm&r=g","contentUrl":"https:\/\/secure.gravatar.com\/avatar\/c33523e4cb25d7920a88aee325d9b0ca16387a985d6c623ad5ed093338b964e2?s=96&d=mm&r=g","caption":"Koulukinkku"}}]}},"_links":{"self":[{"href":"https:\/\/suomenkuvalehti.fi\/jarki-ja-tunteet\/wp-json\/wp\/v2\/posts\/13","targetHints":{"allow":["GET"]}}],"collection":[{"href":"https:\/\/suomenkuvalehti.fi\/jarki-ja-tunteet\/wp-json\/wp\/v2\/posts"}],"about":[{"href":"https:\/\/suomenkuvalehti.fi\/jarki-ja-tunteet\/wp-json\/wp\/v2\/types\/post"}],"author":[{"embeddable":true,"href":"https:\/\/suomenkuvalehti.fi\/jarki-ja-tunteet\/wp-json\/wp\/v2\/users\/162"}],"replies":[{"embeddable":true,"href":"https:\/\/suomenkuvalehti.fi\/jarki-ja-tunteet\/wp-json\/wp\/v2\/comments?post=13"}],"version-history":[{"count":0,"href":"https:\/\/suomenkuvalehti.fi\/jarki-ja-tunteet\/wp-json\/wp\/v2\/posts\/13\/revisions"}],"wp:attachment":[{"href":"https:\/\/suomenkuvalehti.fi\/jarki-ja-tunteet\/wp-json\/wp\/v2\/media?parent=13"}],"wp:term":[{"taxonomy":"category","embeddable":true,"href":"https:\/\/suomenkuvalehti.fi\/jarki-ja-tunteet\/wp-json\/wp\/v2\/categories?post=13"},{"taxonomy":"post_tag","embeddable":true,"href":"https:\/\/suomenkuvalehti.fi\/jarki-ja-tunteet\/wp-json\/wp\/v2\/tags?post=13"}],"curies":[{"name":"wp","href":"https:\/\/api.w.org\/{rel}","templated":true}]}}