{"id":2304,"date":"2020-06-08T12:57:43","date_gmt":"2020-06-08T09:57:43","guid":{"rendered":"https:\/\/suomenkuvalehti.fi\/hupparihorho\/?p=2304"},"modified":"2020-06-08T13:41:08","modified_gmt":"2020-06-08T10:41:08","slug":"matti-sopivasti-tylsa","status":"publish","type":"post","link":"https:\/\/suomenkuvalehti.fi\/hupparihorho\/matti-sopivasti-tylsa\/","title":{"rendered":"Matti, sopivasti tyls\u00e4"},"content":{"rendered":"\n<p><span class=\"capitalized\">Jokunen<\/span> kaveri on harmitellut somessa, ett\u00e4 hallitukseen valittiin yll\u00e4tt\u00e4v\u00e4n helposti eronneen <strong>Katri Kulmuni<\/strong>n tilalle <strong>Matti Vanhanen<\/strong>. Ett\u00e4 nyt set\u00e4mies pilaa modernin meiningin. Itse en jaksa asiaa surra. On aivan sama, millainen imago hallituksella on, kun ollaan n\u00e4in kusessa.<\/p>\n\n\n\n<p>Matti Vanhasen poliittisen uran ajalta l\u00f6ytyy kaikenlaisia suhmurointeja. Eniten Vanhasen henkil\u00f6historiassa itse\u00e4ni riipii kaikki oikeusasteet l\u00e4pik\u00e4ynyt taistelu <strong>Susan Ruususta<\/strong> vastaan,&nbsp; koska tavallinen nainen oli kirjoittanut kirjan suhteestaan Vanhaseen. Keissi vaikutti periaatteelliselta ja ep\u00e4reilulta jankkaamiselta, jossa kaikki suhteellisuudentaju menetettiin j\u00e4\u00e4r\u00e4p\u00e4isyyden ja m\u00f6ks\u00f6tt\u00e4misen takia. Tuli kustantajalle tonnin lasku henkisist\u00e4 k\u00e4rsimyksist\u00e4, pienet sakot ja kaikille paha mieli.<\/p>\n\n\n\n<blockquote class=\"wp-block-quote\"><p>Mit\u00e4 mist\u00e4\u00e4n muusta kuin siit\u00e4, ett\u00e4 Vanhasella on kokemusta<\/p><\/blockquote>\n\n\n\n<p>Mutta mit\u00e4 niist\u00e4. Mit\u00e4 mist\u00e4\u00e4n muusta kuin siit\u00e4, ett\u00e4 Vanhasella on kokemusta jopa p\u00e4\u00e4ministerin hommista, ja miehen j\u00e4\u00e4r\u00e4p\u00e4isyys n\u00e4kyy ilmeisesti my\u00f6s vimmaisena asioihin perehtymisen\u00e4. Uusi valtiovarainministeri on siis sopivasti tyls\u00e4 ja hikari. Sukupuolella ei ole mit\u00e4\u00e4n v\u00e4li\u00e4, kun neuvotellaan koronakriisiin liittyvist\u00e4 miljardipaketeista.<\/p>\n\n\n\n<p>Ymm\u00e4rr\u00e4n toki my\u00f6s Vanhasta kritisoivia hipstereit\u00e4. On&nbsp; aivan hirve\u00e4\u00e4, ett\u00e4 nyt hallituksen instakuviin tulee kummittelemaan nelimetrinen pitk\u00e4naamainen photobombaaja. Just kun oli n\u00e4tti meno.<\/p>\n\n\n","protected":false},"excerpt":{"rendered":"<p>Jokunen kaveri on harmitellut somessa, ett\u00e4 hallitukseen valittiin yll\u00e4tt\u00e4v\u00e4n helposti eronneen Katri Kulmunin tilalle Matti Vanhanen. Ett\u00e4 nyt set\u00e4mies pilaa modernin meiningin. Itse en jaksa asiaa surra. On aivan sama, millainen imago hallituksella on, kun ollaan n\u00e4in kusessa. Matti Vanhasen<br \/>\npoliit&hellip;<\/p>\n","protected":false},"author":149,"featured_media":0,"comment_status":"open","ping_status":"open","sticky":false,"template":"","format":"standard","meta":{"_acf_changed":false,"asauth_required_access_level":3,"asauth_cansharepaid":"true","om_header_attributes":[],"footnotes":"","om_featured_image_focal_point":[],"om_primary_tag":0,"om_contributors":[],"om_co_authors":[],"beyondwords_generate_audio":"","beyondwords_project_id":"","beyondwords_content_id":"","beyondwords_preview_token":"","beyondwords_player_content":"","beyondwords_player_style":"","beyondwords_language_code":"","beyondwords_language_id":"","beyondwords_title_voice_id":"","beyondwords_body_voice_id":"","beyondwords_summary_voice_id":"","beyondwords_error_message":"","beyondwords_disabled":"","beyondwords_delete_content":"","beyondwords_podcast_id":"","beyondwords_hash":"","publish_post_to_speechkit":"","speechkit_hash":"","speechkit_generate_audio":"","speechkit_project_id":"","speechkit_podcast_id":"","speechkit_error_message":"","speechkit_disabled":"","speechkit_access_key":"","speechkit_error":"","speechkit_info":"","speechkit_response":"","speechkit_retries":"","speechkit_status":"","speechkit_updated_at":"","_speechkit_link":"","_speechkit_text":""},"categories":[1],"tags":[1773,1616,1771,1772],"class_list":["post-2304","post","type-post","status-publish","format-standard","hentry","category-hupparihorho","tag-instamorko","tag-katri-kulmuni","tag-matti-vanhanen","tag-susan-ruusunen"],"om_views":null,"acf":{"tuuma_off":false,"tuuma_kysymys":"","tuuma_vastaus":""},"asauth":{"required_access_level":1,"share_token":"","is_paid":false},"yoast_head":"<!-- This site is optimized with the Yoast SEO plugin v26.4 - https:\/\/yoast.com\/wordpress\/plugins\/seo\/ -->\n<title>Matti, sopivasti tyls\u00e4 - Hupparih\u00f6rh\u00f6<\/title>\n<meta name=\"description\" content=\"Matti Vanhanen on ihan hyv\u00e4 ministeriksi. Vaikkakin saattaa kummitella nolosti instakuvissa.\" \/>\n<meta name=\"robots\" content=\"index, follow, max-snippet:-1, max-image-preview:large, max-video-preview:-1\" \/>\n<link rel=\"canonical\" href=\"https:\/\/suomenkuvalehti.fi\/hupparihorho\/matti-sopivasti-tylsa\/\" \/>\n<meta property=\"og:locale\" content=\"fi_FI\" \/>\n<meta property=\"og:type\" content=\"article\" \/>\n<meta property=\"og:title\" content=\"Matti, sopivasti tyls\u00e4 - Hupparih\u00f6rh\u00f6\" \/>\n<meta property=\"og:description\" content=\"Matti Vanhanen on ihan hyv\u00e4 ministeriksi. Vaikkakin saattaa kummitella nolosti instakuvissa.\" \/>\n<meta property=\"og:url\" content=\"https:\/\/suomenkuvalehti.fi\/hupparihorho\/matti-sopivasti-tylsa\/\" \/>\n<meta property=\"og:site_name\" content=\"Hupparih\u00f6rh\u00f6\" \/>\n<meta property=\"article:author\" content=\"https:\/\/www.facebook.com\/Hupparihorho\" \/>\n<meta property=\"article:published_time\" content=\"2020-06-08T09:57:43+00:00\" \/>\n<meta property=\"article:modified_time\" content=\"2020-06-08T10:41:08+00:00\" \/>\n<meta property=\"og:image\" content=\"https:\/\/suomenkuvalehti.fi\/hupparihorho\/wp-content\/uploads\/sites\/16\/2018\/05\/sami_kuusela_blogi_pieni.jpg\" \/>\n\t<meta property=\"og:image:width\" content=\"600\" \/>\n\t<meta property=\"og:image:height\" content=\"600\" \/>\n\t<meta property=\"og:image:type\" content=\"image\/jpeg\" \/>\n<meta name=\"author\" content=\"Sami Kuusela\" \/>\n<meta name=\"twitter:card\" content=\"summary_large_image\" \/>\n<meta name=\"twitter:creator\" content=\"@https:\/\/twitter.com\/deepsami\" \/>\n<meta name=\"twitter:label1\" content=\"Written by\" \/>\n\t<meta name=\"twitter:data1\" content=\"Sami Kuusela\" \/>\n\t<meta name=\"twitter:label2\" content=\"Est. reading time\" \/>\n\t<meta name=\"twitter:data2\" content=\"1 minuutti\" \/>\n<script type=\"application\/ld+json\" class=\"yoast-schema-graph\">{\"@context\":\"https:\/\/schema.org\",\"@graph\":[{\"@type\":\"WebPage\",\"@id\":\"https:\/\/suomenkuvalehti.fi\/hupparihorho\/matti-sopivasti-tylsa\/\",\"url\":\"https:\/\/suomenkuvalehti.fi\/hupparihorho\/matti-sopivasti-tylsa\/\",\"name\":\"Matti, sopivasti tyls\u00e4 - Hupparih\u00f6rh\u00f6\",\"isPartOf\":{\"@id\":\"https:\/\/suomenkuvalehti.fi\/hupparihorho\/#website\"},\"datePublished\":\"2020-06-08T09:57:43+00:00\",\"dateModified\":\"2020-06-08T10:41:08+00:00\",\"author\":{\"@id\":\"https:\/\/suomenkuvalehti.fi\/hupparihorho\/#\/schema\/person\/2ae07f56bd87235a63e80f432ccf3ade\"},\"description\":\"Matti Vanhanen on ihan hyv\u00e4 ministeriksi. Vaikkakin saattaa kummitella nolosti instakuvissa.\",\"breadcrumb\":{\"@id\":\"https:\/\/suomenkuvalehti.fi\/hupparihorho\/matti-sopivasti-tylsa\/#breadcrumb\"},\"inLanguage\":\"fi\",\"potentialAction\":[{\"@type\":\"ReadAction\",\"target\":[\"https:\/\/suomenkuvalehti.fi\/hupparihorho\/matti-sopivasti-tylsa\/\"]}]},{\"@type\":\"BreadcrumbList\",\"@id\":\"https:\/\/suomenkuvalehti.fi\/hupparihorho\/matti-sopivasti-tylsa\/#breadcrumb\",\"itemListElement\":[{\"@type\":\"ListItem\",\"position\":1,\"name\":\"Home\",\"item\":\"https:\/\/suomenkuvalehti.fi\/hupparihorho\/\"},{\"@type\":\"ListItem\",\"position\":2,\"name\":\"Matti, sopivasti tyls\u00e4\"}]},{\"@type\":\"WebSite\",\"@id\":\"https:\/\/suomenkuvalehti.fi\/hupparihorho\/#website\",\"url\":\"https:\/\/suomenkuvalehti.fi\/hupparihorho\/\",\"name\":\"Hupparih\u00f6rh\u00f6\",\"description\":\"Sis\u00e4piiritietoa startup-maailmasta. \",\"potentialAction\":[{\"@type\":\"SearchAction\",\"target\":{\"@type\":\"EntryPoint\",\"urlTemplate\":\"https:\/\/suomenkuvalehti.fi\/haku\/?q={search_term_string}\"},\"query-input\":{\"@type\":\"PropertyValueSpecification\",\"valueRequired\":true,\"valueName\":\"search_term_string\"}}],\"inLanguage\":\"fi\"},{\"@type\":\"Person\",\"@id\":\"https:\/\/suomenkuvalehti.fi\/hupparihorho\/#\/schema\/person\/2ae07f56bd87235a63e80f432ccf3ade\",\"name\":\"Sami Kuusela\",\"image\":{\"@type\":\"ImageObject\",\"inLanguage\":\"fi\",\"@id\":\"https:\/\/suomenkuvalehti.fi\/hupparihorho\/#\/schema\/person\/image\/\",\"url\":\"https:\/\/suomenkuvalehti.fi\/hupparihorho\/wp-content\/uploads\/sites\/16\/2018\/05\/sami_kuusela_blogi_pieni-150x150.jpg\",\"contentUrl\":\"https:\/\/suomenkuvalehti.fi\/hupparihorho\/wp-content\/uploads\/sites\/16\/2018\/05\/sami_kuusela_blogi_pieni-150x150.jpg\",\"caption\":\"Sami Kuusela\"},\"description\":\"Kirjoittaja Sami Kuusela on toimittaja ja startup-liikemies.\",\"sameAs\":[\"https:\/\/www.facebook.com\/Hupparihorho\",\"https:\/\/x.com\/https:\/\/twitter.com\/deepsami\"]}]}<\/script>\n<!-- \/ Yoast SEO plugin. -->","yoast_head_json":{"title":"Matti, sopivasti tyls\u00e4 - Hupparih\u00f6rh\u00f6","description":"Matti Vanhanen on ihan hyv\u00e4 ministeriksi. Vaikkakin saattaa kummitella nolosti instakuvissa.","robots":{"index":"index","follow":"follow","max-snippet":"max-snippet:-1","max-image-preview":"max-image-preview:large","max-video-preview":"max-video-preview:-1"},"canonical":"https:\/\/suomenkuvalehti.fi\/hupparihorho\/matti-sopivasti-tylsa\/","og_locale":"fi_FI","og_type":"article","og_title":"Matti, sopivasti tyls\u00e4 - Hupparih\u00f6rh\u00f6","og_description":"Matti Vanhanen on ihan hyv\u00e4 ministeriksi. Vaikkakin saattaa kummitella nolosti instakuvissa.","og_url":"https:\/\/suomenkuvalehti.fi\/hupparihorho\/matti-sopivasti-tylsa\/","og_site_name":"Hupparih\u00f6rh\u00f6","article_author":"https:\/\/www.facebook.com\/Hupparihorho","article_published_time":"2020-06-08T09:57:43+00:00","article_modified_time":"2020-06-08T10:41:08+00:00","og_image":[{"width":600,"height":600,"url":"https:\/\/suomenkuvalehti.fi\/hupparihorho\/wp-content\/uploads\/sites\/16\/2018\/05\/sami_kuusela_blogi_pieni.jpg","type":"image\/jpeg"}],"author":"Sami Kuusela","twitter_card":"summary_large_image","twitter_creator":"@https:\/\/twitter.com\/deepsami","twitter_misc":{"Written by":"Sami Kuusela","Est. reading time":"1 minuutti"},"schema":{"@context":"https:\/\/schema.org","@graph":[{"@type":"WebPage","@id":"https:\/\/suomenkuvalehti.fi\/hupparihorho\/matti-sopivasti-tylsa\/","url":"https:\/\/suomenkuvalehti.fi\/hupparihorho\/matti-sopivasti-tylsa\/","name":"Matti, sopivasti tyls\u00e4 - Hupparih\u00f6rh\u00f6","isPartOf":{"@id":"https:\/\/suomenkuvalehti.fi\/hupparihorho\/#website"},"datePublished":"2020-06-08T09:57:43+00:00","dateModified":"2020-06-08T10:41:08+00:00","author":{"@id":"https:\/\/suomenkuvalehti.fi\/hupparihorho\/#\/schema\/person\/2ae07f56bd87235a63e80f432ccf3ade"},"description":"Matti Vanhanen on ihan hyv\u00e4 ministeriksi. Vaikkakin saattaa kummitella nolosti instakuvissa.","breadcrumb":{"@id":"https:\/\/suomenkuvalehti.fi\/hupparihorho\/matti-sopivasti-tylsa\/#breadcrumb"},"inLanguage":"fi","potentialAction":[{"@type":"ReadAction","target":["https:\/\/suomenkuvalehti.fi\/hupparihorho\/matti-sopivasti-tylsa\/"]}]},{"@type":"BreadcrumbList","@id":"https:\/\/suomenkuvalehti.fi\/hupparihorho\/matti-sopivasti-tylsa\/#breadcrumb","itemListElement":[{"@type":"ListItem","position":1,"name":"Home","item":"https:\/\/suomenkuvalehti.fi\/hupparihorho\/"},{"@type":"ListItem","position":2,"name":"Matti, sopivasti tyls\u00e4"}]},{"@type":"WebSite","@id":"https:\/\/suomenkuvalehti.fi\/hupparihorho\/#website","url":"https:\/\/suomenkuvalehti.fi\/hupparihorho\/","name":"Hupparih\u00f6rh\u00f6","description":"Sis\u00e4piiritietoa startup-maailmasta. ","potentialAction":[{"@type":"SearchAction","target":{"@type":"EntryPoint","urlTemplate":"https:\/\/suomenkuvalehti.fi\/haku\/?q={search_term_string}"},"query-input":{"@type":"PropertyValueSpecification","valueRequired":true,"valueName":"search_term_string"}}],"inLanguage":"fi"},{"@type":"Person","@id":"https:\/\/suomenkuvalehti.fi\/hupparihorho\/#\/schema\/person\/2ae07f56bd87235a63e80f432ccf3ade","name":"Sami Kuusela","image":{"@type":"ImageObject","inLanguage":"fi","@id":"https:\/\/suomenkuvalehti.fi\/hupparihorho\/#\/schema\/person\/image\/","url":"https:\/\/suomenkuvalehti.fi\/hupparihorho\/wp-content\/uploads\/sites\/16\/2018\/05\/sami_kuusela_blogi_pieni-150x150.jpg","contentUrl":"https:\/\/suomenkuvalehti.fi\/hupparihorho\/wp-content\/uploads\/sites\/16\/2018\/05\/sami_kuusela_blogi_pieni-150x150.jpg","caption":"Sami Kuusela"},"description":"Kirjoittaja Sami Kuusela on toimittaja ja startup-liikemies.","sameAs":["https:\/\/www.facebook.com\/Hupparihorho","https:\/\/x.com\/https:\/\/twitter.com\/deepsami"]}]}},"_links":{"self":[{"href":"https:\/\/suomenkuvalehti.fi\/hupparihorho\/wp-json\/wp\/v2\/posts\/2304","targetHints":{"allow":["GET"]}}],"collection":[{"href":"https:\/\/suomenkuvalehti.fi\/hupparihorho\/wp-json\/wp\/v2\/posts"}],"about":[{"href":"https:\/\/suomenkuvalehti.fi\/hupparihorho\/wp-json\/wp\/v2\/types\/post"}],"author":[{"embeddable":true,"href":"https:\/\/suomenkuvalehti.fi\/hupparihorho\/wp-json\/wp\/v2\/users\/149"}],"replies":[{"embeddable":true,"href":"https:\/\/suomenkuvalehti.fi\/hupparihorho\/wp-json\/wp\/v2\/comments?post=2304"}],"version-history":[{"count":4,"href":"https:\/\/suomenkuvalehti.fi\/hupparihorho\/wp-json\/wp\/v2\/posts\/2304\/revisions"}],"predecessor-version":[{"id":2308,"href":"https:\/\/suomenkuvalehti.fi\/hupparihorho\/wp-json\/wp\/v2\/posts\/2304\/revisions\/2308"}],"wp:attachment":[{"href":"https:\/\/suomenkuvalehti.fi\/hupparihorho\/wp-json\/wp\/v2\/media?parent=2304"}],"wp:term":[{"taxonomy":"category","embeddable":true,"href":"https:\/\/suomenkuvalehti.fi\/hupparihorho\/wp-json\/wp\/v2\/categories?post=2304"},{"taxonomy":"post_tag","embeddable":true,"href":"https:\/\/suomenkuvalehti.fi\/hupparihorho\/wp-json\/wp\/v2\/tags?post=2304"}],"curies":[{"name":"wp","href":"https:\/\/api.w.org\/{rel}","templated":true}]}}