{"id":1727,"date":"2018-05-15T17:29:30","date_gmt":"2018-05-15T14:29:30","guid":{"rendered":"https:\/\/suomenkuvalehti.fi\/hupparihorho\/?p=1727"},"modified":"2018-05-15T22:44:32","modified_gmt":"2018-05-15T19:44:32","slug":"koyhat-hiljaa-susanna-koski-sanoi-sen-mita-moni-ajattelee","status":"publish","type":"post","link":"https:\/\/suomenkuvalehti.fi\/hupparihorho\/koyhat-hiljaa-susanna-koski-sanoi-sen-mita-moni-ajattelee\/","title":{"rendered":"K\u00f6yh\u00e4t hiljaa! Susanna Koski sanoi sen, mit\u00e4 moni ajattelee"},"content":{"rendered":"\n<p><span class=\"capitalized\">Sosiaalinen<\/span> media on siit\u00e4 j\u00e4nn\u00e4 paikka, ett\u00e4 siell\u00e4 saa n\u00e4kyvyytt\u00e4 olemalla eri mielt\u00e4 kuin valtaosa muista. Homma menee n\u00e4in: Ensin saadaan joku julkkis kiinni h\u00f6lm\u00f6st\u00e4 kommentista tai muusta t\u00f6rkeydest\u00e4, mist\u00e4 seuraa n\u00e4rk\u00e4styksen ensimm\u00e4inen aalto. Jo muutaman tunnin kuluttua joku neropatti Twitteriss\u00e4 keksii, ett\u00e4 asia onkin aivan p\u00e4invastoin: alun roisto onkin uhri.<\/p>\n\n\n\n<blockquote class=\"wp-block-quote\"><p>Kaikilla meill\u00e4 on kuule rajoitteita, heh heh<\/p><\/blockquote>\n\n\n\n<p>N\u00e4in on k\u00e4ynyt my\u00f6s Kokoomuksen kansanedustaja Susanna Koskelle, jonka empatiakyvytt\u00f6myys sai aikaan suuttumuksen, kun Koski kohtasi <a href=\"https:\/\/areena.yle.fi\/1-4435283\">A-studion Kuplat-sarjassa<\/a> ty\u00f6tt\u00f6m\u00e4n ja sairaan Anna-Maija Tikkasen. Nyt monet neropatit ylist\u00e4v\u00e4t Koskea pitkin netti\u00e4 ja opettavat, kuinka kuka tahansa voi ottaa itse\u00e4\u00e4n niskasta kiinni ja kuinka toimeentulotuella itseasiassa tulee <strong>hyvin<\/strong> toimeen, seikka jota Koski my\u00f6s jankutti eduskunnassa kohtaamalleen k\u00f6yh\u00e4lle.<\/p>\n\n\n\n<p>&#8221;Kaikilla meill\u00e4 on kuule rajoitteita, heh heh&#8221;, oli Kosken vastaus rollaattorilla kulkevalle ja hengityssuojainta k\u00e4ytt\u00e4v\u00e4lle Tikkaselle, kun t\u00e4m\u00e4 kertoi ty\u00f6kyvytt\u00f6myyteen johtaneista sairauksistaan.<\/p>\n\n\n\n<p><span class=\"capitalized\">A-studion<\/span> haastattelussa Koski my\u00f6s kertoo, ett\u00e4 on h\u00e4nell\u00e4kin kokemusta k\u00f6yhyydest\u00e4, nimitt\u00e4in opiskeluajoilta. Siin\u00e4 vasta on niin tyhm\u00e4 l\u00e4pp\u00e4, ett\u00e4 p\u00e4\u00e4 r\u00e4j\u00e4ht\u00e4\u00e4. Opiskelija riekkuu haalareissaan nuudeleita sy\u00f6den ja pyyt\u00e4\u00e4 mammalta massia, kun alkaa tehd\u00e4 tiukkaa. Opiskelija on my\u00f6s valinnut hetkellisen k\u00f6yhyytens\u00e4, jotta h\u00e4nen tulevaisuutensa on valoisampi ja materiaalisesti ylt\u00e4kyll\u00e4inen. Pitk\u00e4aikaisty\u00f6t\u00f6n taas on kurjuuteen huputettu, jonka elinpiiri ja mahdollisuudet ovat mit\u00e4tt\u00f6m\u00e4t ja joka saa aivan liian usein kuulla susannakoskilta, kuinka k\u00f6yhyys on oma vika ja ole hiljaa.<\/p>\n\n\n\n<p><span class=\"capitalized\">Monen<\/span> tuttuni mielest\u00e4 olisi hyv\u00e4, jos k\u00f6yh\u00e4t k\u00e4rsisiv\u00e4t vaiti. On ep\u00e4hienoa, ett\u00e4 Tikkasen kaltaiset h\u00e4vi\u00e4j\u00e4t tulevat jopa televisioon listaamaan vaivojaan. Kansantalous, joka siis kulkee voittajafiiliksell\u00e4, on vaarassa! Miten k\u00e4y BKT:n?<\/p>\n\n\n\n<p>Itseasiasiassa on ihmeellist\u00e4, ettei yksik\u00e4\u00e4n media ole viel\u00e4 tehnyt artikkelia, jossa voivotellaan someraivon uhriksi noussutta kaunista kansanedustajaa. Haloo! Jotain ryhti\u00e4 sinne toimituksiin ja heti!<\/p>\n\n\n\n<p>Kyll\u00e4 Susanna Koskea saa ja pit\u00e4\u00e4 kritisoida. Nuoresta asti julkisuuteen pyrkinyt kansanedustaja tiesi mihin l\u00e4hti, vaikka motiiveja voimme vain arvailla. Ehk\u00e4 Koski halusi miellytt\u00e4\u00e4 kovan arvon liberaaleja tai ehk\u00e4 h\u00e4n vain ei kykene empatiaan, mik\u00e4 on kauhea ajatus, koska Koski kuitenkin on p\u00e4\u00e4tt\u00e4m\u00e4ss\u00e4 heikko-osaisten asioista.<\/p>\n\n\n\n<p><span class=\"capitalized\">Jos<\/span> kyse on kyvytt\u00f6myydest\u00e4 asettua toisen asemaan, siit\u00e4 Susanna Koskea voi toki s\u00e4\u00e4li\u00e4.&nbsp;Sill\u00e4 onhan empatiarajoittuneisuuskin traagisella tavalla aitoa el\u00e4m\u00e4\u00e4 haittaava rajoite.<\/p>\n\n\n","protected":false},"excerpt":{"rendered":"<p>Sosiaalinen media on siit\u00e4 j\u00e4nn\u00e4 paikka, ett\u00e4 siell\u00e4 saa n\u00e4kyvyytt\u00e4 olemalla eri mielt\u00e4 kuin valtaosa muista. Homma menee n\u00e4in: Ensin saadaan joku julkkis kiinni h\u00f6lm\u00f6st\u00e4 kommentista tai muusta t\u00f6rkeydest\u00e4, mist\u00e4 seuraa n\u00e4rk\u00e4styksen ensimm\u00e4inen aalto.<br \/>\nJo muutaman tunni&hellip;<\/p>\n","protected":false},"author":149,"featured_media":0,"comment_status":"open","ping_status":"open","sticky":false,"template":"","format":"standard","meta":{"_acf_changed":false,"asauth_required_access_level":3,"asauth_cansharepaid":"true","om_header_attributes":[],"footnotes":"","om_featured_image_focal_point":[],"om_primary_tag":0,"om_contributors":[],"om_co_authors":[],"beyondwords_generate_audio":"","beyondwords_project_id":"","beyondwords_content_id":"","beyondwords_preview_token":"","beyondwords_player_content":"","beyondwords_player_style":"","beyondwords_language_code":"","beyondwords_language_id":"","beyondwords_title_voice_id":"","beyondwords_body_voice_id":"","beyondwords_summary_voice_id":"","beyondwords_error_message":"","beyondwords_disabled":"","beyondwords_delete_content":"","beyondwords_podcast_id":"","beyondwords_hash":"","publish_post_to_speechkit":"","speechkit_hash":"","speechkit_generate_audio":"","speechkit_project_id":"","speechkit_podcast_id":"","speechkit_error_message":"","speechkit_disabled":"","speechkit_access_key":"","speechkit_error":"","speechkit_info":"","speechkit_response":"","speechkit_retries":"","speechkit_status":"","speechkit_updated_at":"","_speechkit_link":"","_speechkit_text":""},"categories":[1],"tags":[1287,441,1286,1288,626],"class_list":["post-1727","post","type-post","status-publish","format-standard","hentry","category-hupparihorho","tag-empatiarajoittuneisuus","tag-koyhyys","tag-susanna-koski","tag-toimeentulotuki","tag-tyottomyys"],"om_views":null,"acf":{"tuuma_off":false,"tuuma_kysymys":"","tuuma_vastaus":""},"asauth":{"required_access_level":1,"share_token":"","is_paid":false},"yoast_head":"<!-- This site is optimized with the Yoast SEO plugin v26.4 - https:\/\/yoast.com\/wordpress\/plugins\/seo\/ -->\n<title>K\u00f6yh\u00e4t hiljaa! Susanna Koski sanoi sen, mit\u00e4 moni ajattelee - Hupparih\u00f6rh\u00f6<\/title>\n<meta name=\"robots\" content=\"index, follow, max-snippet:-1, max-image-preview:large, max-video-preview:-1\" \/>\n<link rel=\"canonical\" href=\"https:\/\/suomenkuvalehti.fi\/hupparihorho\/koyhat-hiljaa-susanna-koski-sanoi-sen-mita-moni-ajattelee\/\" \/>\n<meta property=\"og:locale\" content=\"fi_FI\" \/>\n<meta property=\"og:type\" content=\"article\" \/>\n<meta property=\"og:title\" content=\"K\u00f6yh\u00e4t hiljaa! Susanna Koski sanoi sen, mit\u00e4 moni ajattelee - Hupparih\u00f6rh\u00f6\" \/>\n<meta property=\"og:description\" content=\"Sosiaalinen media on siit\u00e4 j\u00e4nn\u00e4 paikka, ett\u00e4 siell\u00e4 saa n\u00e4kyvyytt\u00e4 olemalla eri mielt\u00e4 kuin valtaosa muista. Homma menee n\u00e4in: Ensin saadaan joku julkkis kiinni h\u00f6lm\u00f6st\u00e4 kommentista tai muusta t\u00f6rkeydest\u00e4, mist\u00e4 seuraa n\u00e4rk\u00e4styksen ensimm\u00e4inen aalto. Jo muutaman tunni&hellip;\" \/>\n<meta property=\"og:url\" content=\"https:\/\/suomenkuvalehti.fi\/hupparihorho\/koyhat-hiljaa-susanna-koski-sanoi-sen-mita-moni-ajattelee\/\" \/>\n<meta property=\"og:site_name\" content=\"Hupparih\u00f6rh\u00f6\" \/>\n<meta property=\"article:author\" content=\"https:\/\/www.facebook.com\/Hupparihorho\" \/>\n<meta property=\"article:published_time\" content=\"2018-05-15T14:29:30+00:00\" \/>\n<meta property=\"article:modified_time\" content=\"2018-05-15T19:44:32+00:00\" \/>\n<meta property=\"og:image\" content=\"https:\/\/suomenkuvalehti.fi\/hupparihorho\/wp-content\/uploads\/sites\/16\/2018\/05\/sami_kuusela_blogi_pieni.jpg\" \/>\n\t<meta property=\"og:image:width\" content=\"600\" \/>\n\t<meta property=\"og:image:height\" content=\"600\" \/>\n\t<meta property=\"og:image:type\" content=\"image\/jpeg\" \/>\n<meta name=\"author\" content=\"Sami Kuusela\" \/>\n<meta name=\"twitter:card\" content=\"summary_large_image\" \/>\n<meta name=\"twitter:creator\" content=\"@https:\/\/twitter.com\/deepsami\" \/>\n<meta name=\"twitter:label1\" content=\"Written by\" \/>\n\t<meta name=\"twitter:data1\" content=\"Sami Kuusela\" \/>\n\t<meta name=\"twitter:label2\" content=\"Est. reading time\" \/>\n\t<meta name=\"twitter:data2\" content=\"2 minuuttia\" \/>\n<script type=\"application\/ld+json\" class=\"yoast-schema-graph\">{\"@context\":\"https:\/\/schema.org\",\"@graph\":[{\"@type\":\"WebPage\",\"@id\":\"https:\/\/suomenkuvalehti.fi\/hupparihorho\/koyhat-hiljaa-susanna-koski-sanoi-sen-mita-moni-ajattelee\/\",\"url\":\"https:\/\/suomenkuvalehti.fi\/hupparihorho\/koyhat-hiljaa-susanna-koski-sanoi-sen-mita-moni-ajattelee\/\",\"name\":\"K\u00f6yh\u00e4t hiljaa! Susanna Koski sanoi sen, mit\u00e4 moni ajattelee - Hupparih\u00f6rh\u00f6\",\"isPartOf\":{\"@id\":\"https:\/\/suomenkuvalehti.fi\/hupparihorho\/#website\"},\"datePublished\":\"2018-05-15T14:29:30+00:00\",\"dateModified\":\"2018-05-15T19:44:32+00:00\",\"author\":{\"@id\":\"https:\/\/suomenkuvalehti.fi\/hupparihorho\/#\/schema\/person\/2ae07f56bd87235a63e80f432ccf3ade\"},\"breadcrumb\":{\"@id\":\"https:\/\/suomenkuvalehti.fi\/hupparihorho\/koyhat-hiljaa-susanna-koski-sanoi-sen-mita-moni-ajattelee\/#breadcrumb\"},\"inLanguage\":\"fi\",\"potentialAction\":[{\"@type\":\"ReadAction\",\"target\":[\"https:\/\/suomenkuvalehti.fi\/hupparihorho\/koyhat-hiljaa-susanna-koski-sanoi-sen-mita-moni-ajattelee\/\"]}]},{\"@type\":\"BreadcrumbList\",\"@id\":\"https:\/\/suomenkuvalehti.fi\/hupparihorho\/koyhat-hiljaa-susanna-koski-sanoi-sen-mita-moni-ajattelee\/#breadcrumb\",\"itemListElement\":[{\"@type\":\"ListItem\",\"position\":1,\"name\":\"Home\",\"item\":\"https:\/\/suomenkuvalehti.fi\/hupparihorho\/\"},{\"@type\":\"ListItem\",\"position\":2,\"name\":\"K\u00f6yh\u00e4t hiljaa! Susanna Koski sanoi sen, mit\u00e4 moni ajattelee\"}]},{\"@type\":\"WebSite\",\"@id\":\"https:\/\/suomenkuvalehti.fi\/hupparihorho\/#website\",\"url\":\"https:\/\/suomenkuvalehti.fi\/hupparihorho\/\",\"name\":\"Hupparih\u00f6rh\u00f6\",\"description\":\"Sis\u00e4piiritietoa startup-maailmasta. \",\"potentialAction\":[{\"@type\":\"SearchAction\",\"target\":{\"@type\":\"EntryPoint\",\"urlTemplate\":\"https:\/\/suomenkuvalehti.fi\/haku\/?q={search_term_string}\"},\"query-input\":{\"@type\":\"PropertyValueSpecification\",\"valueRequired\":true,\"valueName\":\"search_term_string\"}}],\"inLanguage\":\"fi\"},{\"@type\":\"Person\",\"@id\":\"https:\/\/suomenkuvalehti.fi\/hupparihorho\/#\/schema\/person\/2ae07f56bd87235a63e80f432ccf3ade\",\"name\":\"Sami Kuusela\",\"image\":{\"@type\":\"ImageObject\",\"inLanguage\":\"fi\",\"@id\":\"https:\/\/suomenkuvalehti.fi\/hupparihorho\/#\/schema\/person\/image\/\",\"url\":\"https:\/\/suomenkuvalehti.fi\/hupparihorho\/wp-content\/uploads\/sites\/16\/2018\/05\/sami_kuusela_blogi_pieni-150x150.jpg\",\"contentUrl\":\"https:\/\/suomenkuvalehti.fi\/hupparihorho\/wp-content\/uploads\/sites\/16\/2018\/05\/sami_kuusela_blogi_pieni-150x150.jpg\",\"caption\":\"Sami Kuusela\"},\"description\":\"Kirjoittaja Sami Kuusela on toimittaja ja startup-liikemies.\",\"sameAs\":[\"https:\/\/www.facebook.com\/Hupparihorho\",\"https:\/\/x.com\/https:\/\/twitter.com\/deepsami\"]}]}<\/script>\n<!-- \/ Yoast SEO plugin. -->","yoast_head_json":{"title":"K\u00f6yh\u00e4t hiljaa! Susanna Koski sanoi sen, mit\u00e4 moni ajattelee - Hupparih\u00f6rh\u00f6","robots":{"index":"index","follow":"follow","max-snippet":"max-snippet:-1","max-image-preview":"max-image-preview:large","max-video-preview":"max-video-preview:-1"},"canonical":"https:\/\/suomenkuvalehti.fi\/hupparihorho\/koyhat-hiljaa-susanna-koski-sanoi-sen-mita-moni-ajattelee\/","og_locale":"fi_FI","og_type":"article","og_title":"K\u00f6yh\u00e4t hiljaa! Susanna Koski sanoi sen, mit\u00e4 moni ajattelee - Hupparih\u00f6rh\u00f6","og_description":"Sosiaalinen media on siit\u00e4 j\u00e4nn\u00e4 paikka, ett\u00e4 siell\u00e4 saa n\u00e4kyvyytt\u00e4 olemalla eri mielt\u00e4 kuin valtaosa muista. Homma menee n\u00e4in: Ensin saadaan joku julkkis kiinni h\u00f6lm\u00f6st\u00e4 kommentista tai muusta t\u00f6rkeydest\u00e4, mist\u00e4 seuraa n\u00e4rk\u00e4styksen ensimm\u00e4inen aalto. Jo muutaman tunni&hellip;","og_url":"https:\/\/suomenkuvalehti.fi\/hupparihorho\/koyhat-hiljaa-susanna-koski-sanoi-sen-mita-moni-ajattelee\/","og_site_name":"Hupparih\u00f6rh\u00f6","article_author":"https:\/\/www.facebook.com\/Hupparihorho","article_published_time":"2018-05-15T14:29:30+00:00","article_modified_time":"2018-05-15T19:44:32+00:00","og_image":[{"width":600,"height":600,"url":"https:\/\/suomenkuvalehti.fi\/hupparihorho\/wp-content\/uploads\/sites\/16\/2018\/05\/sami_kuusela_blogi_pieni.jpg","type":"image\/jpeg"}],"author":"Sami Kuusela","twitter_card":"summary_large_image","twitter_creator":"@https:\/\/twitter.com\/deepsami","twitter_misc":{"Written by":"Sami Kuusela","Est. reading time":"2 minuuttia"},"schema":{"@context":"https:\/\/schema.org","@graph":[{"@type":"WebPage","@id":"https:\/\/suomenkuvalehti.fi\/hupparihorho\/koyhat-hiljaa-susanna-koski-sanoi-sen-mita-moni-ajattelee\/","url":"https:\/\/suomenkuvalehti.fi\/hupparihorho\/koyhat-hiljaa-susanna-koski-sanoi-sen-mita-moni-ajattelee\/","name":"K\u00f6yh\u00e4t hiljaa! Susanna Koski sanoi sen, mit\u00e4 moni ajattelee - Hupparih\u00f6rh\u00f6","isPartOf":{"@id":"https:\/\/suomenkuvalehti.fi\/hupparihorho\/#website"},"datePublished":"2018-05-15T14:29:30+00:00","dateModified":"2018-05-15T19:44:32+00:00","author":{"@id":"https:\/\/suomenkuvalehti.fi\/hupparihorho\/#\/schema\/person\/2ae07f56bd87235a63e80f432ccf3ade"},"breadcrumb":{"@id":"https:\/\/suomenkuvalehti.fi\/hupparihorho\/koyhat-hiljaa-susanna-koski-sanoi-sen-mita-moni-ajattelee\/#breadcrumb"},"inLanguage":"fi","potentialAction":[{"@type":"ReadAction","target":["https:\/\/suomenkuvalehti.fi\/hupparihorho\/koyhat-hiljaa-susanna-koski-sanoi-sen-mita-moni-ajattelee\/"]}]},{"@type":"BreadcrumbList","@id":"https:\/\/suomenkuvalehti.fi\/hupparihorho\/koyhat-hiljaa-susanna-koski-sanoi-sen-mita-moni-ajattelee\/#breadcrumb","itemListElement":[{"@type":"ListItem","position":1,"name":"Home","item":"https:\/\/suomenkuvalehti.fi\/hupparihorho\/"},{"@type":"ListItem","position":2,"name":"K\u00f6yh\u00e4t hiljaa! Susanna Koski sanoi sen, mit\u00e4 moni ajattelee"}]},{"@type":"WebSite","@id":"https:\/\/suomenkuvalehti.fi\/hupparihorho\/#website","url":"https:\/\/suomenkuvalehti.fi\/hupparihorho\/","name":"Hupparih\u00f6rh\u00f6","description":"Sis\u00e4piiritietoa startup-maailmasta. ","potentialAction":[{"@type":"SearchAction","target":{"@type":"EntryPoint","urlTemplate":"https:\/\/suomenkuvalehti.fi\/haku\/?q={search_term_string}"},"query-input":{"@type":"PropertyValueSpecification","valueRequired":true,"valueName":"search_term_string"}}],"inLanguage":"fi"},{"@type":"Person","@id":"https:\/\/suomenkuvalehti.fi\/hupparihorho\/#\/schema\/person\/2ae07f56bd87235a63e80f432ccf3ade","name":"Sami Kuusela","image":{"@type":"ImageObject","inLanguage":"fi","@id":"https:\/\/suomenkuvalehti.fi\/hupparihorho\/#\/schema\/person\/image\/","url":"https:\/\/suomenkuvalehti.fi\/hupparihorho\/wp-content\/uploads\/sites\/16\/2018\/05\/sami_kuusela_blogi_pieni-150x150.jpg","contentUrl":"https:\/\/suomenkuvalehti.fi\/hupparihorho\/wp-content\/uploads\/sites\/16\/2018\/05\/sami_kuusela_blogi_pieni-150x150.jpg","caption":"Sami Kuusela"},"description":"Kirjoittaja Sami Kuusela on toimittaja ja startup-liikemies.","sameAs":["https:\/\/www.facebook.com\/Hupparihorho","https:\/\/x.com\/https:\/\/twitter.com\/deepsami"]}]}},"_links":{"self":[{"href":"https:\/\/suomenkuvalehti.fi\/hupparihorho\/wp-json\/wp\/v2\/posts\/1727","targetHints":{"allow":["GET"]}}],"collection":[{"href":"https:\/\/suomenkuvalehti.fi\/hupparihorho\/wp-json\/wp\/v2\/posts"}],"about":[{"href":"https:\/\/suomenkuvalehti.fi\/hupparihorho\/wp-json\/wp\/v2\/types\/post"}],"author":[{"embeddable":true,"href":"https:\/\/suomenkuvalehti.fi\/hupparihorho\/wp-json\/wp\/v2\/users\/149"}],"replies":[{"embeddable":true,"href":"https:\/\/suomenkuvalehti.fi\/hupparihorho\/wp-json\/wp\/v2\/comments?post=1727"}],"version-history":[{"count":6,"href":"https:\/\/suomenkuvalehti.fi\/hupparihorho\/wp-json\/wp\/v2\/posts\/1727\/revisions"}],"predecessor-version":[{"id":1733,"href":"https:\/\/suomenkuvalehti.fi\/hupparihorho\/wp-json\/wp\/v2\/posts\/1727\/revisions\/1733"}],"wp:attachment":[{"href":"https:\/\/suomenkuvalehti.fi\/hupparihorho\/wp-json\/wp\/v2\/media?parent=1727"}],"wp:term":[{"taxonomy":"category","embeddable":true,"href":"https:\/\/suomenkuvalehti.fi\/hupparihorho\/wp-json\/wp\/v2\/categories?post=1727"},{"taxonomy":"post_tag","embeddable":true,"href":"https:\/\/suomenkuvalehti.fi\/hupparihorho\/wp-json\/wp\/v2\/tags?post=1727"}],"curies":[{"name":"wp","href":"https:\/\/api.w.org\/{rel}","templated":true}]}}