{"id":1412,"date":"2017-09-01T17:02:09","date_gmt":"2017-09-01T14:02:09","guid":{"rendered":"https:\/\/suomenkuvalehti.fi\/hupparihorho\/?p=1412"},"modified":"2017-09-02T13:14:53","modified_gmt":"2017-09-02T10:14:53","slug":"terrorismi-ja-vimma","status":"publish","type":"post","link":"https:\/\/suomenkuvalehti.fi\/hupparihorho\/terrorismi-ja-vimma\/","title":{"rendered":"Terrorismi ja vimma"},"content":{"rendered":"\n<p>&#8221;Miksi vassareilla on niin kova vimma todistella, ettei Turun iskussa ollut kyse terrori-iskusta?&#8221;, on ollut viime aikoina yleinen heitto.<\/p>\n\n\n\n<p>Kun on pohtinut sosiaalisessa mediassa, ett\u00e4 mit\u00e4 jos Turussa ei&nbsp;tehtyk\u00e4\u00e4n&nbsp;terrori-iskua, on siit\u00e4 seurannut aina&nbsp;vihaisia&nbsp;syyt\u00f6ksi\u00e4 sinisilm\u00e4isyydest\u00e4.<\/p>\n\n\n\n<p>Turun iskua tutkitaan terroristisessa tarkoituksessa tehtyn\u00e4 murhana. Poliisilla on rikosnimikkeeseen varmasti hyv\u00e4t perusteet, mutta tutkinnat ovat yh\u00e4 kesken.<\/p>\n\n\n\n<p>T\u00e4n\u00e4\u00e4n poliisi vapautti viimeisen kolmesta miehest\u00e4, joita ep\u00e4iltiin iskuun osallistumisesta p\u00e4\u00e4tekij\u00e4n ohella. Terroristisolu pieneni siis yhteen.<\/p>\n\n\n\n<p>Miksi haluamme olla varmoja&nbsp;ennen tutkinnan p\u00e4\u00e4ttymist\u00e4, ett\u00e4 kyse oli terrorismista? Onko asiaan muita syit\u00e4 kuin tekij\u00e4n kansallisuus ja miehen oletettu uskonsuunta? Vaikuttaako asiaan, ett\u00e4 kyseess\u00e4 oli turvapaikanhakija?<\/p>\n\n\n\n<p>N\u00e4ill\u00e4 vajavaisilla tiedoilla on vaikea &nbsp;ymm\u00e4rt\u00e4\u00e4, mik\u00e4 on se suuri ero Turun tappajalla ja vaikkapa supisuomalaisella koulusurmaajalla. Molemmat ovat olleet alttiita&nbsp;v\u00e4kivaltaisten ideologioiden kutsulle, oli sitten kyse kotikutoisesta jihadismista tai \u00e4\u00e4rimm\u00e4isyyksiin asti viedyst\u00e4 nettinihilismist\u00e4. Molemmat ovat tehneet kauhistuttavan teon ja jatkaneet viattomien tappamista, tunteettomina verisin k\u00e4sin.<\/p>\n\n\n\n<p>Toisin kuin koulusurmaaminen, terrorismi on helpompi sulkea oman maailman ulkopuolelle. Meist\u00e4 jokainen on k\u00e4ynyt koulun ja ymm\u00e4rt\u00e4\u00e4 syrj\u00e4ytymist\u00e4, mutta mielikuva tornissa huutavasta imaamista, joka silm\u00e4t palaen kiihottaa tappamaan uskonnon nimiss\u00e4 ja jonka aivopesu tekee pohjoisafrikkalaisista nuorukaisista murharobotteja, on helpompi k\u00e4sitell\u00e4&nbsp;asiana, joka on puhtaasti paha ja jonka est\u00e4miseen kaikki keinot ovat sallittuja.<\/p>\n\n\n\n<p>Olisi varmasti monelle helpotus, jos Turun isku varmistuisi terroriteoksi. Illuusio lintukodosta pysyisi edes jollain tavalla kasassa.<\/p>\n\n\n","protected":false},"excerpt":{"rendered":"<p>&#8221;Miksi vassareilla on niin kova vimma todistella, ettei Turun iskussa ollut kyse terrori-iskusta?&#8221;, on ollut viime aikoina yleinen heitto. Kun on pohtinut sosiaalisessa mediassa, ett\u00e4 mit\u00e4 jos Turussa ei&nbsp;tehtyk\u00e4\u00e4n&nbsp;terrori-iskua, on siit\u00e4 seurannut aina&nbsp;vihaisia&nbsp;syyt\u00f6ksi\u00e4<br \/>\nsinisi&hellip;<\/p>\n","protected":false},"author":149,"featured_media":0,"comment_status":"open","ping_status":"open","sticky":false,"template":"","format":"standard","meta":{"_acf_changed":false,"asauth_required_access_level":3,"asauth_cansharepaid":"true","om_header_attributes":[],"footnotes":"","om_featured_image_focal_point":[],"om_primary_tag":0,"om_contributors":[],"om_co_authors":[],"beyondwords_generate_audio":"","beyondwords_project_id":"","beyondwords_content_id":"","beyondwords_preview_token":"","beyondwords_player_content":"","beyondwords_player_style":"","beyondwords_language_code":"","beyondwords_language_id":"","beyondwords_title_voice_id":"","beyondwords_body_voice_id":"","beyondwords_summary_voice_id":"","beyondwords_error_message":"","beyondwords_disabled":"","beyondwords_delete_content":"","beyondwords_podcast_id":"","beyondwords_hash":"","publish_post_to_speechkit":"","speechkit_hash":"","speechkit_generate_audio":"","speechkit_project_id":"","speechkit_podcast_id":"","speechkit_error_message":"","speechkit_disabled":"","speechkit_access_key":"","speechkit_error":"","speechkit_info":"","speechkit_response":"","speechkit_retries":"","speechkit_status":"","speechkit_updated_at":"","_speechkit_link":"","_speechkit_text":""},"categories":[1],"tags":[1112,1113,1111,409],"class_list":["post-1412","post","type-post","status-publish","format-standard","hentry","category-hupparihorho","tag-kouluampumiset","tag-lintukoto","tag-terrorismi","tag-turku"],"om_views":null,"acf":{"tuuma_off":false,"tuuma_kysymys":"","tuuma_vastaus":""},"asauth":{"required_access_level":1,"share_token":"","is_paid":false},"yoast_head":"<!-- This site is optimized with the Yoast SEO plugin v26.4 - https:\/\/yoast.com\/wordpress\/plugins\/seo\/ -->\n<title>Terrorismi ja vimma - Hupparih\u00f6rh\u00f6<\/title>\n<meta name=\"description\" content=\"Miksi haluamme olla varmoja ennen tutkinnan p\u00e4\u00e4ttymist\u00e4, ett\u00e4 Turun murhissa oli kyse terrorismista?\" \/>\n<meta name=\"robots\" content=\"index, follow, max-snippet:-1, max-image-preview:large, max-video-preview:-1\" \/>\n<link rel=\"canonical\" href=\"https:\/\/suomenkuvalehti.fi\/hupparihorho\/terrorismi-ja-vimma\/\" \/>\n<meta property=\"og:locale\" content=\"fi_FI\" \/>\n<meta property=\"og:type\" content=\"article\" \/>\n<meta property=\"og:title\" content=\"Terrorismi ja vimma - Hupparih\u00f6rh\u00f6\" \/>\n<meta property=\"og:description\" content=\"Miksi haluamme olla varmoja ennen tutkinnan p\u00e4\u00e4ttymist\u00e4, ett\u00e4 Turun murhissa oli kyse terrorismista?\" \/>\n<meta property=\"og:url\" content=\"https:\/\/suomenkuvalehti.fi\/hupparihorho\/terrorismi-ja-vimma\/\" \/>\n<meta property=\"og:site_name\" content=\"Hupparih\u00f6rh\u00f6\" \/>\n<meta property=\"article:author\" content=\"https:\/\/www.facebook.com\/Hupparihorho\" \/>\n<meta property=\"article:published_time\" content=\"2017-09-01T14:02:09+00:00\" \/>\n<meta property=\"article:modified_time\" content=\"2017-09-02T10:14:53+00:00\" \/>\n<meta property=\"og:image\" content=\"https:\/\/suomenkuvalehti.fi\/hupparihorho\/wp-content\/uploads\/sites\/16\/2018\/05\/sami_kuusela_blogi_pieni.jpg\" \/>\n\t<meta property=\"og:image:width\" content=\"600\" \/>\n\t<meta property=\"og:image:height\" content=\"600\" \/>\n\t<meta property=\"og:image:type\" content=\"image\/jpeg\" \/>\n<meta name=\"author\" content=\"Sami Kuusela\" \/>\n<meta name=\"twitter:card\" content=\"summary_large_image\" \/>\n<meta name=\"twitter:creator\" content=\"@https:\/\/twitter.com\/deepsami\" \/>\n<meta name=\"twitter:label1\" content=\"Written by\" \/>\n\t<meta name=\"twitter:data1\" content=\"Sami Kuusela\" \/>\n\t<meta name=\"twitter:label2\" content=\"Est. reading time\" \/>\n\t<meta name=\"twitter:data2\" content=\"1 minuutti\" \/>\n<script type=\"application\/ld+json\" class=\"yoast-schema-graph\">{\"@context\":\"https:\/\/schema.org\",\"@graph\":[{\"@type\":\"WebPage\",\"@id\":\"https:\/\/suomenkuvalehti.fi\/hupparihorho\/terrorismi-ja-vimma\/\",\"url\":\"https:\/\/suomenkuvalehti.fi\/hupparihorho\/terrorismi-ja-vimma\/\",\"name\":\"Terrorismi ja vimma - Hupparih\u00f6rh\u00f6\",\"isPartOf\":{\"@id\":\"https:\/\/suomenkuvalehti.fi\/hupparihorho\/#website\"},\"datePublished\":\"2017-09-01T14:02:09+00:00\",\"dateModified\":\"2017-09-02T10:14:53+00:00\",\"author\":{\"@id\":\"https:\/\/suomenkuvalehti.fi\/hupparihorho\/#\/schema\/person\/2ae07f56bd87235a63e80f432ccf3ade\"},\"description\":\"Miksi haluamme olla varmoja ennen tutkinnan p\u00e4\u00e4ttymist\u00e4, ett\u00e4 Turun murhissa oli kyse terrorismista?\",\"breadcrumb\":{\"@id\":\"https:\/\/suomenkuvalehti.fi\/hupparihorho\/terrorismi-ja-vimma\/#breadcrumb\"},\"inLanguage\":\"fi\",\"potentialAction\":[{\"@type\":\"ReadAction\",\"target\":[\"https:\/\/suomenkuvalehti.fi\/hupparihorho\/terrorismi-ja-vimma\/\"]}]},{\"@type\":\"BreadcrumbList\",\"@id\":\"https:\/\/suomenkuvalehti.fi\/hupparihorho\/terrorismi-ja-vimma\/#breadcrumb\",\"itemListElement\":[{\"@type\":\"ListItem\",\"position\":1,\"name\":\"Home\",\"item\":\"https:\/\/suomenkuvalehti.fi\/hupparihorho\/\"},{\"@type\":\"ListItem\",\"position\":2,\"name\":\"Terrorismi ja vimma\"}]},{\"@type\":\"WebSite\",\"@id\":\"https:\/\/suomenkuvalehti.fi\/hupparihorho\/#website\",\"url\":\"https:\/\/suomenkuvalehti.fi\/hupparihorho\/\",\"name\":\"Hupparih\u00f6rh\u00f6\",\"description\":\"Sis\u00e4piiritietoa startup-maailmasta. \",\"potentialAction\":[{\"@type\":\"SearchAction\",\"target\":{\"@type\":\"EntryPoint\",\"urlTemplate\":\"https:\/\/suomenkuvalehti.fi\/haku\/?q={search_term_string}\"},\"query-input\":{\"@type\":\"PropertyValueSpecification\",\"valueRequired\":true,\"valueName\":\"search_term_string\"}}],\"inLanguage\":\"fi\"},{\"@type\":\"Person\",\"@id\":\"https:\/\/suomenkuvalehti.fi\/hupparihorho\/#\/schema\/person\/2ae07f56bd87235a63e80f432ccf3ade\",\"name\":\"Sami Kuusela\",\"image\":{\"@type\":\"ImageObject\",\"inLanguage\":\"fi\",\"@id\":\"https:\/\/suomenkuvalehti.fi\/hupparihorho\/#\/schema\/person\/image\/\",\"url\":\"https:\/\/suomenkuvalehti.fi\/hupparihorho\/wp-content\/uploads\/sites\/16\/2018\/05\/sami_kuusela_blogi_pieni-150x150.jpg\",\"contentUrl\":\"https:\/\/suomenkuvalehti.fi\/hupparihorho\/wp-content\/uploads\/sites\/16\/2018\/05\/sami_kuusela_blogi_pieni-150x150.jpg\",\"caption\":\"Sami Kuusela\"},\"description\":\"Kirjoittaja Sami Kuusela on toimittaja ja startup-liikemies.\",\"sameAs\":[\"https:\/\/www.facebook.com\/Hupparihorho\",\"https:\/\/x.com\/https:\/\/twitter.com\/deepsami\"]}]}<\/script>\n<!-- \/ Yoast SEO plugin. -->","yoast_head_json":{"title":"Terrorismi ja vimma - Hupparih\u00f6rh\u00f6","description":"Miksi haluamme olla varmoja ennen tutkinnan p\u00e4\u00e4ttymist\u00e4, ett\u00e4 Turun murhissa oli kyse terrorismista?","robots":{"index":"index","follow":"follow","max-snippet":"max-snippet:-1","max-image-preview":"max-image-preview:large","max-video-preview":"max-video-preview:-1"},"canonical":"https:\/\/suomenkuvalehti.fi\/hupparihorho\/terrorismi-ja-vimma\/","og_locale":"fi_FI","og_type":"article","og_title":"Terrorismi ja vimma - Hupparih\u00f6rh\u00f6","og_description":"Miksi haluamme olla varmoja ennen tutkinnan p\u00e4\u00e4ttymist\u00e4, ett\u00e4 Turun murhissa oli kyse terrorismista?","og_url":"https:\/\/suomenkuvalehti.fi\/hupparihorho\/terrorismi-ja-vimma\/","og_site_name":"Hupparih\u00f6rh\u00f6","article_author":"https:\/\/www.facebook.com\/Hupparihorho","article_published_time":"2017-09-01T14:02:09+00:00","article_modified_time":"2017-09-02T10:14:53+00:00","og_image":[{"width":600,"height":600,"url":"https:\/\/suomenkuvalehti.fi\/hupparihorho\/wp-content\/uploads\/sites\/16\/2018\/05\/sami_kuusela_blogi_pieni.jpg","type":"image\/jpeg"}],"author":"Sami Kuusela","twitter_card":"summary_large_image","twitter_creator":"@https:\/\/twitter.com\/deepsami","twitter_misc":{"Written by":"Sami Kuusela","Est. reading time":"1 minuutti"},"schema":{"@context":"https:\/\/schema.org","@graph":[{"@type":"WebPage","@id":"https:\/\/suomenkuvalehti.fi\/hupparihorho\/terrorismi-ja-vimma\/","url":"https:\/\/suomenkuvalehti.fi\/hupparihorho\/terrorismi-ja-vimma\/","name":"Terrorismi ja vimma - Hupparih\u00f6rh\u00f6","isPartOf":{"@id":"https:\/\/suomenkuvalehti.fi\/hupparihorho\/#website"},"datePublished":"2017-09-01T14:02:09+00:00","dateModified":"2017-09-02T10:14:53+00:00","author":{"@id":"https:\/\/suomenkuvalehti.fi\/hupparihorho\/#\/schema\/person\/2ae07f56bd87235a63e80f432ccf3ade"},"description":"Miksi haluamme olla varmoja ennen tutkinnan p\u00e4\u00e4ttymist\u00e4, ett\u00e4 Turun murhissa oli kyse terrorismista?","breadcrumb":{"@id":"https:\/\/suomenkuvalehti.fi\/hupparihorho\/terrorismi-ja-vimma\/#breadcrumb"},"inLanguage":"fi","potentialAction":[{"@type":"ReadAction","target":["https:\/\/suomenkuvalehti.fi\/hupparihorho\/terrorismi-ja-vimma\/"]}]},{"@type":"BreadcrumbList","@id":"https:\/\/suomenkuvalehti.fi\/hupparihorho\/terrorismi-ja-vimma\/#breadcrumb","itemListElement":[{"@type":"ListItem","position":1,"name":"Home","item":"https:\/\/suomenkuvalehti.fi\/hupparihorho\/"},{"@type":"ListItem","position":2,"name":"Terrorismi ja vimma"}]},{"@type":"WebSite","@id":"https:\/\/suomenkuvalehti.fi\/hupparihorho\/#website","url":"https:\/\/suomenkuvalehti.fi\/hupparihorho\/","name":"Hupparih\u00f6rh\u00f6","description":"Sis\u00e4piiritietoa startup-maailmasta. ","potentialAction":[{"@type":"SearchAction","target":{"@type":"EntryPoint","urlTemplate":"https:\/\/suomenkuvalehti.fi\/haku\/?q={search_term_string}"},"query-input":{"@type":"PropertyValueSpecification","valueRequired":true,"valueName":"search_term_string"}}],"inLanguage":"fi"},{"@type":"Person","@id":"https:\/\/suomenkuvalehti.fi\/hupparihorho\/#\/schema\/person\/2ae07f56bd87235a63e80f432ccf3ade","name":"Sami Kuusela","image":{"@type":"ImageObject","inLanguage":"fi","@id":"https:\/\/suomenkuvalehti.fi\/hupparihorho\/#\/schema\/person\/image\/","url":"https:\/\/suomenkuvalehti.fi\/hupparihorho\/wp-content\/uploads\/sites\/16\/2018\/05\/sami_kuusela_blogi_pieni-150x150.jpg","contentUrl":"https:\/\/suomenkuvalehti.fi\/hupparihorho\/wp-content\/uploads\/sites\/16\/2018\/05\/sami_kuusela_blogi_pieni-150x150.jpg","caption":"Sami Kuusela"},"description":"Kirjoittaja Sami Kuusela on toimittaja ja startup-liikemies.","sameAs":["https:\/\/www.facebook.com\/Hupparihorho","https:\/\/x.com\/https:\/\/twitter.com\/deepsami"]}]}},"_links":{"self":[{"href":"https:\/\/suomenkuvalehti.fi\/hupparihorho\/wp-json\/wp\/v2\/posts\/1412","targetHints":{"allow":["GET"]}}],"collection":[{"href":"https:\/\/suomenkuvalehti.fi\/hupparihorho\/wp-json\/wp\/v2\/posts"}],"about":[{"href":"https:\/\/suomenkuvalehti.fi\/hupparihorho\/wp-json\/wp\/v2\/types\/post"}],"author":[{"embeddable":true,"href":"https:\/\/suomenkuvalehti.fi\/hupparihorho\/wp-json\/wp\/v2\/users\/149"}],"replies":[{"embeddable":true,"href":"https:\/\/suomenkuvalehti.fi\/hupparihorho\/wp-json\/wp\/v2\/comments?post=1412"}],"version-history":[{"count":2,"href":"https:\/\/suomenkuvalehti.fi\/hupparihorho\/wp-json\/wp\/v2\/posts\/1412\/revisions"}],"predecessor-version":[{"id":1414,"href":"https:\/\/suomenkuvalehti.fi\/hupparihorho\/wp-json\/wp\/v2\/posts\/1412\/revisions\/1414"}],"wp:attachment":[{"href":"https:\/\/suomenkuvalehti.fi\/hupparihorho\/wp-json\/wp\/v2\/media?parent=1412"}],"wp:term":[{"taxonomy":"category","embeddable":true,"href":"https:\/\/suomenkuvalehti.fi\/hupparihorho\/wp-json\/wp\/v2\/categories?post=1412"},{"taxonomy":"post_tag","embeddable":true,"href":"https:\/\/suomenkuvalehti.fi\/hupparihorho\/wp-json\/wp\/v2\/tags?post=1412"}],"curies":[{"name":"wp","href":"https:\/\/api.w.org\/{rel}","templated":true}]}}