{"id":1254,"date":"2017-03-08T08:11:40","date_gmt":"2017-03-08T06:11:40","guid":{"rendered":"https:\/\/suomenkuvalehti.fi\/hupparihorho\/?p=1254"},"modified":"2017-03-08T08:13:50","modified_gmt":"2017-03-08T06:13:50","slug":"1254-2","status":"publish","type":"post","link":"https:\/\/suomenkuvalehti.fi\/hupparihorho\/1254-2\/","title":{"rendered":"Riitelev\u00e4 poliitikko n\u00e4ytt\u00e4\u00e4 rumalta"},"content":{"rendered":"\n<p>Jos joskus menen politiikkaan ja eduskuntaan, lupaan olla vaaliv\u00e4ittelyss\u00e4 ja&nbsp;t\u00e4ysistunnoissa hymyilev\u00e4 mulkku, charmantti splainaaja ja toisinaan jopa my\u00f6nt\u00e4\u00e4, etten tied\u00e4.<\/p>\n\n\n\n<p>Aion olla siis t\u00e4ysin toisin kuin t\u00e4m\u00e4n hetken poliitikot.<\/p>\n\n\n\n<p>Katsoin eilen Ylen vaalitentti\u00e4. Kestin kymmenen minuuttia. Olisi pit\u00e4nyt siet\u00e4\u00e4 kauemmin, koska firmani Underhood tekee vaaliennusteita, mutta joku raja masokismillakin.&nbsp;Tenttiin osallistujat kuulostivat ja n\u00e4yttiv\u00e4t rumilta, koska&nbsp;he ovat ep\u00e4cooleja riitelij\u00f6it\u00e4.<\/p>\n\n\n\n<p>Suomalaisen poliitikon tapa v\u00e4itell\u00e4 on jankata v\u00e4syneen\u00e4 omia kantojaan ja et\u00e4\u00e4nty\u00e4 vastapuolelta kiista kiistalta. Kuin huonossa perheriidassa n\u00e4m\u00e4 ideologiassaan loukatut m\u00e4\u00e4kiv\u00e4t \u00e4\u00e4ni murtuen varmistaen, ettei vastapuoli miss\u00e4\u00e4n tapauksessa muuta k\u00e4sityst\u00e4\u00e4n vaan k\u00e4rjist\u00e4\u00e4 riitaa entisest\u00e4\u00e4n.<\/p>\n\n\n\n<p>Ei tuollainen toimi. Kansa vieraantuu p\u00e4\u00e4tt\u00e4jist\u00e4, koska p\u00e4\u00e4tt\u00e4j\u00e4t ovat niin rasittavia ja tylsi\u00e4.<\/p>\n\n\n\n<p>Jos haluaa voittaa \u00e4\u00e4ni\u00e4, kannattaa varmaan olla edes v\u00e4h\u00e4n kiva? My\u00f6s rauhallisuus voi auttaa? Ei normaali keskustelutaito ja kohteliaisuus tarkota, ett\u00e4 py\u00f6rt\u00e4\u00e4 kantansa tai porvarista tulee demari tai vassarista kokkari. Jos haluaa kriittinen tai ilke\u00e4, voi senkin tehd\u00e4 tyylill\u00e4. Joskus voisi jopa my\u00f6nt\u00e4\u00e4, ett\u00e4 toinen on oikeassa.<\/p>\n\n\n\n<p>Kuntavaalikamppailu on vasta alussa. Mutta poliitikot n\u00e4ytt\u00e4v\u00e4t jo maansa myyneilt\u00e4 ja viimeksi viikko sitten nukkuneilta.<\/p>\n\n\n\n<p>Kuinka se Sipil\u00e4kin jaksoi olla niin tuohtuneen ja loukkaantuneen \u2013 eli h\u00e4vinneen \u2013 oloinen?<\/p>\n\n\n","protected":false},"excerpt":{"rendered":"<p>Suomalainen vaalitentti: ideologiassaan loukatut m\u00e4\u00e4kiv\u00e4t \u00e4\u00e4ni murtuen ja n\u00e4ytt\u00e4v\u00e4t h\u00e4vinneilt\u00e4.<\/p>\n","protected":false},"author":149,"featured_media":0,"comment_status":"open","ping_status":"open","sticky":false,"template":"","format":"standard","meta":{"_acf_changed":false,"asauth_required_access_level":3,"asauth_cansharepaid":"true","om_header_attributes":[],"footnotes":"","om_featured_image_focal_point":[],"om_primary_tag":0,"om_contributors":[],"om_co_authors":[],"beyondwords_generate_audio":"","beyondwords_project_id":"","beyondwords_content_id":"","beyondwords_preview_token":"","beyondwords_player_content":"","beyondwords_player_style":"","beyondwords_language_code":"","beyondwords_language_id":"","beyondwords_title_voice_id":"","beyondwords_body_voice_id":"","beyondwords_summary_voice_id":"","beyondwords_error_message":"","beyondwords_disabled":"","beyondwords_delete_content":"","beyondwords_podcast_id":"","beyondwords_hash":"","publish_post_to_speechkit":"","speechkit_hash":"","speechkit_generate_audio":"","speechkit_project_id":"","speechkit_podcast_id":"","speechkit_error_message":"","speechkit_disabled":"","speechkit_access_key":"","speechkit_error":"","speechkit_info":"","speechkit_response":"","speechkit_retries":"","speechkit_status":"","speechkit_updated_at":"","_speechkit_link":"","_speechkit_text":""},"categories":[1],"tags":[1012,1010,1011,1013],"class_list":["post-1254","post","type-post","status-publish","format-standard","hentry","category-hupparihorho","tag-epacoolius","tag-kuntavaalit","tag-maakiminen","tag-tuohtumus"],"om_views":null,"acf":{"tuuma_off":false,"tuuma_kysymys":"","tuuma_vastaus":""},"asauth":{"required_access_level":1,"share_token":"","is_paid":false},"yoast_head":"<!-- This site is optimized with the Yoast SEO plugin v26.4 - https:\/\/yoast.com\/wordpress\/plugins\/seo\/ -->\n<title>Riitelev\u00e4 poliitikko n\u00e4ytt\u00e4\u00e4 rumalta - Hupparih\u00f6rh\u00f6<\/title>\n<meta name=\"description\" content=\"Suomalainen vaalitentti: ideologiassaan loukatut m\u00e4\u00e4kiv\u00e4t \u00e4\u00e4ni murtuen ja n\u00e4ytt\u00e4v\u00e4t h\u00e4vinneilt\u00e4.\" \/>\n<meta name=\"robots\" content=\"index, follow, max-snippet:-1, max-image-preview:large, max-video-preview:-1\" \/>\n<link rel=\"canonical\" href=\"https:\/\/suomenkuvalehti.fi\/hupparihorho\/1254-2\/\" \/>\n<meta property=\"og:locale\" content=\"fi_FI\" \/>\n<meta property=\"og:type\" content=\"article\" \/>\n<meta property=\"og:title\" content=\"Riitelev\u00e4 poliitikko n\u00e4ytt\u00e4\u00e4 rumalta - Hupparih\u00f6rh\u00f6\" \/>\n<meta property=\"og:description\" content=\"Suomalainen vaalitentti: ideologiassaan loukatut m\u00e4\u00e4kiv\u00e4t \u00e4\u00e4ni murtuen ja n\u00e4ytt\u00e4v\u00e4t h\u00e4vinneilt\u00e4.\" \/>\n<meta property=\"og:url\" content=\"https:\/\/suomenkuvalehti.fi\/hupparihorho\/1254-2\/\" \/>\n<meta property=\"og:site_name\" content=\"Hupparih\u00f6rh\u00f6\" \/>\n<meta property=\"article:author\" content=\"https:\/\/www.facebook.com\/Hupparihorho\" \/>\n<meta property=\"article:published_time\" content=\"2017-03-08T06:11:40+00:00\" \/>\n<meta property=\"article:modified_time\" content=\"2017-03-08T06:13:50+00:00\" \/>\n<meta property=\"og:image\" content=\"https:\/\/suomenkuvalehti.fi\/hupparihorho\/wp-content\/uploads\/sites\/16\/2018\/05\/sami_kuusela_blogi_pieni.jpg\" \/>\n\t<meta property=\"og:image:width\" content=\"600\" \/>\n\t<meta property=\"og:image:height\" content=\"600\" \/>\n\t<meta property=\"og:image:type\" content=\"image\/jpeg\" \/>\n<meta name=\"author\" content=\"Sami Kuusela\" \/>\n<meta name=\"twitter:card\" content=\"summary_large_image\" \/>\n<meta name=\"twitter:creator\" content=\"@https:\/\/twitter.com\/deepsami\" \/>\n<meta name=\"twitter:label1\" content=\"Written by\" \/>\n\t<meta name=\"twitter:data1\" content=\"Sami Kuusela\" \/>\n\t<meta name=\"twitter:label2\" content=\"Est. reading time\" \/>\n\t<meta name=\"twitter:data2\" content=\"1 minuutti\" \/>\n<script type=\"application\/ld+json\" class=\"yoast-schema-graph\">{\"@context\":\"https:\/\/schema.org\",\"@graph\":[{\"@type\":\"WebPage\",\"@id\":\"https:\/\/suomenkuvalehti.fi\/hupparihorho\/1254-2\/\",\"url\":\"https:\/\/suomenkuvalehti.fi\/hupparihorho\/1254-2\/\",\"name\":\"Riitelev\u00e4 poliitikko n\u00e4ytt\u00e4\u00e4 rumalta - Hupparih\u00f6rh\u00f6\",\"isPartOf\":{\"@id\":\"https:\/\/suomenkuvalehti.fi\/hupparihorho\/#website\"},\"datePublished\":\"2017-03-08T06:11:40+00:00\",\"dateModified\":\"2017-03-08T06:13:50+00:00\",\"author\":{\"@id\":\"https:\/\/suomenkuvalehti.fi\/hupparihorho\/#\/schema\/person\/2ae07f56bd87235a63e80f432ccf3ade\"},\"description\":\"Suomalainen vaalitentti: ideologiassaan loukatut m\u00e4\u00e4kiv\u00e4t \u00e4\u00e4ni murtuen ja n\u00e4ytt\u00e4v\u00e4t h\u00e4vinneilt\u00e4.\",\"breadcrumb\":{\"@id\":\"https:\/\/suomenkuvalehti.fi\/hupparihorho\/1254-2\/#breadcrumb\"},\"inLanguage\":\"fi\",\"potentialAction\":[{\"@type\":\"ReadAction\",\"target\":[\"https:\/\/suomenkuvalehti.fi\/hupparihorho\/1254-2\/\"]}]},{\"@type\":\"BreadcrumbList\",\"@id\":\"https:\/\/suomenkuvalehti.fi\/hupparihorho\/1254-2\/#breadcrumb\",\"itemListElement\":[{\"@type\":\"ListItem\",\"position\":1,\"name\":\"Home\",\"item\":\"https:\/\/suomenkuvalehti.fi\/hupparihorho\/\"},{\"@type\":\"ListItem\",\"position\":2,\"name\":\"Riitelev\u00e4 poliitikko n\u00e4ytt\u00e4\u00e4 rumalta\"}]},{\"@type\":\"WebSite\",\"@id\":\"https:\/\/suomenkuvalehti.fi\/hupparihorho\/#website\",\"url\":\"https:\/\/suomenkuvalehti.fi\/hupparihorho\/\",\"name\":\"Hupparih\u00f6rh\u00f6\",\"description\":\"Sis\u00e4piiritietoa startup-maailmasta. \",\"potentialAction\":[{\"@type\":\"SearchAction\",\"target\":{\"@type\":\"EntryPoint\",\"urlTemplate\":\"https:\/\/suomenkuvalehti.fi\/haku\/?q={search_term_string}\"},\"query-input\":{\"@type\":\"PropertyValueSpecification\",\"valueRequired\":true,\"valueName\":\"search_term_string\"}}],\"inLanguage\":\"fi\"},{\"@type\":\"Person\",\"@id\":\"https:\/\/suomenkuvalehti.fi\/hupparihorho\/#\/schema\/person\/2ae07f56bd87235a63e80f432ccf3ade\",\"name\":\"Sami Kuusela\",\"image\":{\"@type\":\"ImageObject\",\"inLanguage\":\"fi\",\"@id\":\"https:\/\/suomenkuvalehti.fi\/hupparihorho\/#\/schema\/person\/image\/\",\"url\":\"https:\/\/suomenkuvalehti.fi\/hupparihorho\/wp-content\/uploads\/sites\/16\/2018\/05\/sami_kuusela_blogi_pieni-150x150.jpg\",\"contentUrl\":\"https:\/\/suomenkuvalehti.fi\/hupparihorho\/wp-content\/uploads\/sites\/16\/2018\/05\/sami_kuusela_blogi_pieni-150x150.jpg\",\"caption\":\"Sami Kuusela\"},\"description\":\"Kirjoittaja Sami Kuusela on toimittaja ja startup-liikemies.\",\"sameAs\":[\"https:\/\/www.facebook.com\/Hupparihorho\",\"https:\/\/x.com\/https:\/\/twitter.com\/deepsami\"]}]}<\/script>\n<!-- \/ Yoast SEO plugin. -->","yoast_head_json":{"title":"Riitelev\u00e4 poliitikko n\u00e4ytt\u00e4\u00e4 rumalta - Hupparih\u00f6rh\u00f6","description":"Suomalainen vaalitentti: ideologiassaan loukatut m\u00e4\u00e4kiv\u00e4t \u00e4\u00e4ni murtuen ja n\u00e4ytt\u00e4v\u00e4t h\u00e4vinneilt\u00e4.","robots":{"index":"index","follow":"follow","max-snippet":"max-snippet:-1","max-image-preview":"max-image-preview:large","max-video-preview":"max-video-preview:-1"},"canonical":"https:\/\/suomenkuvalehti.fi\/hupparihorho\/1254-2\/","og_locale":"fi_FI","og_type":"article","og_title":"Riitelev\u00e4 poliitikko n\u00e4ytt\u00e4\u00e4 rumalta - Hupparih\u00f6rh\u00f6","og_description":"Suomalainen vaalitentti: ideologiassaan loukatut m\u00e4\u00e4kiv\u00e4t \u00e4\u00e4ni murtuen ja n\u00e4ytt\u00e4v\u00e4t h\u00e4vinneilt\u00e4.","og_url":"https:\/\/suomenkuvalehti.fi\/hupparihorho\/1254-2\/","og_site_name":"Hupparih\u00f6rh\u00f6","article_author":"https:\/\/www.facebook.com\/Hupparihorho","article_published_time":"2017-03-08T06:11:40+00:00","article_modified_time":"2017-03-08T06:13:50+00:00","og_image":[{"width":600,"height":600,"url":"https:\/\/suomenkuvalehti.fi\/hupparihorho\/wp-content\/uploads\/sites\/16\/2018\/05\/sami_kuusela_blogi_pieni.jpg","type":"image\/jpeg"}],"author":"Sami Kuusela","twitter_card":"summary_large_image","twitter_creator":"@https:\/\/twitter.com\/deepsami","twitter_misc":{"Written by":"Sami Kuusela","Est. reading time":"1 minuutti"},"schema":{"@context":"https:\/\/schema.org","@graph":[{"@type":"WebPage","@id":"https:\/\/suomenkuvalehti.fi\/hupparihorho\/1254-2\/","url":"https:\/\/suomenkuvalehti.fi\/hupparihorho\/1254-2\/","name":"Riitelev\u00e4 poliitikko n\u00e4ytt\u00e4\u00e4 rumalta - Hupparih\u00f6rh\u00f6","isPartOf":{"@id":"https:\/\/suomenkuvalehti.fi\/hupparihorho\/#website"},"datePublished":"2017-03-08T06:11:40+00:00","dateModified":"2017-03-08T06:13:50+00:00","author":{"@id":"https:\/\/suomenkuvalehti.fi\/hupparihorho\/#\/schema\/person\/2ae07f56bd87235a63e80f432ccf3ade"},"description":"Suomalainen vaalitentti: ideologiassaan loukatut m\u00e4\u00e4kiv\u00e4t \u00e4\u00e4ni murtuen ja n\u00e4ytt\u00e4v\u00e4t h\u00e4vinneilt\u00e4.","breadcrumb":{"@id":"https:\/\/suomenkuvalehti.fi\/hupparihorho\/1254-2\/#breadcrumb"},"inLanguage":"fi","potentialAction":[{"@type":"ReadAction","target":["https:\/\/suomenkuvalehti.fi\/hupparihorho\/1254-2\/"]}]},{"@type":"BreadcrumbList","@id":"https:\/\/suomenkuvalehti.fi\/hupparihorho\/1254-2\/#breadcrumb","itemListElement":[{"@type":"ListItem","position":1,"name":"Home","item":"https:\/\/suomenkuvalehti.fi\/hupparihorho\/"},{"@type":"ListItem","position":2,"name":"Riitelev\u00e4 poliitikko n\u00e4ytt\u00e4\u00e4 rumalta"}]},{"@type":"WebSite","@id":"https:\/\/suomenkuvalehti.fi\/hupparihorho\/#website","url":"https:\/\/suomenkuvalehti.fi\/hupparihorho\/","name":"Hupparih\u00f6rh\u00f6","description":"Sis\u00e4piiritietoa startup-maailmasta. ","potentialAction":[{"@type":"SearchAction","target":{"@type":"EntryPoint","urlTemplate":"https:\/\/suomenkuvalehti.fi\/haku\/?q={search_term_string}"},"query-input":{"@type":"PropertyValueSpecification","valueRequired":true,"valueName":"search_term_string"}}],"inLanguage":"fi"},{"@type":"Person","@id":"https:\/\/suomenkuvalehti.fi\/hupparihorho\/#\/schema\/person\/2ae07f56bd87235a63e80f432ccf3ade","name":"Sami Kuusela","image":{"@type":"ImageObject","inLanguage":"fi","@id":"https:\/\/suomenkuvalehti.fi\/hupparihorho\/#\/schema\/person\/image\/","url":"https:\/\/suomenkuvalehti.fi\/hupparihorho\/wp-content\/uploads\/sites\/16\/2018\/05\/sami_kuusela_blogi_pieni-150x150.jpg","contentUrl":"https:\/\/suomenkuvalehti.fi\/hupparihorho\/wp-content\/uploads\/sites\/16\/2018\/05\/sami_kuusela_blogi_pieni-150x150.jpg","caption":"Sami Kuusela"},"description":"Kirjoittaja Sami Kuusela on toimittaja ja startup-liikemies.","sameAs":["https:\/\/www.facebook.com\/Hupparihorho","https:\/\/x.com\/https:\/\/twitter.com\/deepsami"]}]}},"_links":{"self":[{"href":"https:\/\/suomenkuvalehti.fi\/hupparihorho\/wp-json\/wp\/v2\/posts\/1254","targetHints":{"allow":["GET"]}}],"collection":[{"href":"https:\/\/suomenkuvalehti.fi\/hupparihorho\/wp-json\/wp\/v2\/posts"}],"about":[{"href":"https:\/\/suomenkuvalehti.fi\/hupparihorho\/wp-json\/wp\/v2\/types\/post"}],"author":[{"embeddable":true,"href":"https:\/\/suomenkuvalehti.fi\/hupparihorho\/wp-json\/wp\/v2\/users\/149"}],"replies":[{"embeddable":true,"href":"https:\/\/suomenkuvalehti.fi\/hupparihorho\/wp-json\/wp\/v2\/comments?post=1254"}],"version-history":[{"count":2,"href":"https:\/\/suomenkuvalehti.fi\/hupparihorho\/wp-json\/wp\/v2\/posts\/1254\/revisions"}],"predecessor-version":[{"id":1256,"href":"https:\/\/suomenkuvalehti.fi\/hupparihorho\/wp-json\/wp\/v2\/posts\/1254\/revisions\/1256"}],"wp:attachment":[{"href":"https:\/\/suomenkuvalehti.fi\/hupparihorho\/wp-json\/wp\/v2\/media?parent=1254"}],"wp:term":[{"taxonomy":"category","embeddable":true,"href":"https:\/\/suomenkuvalehti.fi\/hupparihorho\/wp-json\/wp\/v2\/categories?post=1254"},{"taxonomy":"post_tag","embeddable":true,"href":"https:\/\/suomenkuvalehti.fi\/hupparihorho\/wp-json\/wp\/v2\/tags?post=1254"}],"curies":[{"name":"wp","href":"https:\/\/api.w.org\/{rel}","templated":true}]}}