{"id":252,"date":"2017-07-31T16:28:12","date_gmt":"2017-07-31T13:28:12","guid":{"rendered":"https:\/\/suomenkuvalehti.fi\/bagdadista-pohjoiseen\/?p=252"},"modified":"2017-07-31T12:08:08","modified_gmt":"2017-07-31T09:08:08","slug":"oikeusvaltion-takapiha-karu-paikka","status":"publish","type":"post","link":"https:\/\/suomenkuvalehti.fi\/bagdadista-pohjoiseen\/oikeusvaltion-takapiha-karu-paikka\/","title":{"rendered":"Oikeusvaltion takapiha on karu paikka"},"content":{"rendered":"\n<p>Suomalainen yhteiskunta on p\u00e4\u00e4lt\u00e4 kaunis. Meill\u00e4 on hyvinvointi, sosiaaliturva, riippumaton oikeuslaitos ja laki, joka on sama kaikille \u2013 periaatteessa.<\/p>\n\n\n\n<p>Rauhanomainen hyvinvointi lamoineen ja nousukausineen sujuu meilt\u00e4 mainiosti. Yll\u00e4tt\u00e4v\u00e4 kriisi on kuitenkin toinen juttu. Se paljastaa maan todellisen henkisen tilan ja yhteiskuntakoneiston toimintakyvyn ja kest\u00e4vyyden.<\/p>\n\n\n\n<p>Suomi on hyv\u00e4 paikka suomalaisille, mutta ulkomaalaisten tasavertaiseen kohteluun meill\u00e4 on viel\u00e4 pitk\u00e4 matka. Sen osoitti pari vuotta sitten Suomeenkin asti ylt\u00e4nyt pakolaistulva. Turvapaikanhakijat asettivat maamme kokeeseen, josta emme selvinneet puhtain paperein.<\/p>\n\n\n\n<p>&nbsp;<\/p>\n\n\n\n<p><span class=\"capitalized\">Yksi<\/span> osoitus t\u00e4st\u00e4 on turvapaikanhakijoiden saaman oikeusavun luokattoman huono laatu, josta Helsingin Sanomat uutisoi viime viikolla.<\/p>\n\n\n\n<p>Oikeudellisen avun heikko laatu on ollut hyvin tiedossa jo puolitoista vuotta \u2013 niin hallinto-oikeudessa, ministeri\u00f6ss\u00e4, migriss\u00e4 kuin vastaanottokeskuksissakin. On k\u00e4sitt\u00e4m\u00e4t\u00f6nt\u00e4, ettei ongelmaan ole puututtu.<\/p>\n\n\n\n<p>Ongelma on huomattavasti laajempi kuin mit\u00e4 HS:n artikkeli kertoo. Asukkaidemme kokemuksia kuunnellessa ja heid\u00e4n pyynn\u00f6st\u00e4\u00e4n papereihin perehtyess\u00e4ni olen tullut siihen tulokseen, ett\u00e4 kelvollinen juridinen apu on valitettavasti harvinaisempaa kuin kelvoton.<\/p>\n\n\n\n<p>&nbsp;<\/p>\n\n\n\n<p><span class=\"capitalized\">Tuomioistuin<\/span> on palauttanut yli kolmanneksen migrin p\u00e4\u00e4t\u00f6ksist\u00e4 uuteen k\u00e4sittelyyn. T\u00e4h\u00e4n joukkoon kuuluvat vain ne hakemukset, joista asianajaja tai oikeusavustaja on osannut, halunnut tai viitsinyt tehd\u00e4 kunnollisen valituksen. Jos valitus on juridisesti kelvoton, tuomarit eiv\u00e4t voi auttaa turvapaikanhakijaa, vaikka kokisivatkin h\u00e4nen oikeusturvaansa loukatun.<\/p>\n\n\n\n<p>On siis todenn\u00e4k\u00f6ist\u00e4, ett\u00e4 piittaamattomien avustajien, kelvottomien tulkkien ja ep\u00e4virallisia kielteisten p\u00e4\u00e4t\u00f6sten kiinti\u00f6it\u00e4 tavoittelevien migrin virkamiesten toimesta on tehty huomattavasti enemm\u00e4n v\u00e4\u00e4ri\u00e4 turvapaikkap\u00e4\u00e4t\u00f6ksi\u00e4 kuin mit\u00e4 systeemimme nyt saa selville.<\/p>\n\n\n\n<p>Mutta kuka siit\u00e4 v\u00e4litt\u00e4\u00e4 oikeasti? Eiv\u00e4t ainakaan huippupoliitikot tai ministeri\u00f6iden huippuvirkamiehet. Sivupolulta k\u00e4sin on vaikeaa olla ajattelevatta, etteik\u00f6 kyseess\u00e4 olisi tarkoituksellinen, poliittinen p\u00e4\u00e4t\u00f6s: ulkomaalaisten oikeuksista ei haluta pit\u00e4\u00e4 huolta, koska maastamme halutaan antaa huono kuva ja koska huonot asianajajat tarkoittavat v\u00e4\u00e4j\u00e4\u00e4m\u00e4tt\u00e4 useampia kielteisi\u00e4 turvapaikkap\u00e4\u00e4t\u00f6ksi\u00e4.<\/p>\n\n\n\n<blockquote class=\"wp-block-quote\">\n<p>Kriisiss\u00e4 ja kiireess\u00e4 pit\u00e4isi laista ja moraalista pit\u00e4\u00e4 kiinni erityisen tarkasti.<\/p>\n<\/blockquote>\n\n\n\n<p><span class=\"capitalized\">\u201dOikeusvaltiomme\u201d<\/span> johtajat voivat silmi\u00e4\u00e4n r\u00e4p\u00e4ytt\u00e4m\u00e4tt\u00e4 my\u00f6nt\u00e4\u00e4, ett\u00e4 migri ja ministeri\u00f6 tekiv\u00e4t juridisesti v\u00e4\u00e4rin, kun turvapaikkap\u00e4\u00e4t\u00f6ksi\u00e4 viivytettiin ulkomaalaislakia tiukentavia lainmuutoksia odoteltaessa. He eiv\u00e4t kuitenkaan pyyt\u00e4neet anteeksi eiv\u00e4tk\u00e4 ottaneet lainvastaisesti tehtyj\u00e4 p\u00e4\u00e4t\u00f6ksi\u00e4 uuteen k\u00e4sittelyyn, sill\u00e4 n\u00e4iden p\u00e4\u00e4t\u00f6sten l\u00f6yt\u00e4minen kaikkien tehtyjen joukosta olisi ollut hankalaa.<\/p>\n\n\n\n<p>He eiv\u00e4t my\u00f6sk\u00e4\u00e4n pahoitelleet sit\u00e4, ett\u00e4 oikeusvaltioperiaatetta loukattiin ja oikeudenmukaisen yhteiskuntamme perustuksia murennettiin poikkeusoloihin vedoten. Kriisiss\u00e4 ja kiireess\u00e4 pit\u00e4isi laista ja moraalista pit\u00e4\u00e4 kiinni erityisen tarkasti, sill\u00e4 kun poikkeuksia on tehty, on eritt\u00e4in vaikeaa en\u00e4\u00e4 palata takaisin entiseen.<\/p>\n\n\n\n<p>&nbsp;<\/p>\n\n\n\n<p><span class=\"capitalized\">Turvapaikkaprosessin<\/span> puutteet on tuotu esiin jo monta kertaa. Turvapaikanhakijat tarvitsevat juridista apua muulloinkin kuin turvapaikkaprosessin yhteydess\u00e4. N\u00e4iss\u00e4 tilanteissa he ovat usein t\u00e4ysin heitteill\u00e4.<\/p>\n\n\n\n<p>Omassa vastaanottokeskuksessani mies halvaantui hoitovirheen takia ja l\u00e4hetettiin kotiin ilman korvauksia.<\/p>\n\n\n\n<p>Toinen asukkaamme erotettiin puolisoon kohdistuvaan v\u00e4kivaltaan vedoten lapsistaan yhden sosiaality\u00f6ntekij\u00e4n p\u00e4\u00e4t\u00f6ksell\u00e4 ilman, ett\u00e4 asiaa vietiin tuomioistuimeen. Kukaan ei j\u00e4rjest\u00e4nyt miehelle juridista apua.<\/p>\n\n\n\n<p>Mies l\u00e4hetettiin my\u00f6hemmin takaisin kotimaahansa lasten j\u00e4\u00e4dess\u00e4 Suomeen. Mink\u00e4\u00e4nlaisista is\u00e4n ja lasten oikeuksista tapaamisiin ja asian puolueettomasta k\u00e4sittelyst\u00e4 ei puhuttu sanaakaan. Is\u00e4 ja lapset eiv\u00e4t voineet edes hyv\u00e4stell\u00e4 toisiaan, vaikka is\u00e4 oli aina kohdellut lapsiaan rakastavasti ja oli lapsille hyvin t\u00e4rke\u00e4.<\/p>\n\n\n\n<p>Kolmatta miest\u00e4 pidettiin vastoin tahtoaan vankina Suomessa, koska h\u00e4nen paluunsa olisi hankaloittanut muun perheen pakkopalauttamista. Kotiin haluava itsetuhoinen mies pyysi apua asianajajaltaan, joka sanoi, ettei h\u00e4nt\u00e4 huvita, koska t\u00e4llaisesta h\u00e4n ei saa korvausta.<\/p>\n\n\n\n<p>Nelj\u00e4s pid\u00e4tettiin ja h\u00e4nt\u00e4 kuulusteltiin kertomatta syyt\u00e4. Kukaan ei maininnut Suomen lains\u00e4\u00e4d\u00e4nt\u00f6\u00e4 tuntemattomalle miehelle, ett\u00e4 h\u00e4nell\u00e4 olisi ollut oikeus avustajaan. Mies traumatisoitui pahasti, vaikka h\u00e4net my\u00f6hemmin vapautettiin syytt\u00f6m\u00e4n\u00e4.<\/p>\n\n\n\n<p><span class=\"capitalized\">Asukkaillamme<\/span> on teetetty lukemattomia palkattomia ty\u00f6tunteja, mutta luvattua palkkaa pyyt\u00e4ess\u00e4\u00e4n he ovat j\u00e4\u00e4neet vaille vastausta ja kokonaan vaille juridista apua. Asianajajia ei ole kiinnostanut ja ainoa neuvo, jonka sosiaality\u00f6ntekij\u00e4t ja vastaanottokeskuksen johto ovat osanneet antaa, on ollut lopettaa palkaton ty\u00f6nteko.<\/p>\n\n\n\n<p>Turvapaikanhakijoita riistet\u00e4\u00e4n surutta, mutta paperittomat ty\u00f6ntekij\u00e4t ovat viel\u00e4 heikommassa asemassa. J\u00e4rjestelm\u00e4mme lupaa riiston kohteena oleville, orjuuden kaltaisissa olosuhteissa oleville ty\u00f6ntekij\u00f6ille kyll\u00e4 apua ja tukea. Se ei kuitenkaan takaa, etteik\u00f6 apua hakevia vangita ja pakkopalauteta maahan,jossa he pelk\u00e4\u00e4v\u00e4t menett\u00e4v\u00e4ns\u00e4 henkens\u00e4. Avun hakemisesta on tehty mahdotonta.<\/p>\n\n\n\n<p>J\u00e4lleen kerran torjutaan mieluummin tummaihoisia ja v\u00e4\u00e4r\u00e4uskoisia kuin puolustetaan arvoja, jotka muodostavat yhteiskuntamme perustuksen.<\/p>\n\n\n\n<blockquote class=\"wp-block-quote\">\n<p>Kyse ei ole luvuista. Kyse on isist\u00e4 ja \u00e4ideist\u00e4 ja lapsista.<\/p>\n<\/blockquote>\n\n\n\n<p><span class=\"capitalized\">Migri<\/span>, poliisi ja oikeuslaitoksen mekanismit eiv\u00e4t ole ainoita, jotka j\u00e4tt\u00e4v\u00e4t asukkaitamme heitteille ja kohtelevat heit\u00e4 mielivaltaisesti ja ihmisoikeuksien vastaisesti.<\/p>\n\n\n\n<p>Poliitikkomme ovat m\u00e4\u00e4r\u00e4tietoisesti hankaloittaneet perheenyhdist\u00e4misprosessia naurettavuuteen saakka. Kyse ei ole vain irrationaalisen korkeista ja ep\u00e4oikeudenmukaisista tulorajoista vaan my\u00f6s prosessista, josta on tehty mahdoton: jos suomalaisten p\u00e4\u00e4t\u00f6sten takia varattoman irakilaisen lapsen on ment\u00e4v\u00e4 Turkkiin hakemaan oleskelulupaa, mutta Turkki ei p\u00e4\u00e4st\u00e4 h\u00e4nt\u00e4 maahan, sit\u00e4 ei voi kutsua kuin kiusanteoksi.<\/p>\n\n\n\n<p>Kyse ei ole luvuista. Kyse on isist\u00e4 ja \u00e4ideist\u00e4 ja lapsista. Kyse on my\u00f6s niist\u00e4 pienipalkkaisista sairaanhoitajista, jotka hoitavat meid\u00e4n vanhuksiamme, koska me emme ehdi. He maksavat veronsa t\u00e4nne, mutta eiv\u00e4t saa lapsiaan luokseen, koska n\u00e4m\u00e4 muutamat lapset ovat uhka maamme kulttuurille ja suomalaisuudelle.<\/p>\n\n\n\n<p>&nbsp;<\/p>\n\n\n\n<p><span class=\"capitalized\">My\u00f6s<\/span> monet muut yhteiskuntamme tukij\u00e4rjestelm\u00e4t toimivat turvapaikanhakijoita kohtaan eri tavalla kuin suomalaisten ollessa kyseess\u00e4.<\/p>\n\n\n\n<p>Tiedotusv\u00e4lineet tiet\u00e4v\u00e4t kertoa bussikuskeista, jotka j\u00e4tt\u00e4v\u00e4t ihonv\u00e4rilt\u00e4\u00e4n hieman tummempia pikkupoikia pys\u00e4keille. Min\u00e4 olen tavannut ambulanssikuskin, joka huusi l\u00e4hes tajuttomalle potilaalle, ett\u00e4 t\u00e4m\u00e4 on valehtelija, jota ei taatusti vie autoonsa ja jos kaverit h\u00e4net sinne kantavat, h\u00e4n kuljettaa miehen poliisiasemalle eik\u00e4 sairaalaan.<\/p>\n\n\n\n<p>Onneksi toinen ensihoitaja oli toista mielt\u00e4. Verta oksentava ja ulostava mies p\u00e4\u00e4si sairaalaan ajoissa ja sai puhjenneen mahahaavansa hoidetuksi.<\/p>\n\n\n\n<p>Kun pyysin sairaanhoitajaamme ottamaan yhteytt\u00e4 ensihoitajan esimieheen, h\u00e4n ei halunnut, koska ep\u00e4ili, ett\u00e4 jos valitamme, seuraavalla kerralla ambulanssi tulee my\u00f6h\u00e4ss\u00e4 tai ei tule ollenkaan. N\u00e4in on kuulemma k\u00e4ynyt ennenkin, tosin silloin kyseess\u00e4 oli alkoholisoitunut koditon, joka ei ensihoitajanmielest\u00e4 ansainnut yhteiskunnan huolenpitoa.<\/p>\n\n\n\n<blockquote class=\"wp-block-quote\">\n<p>Meid\u00e4n on oltava ihmisi\u00e4 &#8211; ei pakolaisten vaan itsemme takia.<\/p>\n<\/blockquote>\n\n\n\n<p><span class=\"capitalized\">Vastaanottokeskuksen<\/span> asukkaat ovat erityisen haavoittuvaisia ihmisi\u00e4. He eiv\u00e4t osaa kielt\u00e4 eiv\u00e4tk\u00e4 tunne systeemi\u00e4. He eiv\u00e4t tied\u00e4 omia oikeuksiaan eiv\u00e4tk\u00e4 osaa niit\u00e4 vaatia. He pelk\u00e4\u00e4v\u00e4t, ett\u00e4 pienikin vastahankaan asettuminen vaarantaa heid\u00e4n tulevaisuutensa Suomessa. He ovat meid\u00e4n armoillamme tavoilla, joita on vaikeaa ymm\u00e4rt\u00e4\u00e4, vaikka olisi heid\u00e4n kanssaan joka p\u00e4iv\u00e4.<\/p>\n\n\n\n<p>Siksi meid\u00e4n pit\u00e4isi olla erityisen tarkkoja siin\u00e4, miten kohtelemme niit\u00e4, jotka ovat kaikkein heikoimpia. Peliss\u00e4 on paitsi turvaa etsiv\u00e4n ihmisen el\u00e4m\u00e4, my\u00f6s oma ihmisyytemme ja yhteiskuntamme moraali.<\/p>\n\n\n\n<p>Poliittiset p\u00e4\u00e4tt\u00e4j\u00e4mme ja virkamiehemme haluavat suojella Suomea meille vierailta arvoilta ja tavoilta, mutta suomalaista kulttuuria puolustaessaan he huomaamattaan tuhoavat itse sen, mik\u00e4 maassamme on ollut arvokkainta.<\/p>\n\n\n\n<p>Meid\u00e4n on oltava ihmisi\u00e4 \u2013 ei pakolaisten vaan itsemme takia. Min\u00e4 haluan el\u00e4\u00e4 ihmisarvoa kunnioittavassa maassa, koska haluan kunnioittaa itse\u00e4ni ja tulla itse kunnioitetuksi.<\/p>\n\n\n","protected":false},"excerpt":{"rendered":"<p>Suomalainen yhteiskunta on p\u00e4\u00e4lt\u00e4 kaunis. <\/p>\n","protected":false},"author":34326,"featured_media":0,"comment_status":"open","ping_status":"open","sticky":false,"template":"","format":"standard","meta":{"_acf_changed":false,"asauth_required_access_level":3,"asauth_cansharepaid":"true","om_header_attributes":[],"footnotes":"","om_featured_image_focal_point":[],"om_primary_tag":0,"om_contributors":[],"om_co_authors":[],"beyondwords_generate_audio":"","beyondwords_project_id":"","beyondwords_content_id":"","beyondwords_preview_token":"","beyondwords_player_content":"","beyondwords_player_style":"","beyondwords_language_code":"","beyondwords_language_id":"","beyondwords_title_voice_id":"","beyondwords_body_voice_id":"","beyondwords_summary_voice_id":"","beyondwords_error_message":"","beyondwords_disabled":"","beyondwords_delete_content":"","beyondwords_podcast_id":"","beyondwords_hash":"","publish_post_to_speechkit":"","speechkit_hash":"","speechkit_generate_audio":"","speechkit_project_id":"","speechkit_podcast_id":"","speechkit_error_message":"","speechkit_disabled":"","speechkit_access_key":"","speechkit_error":"","speechkit_info":"","speechkit_response":"","speechkit_retries":"","speechkit_status":"","speechkit_updated_at":"","_speechkit_link":"","_speechkit_text":""},"categories":[4],"tags":[52,53,5],"class_list":["post-252","post","type-post","status-publish","format-standard","hentry","category-bagdadista-pohjoiseen","tag-ihmisoikeudet","tag-oikeusvaltio","tag-turvapaikanhakijat"],"om_views":null,"acf":{"tuuma_off":false,"tuuma_kysymys":"","tuuma_vastaus":""},"asauth":{"required_access_level":1,"share_token":"","is_paid":false},"yoast_head":"<!-- This site is optimized with the Yoast SEO plugin v26.4 - https:\/\/yoast.com\/wordpress\/plugins\/seo\/ -->\n<title>Oikeusvaltion takapiha on karu paikka - Bagdadista pohjoiseen<\/title>\n<meta name=\"robots\" content=\"index, follow, max-snippet:-1, max-image-preview:large, max-video-preview:-1\" \/>\n<link rel=\"canonical\" href=\"https:\/\/suomenkuvalehti.fi\/bagdadista-pohjoiseen\/oikeusvaltion-takapiha-karu-paikka\/\" \/>\n<meta property=\"og:locale\" content=\"fi_FI\" \/>\n<meta property=\"og:type\" content=\"article\" \/>\n<meta property=\"og:title\" content=\"Oikeusvaltion takapiha on karu paikka - Bagdadista pohjoiseen\" \/>\n<meta property=\"og:description\" content=\"Suomalainen yhteiskunta on p\u00e4\u00e4lt\u00e4 kaunis.\" \/>\n<meta property=\"og:url\" content=\"https:\/\/suomenkuvalehti.fi\/bagdadista-pohjoiseen\/oikeusvaltion-takapiha-karu-paikka\/\" \/>\n<meta property=\"og:site_name\" content=\"Bagdadista pohjoiseen\" \/>\n<meta property=\"article:published_time\" content=\"2017-07-31T13:28:12+00:00\" \/>\n<meta name=\"author\" content=\"H. Juurakko\" \/>\n<meta name=\"twitter:card\" content=\"summary_large_image\" \/>\n<meta name=\"twitter:label1\" content=\"Written by\" \/>\n\t<meta name=\"twitter:data1\" content=\"H. Juurakko\" \/>\n\t<meta name=\"twitter:label2\" content=\"Est. reading time\" \/>\n\t<meta name=\"twitter:data2\" content=\"6 minuuttia\" \/>\n<script type=\"application\/ld+json\" class=\"yoast-schema-graph\">{\"@context\":\"https:\/\/schema.org\",\"@graph\":[{\"@type\":\"WebPage\",\"@id\":\"https:\/\/suomenkuvalehti.fi\/bagdadista-pohjoiseen\/oikeusvaltion-takapiha-karu-paikka\/\",\"url\":\"https:\/\/suomenkuvalehti.fi\/bagdadista-pohjoiseen\/oikeusvaltion-takapiha-karu-paikka\/\",\"name\":\"Oikeusvaltion takapiha on karu paikka - Bagdadista pohjoiseen\",\"isPartOf\":{\"@id\":\"https:\/\/suomenkuvalehti.fi\/bagdadista-pohjoiseen\/#website\"},\"datePublished\":\"2017-07-31T13:28:12+00:00\",\"author\":{\"@id\":\"https:\/\/suomenkuvalehti.fi\/bagdadista-pohjoiseen\/#\/schema\/person\/02bd3dd6c0ab4d99ed885adefcd470f7\"},\"breadcrumb\":{\"@id\":\"https:\/\/suomenkuvalehti.fi\/bagdadista-pohjoiseen\/oikeusvaltion-takapiha-karu-paikka\/#breadcrumb\"},\"inLanguage\":\"fi\",\"potentialAction\":[{\"@type\":\"ReadAction\",\"target\":[\"https:\/\/suomenkuvalehti.fi\/bagdadista-pohjoiseen\/oikeusvaltion-takapiha-karu-paikka\/\"]}]},{\"@type\":\"BreadcrumbList\",\"@id\":\"https:\/\/suomenkuvalehti.fi\/bagdadista-pohjoiseen\/oikeusvaltion-takapiha-karu-paikka\/#breadcrumb\",\"itemListElement\":[{\"@type\":\"ListItem\",\"position\":1,\"name\":\"Home\",\"item\":\"https:\/\/suomenkuvalehti.fi\/bagdadista-pohjoiseen\/\"},{\"@type\":\"ListItem\",\"position\":2,\"name\":\"Oikeusvaltion takapiha on karu paikka\"}]},{\"@type\":\"WebSite\",\"@id\":\"https:\/\/suomenkuvalehti.fi\/bagdadista-pohjoiseen\/#website\",\"url\":\"https:\/\/suomenkuvalehti.fi\/bagdadista-pohjoiseen\/\",\"name\":\"Bagdadista pohjoiseen\",\"description\":\"Uutiset ja todellisuus eiv\u00e4t vastaanottokeskuksissa kohtaa. Blogi raottaa ovea sek\u00e4 niille, jotka pelk\u00e4\u00e4v\u00e4t turhaan, ett\u00e4 niille, jotka haluavat tiet\u00e4\u00e4 enemm\u00e4n kulttuurien ja ihmisten kohtaamisesta.\",\"potentialAction\":[{\"@type\":\"SearchAction\",\"target\":{\"@type\":\"EntryPoint\",\"urlTemplate\":\"https:\/\/suomenkuvalehti.fi\/haku\/?q={search_term_string}\"},\"query-input\":{\"@type\":\"PropertyValueSpecification\",\"valueRequired\":true,\"valueName\":\"search_term_string\"}}],\"inLanguage\":\"fi\"},{\"@type\":\"Person\",\"@id\":\"https:\/\/suomenkuvalehti.fi\/bagdadista-pohjoiseen\/#\/schema\/person\/02bd3dd6c0ab4d99ed885adefcd470f7\",\"name\":\"H. Juurakko\",\"image\":{\"@type\":\"ImageObject\",\"inLanguage\":\"fi\",\"@id\":\"https:\/\/suomenkuvalehti.fi\/bagdadista-pohjoiseen\/#\/schema\/person\/image\/\",\"url\":\"https:\/\/suomenkuvalehti.fi\/bagdadista-pohjoiseen\/wp-content\/uploads\/sites\/40\/2017\/03\/h_juurakko_kuvituskuva_-150x150.jpg\",\"contentUrl\":\"https:\/\/suomenkuvalehti.fi\/bagdadista-pohjoiseen\/wp-content\/uploads\/sites\/40\/2017\/03\/h_juurakko_kuvituskuva_-150x150.jpg\",\"caption\":\"H. Juurakko\"},\"description\":\"H. Juurakko on yhteiskuntatieteilij\u00e4, joka on p\u00e4\u00e4tynyt vastaanottokeskukseen ohjaajaksi. H\u00e4n on p\u00e4\u00e4ssyt aitiopaikalle tarkkailemaan kahta kulttuuria eik\u00e4 tied\u00e4, kumpaa niist\u00e4 ihmettelisi enemm\u00e4n. H. Juurakko on nimimerkki.\"}]}<\/script>\n<!-- \/ Yoast SEO plugin. -->","yoast_head_json":{"title":"Oikeusvaltion takapiha on karu paikka - Bagdadista pohjoiseen","robots":{"index":"index","follow":"follow","max-snippet":"max-snippet:-1","max-image-preview":"max-image-preview:large","max-video-preview":"max-video-preview:-1"},"canonical":"https:\/\/suomenkuvalehti.fi\/bagdadista-pohjoiseen\/oikeusvaltion-takapiha-karu-paikka\/","og_locale":"fi_FI","og_type":"article","og_title":"Oikeusvaltion takapiha on karu paikka - Bagdadista pohjoiseen","og_description":"Suomalainen yhteiskunta on p\u00e4\u00e4lt\u00e4 kaunis.","og_url":"https:\/\/suomenkuvalehti.fi\/bagdadista-pohjoiseen\/oikeusvaltion-takapiha-karu-paikka\/","og_site_name":"Bagdadista pohjoiseen","article_published_time":"2017-07-31T13:28:12+00:00","author":"H. Juurakko","twitter_card":"summary_large_image","twitter_misc":{"Written by":"H. Juurakko","Est. reading time":"6 minuuttia"},"schema":{"@context":"https:\/\/schema.org","@graph":[{"@type":"WebPage","@id":"https:\/\/suomenkuvalehti.fi\/bagdadista-pohjoiseen\/oikeusvaltion-takapiha-karu-paikka\/","url":"https:\/\/suomenkuvalehti.fi\/bagdadista-pohjoiseen\/oikeusvaltion-takapiha-karu-paikka\/","name":"Oikeusvaltion takapiha on karu paikka - Bagdadista pohjoiseen","isPartOf":{"@id":"https:\/\/suomenkuvalehti.fi\/bagdadista-pohjoiseen\/#website"},"datePublished":"2017-07-31T13:28:12+00:00","author":{"@id":"https:\/\/suomenkuvalehti.fi\/bagdadista-pohjoiseen\/#\/schema\/person\/02bd3dd6c0ab4d99ed885adefcd470f7"},"breadcrumb":{"@id":"https:\/\/suomenkuvalehti.fi\/bagdadista-pohjoiseen\/oikeusvaltion-takapiha-karu-paikka\/#breadcrumb"},"inLanguage":"fi","potentialAction":[{"@type":"ReadAction","target":["https:\/\/suomenkuvalehti.fi\/bagdadista-pohjoiseen\/oikeusvaltion-takapiha-karu-paikka\/"]}]},{"@type":"BreadcrumbList","@id":"https:\/\/suomenkuvalehti.fi\/bagdadista-pohjoiseen\/oikeusvaltion-takapiha-karu-paikka\/#breadcrumb","itemListElement":[{"@type":"ListItem","position":1,"name":"Home","item":"https:\/\/suomenkuvalehti.fi\/bagdadista-pohjoiseen\/"},{"@type":"ListItem","position":2,"name":"Oikeusvaltion takapiha on karu paikka"}]},{"@type":"WebSite","@id":"https:\/\/suomenkuvalehti.fi\/bagdadista-pohjoiseen\/#website","url":"https:\/\/suomenkuvalehti.fi\/bagdadista-pohjoiseen\/","name":"Bagdadista pohjoiseen","description":"Uutiset ja todellisuus eiv\u00e4t vastaanottokeskuksissa kohtaa. Blogi raottaa ovea sek\u00e4 niille, jotka pelk\u00e4\u00e4v\u00e4t turhaan, ett\u00e4 niille, jotka haluavat tiet\u00e4\u00e4 enemm\u00e4n kulttuurien ja ihmisten kohtaamisesta.","potentialAction":[{"@type":"SearchAction","target":{"@type":"EntryPoint","urlTemplate":"https:\/\/suomenkuvalehti.fi\/haku\/?q={search_term_string}"},"query-input":{"@type":"PropertyValueSpecification","valueRequired":true,"valueName":"search_term_string"}}],"inLanguage":"fi"},{"@type":"Person","@id":"https:\/\/suomenkuvalehti.fi\/bagdadista-pohjoiseen\/#\/schema\/person\/02bd3dd6c0ab4d99ed885adefcd470f7","name":"H. Juurakko","image":{"@type":"ImageObject","inLanguage":"fi","@id":"https:\/\/suomenkuvalehti.fi\/bagdadista-pohjoiseen\/#\/schema\/person\/image\/","url":"https:\/\/suomenkuvalehti.fi\/bagdadista-pohjoiseen\/wp-content\/uploads\/sites\/40\/2017\/03\/h_juurakko_kuvituskuva_-150x150.jpg","contentUrl":"https:\/\/suomenkuvalehti.fi\/bagdadista-pohjoiseen\/wp-content\/uploads\/sites\/40\/2017\/03\/h_juurakko_kuvituskuva_-150x150.jpg","caption":"H. Juurakko"},"description":"H. Juurakko on yhteiskuntatieteilij\u00e4, joka on p\u00e4\u00e4tynyt vastaanottokeskukseen ohjaajaksi. H\u00e4n on p\u00e4\u00e4ssyt aitiopaikalle tarkkailemaan kahta kulttuuria eik\u00e4 tied\u00e4, kumpaa niist\u00e4 ihmettelisi enemm\u00e4n. H. Juurakko on nimimerkki."}]}},"_links":{"self":[{"href":"https:\/\/suomenkuvalehti.fi\/bagdadista-pohjoiseen\/wp-json\/wp\/v2\/posts\/252","targetHints":{"allow":["GET"]}}],"collection":[{"href":"https:\/\/suomenkuvalehti.fi\/bagdadista-pohjoiseen\/wp-json\/wp\/v2\/posts"}],"about":[{"href":"https:\/\/suomenkuvalehti.fi\/bagdadista-pohjoiseen\/wp-json\/wp\/v2\/types\/post"}],"author":[{"embeddable":true,"href":"https:\/\/suomenkuvalehti.fi\/bagdadista-pohjoiseen\/wp-json\/wp\/v2\/users\/34326"}],"replies":[{"embeddable":true,"href":"https:\/\/suomenkuvalehti.fi\/bagdadista-pohjoiseen\/wp-json\/wp\/v2\/comments?post=252"}],"version-history":[{"count":4,"href":"https:\/\/suomenkuvalehti.fi\/bagdadista-pohjoiseen\/wp-json\/wp\/v2\/posts\/252\/revisions"}],"predecessor-version":[{"id":257,"href":"https:\/\/suomenkuvalehti.fi\/bagdadista-pohjoiseen\/wp-json\/wp\/v2\/posts\/252\/revisions\/257"}],"wp:attachment":[{"href":"https:\/\/suomenkuvalehti.fi\/bagdadista-pohjoiseen\/wp-json\/wp\/v2\/media?parent=252"}],"wp:term":[{"taxonomy":"category","embeddable":true,"href":"https:\/\/suomenkuvalehti.fi\/bagdadista-pohjoiseen\/wp-json\/wp\/v2\/categories?post=252"},{"taxonomy":"post_tag","embeddable":true,"href":"https:\/\/suomenkuvalehti.fi\/bagdadista-pohjoiseen\/wp-json\/wp\/v2\/tags?post=252"}],"curies":[{"name":"wp","href":"https:\/\/api.w.org\/{rel}","templated":true}]}}