{"id":185,"date":"2017-06-12T15:54:56","date_gmt":"2017-06-12T12:54:56","guid":{"rendered":"https:\/\/suomenkuvalehti.fi\/bagdadista-pohjoiseen\/?p=185"},"modified":"2017-06-12T11:46:55","modified_gmt":"2017-06-12T08:46:55","slug":"uudet-persujohtajat-ovat-oikeassa-pakolaiset-ovat-uhka-suomalaiselle-miehelle","status":"publish","type":"post","link":"https:\/\/suomenkuvalehti.fi\/bagdadista-pohjoiseen\/uudet-persujohtajat-ovat-oikeassa-pakolaiset-ovat-uhka-suomalaiselle-miehelle\/","title":{"rendered":"Uudet persujohtajat ovat oikeassa: pakolaiset ovat uhka suomalaiselle miehelle"},"content":{"rendered":"\n<p>Perussuomalaiset ovat viime viikonloppuna muuttaneet politiikkansa painopistett\u00e4 tavallisten suomalaisten el\u00e4m\u00e4n parantamisesta muualta tulevien el\u00e4m\u00e4n vaikeuttamiseen. Puolue ei en\u00e4\u00e4 toimi puolesta vaan vastaan.<\/p>\n\n\n\n<p>Puolueen uusille johtajille maahanmuuttajat ja etenkin t\u00e4nne tulleet pakolaiset ovat suunnaton uhka. Pelko on niin suuri, ett\u00e4 sen torjumiseksi ollaan valmiita uhraamaan t\u00e4ll\u00e4 maalle taloudellisesti ja sosiaalisesti huomattavasti t\u00e4rke\u00e4mpi\u00e4 hankkeita ja demokratiaan kuuluvia periaatteita.<\/p>\n\n\n\n<p>Yrit\u00e4n kovasti ymm\u00e4rt\u00e4\u00e4, mit\u00e4 he oikein pelk\u00e4\u00e4v\u00e4t. Sit\u00e4, ett\u00e4 joku k\u00e4ytt\u00e4\u00e4 burkaa tai burkinia? Sit\u00e4, ett\u00e4 joku puhuu kielt\u00e4, jota he eiv\u00e4t ymm\u00e4rr\u00e4? Vai sit\u00e4, ett\u00e4 he j\u00e4\u00e4v\u00e4t jotenkin alakynteen? Ett\u00e4 &#8221;ne tulevat t\u00e4nne ja viev\u00e4t meilt\u00e4 naiset ja ty\u00f6paikat&#8221;?<br>On ihan pakko todeta, ett\u00e4 viimeksi mainittu riski on todellinen. Ne ihan oikeasti saattavat vied\u00e4 naiset ja ty\u00f6paikat.<\/p>\n\n\n\n<p>&nbsp;<\/p>\n\n\n\n<p><span class=\"capitalized\">Juttelin<\/span> taannoin yhden Sivupolulla asuvan nuoren l\u00e4\u00e4k\u00e4rin kanssa rakennuksilla tarvittavan ty\u00f6turvallisuuspassin suorittamisesta. H\u00e4n halusi sellaisen. Totesin, ett\u00e4 l\u00e4\u00e4k\u00e4rit eiv\u00e4t kyll\u00e4 tarvitse moista passia, mutta h\u00e4n pysyi kannassaan.<\/p>\n\n\n\n<p>Kest\u00e4isi ainakin kolme vuotta, ennen kuin h\u00e4n saisi suoritettua tarvittavat t\u00e4ydent\u00e4v\u00e4t opinnot ja osaisi kielt\u00e4 riitt\u00e4v\u00e4sti voidakseen toimia l\u00e4\u00e4k\u00e4rin\u00e4. Sen ajan h\u00e4n haluaisi el\u00e4tt\u00e4\u00e4 itse\u00e4\u00e4n ty\u00f6ll\u00e4, koska sosiaaliturvan varassa el\u00e4minen on h\u00e4pe\u00e4llist\u00e4. Lis\u00e4ksi h\u00e4n totesi ohimennen, ett\u00e4 haluaa olla mukana rakentamassa t\u00e4t\u00e4 yhteiskuntaa, joka on antanut h\u00e4nelle niin paljon.<\/p>\n\n\n\n<p>Koska olen viimeksi kuullut jonkun suomalaisen nuoren haluavan olla mukana maksamassa veroja ja tukemassa t\u00e4t\u00e4 yhteiskuntaa? Koska olen viimeksi kuullut, ett\u00e4 mik\u00e4 tahansa ty\u00f6 kelpaa ja mik\u00e4 tahansa palkka, sill\u00e4 p\u00e4\u00e4asia on, ettei el\u00e4 muiden kustannuksella?<\/p>\n\n\n\n<blockquote class=\"wp-block-quote\">\n<p>On perus\u00e4ij\u00e4n onni, ett\u00e4 niill\u00e4 on oudot nimet ja aavistuksen tummempi iho.<\/p>\n<\/blockquote>\n\n\n\n<p><span class=\"capitalized\">1700-luvulla<\/span> nuoret aatelismiehet l\u00e4hetettiin kiert\u00e4m\u00e4\u00e4n maailmaa vuodeksi tai kahdeksi, jos se suinkin oli mahdollista. Vanhemmat halusivat, ett\u00e4 heid\u00e4n j\u00e4lkikasvunsa oppisi selviytym\u00e4\u00e4n vaikeissakin olosuhteissa, oppisi kohtaamaan erilaisia ihmisi\u00e4, tutustuisi erilaisiin tapoihin, sivistyisi ja viisastuisi.<\/p>\n\n\n\n<p>Sivupolun nuoret miehet ovat joutuneet luopumaan kaikesta. He ovat kohdanneet erilaisia ihmisi\u00e4 ja ihmisyhteis\u00f6j\u00e4, oppineet valtavasti uusia asioita, pohtineet ihmisyytt\u00e4, etsineet itse\u00e4\u00e4n, sopeutuneet, karaistuneet ja kypsyneet.<\/p>\n\n\n\n<p>Sitten n\u00e4m\u00e4 nuoret, jotka ovat n\u00e4hneet paljon, kokeneet paljon, oppineet paljon ja k\u00e4rsineet paljon kohtaavat ty\u00f6- ja puolisomarkkinoilla suomalaisen perus\u00e4ij\u00e4n, joka on l\u00e4hinn\u00e4 pelannut tietokonepelej\u00e4.<\/p>\n\n\n\n<p>On perus\u00e4ij\u00e4n onni, ett\u00e4 niill\u00e4 on oudot nimet ja aavistuksen tummempi iho. Muuten perus\u00e4ij\u00e4ll\u00e4 ei olisi mit\u00e4\u00e4n mahdollisuuksia p\u00e4rj\u00e4t\u00e4 kilpailussa.<\/p>\n\n\n","protected":false},"excerpt":{"rendered":"<p>Perussuomalaiset ovat viime viikonloppuna muuttaneet politiikkaansa painopistett\u00e4 tavallisten suomalaisten el\u00e4m\u00e4n parantamisesta muualta tulevien el\u00e4m\u00e4n vaikeuttamiseen.<\/p>\n","protected":false},"author":34326,"featured_media":0,"comment_status":"open","ping_status":"open","sticky":false,"template":"","format":"standard","meta":{"_acf_changed":false,"asauth_required_access_level":3,"asauth_cansharepaid":"true","om_header_attributes":[],"footnotes":"","om_featured_image_focal_point":[],"om_primary_tag":0,"om_contributors":[],"om_co_authors":[],"beyondwords_generate_audio":"","beyondwords_project_id":"","beyondwords_content_id":"","beyondwords_preview_token":"","beyondwords_player_content":"","beyondwords_player_style":"","beyondwords_language_code":"","beyondwords_language_id":"","beyondwords_title_voice_id":"","beyondwords_body_voice_id":"","beyondwords_summary_voice_id":"","beyondwords_error_message":"","beyondwords_disabled":"","beyondwords_delete_content":"","beyondwords_podcast_id":"","beyondwords_hash":"","publish_post_to_speechkit":"","speechkit_hash":"","speechkit_generate_audio":"","speechkit_project_id":"","speechkit_podcast_id":"","speechkit_error_message":"","speechkit_disabled":"","speechkit_access_key":"","speechkit_error":"","speechkit_info":"","speechkit_response":"","speechkit_retries":"","speechkit_status":"","speechkit_updated_at":"","_speechkit_link":"","_speechkit_text":""},"categories":[4],"tags":[40,5,39],"class_list":["post-185","post","type-post","status-publish","format-standard","hentry","category-bagdadista-pohjoiseen","tag-perussuomalaiset","tag-turvapaikanhakijat","tag-tyo"],"om_views":null,"acf":{"tuuma_off":false,"tuuma_kysymys":"","tuuma_vastaus":""},"asauth":{"required_access_level":1,"share_token":"","is_paid":false},"yoast_head":"<!-- This site is optimized with the Yoast SEO plugin v26.4 - https:\/\/yoast.com\/wordpress\/plugins\/seo\/ -->\n<title>Uudet persujohtajat ovat oikeassa: pakolaiset ovat uhka suomalaiselle miehelle - Bagdadista pohjoiseen<\/title>\n<meta name=\"robots\" content=\"index, follow, max-snippet:-1, max-image-preview:large, max-video-preview:-1\" \/>\n<link rel=\"canonical\" href=\"https:\/\/suomenkuvalehti.fi\/bagdadista-pohjoiseen\/uudet-persujohtajat-ovat-oikeassa-pakolaiset-ovat-uhka-suomalaiselle-miehelle\/\" \/>\n<meta property=\"og:locale\" content=\"fi_FI\" \/>\n<meta property=\"og:type\" content=\"article\" \/>\n<meta property=\"og:title\" content=\"Uudet persujohtajat ovat oikeassa: pakolaiset ovat uhka suomalaiselle miehelle - Bagdadista pohjoiseen\" \/>\n<meta property=\"og:description\" content=\"Perussuomalaiset ovat viime viikonloppuna muuttaneet politiikkaansa painopistett\u00e4 tavallisten suomalaisten el\u00e4m\u00e4n parantamisesta muualta tulevien el\u00e4m\u00e4n vaikeuttamiseen.\" \/>\n<meta property=\"og:url\" content=\"https:\/\/suomenkuvalehti.fi\/bagdadista-pohjoiseen\/uudet-persujohtajat-ovat-oikeassa-pakolaiset-ovat-uhka-suomalaiselle-miehelle\/\" \/>\n<meta property=\"og:site_name\" content=\"Bagdadista pohjoiseen\" \/>\n<meta property=\"article:published_time\" content=\"2017-06-12T12:54:56+00:00\" \/>\n<meta name=\"author\" content=\"H. Juurakko\" \/>\n<meta name=\"twitter:card\" content=\"summary_large_image\" \/>\n<meta name=\"twitter:label1\" content=\"Written by\" \/>\n\t<meta name=\"twitter:data1\" content=\"H. Juurakko\" \/>\n\t<meta name=\"twitter:label2\" content=\"Est. reading time\" \/>\n\t<meta name=\"twitter:data2\" content=\"2 minuuttia\" \/>\n<script type=\"application\/ld+json\" class=\"yoast-schema-graph\">{\"@context\":\"https:\/\/schema.org\",\"@graph\":[{\"@type\":\"WebPage\",\"@id\":\"https:\/\/suomenkuvalehti.fi\/bagdadista-pohjoiseen\/uudet-persujohtajat-ovat-oikeassa-pakolaiset-ovat-uhka-suomalaiselle-miehelle\/\",\"url\":\"https:\/\/suomenkuvalehti.fi\/bagdadista-pohjoiseen\/uudet-persujohtajat-ovat-oikeassa-pakolaiset-ovat-uhka-suomalaiselle-miehelle\/\",\"name\":\"Uudet persujohtajat ovat oikeassa: pakolaiset ovat uhka suomalaiselle miehelle - Bagdadista pohjoiseen\",\"isPartOf\":{\"@id\":\"https:\/\/suomenkuvalehti.fi\/bagdadista-pohjoiseen\/#website\"},\"datePublished\":\"2017-06-12T12:54:56+00:00\",\"author\":{\"@id\":\"https:\/\/suomenkuvalehti.fi\/bagdadista-pohjoiseen\/#\/schema\/person\/02bd3dd6c0ab4d99ed885adefcd470f7\"},\"breadcrumb\":{\"@id\":\"https:\/\/suomenkuvalehti.fi\/bagdadista-pohjoiseen\/uudet-persujohtajat-ovat-oikeassa-pakolaiset-ovat-uhka-suomalaiselle-miehelle\/#breadcrumb\"},\"inLanguage\":\"fi\",\"potentialAction\":[{\"@type\":\"ReadAction\",\"target\":[\"https:\/\/suomenkuvalehti.fi\/bagdadista-pohjoiseen\/uudet-persujohtajat-ovat-oikeassa-pakolaiset-ovat-uhka-suomalaiselle-miehelle\/\"]}]},{\"@type\":\"BreadcrumbList\",\"@id\":\"https:\/\/suomenkuvalehti.fi\/bagdadista-pohjoiseen\/uudet-persujohtajat-ovat-oikeassa-pakolaiset-ovat-uhka-suomalaiselle-miehelle\/#breadcrumb\",\"itemListElement\":[{\"@type\":\"ListItem\",\"position\":1,\"name\":\"Home\",\"item\":\"https:\/\/suomenkuvalehti.fi\/bagdadista-pohjoiseen\/\"},{\"@type\":\"ListItem\",\"position\":2,\"name\":\"Uudet persujohtajat ovat oikeassa: pakolaiset ovat uhka suomalaiselle miehelle\"}]},{\"@type\":\"WebSite\",\"@id\":\"https:\/\/suomenkuvalehti.fi\/bagdadista-pohjoiseen\/#website\",\"url\":\"https:\/\/suomenkuvalehti.fi\/bagdadista-pohjoiseen\/\",\"name\":\"Bagdadista pohjoiseen\",\"description\":\"Uutiset ja todellisuus eiv\u00e4t vastaanottokeskuksissa kohtaa. Blogi raottaa ovea sek\u00e4 niille, jotka pelk\u00e4\u00e4v\u00e4t turhaan, ett\u00e4 niille, jotka haluavat tiet\u00e4\u00e4 enemm\u00e4n kulttuurien ja ihmisten kohtaamisesta.\",\"potentialAction\":[{\"@type\":\"SearchAction\",\"target\":{\"@type\":\"EntryPoint\",\"urlTemplate\":\"https:\/\/suomenkuvalehti.fi\/haku\/?q={search_term_string}\"},\"query-input\":{\"@type\":\"PropertyValueSpecification\",\"valueRequired\":true,\"valueName\":\"search_term_string\"}}],\"inLanguage\":\"fi\"},{\"@type\":\"Person\",\"@id\":\"https:\/\/suomenkuvalehti.fi\/bagdadista-pohjoiseen\/#\/schema\/person\/02bd3dd6c0ab4d99ed885adefcd470f7\",\"name\":\"H. Juurakko\",\"image\":{\"@type\":\"ImageObject\",\"inLanguage\":\"fi\",\"@id\":\"https:\/\/suomenkuvalehti.fi\/bagdadista-pohjoiseen\/#\/schema\/person\/image\/\",\"url\":\"https:\/\/suomenkuvalehti.fi\/bagdadista-pohjoiseen\/wp-content\/uploads\/sites\/40\/2017\/03\/h_juurakko_kuvituskuva_-150x150.jpg\",\"contentUrl\":\"https:\/\/suomenkuvalehti.fi\/bagdadista-pohjoiseen\/wp-content\/uploads\/sites\/40\/2017\/03\/h_juurakko_kuvituskuva_-150x150.jpg\",\"caption\":\"H. Juurakko\"},\"description\":\"H. Juurakko on yhteiskuntatieteilij\u00e4, joka on p\u00e4\u00e4tynyt vastaanottokeskukseen ohjaajaksi. H\u00e4n on p\u00e4\u00e4ssyt aitiopaikalle tarkkailemaan kahta kulttuuria eik\u00e4 tied\u00e4, kumpaa niist\u00e4 ihmettelisi enemm\u00e4n. H. Juurakko on nimimerkki.\"}]}<\/script>\n<!-- \/ Yoast SEO plugin. -->","yoast_head_json":{"title":"Uudet persujohtajat ovat oikeassa: pakolaiset ovat uhka suomalaiselle miehelle - Bagdadista pohjoiseen","robots":{"index":"index","follow":"follow","max-snippet":"max-snippet:-1","max-image-preview":"max-image-preview:large","max-video-preview":"max-video-preview:-1"},"canonical":"https:\/\/suomenkuvalehti.fi\/bagdadista-pohjoiseen\/uudet-persujohtajat-ovat-oikeassa-pakolaiset-ovat-uhka-suomalaiselle-miehelle\/","og_locale":"fi_FI","og_type":"article","og_title":"Uudet persujohtajat ovat oikeassa: pakolaiset ovat uhka suomalaiselle miehelle - Bagdadista pohjoiseen","og_description":"Perussuomalaiset ovat viime viikonloppuna muuttaneet politiikkaansa painopistett\u00e4 tavallisten suomalaisten el\u00e4m\u00e4n parantamisesta muualta tulevien el\u00e4m\u00e4n vaikeuttamiseen.","og_url":"https:\/\/suomenkuvalehti.fi\/bagdadista-pohjoiseen\/uudet-persujohtajat-ovat-oikeassa-pakolaiset-ovat-uhka-suomalaiselle-miehelle\/","og_site_name":"Bagdadista pohjoiseen","article_published_time":"2017-06-12T12:54:56+00:00","author":"H. Juurakko","twitter_card":"summary_large_image","twitter_misc":{"Written by":"H. Juurakko","Est. reading time":"2 minuuttia"},"schema":{"@context":"https:\/\/schema.org","@graph":[{"@type":"WebPage","@id":"https:\/\/suomenkuvalehti.fi\/bagdadista-pohjoiseen\/uudet-persujohtajat-ovat-oikeassa-pakolaiset-ovat-uhka-suomalaiselle-miehelle\/","url":"https:\/\/suomenkuvalehti.fi\/bagdadista-pohjoiseen\/uudet-persujohtajat-ovat-oikeassa-pakolaiset-ovat-uhka-suomalaiselle-miehelle\/","name":"Uudet persujohtajat ovat oikeassa: pakolaiset ovat uhka suomalaiselle miehelle - Bagdadista pohjoiseen","isPartOf":{"@id":"https:\/\/suomenkuvalehti.fi\/bagdadista-pohjoiseen\/#website"},"datePublished":"2017-06-12T12:54:56+00:00","author":{"@id":"https:\/\/suomenkuvalehti.fi\/bagdadista-pohjoiseen\/#\/schema\/person\/02bd3dd6c0ab4d99ed885adefcd470f7"},"breadcrumb":{"@id":"https:\/\/suomenkuvalehti.fi\/bagdadista-pohjoiseen\/uudet-persujohtajat-ovat-oikeassa-pakolaiset-ovat-uhka-suomalaiselle-miehelle\/#breadcrumb"},"inLanguage":"fi","potentialAction":[{"@type":"ReadAction","target":["https:\/\/suomenkuvalehti.fi\/bagdadista-pohjoiseen\/uudet-persujohtajat-ovat-oikeassa-pakolaiset-ovat-uhka-suomalaiselle-miehelle\/"]}]},{"@type":"BreadcrumbList","@id":"https:\/\/suomenkuvalehti.fi\/bagdadista-pohjoiseen\/uudet-persujohtajat-ovat-oikeassa-pakolaiset-ovat-uhka-suomalaiselle-miehelle\/#breadcrumb","itemListElement":[{"@type":"ListItem","position":1,"name":"Home","item":"https:\/\/suomenkuvalehti.fi\/bagdadista-pohjoiseen\/"},{"@type":"ListItem","position":2,"name":"Uudet persujohtajat ovat oikeassa: pakolaiset ovat uhka suomalaiselle miehelle"}]},{"@type":"WebSite","@id":"https:\/\/suomenkuvalehti.fi\/bagdadista-pohjoiseen\/#website","url":"https:\/\/suomenkuvalehti.fi\/bagdadista-pohjoiseen\/","name":"Bagdadista pohjoiseen","description":"Uutiset ja todellisuus eiv\u00e4t vastaanottokeskuksissa kohtaa. Blogi raottaa ovea sek\u00e4 niille, jotka pelk\u00e4\u00e4v\u00e4t turhaan, ett\u00e4 niille, jotka haluavat tiet\u00e4\u00e4 enemm\u00e4n kulttuurien ja ihmisten kohtaamisesta.","potentialAction":[{"@type":"SearchAction","target":{"@type":"EntryPoint","urlTemplate":"https:\/\/suomenkuvalehti.fi\/haku\/?q={search_term_string}"},"query-input":{"@type":"PropertyValueSpecification","valueRequired":true,"valueName":"search_term_string"}}],"inLanguage":"fi"},{"@type":"Person","@id":"https:\/\/suomenkuvalehti.fi\/bagdadista-pohjoiseen\/#\/schema\/person\/02bd3dd6c0ab4d99ed885adefcd470f7","name":"H. Juurakko","image":{"@type":"ImageObject","inLanguage":"fi","@id":"https:\/\/suomenkuvalehti.fi\/bagdadista-pohjoiseen\/#\/schema\/person\/image\/","url":"https:\/\/suomenkuvalehti.fi\/bagdadista-pohjoiseen\/wp-content\/uploads\/sites\/40\/2017\/03\/h_juurakko_kuvituskuva_-150x150.jpg","contentUrl":"https:\/\/suomenkuvalehti.fi\/bagdadista-pohjoiseen\/wp-content\/uploads\/sites\/40\/2017\/03\/h_juurakko_kuvituskuva_-150x150.jpg","caption":"H. Juurakko"},"description":"H. Juurakko on yhteiskuntatieteilij\u00e4, joka on p\u00e4\u00e4tynyt vastaanottokeskukseen ohjaajaksi. H\u00e4n on p\u00e4\u00e4ssyt aitiopaikalle tarkkailemaan kahta kulttuuria eik\u00e4 tied\u00e4, kumpaa niist\u00e4 ihmettelisi enemm\u00e4n. H. Juurakko on nimimerkki."}]}},"_links":{"self":[{"href":"https:\/\/suomenkuvalehti.fi\/bagdadista-pohjoiseen\/wp-json\/wp\/v2\/posts\/185","targetHints":{"allow":["GET"]}}],"collection":[{"href":"https:\/\/suomenkuvalehti.fi\/bagdadista-pohjoiseen\/wp-json\/wp\/v2\/posts"}],"about":[{"href":"https:\/\/suomenkuvalehti.fi\/bagdadista-pohjoiseen\/wp-json\/wp\/v2\/types\/post"}],"author":[{"embeddable":true,"href":"https:\/\/suomenkuvalehti.fi\/bagdadista-pohjoiseen\/wp-json\/wp\/v2\/users\/34326"}],"replies":[{"embeddable":true,"href":"https:\/\/suomenkuvalehti.fi\/bagdadista-pohjoiseen\/wp-json\/wp\/v2\/comments?post=185"}],"version-history":[{"count":8,"href":"https:\/\/suomenkuvalehti.fi\/bagdadista-pohjoiseen\/wp-json\/wp\/v2\/posts\/185\/revisions"}],"predecessor-version":[{"id":194,"href":"https:\/\/suomenkuvalehti.fi\/bagdadista-pohjoiseen\/wp-json\/wp\/v2\/posts\/185\/revisions\/194"}],"wp:attachment":[{"href":"https:\/\/suomenkuvalehti.fi\/bagdadista-pohjoiseen\/wp-json\/wp\/v2\/media?parent=185"}],"wp:term":[{"taxonomy":"category","embeddable":true,"href":"https:\/\/suomenkuvalehti.fi\/bagdadista-pohjoiseen\/wp-json\/wp\/v2\/categories?post=185"},{"taxonomy":"post_tag","embeddable":true,"href":"https:\/\/suomenkuvalehti.fi\/bagdadista-pohjoiseen\/wp-json\/wp\/v2\/tags?post=185"}],"curies":[{"name":"wp","href":"https:\/\/api.w.org\/{rel}","templated":true}]}}