{"id":89,"date":"2013-02-05T15:58:58","date_gmt":"2013-02-05T13:58:58","guid":{"rendered":"https:\/\/suomenkuvalehti.fi\/americana\/chomsky-ja-ideologian-vaarat\/"},"modified":"2013-11-30T16:22:02","modified_gmt":"2013-11-30T14:22:02","slug":"chomsky-ja-ideologian-vaarat","status":"publish","type":"post","link":"https:\/\/suomenkuvalehti.fi\/americana\/chomsky-ja-ideologian-vaarat\/","title":{"rendered":"Chomsky ja ideologian vaarat"},"content":{"rendered":"\n<p><strong>Noam Chomsky<\/strong> on julkaissut uuden haastatteluteoksen.<em> Salon<\/em>-webbilehdess\u00e4 <a href=\"cdn.optmd.com\/V2\/62428\/114222\/index.html?g=AQAGl70=&amp;r=www.salon.com\/2013\/02\/04\/noam_chomsky_americas_yearning_for_democracy_is_a_bad_joke_partner\/\">julkaistu ote kirjasta<\/a> tarjoaa kiinnostavan silm\u00e4yksen chomskylaiseen ajatteluun, modernin anti-amerikkalaisuuden argumentteihin sek\u00e4 demokratiaa vierastavan paranoian logiikkaan.<\/p>\n\n\n\n<p>Teos on chomskylaisen ajattelun <em>greatest hits<\/em> -kokoelma: Yhdysvallat tukee L\u00e4hi-Id\u00e4n diktaattoreita, sill\u00e4 Yhdysvallat tavoittelee maailman herruutta sek\u00e4 halpaa \u00f6ljy\u00e4. Maa on moraalisesti rinnastettavissa <strong>Josef Stalinin<\/strong> Neuvostoliittoon. Demokraattien ja republikaanien v\u00e4lill\u00e4 ei ole eroa, ja hegemoniaa tavoitteleva jatkumo hallitsee Valkoisen taloa, oli sen is\u00e4nt\u00e4n\u00e4 <strong>Bill Clinton<\/strong> tai <strong>George W. Bush<\/strong> tai <strong>Barack Obama<\/strong>. Yhdysvallat ei v\u00e4lit\u00e4 kansainv\u00e4lisest\u00e4 oikeudesta tai moraalista.<\/p>\n\n\n\n<p>Demokratian, kapitalismin ja Yhdysvaltojen vastaisten mielipiteiden tautologinen toisto on tehnyt Chomskysta modernin \u00e4\u00e4rivasemmiston sankarin. H\u00e4nen Yhdysvaltain-ja, laajemmin, l\u00e4ntisen maailman-kritiikkins\u00e4 on jatkuvaa ja johdonmukaista. Silti, Chomsky ei ole tyhm\u00e4 tai huonosti lukenut mies, ja jotkut h\u00e4nen tukijoistaan osoittavat my\u00f6s ajattelun merkkej\u00e4. Miten he voivat niell\u00e4 chomskylaisen ajattelun koukut?<\/p>\n\n\n\n<p>Chomskyn esimerkki osoittaa, miten tosiuskovien parissa ideologia ohittaa logiikan.<\/p>\n\n\n\n<p>Kuten hyv\u00e4 propagandisti, Chomsky sekoittaa taitavasti faktoja ja fantasioita. H\u00e4n ajattelee ter\u00e4v\u00e4sti silloin, kun se palvelee h\u00e4nen p\u00e4\u00e4m\u00e4\u00e4r\u00e4tietoisia etujaan. Hyv\u00e4 ajattelija kritisoi omia hypoteesejaan, testaten oletuksiaan logiikan ja todistusaineiston avulla. Chomsky lopettaa analyyttisen arvion saavuttuaan mieleiseens\u00e4 lopputulokseen.<\/p>\n\n\n\n<p>Esimerkiksi uudessa haastattelukirjassa Chomsky sanoo Irakista, ett\u00e4 ainoastaan &#8221;vannoutuneet idealistit&#8221; eiv\u00e4t n\u00e4e, ett\u00e4 kyseess\u00e4 oli \u00f6ljysota. Jos laskemme sodan kuolonuhrit sek\u00e4 biljoonat dollarit mit\u00e4 sota maksoi Yhdysvalloille, se oli todella surkea energiapoliittinen sijoitus. Hy\u00f6kk\u00e4ys Irakiin oli Yhdysvaltain pahin ulkopoliittinen virhe sitten Vietnamin sodan, ja Chomsky olisi voinut l\u00f6yt\u00e4\u00e4 erinomaisiakin argumentteja sotaa vastaan, mutta h\u00e4n on ollut vuosikausia naimisissa ajatukseensa \u00f6ljyst\u00e4 motiivina. \u00d6ljy ja ahneus pist\u00e4v\u00e4t Yhdysvallat huonoimpaan mahdolliseen valoon. Jopa neokonservatiivinen selitys Yhdysvaltain yrityksest\u00e4 pakottaa Irak demokratiaan ei sek\u00e4\u00e4n ole kyllin negatiivinen.<\/p>\n\n\n\n<p>Chomsky, monien laitavasemmistolaisten tavoin, kielt\u00e4ytyy n\u00e4kem\u00e4st\u00e4 selke\u00e4\u00e4 eroa demokratioiden ja diktatuurien v\u00e4lill\u00e4. Jos kommunistit joutuivat, reaalikommunismin aikakaudella, pakon edess\u00e4 toteamaan Neuvostoliiton ihmisoikeuksien loukkaukset sek\u00e4 j\u00e4rjestelm\u00e4n virheet, heid\u00e4n puolustusreaktionsa oli osoittaa Yhdysvaltojen ja l\u00e4nnen synnit: &#8221;Chile, Pinochet, Vietnam, My Lai, rotusorto Etel\u00e4ss\u00e4!&#8221; He tietoisesti unohtivat siten syntien mittasuhteet, vet\u00e4en surutta yht\u00e4l\u00e4isyysmerkit totalitaaristen diktatuurien sek\u00e4 demokraattisten valtioiden v\u00e4lille. Chomsky k\u00e4ytt\u00e4\u00e4 haastattelussa samaa metodia, rinnastaen Yhdysvaltojen toimia Staliniin ja h\u00e4nen h\u00e4ik\u00e4ilem\u00e4tt\u00f6m\u00e4\u00e4n valtapolitiikkaansa.<\/p>\n\n\n\n<p>Ehk\u00e4 vaarallisin, ja loogisesti kest\u00e4m\u00e4tt\u00f6min, Chomskyn argumenteista on h\u00e4nen v\u00e4itteens\u00e4, ett\u00e4 demokraattien ja republikaanien v\u00e4lill\u00e4 ei ole juurikaan eroa. Edelleen, kriittinen ajattelija kysyisi, ett\u00e4 miksi sitten <strong>Sheldon Adelson<\/strong>, <strong>Kochin<\/strong> veljekset sek\u00e4 muut raskaan sarjan republikaaniset operaattorit sijoittivat kymmeni\u00e4,&nbsp;jopa satoja,&nbsp;miljoonia dollareita omia rahojaan Obaman kaatamiseksi?<\/p>\n\n\n\n<p>Chomskyn argumentti on paranoidi ja nihilistinen, ruokkien ep\u00e4luottamusta demokratiaan sek\u00e4 demokraattiseen prosessiin ongelmien ja ep\u00e4kohtien korjaamiseksi. Tietoisesti tai ei, Chomsky ruokkii ajatusta politiikasta voimank\u00e4yt\u00f6n v\u00e4lineen\u00e4, maolaista n\u00e4kemyst\u00e4, jossa poliittinen valta kasvaa kiv\u00e4\u00e4rin piipusta. Demokraattiset valinnat eiv\u00e4t auta, sill\u00e4 ne eiv\u00e4t tarjoa kuin muutoksen illuusion.<\/p>\n\n\n\n<p>Chomskyn ajatukset valitettavasti el\u00e4v\u00e4t internetin tietotoimistoissa sek\u00e4 demokratiaa vierastavien, stalinismin ideologisten j\u00e4lkel\u00e4isten parissa. Paradoksaalisesti, monet h\u00e4nen tukijoistaan pit\u00e4v\u00e4t kovaa meteli\u00e4 \u00e4\u00e4rioikeiston noususta sek\u00e4 demokratian uhanalaisuudesta.<\/p>\n\n\n\n<p><em>Soundtrack: Rage against the Machine, Bulls on Parade.<\/em><\/p>\n\n\n","protected":false},"excerpt":{"rendered":"<p>Noam Chomsky on julkaissut uuden haastatteluteoksen. Salon-webbilehdess\u00e4 julkaistu ote kirjasta tarjoaa kiinnostavan silm\u00e4yksen chomskylaiseen ajatteluun, modernin anti-amerikkalaisuuden argumentteihin sek\u00e4 demokratiaa vierastavan paranoian logiikkaan. Teos on chomskylaisen ajattelun greatest hits<br \/>\n-k&hellip;<\/p>\n","protected":false},"author":158,"featured_media":0,"comment_status":"open","ping_status":"open","sticky":false,"template":"","format":"standard","meta":{"_acf_changed":false,"asauth_required_access_level":0,"asauth_cansharepaid":"","om_header_attributes":[],"footnotes":"","om_featured_image_focal_point":[],"om_primary_tag":0,"om_contributors":[],"om_co_authors":[],"beyondwords_generate_audio":"","beyondwords_project_id":"","beyondwords_content_id":"","beyondwords_preview_token":"","beyondwords_player_content":"","beyondwords_player_style":"","beyondwords_language_code":"","beyondwords_language_id":"","beyondwords_title_voice_id":"","beyondwords_body_voice_id":"","beyondwords_summary_voice_id":"","beyondwords_error_message":"","beyondwords_disabled":"","beyondwords_delete_content":"","beyondwords_podcast_id":"","beyondwords_hash":"","publish_post_to_speechkit":"","speechkit_hash":"","speechkit_generate_audio":"","speechkit_project_id":"","speechkit_podcast_id":"","speechkit_error_message":"","speechkit_disabled":"","speechkit_access_key":"","speechkit_error":"","speechkit_info":"","speechkit_response":"","speechkit_retries":"","speechkit_status":"","speechkit_updated_at":"","_speechkit_link":"","_speechkit_text":""},"categories":[1],"tags":[324,322,323],"class_list":["post-89","post","type-post","status-publish","format-standard","hentry","category-americana","tag-haastattelu","tag-noam-chomsky","tag-salon"],"om_views":null,"acf":{"tuuma_off":false,"tuuma_kysymys":"","tuuma_vastaus":""},"asauth":{"required_access_level":1,"share_token":"","is_paid":false},"yoast_head":"<!-- This site is optimized with the Yoast SEO plugin v26.4 - https:\/\/yoast.com\/wordpress\/plugins\/seo\/ -->\n<title>Chomsky ja ideologian vaarat - Americana<\/title>\n<meta name=\"robots\" content=\"noindex, follow\" \/>\n<meta property=\"og:locale\" content=\"fi_FI\" \/>\n<meta property=\"og:type\" content=\"article\" \/>\n<meta property=\"og:title\" content=\"Chomsky ja ideologian vaarat - Americana\" \/>\n<meta property=\"og:description\" content=\"Noam Chomsky on julkaissut uuden haastatteluteoksen. Salon-webbilehdess\u00e4 julkaistu ote kirjasta tarjoaa kiinnostavan silm\u00e4yksen chomskylaiseen ajatteluun, modernin anti-amerikkalaisuuden argumentteihin sek\u00e4 demokratiaa vierastavan paranoian logiikkaan. Teos on chomskylaisen ajattelun greatest hits -k&hellip;\" \/>\n<meta property=\"og:url\" content=\"https:\/\/suomenkuvalehti.fi\/americana\/chomsky-ja-ideologian-vaarat\/\" \/>\n<meta property=\"og:site_name\" content=\"Americana\" \/>\n<meta property=\"article:published_time\" content=\"2013-02-05T13:58:58+00:00\" \/>\n<meta property=\"article:modified_time\" content=\"2013-11-30T14:22:02+00:00\" \/>\n<meta property=\"og:image\" content=\"https:\/\/suomenkuvalehti.fi\/americana\/wp-content\/uploads\/sites\/10\/2022\/04\/americana_maunula-scaled.jpg\" \/>\n\t<meta property=\"og:image:width\" content=\"2560\" \/>\n\t<meta property=\"og:image:height\" content=\"1706\" \/>\n\t<meta property=\"og:image:type\" content=\"image\/jpeg\" \/>\n<meta name=\"author\" content=\"Marko Maunula\" \/>\n<meta name=\"twitter:card\" content=\"summary_large_image\" \/>\n<meta name=\"twitter:label1\" content=\"Written by\" \/>\n\t<meta name=\"twitter:data1\" content=\"Marko Maunula\" \/>\n\t<meta name=\"twitter:label2\" content=\"Est. reading time\" \/>\n\t<meta name=\"twitter:data2\" content=\"3 minuuttia\" \/>\n<script type=\"application\/ld+json\" class=\"yoast-schema-graph\">{\"@context\":\"https:\/\/schema.org\",\"@graph\":[{\"@type\":\"WebPage\",\"@id\":\"https:\/\/suomenkuvalehti.fi\/americana\/chomsky-ja-ideologian-vaarat\/\",\"url\":\"https:\/\/suomenkuvalehti.fi\/americana\/chomsky-ja-ideologian-vaarat\/\",\"name\":\"Chomsky ja ideologian vaarat - Americana\",\"isPartOf\":{\"@id\":\"https:\/\/suomenkuvalehti.fi\/americana\/#website\"},\"datePublished\":\"2013-02-05T13:58:58+00:00\",\"dateModified\":\"2013-11-30T14:22:02+00:00\",\"author\":{\"@id\":\"https:\/\/suomenkuvalehti.fi\/americana\/#\/schema\/person\/12d514491cb37506bc39c8e10176c3ec\"},\"breadcrumb\":{\"@id\":\"https:\/\/suomenkuvalehti.fi\/americana\/chomsky-ja-ideologian-vaarat\/#breadcrumb\"},\"inLanguage\":\"fi\",\"potentialAction\":[{\"@type\":\"ReadAction\",\"target\":[\"https:\/\/suomenkuvalehti.fi\/americana\/chomsky-ja-ideologian-vaarat\/\"]}]},{\"@type\":\"BreadcrumbList\",\"@id\":\"https:\/\/suomenkuvalehti.fi\/americana\/chomsky-ja-ideologian-vaarat\/#breadcrumb\",\"itemListElement\":[{\"@type\":\"ListItem\",\"position\":1,\"name\":\"Home\",\"item\":\"https:\/\/suomenkuvalehti.fi\/americana\/\"},{\"@type\":\"ListItem\",\"position\":2,\"name\":\"Chomsky ja ideologian vaarat\"}]},{\"@type\":\"WebSite\",\"@id\":\"https:\/\/suomenkuvalehti.fi\/americana\/#website\",\"url\":\"https:\/\/suomenkuvalehti.fi\/americana\/\",\"name\":\"Americana\",\"description\":\"Professori Marko Maunula seuraa USA:n politiikkaa ja populaarikulttuuria\",\"potentialAction\":[{\"@type\":\"SearchAction\",\"target\":{\"@type\":\"EntryPoint\",\"urlTemplate\":\"https:\/\/suomenkuvalehti.fi\/haku\/?q={search_term_string}\"},\"query-input\":{\"@type\":\"PropertyValueSpecification\",\"valueRequired\":true,\"valueName\":\"search_term_string\"}}],\"inLanguage\":\"fi\"},{\"@type\":\"Person\",\"@id\":\"https:\/\/suomenkuvalehti.fi\/americana\/#\/schema\/person\/12d514491cb37506bc39c8e10176c3ec\",\"name\":\"Marko Maunula\",\"image\":{\"@type\":\"ImageObject\",\"inLanguage\":\"fi\",\"@id\":\"https:\/\/suomenkuvalehti.fi\/americana\/#\/schema\/person\/image\/\",\"url\":\"https:\/\/suomenkuvalehti.fi\/americana\/wp-content\/uploads\/sites\/10\/2022\/04\/americana_maunula-150x150.jpg\",\"contentUrl\":\"https:\/\/suomenkuvalehti.fi\/americana\/wp-content\/uploads\/sites\/10\/2022\/04\/americana_maunula-150x150.jpg\",\"caption\":\"Marko Maunula\"},\"description\":\"Kirjoittaja on Yhdysvaltain historian professori Atlantassa.\"}]}<\/script>\n<!-- \/ Yoast SEO plugin. -->","yoast_head_json":{"title":"Chomsky ja ideologian vaarat - Americana","robots":{"index":"noindex","follow":"follow"},"og_locale":"fi_FI","og_type":"article","og_title":"Chomsky ja ideologian vaarat - Americana","og_description":"Noam Chomsky on julkaissut uuden haastatteluteoksen. Salon-webbilehdess\u00e4 julkaistu ote kirjasta tarjoaa kiinnostavan silm\u00e4yksen chomskylaiseen ajatteluun, modernin anti-amerikkalaisuuden argumentteihin sek\u00e4 demokratiaa vierastavan paranoian logiikkaan. Teos on chomskylaisen ajattelun greatest hits -k&hellip;","og_url":"https:\/\/suomenkuvalehti.fi\/americana\/chomsky-ja-ideologian-vaarat\/","og_site_name":"Americana","article_published_time":"2013-02-05T13:58:58+00:00","article_modified_time":"2013-11-30T14:22:02+00:00","og_image":[{"width":2560,"height":1706,"url":"https:\/\/suomenkuvalehti.fi\/americana\/wp-content\/uploads\/sites\/10\/2022\/04\/americana_maunula-scaled.jpg","type":"image\/jpeg"}],"author":"Marko Maunula","twitter_card":"summary_large_image","twitter_misc":{"Written by":"Marko Maunula","Est. reading time":"3 minuuttia"},"schema":{"@context":"https:\/\/schema.org","@graph":[{"@type":"WebPage","@id":"https:\/\/suomenkuvalehti.fi\/americana\/chomsky-ja-ideologian-vaarat\/","url":"https:\/\/suomenkuvalehti.fi\/americana\/chomsky-ja-ideologian-vaarat\/","name":"Chomsky ja ideologian vaarat - Americana","isPartOf":{"@id":"https:\/\/suomenkuvalehti.fi\/americana\/#website"},"datePublished":"2013-02-05T13:58:58+00:00","dateModified":"2013-11-30T14:22:02+00:00","author":{"@id":"https:\/\/suomenkuvalehti.fi\/americana\/#\/schema\/person\/12d514491cb37506bc39c8e10176c3ec"},"breadcrumb":{"@id":"https:\/\/suomenkuvalehti.fi\/americana\/chomsky-ja-ideologian-vaarat\/#breadcrumb"},"inLanguage":"fi","potentialAction":[{"@type":"ReadAction","target":["https:\/\/suomenkuvalehti.fi\/americana\/chomsky-ja-ideologian-vaarat\/"]}]},{"@type":"BreadcrumbList","@id":"https:\/\/suomenkuvalehti.fi\/americana\/chomsky-ja-ideologian-vaarat\/#breadcrumb","itemListElement":[{"@type":"ListItem","position":1,"name":"Home","item":"https:\/\/suomenkuvalehti.fi\/americana\/"},{"@type":"ListItem","position":2,"name":"Chomsky ja ideologian vaarat"}]},{"@type":"WebSite","@id":"https:\/\/suomenkuvalehti.fi\/americana\/#website","url":"https:\/\/suomenkuvalehti.fi\/americana\/","name":"Americana","description":"Professori Marko Maunula seuraa USA:n politiikkaa ja populaarikulttuuria","potentialAction":[{"@type":"SearchAction","target":{"@type":"EntryPoint","urlTemplate":"https:\/\/suomenkuvalehti.fi\/haku\/?q={search_term_string}"},"query-input":{"@type":"PropertyValueSpecification","valueRequired":true,"valueName":"search_term_string"}}],"inLanguage":"fi"},{"@type":"Person","@id":"https:\/\/suomenkuvalehti.fi\/americana\/#\/schema\/person\/12d514491cb37506bc39c8e10176c3ec","name":"Marko Maunula","image":{"@type":"ImageObject","inLanguage":"fi","@id":"https:\/\/suomenkuvalehti.fi\/americana\/#\/schema\/person\/image\/","url":"https:\/\/suomenkuvalehti.fi\/americana\/wp-content\/uploads\/sites\/10\/2022\/04\/americana_maunula-150x150.jpg","contentUrl":"https:\/\/suomenkuvalehti.fi\/americana\/wp-content\/uploads\/sites\/10\/2022\/04\/americana_maunula-150x150.jpg","caption":"Marko Maunula"},"description":"Kirjoittaja on Yhdysvaltain historian professori Atlantassa."}]}},"_links":{"self":[{"href":"https:\/\/suomenkuvalehti.fi\/americana\/wp-json\/wp\/v2\/posts\/89","targetHints":{"allow":["GET"]}}],"collection":[{"href":"https:\/\/suomenkuvalehti.fi\/americana\/wp-json\/wp\/v2\/posts"}],"about":[{"href":"https:\/\/suomenkuvalehti.fi\/americana\/wp-json\/wp\/v2\/types\/post"}],"author":[{"embeddable":true,"href":"https:\/\/suomenkuvalehti.fi\/americana\/wp-json\/wp\/v2\/users\/158"}],"replies":[{"embeddable":true,"href":"https:\/\/suomenkuvalehti.fi\/americana\/wp-json\/wp\/v2\/comments?post=89"}],"version-history":[{"count":1,"href":"https:\/\/suomenkuvalehti.fi\/americana\/wp-json\/wp\/v2\/posts\/89\/revisions"}],"predecessor-version":[{"id":221,"href":"https:\/\/suomenkuvalehti.fi\/americana\/wp-json\/wp\/v2\/posts\/89\/revisions\/221"}],"wp:attachment":[{"href":"https:\/\/suomenkuvalehti.fi\/americana\/wp-json\/wp\/v2\/media?parent=89"}],"wp:term":[{"taxonomy":"category","embeddable":true,"href":"https:\/\/suomenkuvalehti.fi\/americana\/wp-json\/wp\/v2\/categories?post=89"},{"taxonomy":"post_tag","embeddable":true,"href":"https:\/\/suomenkuvalehti.fi\/americana\/wp-json\/wp\/v2\/tags?post=89"}],"curies":[{"name":"wp","href":"https:\/\/api.w.org\/{rel}","templated":true}]}}