{"id":810,"date":"2009-03-23T14:32:17","date_gmt":"2009-03-23T12:32:17","guid":{"rendered":"https:\/\/suomenkuvalehti.fi\/americana\/webin-taydelta-koti-ikavaa\/"},"modified":"2013-11-30T16:23:02","modified_gmt":"2013-11-30T14:23:02","slug":"webin-taydelta-koti-ikavaa","status":"publish","type":"post","link":"https:\/\/suomenkuvalehti.fi\/americana\/webin-taydelta-koti-ikavaa\/","title":{"rendered":"Webin t\u00e4ydelt\u00e4 koti-ik\u00e4v\u00e4\u00e4"},"content":{"rendered":"\n<p>Ehk\u00e4 olen huono suomalainen, mutta koti-ik\u00e4v\u00e4 vaivaa minua ani harvoin.<\/p>\n\n\n\n\n<p>Suomi on eritt\u00e4in hyv\u00e4 maa, mutta urani, perheeni ja harrastukseni ovat Yhdysvalloissa. 17 vuoden oleskelun j\u00e4lkeen olen pahasti amerikkalaistunut ja olen p\u00e4\u00e4tt\u00e4nyt hakea kaksoiskansalaisuutta t\u00e4n\u00e4 vuonna.<\/p>\n\n\n\n<p>Mutta joskus koti-ik\u00e4v\u00e4 iskee kuin halko p\u00e4\u00e4h\u00e4n. Silloin sauna, Karhun keskiolut, jauhoinen makkara ja hiljainen ilta siet\u00e4m\u00e4tt\u00f6m\u00e4n kauniissa suomalaisessa luonnossa muodostavat evakon mieless\u00e4 voittamattoman yht\u00e4l\u00f6n, eik\u00e4 mik\u00e4\u00e4n saa kaihoa pois pariin p\u00e4iv\u00e4\u00e4n.<\/p>\n\n\n\n<p>Aamun uutiskierros tarjosi halko p\u00e4\u00e4h\u00e4n -hetken. <a href=\"http:\/\/www.theatlantic.com\/\"><em>The Atlantic<\/em><\/a> julkaisi sek\u00e4 printtilehdess\u00e4\u00e4n ett\u00e4 webbisivullaan lyhyen tunnelmap\u00e4tk\u00e4n suomalaisesta m\u00f6kkikulttuurista. Nyt lehti on lis\u00e4nnyt aiheesta <a href=\"http:\/\/podcasts.theatlantic.com\/2009\/03\/finland-cottage.php\">multimediaesityksen<\/a> webbisivuilleen.<\/p>\n\n\n\n<p>Miten kadehdinkaan teit\u00e4 Suomessa asuvia juuri nyt.<\/p>\n\n\n\n<p><em>Soundtrack: Tuomari Nurmio, kolme ekaa albumia.<\/em><\/p>\n\n\n","protected":false},"excerpt":{"rendered":"<p>Ehk\u00e4 olen huono suomalainen, mutta koti-ik\u00e4v\u00e4 vaivaa minua ani harvoin. Suomi on eritt\u00e4in hyv\u00e4 maa, mutta urani, perheeni ja harrastukseni ovat Yhdysvalloissa. 17 vuoden oleskelun j\u00e4lkeen olen pahasti amerikkalaistunut ja olen p\u00e4\u00e4tt\u00e4nyt hakea kaksoiskansalaisuutta t\u00e4n\u00e4 vuonna. Mutta joskus<br \/>\nkoti-ik\u00e4v\u00e4&hellip;<\/p>\n","protected":false},"author":158,"featured_media":0,"comment_status":"open","ping_status":"open","sticky":false,"template":"","format":"standard","meta":{"_acf_changed":false,"asauth_required_access_level":0,"asauth_cansharepaid":"","om_header_attributes":[],"footnotes":"","om_featured_image_focal_point":[],"om_primary_tag":0,"om_contributors":[],"om_co_authors":[],"beyondwords_generate_audio":"","beyondwords_project_id":"","beyondwords_content_id":"","beyondwords_preview_token":"","beyondwords_player_content":"","beyondwords_player_style":"","beyondwords_language_code":"","beyondwords_language_id":"","beyondwords_title_voice_id":"","beyondwords_body_voice_id":"","beyondwords_summary_voice_id":"","beyondwords_error_message":"","beyondwords_disabled":"","beyondwords_delete_content":"","beyondwords_podcast_id":"","beyondwords_hash":"","publish_post_to_speechkit":"","speechkit_hash":"","speechkit_generate_audio":"","speechkit_project_id":"","speechkit_podcast_id":"","speechkit_error_message":"","speechkit_disabled":"","speechkit_access_key":"","speechkit_error":"","speechkit_info":"","speechkit_response":"","speechkit_retries":"","speechkit_status":"","speechkit_updated_at":"","_speechkit_link":"","_speechkit_text":""},"categories":[1],"tags":[1450,1449,145],"class_list":["post-810","post","type-post","status-publish","format-standard","hentry","category-americana","tag-koti-ikava","tag-mokki","tag-suomi"],"om_views":null,"acf":{"tuuma_off":false,"tuuma_kysymys":"","tuuma_vastaus":""},"asauth":{"required_access_level":1,"share_token":"","is_paid":false},"yoast_head":"<!-- This site is optimized with the Yoast SEO plugin v26.4 - https:\/\/yoast.com\/wordpress\/plugins\/seo\/ -->\n<title>Webin t\u00e4ydelt\u00e4 koti-ik\u00e4v\u00e4\u00e4 - Americana<\/title>\n<meta name=\"robots\" content=\"noindex, follow\" \/>\n<meta property=\"og:locale\" content=\"fi_FI\" \/>\n<meta property=\"og:type\" content=\"article\" \/>\n<meta property=\"og:title\" content=\"Webin t\u00e4ydelt\u00e4 koti-ik\u00e4v\u00e4\u00e4 - Americana\" \/>\n<meta property=\"og:description\" content=\"Ehk\u00e4 olen huono suomalainen, mutta koti-ik\u00e4v\u00e4 vaivaa minua ani harvoin. Suomi on eritt\u00e4in hyv\u00e4 maa, mutta urani, perheeni ja harrastukseni ovat Yhdysvalloissa. 17 vuoden oleskelun j\u00e4lkeen olen pahasti amerikkalaistunut ja olen p\u00e4\u00e4tt\u00e4nyt hakea kaksoiskansalaisuutta t\u00e4n\u00e4 vuonna. Mutta joskus koti-ik\u00e4v\u00e4&hellip;\" \/>\n<meta property=\"og:url\" content=\"https:\/\/suomenkuvalehti.fi\/americana\/webin-taydelta-koti-ikavaa\/\" \/>\n<meta property=\"og:site_name\" content=\"Americana\" \/>\n<meta property=\"article:published_time\" content=\"2009-03-23T12:32:17+00:00\" \/>\n<meta property=\"article:modified_time\" content=\"2013-11-30T14:23:02+00:00\" \/>\n<meta property=\"og:image\" content=\"https:\/\/suomenkuvalehti.fi\/americana\/wp-content\/uploads\/sites\/10\/2022\/04\/americana_maunula-scaled.jpg\" \/>\n\t<meta property=\"og:image:width\" content=\"2560\" \/>\n\t<meta property=\"og:image:height\" content=\"1706\" \/>\n\t<meta property=\"og:image:type\" content=\"image\/jpeg\" \/>\n<meta name=\"author\" content=\"Marko Maunula\" \/>\n<meta name=\"twitter:card\" content=\"summary_large_image\" \/>\n<meta name=\"twitter:label1\" content=\"Written by\" \/>\n\t<meta name=\"twitter:data1\" content=\"Marko Maunula\" \/>\n\t<meta name=\"twitter:label2\" content=\"Est. reading time\" \/>\n\t<meta name=\"twitter:data2\" content=\"1 minuutti\" \/>\n<script type=\"application\/ld+json\" class=\"yoast-schema-graph\">{\"@context\":\"https:\/\/schema.org\",\"@graph\":[{\"@type\":\"WebPage\",\"@id\":\"https:\/\/suomenkuvalehti.fi\/americana\/webin-taydelta-koti-ikavaa\/\",\"url\":\"https:\/\/suomenkuvalehti.fi\/americana\/webin-taydelta-koti-ikavaa\/\",\"name\":\"Webin t\u00e4ydelt\u00e4 koti-ik\u00e4v\u00e4\u00e4 - Americana\",\"isPartOf\":{\"@id\":\"https:\/\/suomenkuvalehti.fi\/americana\/#website\"},\"datePublished\":\"2009-03-23T12:32:17+00:00\",\"dateModified\":\"2013-11-30T14:23:02+00:00\",\"author\":{\"@id\":\"https:\/\/suomenkuvalehti.fi\/americana\/#\/schema\/person\/12d514491cb37506bc39c8e10176c3ec\"},\"breadcrumb\":{\"@id\":\"https:\/\/suomenkuvalehti.fi\/americana\/webin-taydelta-koti-ikavaa\/#breadcrumb\"},\"inLanguage\":\"fi\",\"potentialAction\":[{\"@type\":\"ReadAction\",\"target\":[\"https:\/\/suomenkuvalehti.fi\/americana\/webin-taydelta-koti-ikavaa\/\"]}]},{\"@type\":\"BreadcrumbList\",\"@id\":\"https:\/\/suomenkuvalehti.fi\/americana\/webin-taydelta-koti-ikavaa\/#breadcrumb\",\"itemListElement\":[{\"@type\":\"ListItem\",\"position\":1,\"name\":\"Home\",\"item\":\"https:\/\/suomenkuvalehti.fi\/americana\/\"},{\"@type\":\"ListItem\",\"position\":2,\"name\":\"Webin t\u00e4ydelt\u00e4 koti-ik\u00e4v\u00e4\u00e4\"}]},{\"@type\":\"WebSite\",\"@id\":\"https:\/\/suomenkuvalehti.fi\/americana\/#website\",\"url\":\"https:\/\/suomenkuvalehti.fi\/americana\/\",\"name\":\"Americana\",\"description\":\"Professori Marko Maunula seuraa USA:n politiikkaa ja populaarikulttuuria\",\"potentialAction\":[{\"@type\":\"SearchAction\",\"target\":{\"@type\":\"EntryPoint\",\"urlTemplate\":\"https:\/\/suomenkuvalehti.fi\/haku\/?q={search_term_string}\"},\"query-input\":{\"@type\":\"PropertyValueSpecification\",\"valueRequired\":true,\"valueName\":\"search_term_string\"}}],\"inLanguage\":\"fi\"},{\"@type\":\"Person\",\"@id\":\"https:\/\/suomenkuvalehti.fi\/americana\/#\/schema\/person\/12d514491cb37506bc39c8e10176c3ec\",\"name\":\"Marko Maunula\",\"image\":{\"@type\":\"ImageObject\",\"inLanguage\":\"fi\",\"@id\":\"https:\/\/suomenkuvalehti.fi\/americana\/#\/schema\/person\/image\/\",\"url\":\"https:\/\/suomenkuvalehti.fi\/americana\/wp-content\/uploads\/sites\/10\/2022\/04\/americana_maunula-150x150.jpg\",\"contentUrl\":\"https:\/\/suomenkuvalehti.fi\/americana\/wp-content\/uploads\/sites\/10\/2022\/04\/americana_maunula-150x150.jpg\",\"caption\":\"Marko Maunula\"},\"description\":\"Kirjoittaja on Yhdysvaltain historian professori Atlantassa.\"}]}<\/script>\n<!-- \/ Yoast SEO plugin. -->","yoast_head_json":{"title":"Webin t\u00e4ydelt\u00e4 koti-ik\u00e4v\u00e4\u00e4 - Americana","robots":{"index":"noindex","follow":"follow"},"og_locale":"fi_FI","og_type":"article","og_title":"Webin t\u00e4ydelt\u00e4 koti-ik\u00e4v\u00e4\u00e4 - Americana","og_description":"Ehk\u00e4 olen huono suomalainen, mutta koti-ik\u00e4v\u00e4 vaivaa minua ani harvoin. Suomi on eritt\u00e4in hyv\u00e4 maa, mutta urani, perheeni ja harrastukseni ovat Yhdysvalloissa. 17 vuoden oleskelun j\u00e4lkeen olen pahasti amerikkalaistunut ja olen p\u00e4\u00e4tt\u00e4nyt hakea kaksoiskansalaisuutta t\u00e4n\u00e4 vuonna. Mutta joskus koti-ik\u00e4v\u00e4&hellip;","og_url":"https:\/\/suomenkuvalehti.fi\/americana\/webin-taydelta-koti-ikavaa\/","og_site_name":"Americana","article_published_time":"2009-03-23T12:32:17+00:00","article_modified_time":"2013-11-30T14:23:02+00:00","og_image":[{"width":2560,"height":1706,"url":"https:\/\/suomenkuvalehti.fi\/americana\/wp-content\/uploads\/sites\/10\/2022\/04\/americana_maunula-scaled.jpg","type":"image\/jpeg"}],"author":"Marko Maunula","twitter_card":"summary_large_image","twitter_misc":{"Written by":"Marko Maunula","Est. reading time":"1 minuutti"},"schema":{"@context":"https:\/\/schema.org","@graph":[{"@type":"WebPage","@id":"https:\/\/suomenkuvalehti.fi\/americana\/webin-taydelta-koti-ikavaa\/","url":"https:\/\/suomenkuvalehti.fi\/americana\/webin-taydelta-koti-ikavaa\/","name":"Webin t\u00e4ydelt\u00e4 koti-ik\u00e4v\u00e4\u00e4 - Americana","isPartOf":{"@id":"https:\/\/suomenkuvalehti.fi\/americana\/#website"},"datePublished":"2009-03-23T12:32:17+00:00","dateModified":"2013-11-30T14:23:02+00:00","author":{"@id":"https:\/\/suomenkuvalehti.fi\/americana\/#\/schema\/person\/12d514491cb37506bc39c8e10176c3ec"},"breadcrumb":{"@id":"https:\/\/suomenkuvalehti.fi\/americana\/webin-taydelta-koti-ikavaa\/#breadcrumb"},"inLanguage":"fi","potentialAction":[{"@type":"ReadAction","target":["https:\/\/suomenkuvalehti.fi\/americana\/webin-taydelta-koti-ikavaa\/"]}]},{"@type":"BreadcrumbList","@id":"https:\/\/suomenkuvalehti.fi\/americana\/webin-taydelta-koti-ikavaa\/#breadcrumb","itemListElement":[{"@type":"ListItem","position":1,"name":"Home","item":"https:\/\/suomenkuvalehti.fi\/americana\/"},{"@type":"ListItem","position":2,"name":"Webin t\u00e4ydelt\u00e4 koti-ik\u00e4v\u00e4\u00e4"}]},{"@type":"WebSite","@id":"https:\/\/suomenkuvalehti.fi\/americana\/#website","url":"https:\/\/suomenkuvalehti.fi\/americana\/","name":"Americana","description":"Professori Marko Maunula seuraa USA:n politiikkaa ja populaarikulttuuria","potentialAction":[{"@type":"SearchAction","target":{"@type":"EntryPoint","urlTemplate":"https:\/\/suomenkuvalehti.fi\/haku\/?q={search_term_string}"},"query-input":{"@type":"PropertyValueSpecification","valueRequired":true,"valueName":"search_term_string"}}],"inLanguage":"fi"},{"@type":"Person","@id":"https:\/\/suomenkuvalehti.fi\/americana\/#\/schema\/person\/12d514491cb37506bc39c8e10176c3ec","name":"Marko Maunula","image":{"@type":"ImageObject","inLanguage":"fi","@id":"https:\/\/suomenkuvalehti.fi\/americana\/#\/schema\/person\/image\/","url":"https:\/\/suomenkuvalehti.fi\/americana\/wp-content\/uploads\/sites\/10\/2022\/04\/americana_maunula-150x150.jpg","contentUrl":"https:\/\/suomenkuvalehti.fi\/americana\/wp-content\/uploads\/sites\/10\/2022\/04\/americana_maunula-150x150.jpg","caption":"Marko Maunula"},"description":"Kirjoittaja on Yhdysvaltain historian professori Atlantassa."}]}},"_links":{"self":[{"href":"https:\/\/suomenkuvalehti.fi\/americana\/wp-json\/wp\/v2\/posts\/810","targetHints":{"allow":["GET"]}}],"collection":[{"href":"https:\/\/suomenkuvalehti.fi\/americana\/wp-json\/wp\/v2\/posts"}],"about":[{"href":"https:\/\/suomenkuvalehti.fi\/americana\/wp-json\/wp\/v2\/types\/post"}],"author":[{"embeddable":true,"href":"https:\/\/suomenkuvalehti.fi\/americana\/wp-json\/wp\/v2\/users\/158"}],"replies":[{"embeddable":true,"href":"https:\/\/suomenkuvalehti.fi\/americana\/wp-json\/wp\/v2\/comments?post=810"}],"version-history":[{"count":1,"href":"https:\/\/suomenkuvalehti.fi\/americana\/wp-json\/wp\/v2\/posts\/810\/revisions"}],"predecessor-version":[{"id":1412,"href":"https:\/\/suomenkuvalehti.fi\/americana\/wp-json\/wp\/v2\/posts\/810\/revisions\/1412"}],"wp:attachment":[{"href":"https:\/\/suomenkuvalehti.fi\/americana\/wp-json\/wp\/v2\/media?parent=810"}],"wp:term":[{"taxonomy":"category","embeddable":true,"href":"https:\/\/suomenkuvalehti.fi\/americana\/wp-json\/wp\/v2\/categories?post=810"},{"taxonomy":"post_tag","embeddable":true,"href":"https:\/\/suomenkuvalehti.fi\/americana\/wp-json\/wp\/v2\/tags?post=810"}],"curies":[{"name":"wp","href":"https:\/\/api.w.org\/{rel}","templated":true}]}}