{"id":808,"date":"2009-03-25T14:46:00","date_gmt":"2009-03-25T12:46:00","guid":{"rendered":"https:\/\/suomenkuvalehti.fi\/americana\/obama-vahva-ja-johdossa\/"},"modified":"2013-11-30T16:23:02","modified_gmt":"2013-11-30T14:23:02","slug":"obama-vahva-ja-johdossa","status":"publish","type":"post","link":"https:\/\/suomenkuvalehti.fi\/americana\/obama-vahva-ja-johdossa\/","title":{"rendered":"Obama &#8211; vahva ja johdossa"},"content":{"rendered":"\n<p>Presidentti <strong>Barack Obama<\/strong> piti eilen toisen televisioidun <a href=\"http:\/\/www.msnbc.msn.com\/id\/29289533\/vp=29866115&amp;#29866115\">lehdist\u00f6tilaisuutensa<\/a> reilun kuukauden sis\u00e4ll\u00e4. Suorat ja k\u00e4rkev\u00e4t kysymykset, pohdiskelevat vastaukset ja keskustelun taso l\u00e4mmittiv\u00e4t j\u00e4lleen kotikatsojan sielua. Valkoisen talon kulttuuri on todellakin muuttunut viime vuosista.<\/p>\n\n\n\n\n<p>Viime viikkojen mediahy\u00f6kk\u00e4ys on sek\u00e4 korostanut vanhoja teemoja ett\u00e4 paljastanut uusia piirteit\u00e4 Obaman hallinnosta. T\u00e4ss\u00e4 muutamia nopeita havaintoja ja v\u00e4itteit\u00e4, s\u00e4hkeuutisten tyyliin.<\/p>\n\n\n\n<ul class=\"wp-block-list\">\n<li>Kaksi lehdist\u00f6tilaisuutta, kansakunnan tila -puhe, esiintyminen <em>Tonight Show&#8217;ssa<\/em>, <em>60 Minutes <\/em>-ajankohtaisohjelman haastattelu, muut satunnaiset vilahdukset mediassa&#8230; Obama on kuluttamassa kasvojaan liian nopeasti. H\u00e4n on oman hallituksensa ja politiikkansa paras myyntimies, mutta t\u00e4ll\u00e4 tahdilla kansakunta v\u00e4syy h\u00e4neen nopeasti.<\/li>\n<li>Kuten vaalikampanjankin aikaan, monet demokraatit ovat valmiita painamaan paniikkinappulaa, mutta Obama pit\u00e4\u00e4 hermonsa. Jopa joidenkin demokraattien jo vaatiessa <a href=\"http:\/\/www.tnr.com\/politics\/story.html?id=3adafc9c-0f8f-4db2-8fb1-26f13303426d\"><strong>Tim Geithnerin<\/strong> eroa<\/a>, Obama jatkaa viitoittamalla linjallaan. Johdonmukaisuus auttaa luottamuksen palautumisessa.<\/li>\n<li>Valkoisen talon kirjeenvaihtajat k\u00e4ytt\u00e4ytyv\u00e4t kuin murrosik\u00e4iset sonnit. Bushin tiukan lehdist\u00f6kulttuurin aikaan he hymisteliv\u00e4t ja luimuilivat. Nyt, Obaman avoimemman linjan my\u00f6t\u00e4, he ovat rohkaistuneet kysym\u00e4\u00e4n suoria kysymyksi\u00e4.<\/li>\n<li>Poliittinen oikeisto etsii edelleen tehokasta strategiaa ja toimivia vastaehdotuksia Obaman politiikalle. <a href=\"http:\/\/www.nationalreview.com\/\">National Review<\/a>, oikeistolaisen ajattelun ehk\u00e4 t\u00e4rkein foorumi, tarpoo edelleen semanttisen hiustenhalkomisen ja nimittelyn suossa.<\/li>\n<li>Wall Street on <a href=\"http:\/\/money.cnn.com\/data\/markets\/dow\/\">varovasti k\u00e4\u00e4ntynyt<\/a> suosiolliseksi Obamalle. Talouspaketin julkistaminen k\u00e4\u00e4nsi kurssit nousuun. Eilinen puhe lis\u00e4si varovaa optimismia.<\/li>\n<\/ul>\n\n\n\n<p>PS. Lenn\u00e4n aamulla Seattleen, Organization of American Historians -poppoon konferenssiin. Yrit\u00e4n blogata <em><a href=\"http:\/\/en.wikipedia.org\/wiki\/Seattle\">Emerald Cityst\u00e4<\/a><\/em>, mutta ellei aika anna my\u00f6ten, palaamisiin maanantaina!<\/p>\n\n\n\n<p><em>Soundtrack: Blue Oyster Cult, The Red and the Black<\/em><\/p>\n\n\n","protected":false},"excerpt":{"rendered":"<p>Presidentti Barack Obama piti eilen toisen televisioidun lehdist\u00f6tilaisuutensa reilun kuukauden sis\u00e4ll\u00e4. Suorat ja k\u00e4rkev\u00e4t kysymykset, pohdiskelevat vastaukset ja keskustelun taso l\u00e4mmittiv\u00e4t j\u00e4lleen kotikatsojan sielua. Valkoisen talon kulttuuri on todellakin muuttunut viime vuosista.<br \/>\nViime v&hellip;<\/p>\n","protected":false},"author":158,"featured_media":0,"comment_status":"open","ping_status":"open","sticky":false,"template":"","format":"standard","meta":{"_acf_changed":false,"asauth_required_access_level":0,"asauth_cansharepaid":"","om_header_attributes":[],"footnotes":"","om_featured_image_focal_point":[],"om_primary_tag":0,"om_contributors":[],"om_co_authors":[],"beyondwords_generate_audio":"","beyondwords_project_id":"","beyondwords_content_id":"","beyondwords_preview_token":"","beyondwords_player_content":"","beyondwords_player_style":"","beyondwords_language_code":"","beyondwords_language_id":"","beyondwords_title_voice_id":"","beyondwords_body_voice_id":"","beyondwords_summary_voice_id":"","beyondwords_error_message":"","beyondwords_disabled":"","beyondwords_delete_content":"","beyondwords_podcast_id":"","beyondwords_hash":"","publish_post_to_speechkit":"","speechkit_hash":"","speechkit_generate_audio":"","speechkit_project_id":"","speechkit_podcast_id":"","speechkit_error_message":"","speechkit_disabled":"","speechkit_access_key":"","speechkit_error":"","speechkit_info":"","speechkit_response":"","speechkit_retries":"","speechkit_status":"","speechkit_updated_at":"","_speechkit_link":"","_speechkit_text":""},"categories":[1],"tags":[36],"class_list":["post-808","post","type-post","status-publish","format-standard","hentry","category-americana","tag-barack-obama"],"om_views":null,"acf":{"tuuma_off":false,"tuuma_kysymys":"","tuuma_vastaus":""},"asauth":{"required_access_level":1,"share_token":"","is_paid":false},"yoast_head":"<!-- This site is optimized with the Yoast SEO plugin v26.4 - https:\/\/yoast.com\/wordpress\/plugins\/seo\/ -->\n<title>Obama - vahva ja johdossa - Americana<\/title>\n<meta name=\"robots\" content=\"noindex, follow\" \/>\n<meta property=\"og:locale\" content=\"fi_FI\" \/>\n<meta property=\"og:type\" content=\"article\" \/>\n<meta property=\"og:title\" content=\"Obama - vahva ja johdossa - Americana\" \/>\n<meta property=\"og:description\" content=\"Presidentti Barack Obama piti eilen toisen televisioidun lehdist\u00f6tilaisuutensa reilun kuukauden sis\u00e4ll\u00e4. Suorat ja k\u00e4rkev\u00e4t kysymykset, pohdiskelevat vastaukset ja keskustelun taso l\u00e4mmittiv\u00e4t j\u00e4lleen kotikatsojan sielua. Valkoisen talon kulttuuri on todellakin muuttunut viime vuosista. Viime v&hellip;\" \/>\n<meta property=\"og:url\" content=\"https:\/\/suomenkuvalehti.fi\/americana\/obama-vahva-ja-johdossa\/\" \/>\n<meta property=\"og:site_name\" content=\"Americana\" \/>\n<meta property=\"article:published_time\" content=\"2009-03-25T12:46:00+00:00\" \/>\n<meta property=\"article:modified_time\" content=\"2013-11-30T14:23:02+00:00\" \/>\n<meta property=\"og:image\" content=\"https:\/\/suomenkuvalehti.fi\/americana\/wp-content\/uploads\/sites\/10\/2022\/04\/americana_maunula-scaled.jpg\" \/>\n\t<meta property=\"og:image:width\" content=\"2560\" \/>\n\t<meta property=\"og:image:height\" content=\"1706\" \/>\n\t<meta property=\"og:image:type\" content=\"image\/jpeg\" \/>\n<meta name=\"author\" content=\"Marko Maunula\" \/>\n<meta name=\"twitter:card\" content=\"summary_large_image\" \/>\n<meta name=\"twitter:label1\" content=\"Written by\" \/>\n\t<meta name=\"twitter:data1\" content=\"Marko Maunula\" \/>\n\t<meta name=\"twitter:label2\" content=\"Est. reading time\" \/>\n\t<meta name=\"twitter:data2\" content=\"1 minuutti\" \/>\n<script type=\"application\/ld+json\" class=\"yoast-schema-graph\">{\"@context\":\"https:\/\/schema.org\",\"@graph\":[{\"@type\":\"WebPage\",\"@id\":\"https:\/\/suomenkuvalehti.fi\/americana\/obama-vahva-ja-johdossa\/\",\"url\":\"https:\/\/suomenkuvalehti.fi\/americana\/obama-vahva-ja-johdossa\/\",\"name\":\"Obama - vahva ja johdossa - Americana\",\"isPartOf\":{\"@id\":\"https:\/\/suomenkuvalehti.fi\/americana\/#website\"},\"datePublished\":\"2009-03-25T12:46:00+00:00\",\"dateModified\":\"2013-11-30T14:23:02+00:00\",\"author\":{\"@id\":\"https:\/\/suomenkuvalehti.fi\/americana\/#\/schema\/person\/12d514491cb37506bc39c8e10176c3ec\"},\"breadcrumb\":{\"@id\":\"https:\/\/suomenkuvalehti.fi\/americana\/obama-vahva-ja-johdossa\/#breadcrumb\"},\"inLanguage\":\"fi\",\"potentialAction\":[{\"@type\":\"ReadAction\",\"target\":[\"https:\/\/suomenkuvalehti.fi\/americana\/obama-vahva-ja-johdossa\/\"]}]},{\"@type\":\"BreadcrumbList\",\"@id\":\"https:\/\/suomenkuvalehti.fi\/americana\/obama-vahva-ja-johdossa\/#breadcrumb\",\"itemListElement\":[{\"@type\":\"ListItem\",\"position\":1,\"name\":\"Home\",\"item\":\"https:\/\/suomenkuvalehti.fi\/americana\/\"},{\"@type\":\"ListItem\",\"position\":2,\"name\":\"Obama &#8211; vahva ja johdossa\"}]},{\"@type\":\"WebSite\",\"@id\":\"https:\/\/suomenkuvalehti.fi\/americana\/#website\",\"url\":\"https:\/\/suomenkuvalehti.fi\/americana\/\",\"name\":\"Americana\",\"description\":\"Professori Marko Maunula seuraa USA:n politiikkaa ja populaarikulttuuria\",\"potentialAction\":[{\"@type\":\"SearchAction\",\"target\":{\"@type\":\"EntryPoint\",\"urlTemplate\":\"https:\/\/suomenkuvalehti.fi\/haku\/?q={search_term_string}\"},\"query-input\":{\"@type\":\"PropertyValueSpecification\",\"valueRequired\":true,\"valueName\":\"search_term_string\"}}],\"inLanguage\":\"fi\"},{\"@type\":\"Person\",\"@id\":\"https:\/\/suomenkuvalehti.fi\/americana\/#\/schema\/person\/12d514491cb37506bc39c8e10176c3ec\",\"name\":\"Marko Maunula\",\"image\":{\"@type\":\"ImageObject\",\"inLanguage\":\"fi\",\"@id\":\"https:\/\/suomenkuvalehti.fi\/americana\/#\/schema\/person\/image\/\",\"url\":\"https:\/\/suomenkuvalehti.fi\/americana\/wp-content\/uploads\/sites\/10\/2022\/04\/americana_maunula-150x150.jpg\",\"contentUrl\":\"https:\/\/suomenkuvalehti.fi\/americana\/wp-content\/uploads\/sites\/10\/2022\/04\/americana_maunula-150x150.jpg\",\"caption\":\"Marko Maunula\"},\"description\":\"Kirjoittaja on Yhdysvaltain historian professori Atlantassa.\"}]}<\/script>\n<!-- \/ Yoast SEO plugin. -->","yoast_head_json":{"title":"Obama - vahva ja johdossa - Americana","robots":{"index":"noindex","follow":"follow"},"og_locale":"fi_FI","og_type":"article","og_title":"Obama - vahva ja johdossa - Americana","og_description":"Presidentti Barack Obama piti eilen toisen televisioidun lehdist\u00f6tilaisuutensa reilun kuukauden sis\u00e4ll\u00e4. Suorat ja k\u00e4rkev\u00e4t kysymykset, pohdiskelevat vastaukset ja keskustelun taso l\u00e4mmittiv\u00e4t j\u00e4lleen kotikatsojan sielua. Valkoisen talon kulttuuri on todellakin muuttunut viime vuosista. Viime v&hellip;","og_url":"https:\/\/suomenkuvalehti.fi\/americana\/obama-vahva-ja-johdossa\/","og_site_name":"Americana","article_published_time":"2009-03-25T12:46:00+00:00","article_modified_time":"2013-11-30T14:23:02+00:00","og_image":[{"width":2560,"height":1706,"url":"https:\/\/suomenkuvalehti.fi\/americana\/wp-content\/uploads\/sites\/10\/2022\/04\/americana_maunula-scaled.jpg","type":"image\/jpeg"}],"author":"Marko Maunula","twitter_card":"summary_large_image","twitter_misc":{"Written by":"Marko Maunula","Est. reading time":"1 minuutti"},"schema":{"@context":"https:\/\/schema.org","@graph":[{"@type":"WebPage","@id":"https:\/\/suomenkuvalehti.fi\/americana\/obama-vahva-ja-johdossa\/","url":"https:\/\/suomenkuvalehti.fi\/americana\/obama-vahva-ja-johdossa\/","name":"Obama - vahva ja johdossa - Americana","isPartOf":{"@id":"https:\/\/suomenkuvalehti.fi\/americana\/#website"},"datePublished":"2009-03-25T12:46:00+00:00","dateModified":"2013-11-30T14:23:02+00:00","author":{"@id":"https:\/\/suomenkuvalehti.fi\/americana\/#\/schema\/person\/12d514491cb37506bc39c8e10176c3ec"},"breadcrumb":{"@id":"https:\/\/suomenkuvalehti.fi\/americana\/obama-vahva-ja-johdossa\/#breadcrumb"},"inLanguage":"fi","potentialAction":[{"@type":"ReadAction","target":["https:\/\/suomenkuvalehti.fi\/americana\/obama-vahva-ja-johdossa\/"]}]},{"@type":"BreadcrumbList","@id":"https:\/\/suomenkuvalehti.fi\/americana\/obama-vahva-ja-johdossa\/#breadcrumb","itemListElement":[{"@type":"ListItem","position":1,"name":"Home","item":"https:\/\/suomenkuvalehti.fi\/americana\/"},{"@type":"ListItem","position":2,"name":"Obama &#8211; vahva ja johdossa"}]},{"@type":"WebSite","@id":"https:\/\/suomenkuvalehti.fi\/americana\/#website","url":"https:\/\/suomenkuvalehti.fi\/americana\/","name":"Americana","description":"Professori Marko Maunula seuraa USA:n politiikkaa ja populaarikulttuuria","potentialAction":[{"@type":"SearchAction","target":{"@type":"EntryPoint","urlTemplate":"https:\/\/suomenkuvalehti.fi\/haku\/?q={search_term_string}"},"query-input":{"@type":"PropertyValueSpecification","valueRequired":true,"valueName":"search_term_string"}}],"inLanguage":"fi"},{"@type":"Person","@id":"https:\/\/suomenkuvalehti.fi\/americana\/#\/schema\/person\/12d514491cb37506bc39c8e10176c3ec","name":"Marko Maunula","image":{"@type":"ImageObject","inLanguage":"fi","@id":"https:\/\/suomenkuvalehti.fi\/americana\/#\/schema\/person\/image\/","url":"https:\/\/suomenkuvalehti.fi\/americana\/wp-content\/uploads\/sites\/10\/2022\/04\/americana_maunula-150x150.jpg","contentUrl":"https:\/\/suomenkuvalehti.fi\/americana\/wp-content\/uploads\/sites\/10\/2022\/04\/americana_maunula-150x150.jpg","caption":"Marko Maunula"},"description":"Kirjoittaja on Yhdysvaltain historian professori Atlantassa."}]}},"_links":{"self":[{"href":"https:\/\/suomenkuvalehti.fi\/americana\/wp-json\/wp\/v2\/posts\/808","targetHints":{"allow":["GET"]}}],"collection":[{"href":"https:\/\/suomenkuvalehti.fi\/americana\/wp-json\/wp\/v2\/posts"}],"about":[{"href":"https:\/\/suomenkuvalehti.fi\/americana\/wp-json\/wp\/v2\/types\/post"}],"author":[{"embeddable":true,"href":"https:\/\/suomenkuvalehti.fi\/americana\/wp-json\/wp\/v2\/users\/158"}],"replies":[{"embeddable":true,"href":"https:\/\/suomenkuvalehti.fi\/americana\/wp-json\/wp\/v2\/comments?post=808"}],"version-history":[{"count":1,"href":"https:\/\/suomenkuvalehti.fi\/americana\/wp-json\/wp\/v2\/posts\/808\/revisions"}],"predecessor-version":[{"id":1410,"href":"https:\/\/suomenkuvalehti.fi\/americana\/wp-json\/wp\/v2\/posts\/808\/revisions\/1410"}],"wp:attachment":[{"href":"https:\/\/suomenkuvalehti.fi\/americana\/wp-json\/wp\/v2\/media?parent=808"}],"wp:term":[{"taxonomy":"category","embeddable":true,"href":"https:\/\/suomenkuvalehti.fi\/americana\/wp-json\/wp\/v2\/categories?post=808"},{"taxonomy":"post_tag","embeddable":true,"href":"https:\/\/suomenkuvalehti.fi\/americana\/wp-json\/wp\/v2\/tags?post=808"}],"curies":[{"name":"wp","href":"https:\/\/api.w.org\/{rel}","templated":true}]}}