{"id":805,"date":"2009-03-30T14:27:17","date_gmt":"2009-03-30T11:27:17","guid":{"rendered":"https:\/\/suomenkuvalehti.fi\/americana\/antakaa-obamalle-aikaa\/"},"modified":"2013-11-30T16:23:02","modified_gmt":"2013-11-30T14:23:02","slug":"antakaa-obamalle-aikaa","status":"publish","type":"post","link":"https:\/\/suomenkuvalehti.fi\/americana\/antakaa-obamalle-aikaa\/","title":{"rendered":"Antakaa Obamalle aikaa!"},"content":{"rendered":"\n<p>Presidentti <strong>Barack Obaman <\/strong><a href=\"http:\/\/en.wikipedia.org\/wiki\/First_100_days_of_Barack_Obama%27s_presidency\">sata p\u00e4iv\u00e4\u00e4<\/a> ovat pian t\u00e4ynn\u00e4. Kuherruskuukausi on ohi, kritiikki on t\u00e4ydess\u00e4 vauhdissa.<\/p>\n\n\n\n\n<p>Viime viikkoina sek\u00e4 vasemmisto ja oikeisto ovat ottaneet Obaman hallituksen t\u00e4ht\u00e4imeens\u00e4. Kriitikot kysyv\u00e4t mit\u00e4 Obama on saanut aikaiseksi? Mit\u00e4 hallitus on tehnyt laman voittamiseksi? Onko L\u00e4hi-Id\u00e4n rauhansuunnitelma valmis?<\/p>\n\n\n\n<p>Sadan p\u00e4iv\u00e4n mittarista on tullut amerikkalaiselle medialle pakkomielle. <strong>Franklin Delano Roosevelt<\/strong> loi k\u00e4sitteen, kun h\u00e4n <a href=\"http:\/\/en.wikipedia.org\/wiki\/New_Deal#The_First_Hundred_Days\">mullisti amerikkalaisen yhteiskunnan<\/a> presidenttiytens\u00e4 alkusuoralla, kev\u00e4\u00e4ll\u00e4 1933. H\u00e4n uudisti perinpohjaisesti paitsi Yhdysvaltain talouden, mutta my\u00f6s maan poliittisen kulttuurin ja amerikkalaisten suhtautumisen valtioon. Kuten er\u00e4s \u00e4\u00e4nest\u00e4j\u00e4 sanoi: &#8221;H\u00e4n on ensimm\u00e4inen presidentti joka ymm\u00e4rt\u00e4\u00e4, etta pomoni on kusip\u00e4\u00e4.&#8221;<\/p>\n\n\n\n<p>H\u00e4nen seuraajansa ovat joutuneet ep\u00e4reiluun vertailuun FDR:n kanssa. Sadan p\u00e4iv\u00e4n konseptista on tullut absurdi mittatikku, jonka avulla media ja poliittiset kommentoijat voivat tuomita jokaisen presidenttiyden ennen kuin ne ovat kunnolla edes p\u00e4\u00e4sseet vauhtiin.<\/p>\n\n\n\n<p>Obama peri edelt\u00e4j\u00e4lt\u00e4\u00e4n katastrofin partaalla keikkuvan talouden, sekavan sopan L\u00e4hi-Id\u00e4ss\u00e4, h\u00e4mmentyneen poliittisen kulttuurin, sek\u00e4 vakavasti vaurioituneen Amerikka-br\u00e4ndin. T\u00e4t\u00e4 ei korjata sadassa p\u00e4iv\u00e4ss\u00e4 &#8211; hyv\u00e4 jos edes yhdess\u00e4 presidenttikaudessa. Kaiken huipuksi Obaman on pakko ty\u00f6skennell\u00e4 jarrumoodiin juuttuneiden senaatin republikaanien kanssa, jotka asettavat paikoitellen ideologiansa maan edun edelle, kuten <strong>Fred Thompsonin <\/strong><a href=\"http:\/\/politicalticker.blogs.cnn.com\/2009\/03\/25\/thompson-i-dont-want-obamas-policies-to-succeed\/\">p\u00f6yristytt\u00e4v\u00e4 lausunto<\/a> j\u00e4lleen osoitti.<\/p>\n\n\n\n<p>Malttia, maailma, malttia!<\/p>\n\n\n\n<p>PS. Seuraavissa kolmessa blogissa tutustumme tarkemmin Obaman hallitukseen sek\u00e4 sen avainministereihin. Katsomme tarkemmin mit\u00e4 <strong>Tim Geithner<\/strong>, <strong>Eric Holder<\/strong>, ja <strong>Hillary Clinton<\/strong> ovat tekem\u00e4ss\u00e4 ja miksi.<\/p>\n\n\n\n<p><em>Soundtrack: Ten Years After, <a href=\"https:\/\/www.youtube.com\/watch?v=jzrUqAtUcpU\">I&#8217;d Love to Change the World<\/a><\/em><\/p>\n\n\n","protected":false},"excerpt":{"rendered":"<p>Presidentti Barack Obaman sata p\u00e4iv\u00e4\u00e4 ovat pian t\u00e4ynn\u00e4. Kuherruskuukausi on ohi, kritiikki on t\u00e4ydess\u00e4 vauhdissa. Viime viikkoina sek\u00e4 vasemmisto ja oikeisto ovat ottaneet Obaman hallituksen t\u00e4ht\u00e4imeens\u00e4. Kriitikot kysyv\u00e4t mit\u00e4 Obama on saanut aikaiseksi? Mit\u00e4 hallitus on tehnyt laman<br \/>\nvoittamiseksi&hellip;<\/p>\n","protected":false},"author":158,"featured_media":0,"comment_status":"open","ping_status":"open","sticky":false,"template":"","format":"standard","meta":{"_acf_changed":false,"asauth_required_access_level":0,"asauth_cansharepaid":"","om_header_attributes":[],"footnotes":"","om_featured_image_focal_point":[],"om_primary_tag":0,"om_contributors":[],"om_co_authors":[],"beyondwords_generate_audio":"","beyondwords_project_id":"","beyondwords_content_id":"","beyondwords_preview_token":"","beyondwords_player_content":"","beyondwords_player_style":"","beyondwords_language_code":"","beyondwords_language_id":"","beyondwords_title_voice_id":"","beyondwords_body_voice_id":"","beyondwords_summary_voice_id":"","beyondwords_error_message":"","beyondwords_disabled":"","beyondwords_delete_content":"","beyondwords_podcast_id":"","beyondwords_hash":"","publish_post_to_speechkit":"","speechkit_hash":"","speechkit_generate_audio":"","speechkit_project_id":"","speechkit_podcast_id":"","speechkit_error_message":"","speechkit_disabled":"","speechkit_access_key":"","speechkit_error":"","speechkit_info":"","speechkit_response":"","speechkit_retries":"","speechkit_status":"","speechkit_updated_at":"","_speechkit_link":"","_speechkit_text":""},"categories":[1],"tags":[36],"class_list":["post-805","post","type-post","status-publish","format-standard","hentry","category-americana","tag-barack-obama"],"om_views":null,"acf":{"tuuma_off":false,"tuuma_kysymys":"","tuuma_vastaus":""},"asauth":{"required_access_level":1,"share_token":"","is_paid":false},"yoast_head":"<!-- This site is optimized with the Yoast SEO plugin v26.4 - https:\/\/yoast.com\/wordpress\/plugins\/seo\/ -->\n<title>Antakaa Obamalle aikaa! - Americana<\/title>\n<meta name=\"robots\" content=\"noindex, follow\" \/>\n<meta property=\"og:locale\" content=\"fi_FI\" \/>\n<meta property=\"og:type\" content=\"article\" \/>\n<meta property=\"og:title\" content=\"Antakaa Obamalle aikaa! - Americana\" \/>\n<meta property=\"og:description\" content=\"Presidentti Barack Obaman sata p\u00e4iv\u00e4\u00e4 ovat pian t\u00e4ynn\u00e4. Kuherruskuukausi on ohi, kritiikki on t\u00e4ydess\u00e4 vauhdissa. Viime viikkoina sek\u00e4 vasemmisto ja oikeisto ovat ottaneet Obaman hallituksen t\u00e4ht\u00e4imeens\u00e4. Kriitikot kysyv\u00e4t mit\u00e4 Obama on saanut aikaiseksi? Mit\u00e4 hallitus on tehnyt laman voittamiseksi&hellip;\" \/>\n<meta property=\"og:url\" content=\"https:\/\/suomenkuvalehti.fi\/americana\/antakaa-obamalle-aikaa\/\" \/>\n<meta property=\"og:site_name\" content=\"Americana\" \/>\n<meta property=\"article:published_time\" content=\"2009-03-30T11:27:17+00:00\" \/>\n<meta property=\"article:modified_time\" content=\"2013-11-30T14:23:02+00:00\" \/>\n<meta property=\"og:image\" content=\"https:\/\/suomenkuvalehti.fi\/americana\/wp-content\/uploads\/sites\/10\/2022\/04\/americana_maunula-scaled.jpg\" \/>\n\t<meta property=\"og:image:width\" content=\"2560\" \/>\n\t<meta property=\"og:image:height\" content=\"1706\" \/>\n\t<meta property=\"og:image:type\" content=\"image\/jpeg\" \/>\n<meta name=\"author\" content=\"Marko Maunula\" \/>\n<meta name=\"twitter:card\" content=\"summary_large_image\" \/>\n<meta name=\"twitter:label1\" content=\"Written by\" \/>\n\t<meta name=\"twitter:data1\" content=\"Marko Maunula\" \/>\n\t<meta name=\"twitter:label2\" content=\"Est. reading time\" \/>\n\t<meta name=\"twitter:data2\" content=\"1 minuutti\" \/>\n<script type=\"application\/ld+json\" class=\"yoast-schema-graph\">{\"@context\":\"https:\/\/schema.org\",\"@graph\":[{\"@type\":\"WebPage\",\"@id\":\"https:\/\/suomenkuvalehti.fi\/americana\/antakaa-obamalle-aikaa\/\",\"url\":\"https:\/\/suomenkuvalehti.fi\/americana\/antakaa-obamalle-aikaa\/\",\"name\":\"Antakaa Obamalle aikaa! - Americana\",\"isPartOf\":{\"@id\":\"https:\/\/suomenkuvalehti.fi\/americana\/#website\"},\"datePublished\":\"2009-03-30T11:27:17+00:00\",\"dateModified\":\"2013-11-30T14:23:02+00:00\",\"author\":{\"@id\":\"https:\/\/suomenkuvalehti.fi\/americana\/#\/schema\/person\/12d514491cb37506bc39c8e10176c3ec\"},\"breadcrumb\":{\"@id\":\"https:\/\/suomenkuvalehti.fi\/americana\/antakaa-obamalle-aikaa\/#breadcrumb\"},\"inLanguage\":\"fi\",\"potentialAction\":[{\"@type\":\"ReadAction\",\"target\":[\"https:\/\/suomenkuvalehti.fi\/americana\/antakaa-obamalle-aikaa\/\"]}]},{\"@type\":\"BreadcrumbList\",\"@id\":\"https:\/\/suomenkuvalehti.fi\/americana\/antakaa-obamalle-aikaa\/#breadcrumb\",\"itemListElement\":[{\"@type\":\"ListItem\",\"position\":1,\"name\":\"Home\",\"item\":\"https:\/\/suomenkuvalehti.fi\/americana\/\"},{\"@type\":\"ListItem\",\"position\":2,\"name\":\"Antakaa Obamalle aikaa!\"}]},{\"@type\":\"WebSite\",\"@id\":\"https:\/\/suomenkuvalehti.fi\/americana\/#website\",\"url\":\"https:\/\/suomenkuvalehti.fi\/americana\/\",\"name\":\"Americana\",\"description\":\"Professori Marko Maunula seuraa USA:n politiikkaa ja populaarikulttuuria\",\"potentialAction\":[{\"@type\":\"SearchAction\",\"target\":{\"@type\":\"EntryPoint\",\"urlTemplate\":\"https:\/\/suomenkuvalehti.fi\/haku\/?q={search_term_string}\"},\"query-input\":{\"@type\":\"PropertyValueSpecification\",\"valueRequired\":true,\"valueName\":\"search_term_string\"}}],\"inLanguage\":\"fi\"},{\"@type\":\"Person\",\"@id\":\"https:\/\/suomenkuvalehti.fi\/americana\/#\/schema\/person\/12d514491cb37506bc39c8e10176c3ec\",\"name\":\"Marko Maunula\",\"image\":{\"@type\":\"ImageObject\",\"inLanguage\":\"fi\",\"@id\":\"https:\/\/suomenkuvalehti.fi\/americana\/#\/schema\/person\/image\/\",\"url\":\"https:\/\/suomenkuvalehti.fi\/americana\/wp-content\/uploads\/sites\/10\/2022\/04\/americana_maunula-150x150.jpg\",\"contentUrl\":\"https:\/\/suomenkuvalehti.fi\/americana\/wp-content\/uploads\/sites\/10\/2022\/04\/americana_maunula-150x150.jpg\",\"caption\":\"Marko Maunula\"},\"description\":\"Kirjoittaja on Yhdysvaltain historian professori Atlantassa.\"}]}<\/script>\n<!-- \/ Yoast SEO plugin. -->","yoast_head_json":{"title":"Antakaa Obamalle aikaa! - Americana","robots":{"index":"noindex","follow":"follow"},"og_locale":"fi_FI","og_type":"article","og_title":"Antakaa Obamalle aikaa! - Americana","og_description":"Presidentti Barack Obaman sata p\u00e4iv\u00e4\u00e4 ovat pian t\u00e4ynn\u00e4. Kuherruskuukausi on ohi, kritiikki on t\u00e4ydess\u00e4 vauhdissa. Viime viikkoina sek\u00e4 vasemmisto ja oikeisto ovat ottaneet Obaman hallituksen t\u00e4ht\u00e4imeens\u00e4. Kriitikot kysyv\u00e4t mit\u00e4 Obama on saanut aikaiseksi? Mit\u00e4 hallitus on tehnyt laman voittamiseksi&hellip;","og_url":"https:\/\/suomenkuvalehti.fi\/americana\/antakaa-obamalle-aikaa\/","og_site_name":"Americana","article_published_time":"2009-03-30T11:27:17+00:00","article_modified_time":"2013-11-30T14:23:02+00:00","og_image":[{"width":2560,"height":1706,"url":"https:\/\/suomenkuvalehti.fi\/americana\/wp-content\/uploads\/sites\/10\/2022\/04\/americana_maunula-scaled.jpg","type":"image\/jpeg"}],"author":"Marko Maunula","twitter_card":"summary_large_image","twitter_misc":{"Written by":"Marko Maunula","Est. reading time":"1 minuutti"},"schema":{"@context":"https:\/\/schema.org","@graph":[{"@type":"WebPage","@id":"https:\/\/suomenkuvalehti.fi\/americana\/antakaa-obamalle-aikaa\/","url":"https:\/\/suomenkuvalehti.fi\/americana\/antakaa-obamalle-aikaa\/","name":"Antakaa Obamalle aikaa! - Americana","isPartOf":{"@id":"https:\/\/suomenkuvalehti.fi\/americana\/#website"},"datePublished":"2009-03-30T11:27:17+00:00","dateModified":"2013-11-30T14:23:02+00:00","author":{"@id":"https:\/\/suomenkuvalehti.fi\/americana\/#\/schema\/person\/12d514491cb37506bc39c8e10176c3ec"},"breadcrumb":{"@id":"https:\/\/suomenkuvalehti.fi\/americana\/antakaa-obamalle-aikaa\/#breadcrumb"},"inLanguage":"fi","potentialAction":[{"@type":"ReadAction","target":["https:\/\/suomenkuvalehti.fi\/americana\/antakaa-obamalle-aikaa\/"]}]},{"@type":"BreadcrumbList","@id":"https:\/\/suomenkuvalehti.fi\/americana\/antakaa-obamalle-aikaa\/#breadcrumb","itemListElement":[{"@type":"ListItem","position":1,"name":"Home","item":"https:\/\/suomenkuvalehti.fi\/americana\/"},{"@type":"ListItem","position":2,"name":"Antakaa Obamalle aikaa!"}]},{"@type":"WebSite","@id":"https:\/\/suomenkuvalehti.fi\/americana\/#website","url":"https:\/\/suomenkuvalehti.fi\/americana\/","name":"Americana","description":"Professori Marko Maunula seuraa USA:n politiikkaa ja populaarikulttuuria","potentialAction":[{"@type":"SearchAction","target":{"@type":"EntryPoint","urlTemplate":"https:\/\/suomenkuvalehti.fi\/haku\/?q={search_term_string}"},"query-input":{"@type":"PropertyValueSpecification","valueRequired":true,"valueName":"search_term_string"}}],"inLanguage":"fi"},{"@type":"Person","@id":"https:\/\/suomenkuvalehti.fi\/americana\/#\/schema\/person\/12d514491cb37506bc39c8e10176c3ec","name":"Marko Maunula","image":{"@type":"ImageObject","inLanguage":"fi","@id":"https:\/\/suomenkuvalehti.fi\/americana\/#\/schema\/person\/image\/","url":"https:\/\/suomenkuvalehti.fi\/americana\/wp-content\/uploads\/sites\/10\/2022\/04\/americana_maunula-150x150.jpg","contentUrl":"https:\/\/suomenkuvalehti.fi\/americana\/wp-content\/uploads\/sites\/10\/2022\/04\/americana_maunula-150x150.jpg","caption":"Marko Maunula"},"description":"Kirjoittaja on Yhdysvaltain historian professori Atlantassa."}]}},"_links":{"self":[{"href":"https:\/\/suomenkuvalehti.fi\/americana\/wp-json\/wp\/v2\/posts\/805","targetHints":{"allow":["GET"]}}],"collection":[{"href":"https:\/\/suomenkuvalehti.fi\/americana\/wp-json\/wp\/v2\/posts"}],"about":[{"href":"https:\/\/suomenkuvalehti.fi\/americana\/wp-json\/wp\/v2\/types\/post"}],"author":[{"embeddable":true,"href":"https:\/\/suomenkuvalehti.fi\/americana\/wp-json\/wp\/v2\/users\/158"}],"replies":[{"embeddable":true,"href":"https:\/\/suomenkuvalehti.fi\/americana\/wp-json\/wp\/v2\/comments?post=805"}],"version-history":[{"count":1,"href":"https:\/\/suomenkuvalehti.fi\/americana\/wp-json\/wp\/v2\/posts\/805\/revisions"}],"predecessor-version":[{"id":1407,"href":"https:\/\/suomenkuvalehti.fi\/americana\/wp-json\/wp\/v2\/posts\/805\/revisions\/1407"}],"wp:attachment":[{"href":"https:\/\/suomenkuvalehti.fi\/americana\/wp-json\/wp\/v2\/media?parent=805"}],"wp:term":[{"taxonomy":"category","embeddable":true,"href":"https:\/\/suomenkuvalehti.fi\/americana\/wp-json\/wp\/v2\/categories?post=805"},{"taxonomy":"post_tag","embeddable":true,"href":"https:\/\/suomenkuvalehti.fi\/americana\/wp-json\/wp\/v2\/tags?post=805"}],"curies":[{"name":"wp","href":"https:\/\/api.w.org\/{rel}","templated":true}]}}