{"id":800,"date":"2009-04-06T13:30:47","date_gmt":"2009-04-06T10:30:47","guid":{"rendered":"https:\/\/suomenkuvalehti.fi\/americana\/obamamaniaa-euroopassa-ja-amerikassa\/"},"modified":"2013-11-30T16:23:02","modified_gmt":"2013-11-30T14:23:02","slug":"obamamaniaa-euroopassa-ja-amerikassa","status":"publish","type":"post","link":"https:\/\/suomenkuvalehti.fi\/americana\/obamamaniaa-euroopassa-ja-amerikassa\/","title":{"rendered":"Obamamaniaa Euroopassa ja Amerikassa"},"content":{"rendered":"\n<p>&#8221;Katsokaa, meid\u00e4n presidenttimme osaa puhua selkokielisi\u00e4 lauseita!&#8221;<\/p>\n\n\n\n\n<p><strong>Barack Obaman<\/strong> Euroopan kiertue on ollut amerikkalaiselle medialle iso hitti. Varsinkin televisiomedia on seurannut presidentti\u00e4 kuin olympiavoittajaa. Uutiskanavat ovat keskeytt\u00e4neet l\u00e4hetyksens\u00e4 presidentin puheiden ja pressitilaisuuksien vuoksi. Yleiskanavat l\u00e4hett\u00e4v\u00e4t illan uutisl\u00e4hetyksiss\u00e4\u00e4n liki propagandamaisia koosteita presidenttin p\u00e4iv\u00e4st\u00e4 meren takana.<\/p>\n\n\n\n<p>Amerikkalaiset, ja varsinkin t\u00e4k\u00e4l\u00e4iset liberaalit, katsovat Obamaa Euroopassa kuin ylpe\u00e4t vanhemmat valmistujaispuhetta pit\u00e4v\u00e4\u00e4 kuuden laudaturin ylioppilastaan. Liberaali media onnistuu vain vaivoin pysytt\u00e4ytym\u00e4\u00e4n jonkinasteisessa objektivismissa.<\/p>\n\n\n\n<p>Onko Obaman reissu ollut <a href=\"http:\/\/www.tnr.com\/story.html?id=c9534f59-9bca-4a0c-9a6c-d9c5ba0bcbee\">kehujen arvoinen<\/a>? Ehdottomasti. Niin G20- kuin NATO-tapaamisissa Obaman talous- ja turvallisuuspoliittiset aloitteet saivat p\u00e4\u00e4osin my\u00f6nteist\u00e4 vastakaikua. Edes ranskalaiset eiv\u00e4t halunnut tuittuilla vanhaan tapaansa.<\/p>\n\n\n\n<p>Silti, suuri osa amerikkalaisen median ylpeytt\u00e4 ja hehkutusta johtuu <a href=\"http:\/\/www.nytimes.com\/2009\/04\/05\/opinion\/05gill.html?_r=1&amp;scp=2&amp;sq=obama%20europe&amp;st=cse\">Obaman persoonasta<\/a>. Varsinkin amerikkalaisille liberaaleille George W. Bushin ulkomaanvierailut olivat tuskallista katsottavaa. <strong>Angela Merkelin <\/strong><a href=\"https:\/\/www.youtube.com\/watch?v=eTQY1Aw9zcs\">kopelointi<\/a>, espanjankieliset <a href=\"http:\/\/www.outsidethebeltway.com\/archives\/when_in_rome_amigo_\/\">tervehdykset<\/a> Italian <strong>Silvio Belusconille<\/strong>, sek\u00e4 miehen selke\u00e4t vaikeudet puhua selv\u00e4sti ja arvokkaasti puskivat miljoonat amerikkalaiset vahvaan my\u00f6t\u00e4h\u00e4pe\u00e4\u00e4n.<\/p>\n\n\n\n<p>Kaikesta isolationismistaan, unilateralismistaan, sek\u00e4 omasta ylemmyydentunteestaan huolimatta amerikkalaiset haluavat muun maailman, ja erityisesti Euroopan, pit\u00e4v\u00e4n heist\u00e4. Nyt, seuratessaan Obaman charmihy\u00f6kk\u00e4yst\u00e4, he tuntevat suurta ylpeytt\u00e4 johtajastaan.<\/p>\n\n\n\n<p><strong>Jope Ruonansuu<\/strong> on vaihtunut <strong>George Clooneyhin<\/strong>. Obama on selv\u00e4sti maailman mediaseksikk\u00e4in politiikko, j\u00e4 h\u00e4nen puolisonsa on hurmaavan \u00e4lyk\u00e4s, luonnollinen, sek\u00e4 v\u00e4lit\u00f6n nainen. Amerikkalaiset ovat j\u00e4lleen cooleja.<\/p>\n\n\n\n<p>Charmihy\u00f6kk\u00e4yksen takana piilee silti poliittisia tarkoitusperi\u00e4. Obama on \u00e4\u00e4rimm\u00e4isen \u00e4lyk\u00e4s, kunnianhimoinen, ja sitke\u00e4 politiikko, joka <a href=\"http:\/\/www.politico.com\/news\/stories\/0409\/20874.html\">haluaa Euroopalta paljon<\/a>. Eurooppalaisten kannattaa pit\u00e4\u00e4 t\u00e4m\u00e4 mieless\u00e4, kun Obama haluaa muuttaa poliittisen p\u00e4\u00e4omansa Euroopan kasvavaan apuun esimerkiksi Iranin ja Afganistanin suhteen.<\/p>\n\n\n\n<p>Mutta t\u00e4st\u00e4 lis\u00e4\u00e4 seuraavassa merkinn\u00e4ss\u00e4.<\/p>\n\n\n\n<p><em>Soundtrack: Marvin Gaye, <a href=\"https:\/\/www.youtube.com\/watch?v=18TLHhhHZCA\">Let&#8217;s Get It On<\/a>.<\/em><\/p>\n\n\n","protected":false},"excerpt":{"rendered":"<p>&#8221;Katsokaa, meid\u00e4n presidenttimme osaa puhua selkokielisi\u00e4 lauseita!&#8221; Barack Obaman Euroopan kiertue on ollut amerikkalaiselle medialle iso hitti. Varsinkin televisiomedia on seurannut presidentti\u00e4 kuin olympiavoittajaa. Uutiskanavat ovat keskeytt\u00e4neet l\u00e4hetyksens\u00e4 presidentin<br \/>\npuhei&hellip;<\/p>\n","protected":false},"author":158,"featured_media":0,"comment_status":"open","ping_status":"open","sticky":false,"template":"","format":"standard","meta":{"_acf_changed":false,"asauth_required_access_level":0,"asauth_cansharepaid":"","om_header_attributes":[],"footnotes":"","om_featured_image_focal_point":[],"om_primary_tag":0,"om_contributors":[],"om_co_authors":[],"beyondwords_generate_audio":"","beyondwords_project_id":"","beyondwords_content_id":"","beyondwords_preview_token":"","beyondwords_player_content":"","beyondwords_player_style":"","beyondwords_language_code":"","beyondwords_language_id":"","beyondwords_title_voice_id":"","beyondwords_body_voice_id":"","beyondwords_summary_voice_id":"","beyondwords_error_message":"","beyondwords_disabled":"","beyondwords_delete_content":"","beyondwords_podcast_id":"","beyondwords_hash":"","publish_post_to_speechkit":"","speechkit_hash":"","speechkit_generate_audio":"","speechkit_project_id":"","speechkit_podcast_id":"","speechkit_error_message":"","speechkit_disabled":"","speechkit_access_key":"","speechkit_error":"","speechkit_info":"","speechkit_response":"","speechkit_retries":"","speechkit_status":"","speechkit_updated_at":"","_speechkit_link":"","_speechkit_text":""},"categories":[1],"tags":[36,70,1440,750],"class_list":["post-800","post","type-post","status-publish","format-standard","hentry","category-americana","tag-barack-obama","tag-eurooppa","tag-g20","tag-nato"],"om_views":null,"acf":{"tuuma_off":false,"tuuma_kysymys":"","tuuma_vastaus":""},"asauth":{"required_access_level":1,"share_token":"","is_paid":false},"yoast_head":"<!-- This site is optimized with the Yoast SEO plugin v26.4 - https:\/\/yoast.com\/wordpress\/plugins\/seo\/ -->\n<title>Obamamaniaa Euroopassa ja Amerikassa - Americana<\/title>\n<meta name=\"robots\" content=\"noindex, follow\" \/>\n<meta property=\"og:locale\" content=\"fi_FI\" \/>\n<meta property=\"og:type\" content=\"article\" \/>\n<meta property=\"og:title\" content=\"Obamamaniaa Euroopassa ja Amerikassa - Americana\" \/>\n<meta property=\"og:description\" content=\"&#8221;Katsokaa, meid\u00e4n presidenttimme osaa puhua selkokielisi\u00e4 lauseita!&#8221; Barack Obaman Euroopan kiertue on ollut amerikkalaiselle medialle iso hitti. Varsinkin televisiomedia on seurannut presidentti\u00e4 kuin olympiavoittajaa. Uutiskanavat ovat keskeytt\u00e4neet l\u00e4hetyksens\u00e4 presidentin puhei&hellip;\" \/>\n<meta property=\"og:url\" content=\"https:\/\/suomenkuvalehti.fi\/americana\/obamamaniaa-euroopassa-ja-amerikassa\/\" \/>\n<meta property=\"og:site_name\" content=\"Americana\" \/>\n<meta property=\"article:published_time\" content=\"2009-04-06T10:30:47+00:00\" \/>\n<meta property=\"article:modified_time\" content=\"2013-11-30T14:23:02+00:00\" \/>\n<meta property=\"og:image\" content=\"https:\/\/suomenkuvalehti.fi\/americana\/wp-content\/uploads\/sites\/10\/2022\/04\/americana_maunula-scaled.jpg\" \/>\n\t<meta property=\"og:image:width\" content=\"2560\" \/>\n\t<meta property=\"og:image:height\" content=\"1706\" \/>\n\t<meta property=\"og:image:type\" content=\"image\/jpeg\" \/>\n<meta name=\"author\" content=\"Marko Maunula\" \/>\n<meta name=\"twitter:card\" content=\"summary_large_image\" \/>\n<meta name=\"twitter:label1\" content=\"Written by\" \/>\n\t<meta name=\"twitter:data1\" content=\"Marko Maunula\" \/>\n\t<meta name=\"twitter:label2\" content=\"Est. reading time\" \/>\n\t<meta name=\"twitter:data2\" content=\"1 minuutti\" \/>\n<script type=\"application\/ld+json\" class=\"yoast-schema-graph\">{\"@context\":\"https:\/\/schema.org\",\"@graph\":[{\"@type\":\"WebPage\",\"@id\":\"https:\/\/suomenkuvalehti.fi\/americana\/obamamaniaa-euroopassa-ja-amerikassa\/\",\"url\":\"https:\/\/suomenkuvalehti.fi\/americana\/obamamaniaa-euroopassa-ja-amerikassa\/\",\"name\":\"Obamamaniaa Euroopassa ja Amerikassa - Americana\",\"isPartOf\":{\"@id\":\"https:\/\/suomenkuvalehti.fi\/americana\/#website\"},\"datePublished\":\"2009-04-06T10:30:47+00:00\",\"dateModified\":\"2013-11-30T14:23:02+00:00\",\"author\":{\"@id\":\"https:\/\/suomenkuvalehti.fi\/americana\/#\/schema\/person\/12d514491cb37506bc39c8e10176c3ec\"},\"breadcrumb\":{\"@id\":\"https:\/\/suomenkuvalehti.fi\/americana\/obamamaniaa-euroopassa-ja-amerikassa\/#breadcrumb\"},\"inLanguage\":\"fi\",\"potentialAction\":[{\"@type\":\"ReadAction\",\"target\":[\"https:\/\/suomenkuvalehti.fi\/americana\/obamamaniaa-euroopassa-ja-amerikassa\/\"]}]},{\"@type\":\"BreadcrumbList\",\"@id\":\"https:\/\/suomenkuvalehti.fi\/americana\/obamamaniaa-euroopassa-ja-amerikassa\/#breadcrumb\",\"itemListElement\":[{\"@type\":\"ListItem\",\"position\":1,\"name\":\"Home\",\"item\":\"https:\/\/suomenkuvalehti.fi\/americana\/\"},{\"@type\":\"ListItem\",\"position\":2,\"name\":\"Obamamaniaa Euroopassa ja Amerikassa\"}]},{\"@type\":\"WebSite\",\"@id\":\"https:\/\/suomenkuvalehti.fi\/americana\/#website\",\"url\":\"https:\/\/suomenkuvalehti.fi\/americana\/\",\"name\":\"Americana\",\"description\":\"Professori Marko Maunula seuraa USA:n politiikkaa ja populaarikulttuuria\",\"potentialAction\":[{\"@type\":\"SearchAction\",\"target\":{\"@type\":\"EntryPoint\",\"urlTemplate\":\"https:\/\/suomenkuvalehti.fi\/haku\/?q={search_term_string}\"},\"query-input\":{\"@type\":\"PropertyValueSpecification\",\"valueRequired\":true,\"valueName\":\"search_term_string\"}}],\"inLanguage\":\"fi\"},{\"@type\":\"Person\",\"@id\":\"https:\/\/suomenkuvalehti.fi\/americana\/#\/schema\/person\/12d514491cb37506bc39c8e10176c3ec\",\"name\":\"Marko Maunula\",\"image\":{\"@type\":\"ImageObject\",\"inLanguage\":\"fi\",\"@id\":\"https:\/\/suomenkuvalehti.fi\/americana\/#\/schema\/person\/image\/\",\"url\":\"https:\/\/suomenkuvalehti.fi\/americana\/wp-content\/uploads\/sites\/10\/2022\/04\/americana_maunula-150x150.jpg\",\"contentUrl\":\"https:\/\/suomenkuvalehti.fi\/americana\/wp-content\/uploads\/sites\/10\/2022\/04\/americana_maunula-150x150.jpg\",\"caption\":\"Marko Maunula\"},\"description\":\"Kirjoittaja on Yhdysvaltain historian professori Atlantassa.\"}]}<\/script>\n<!-- \/ Yoast SEO plugin. -->","yoast_head_json":{"title":"Obamamaniaa Euroopassa ja Amerikassa - Americana","robots":{"index":"noindex","follow":"follow"},"og_locale":"fi_FI","og_type":"article","og_title":"Obamamaniaa Euroopassa ja Amerikassa - Americana","og_description":"&#8221;Katsokaa, meid\u00e4n presidenttimme osaa puhua selkokielisi\u00e4 lauseita!&#8221; Barack Obaman Euroopan kiertue on ollut amerikkalaiselle medialle iso hitti. Varsinkin televisiomedia on seurannut presidentti\u00e4 kuin olympiavoittajaa. Uutiskanavat ovat keskeytt\u00e4neet l\u00e4hetyksens\u00e4 presidentin puhei&hellip;","og_url":"https:\/\/suomenkuvalehti.fi\/americana\/obamamaniaa-euroopassa-ja-amerikassa\/","og_site_name":"Americana","article_published_time":"2009-04-06T10:30:47+00:00","article_modified_time":"2013-11-30T14:23:02+00:00","og_image":[{"width":2560,"height":1706,"url":"https:\/\/suomenkuvalehti.fi\/americana\/wp-content\/uploads\/sites\/10\/2022\/04\/americana_maunula-scaled.jpg","type":"image\/jpeg"}],"author":"Marko Maunula","twitter_card":"summary_large_image","twitter_misc":{"Written by":"Marko Maunula","Est. reading time":"1 minuutti"},"schema":{"@context":"https:\/\/schema.org","@graph":[{"@type":"WebPage","@id":"https:\/\/suomenkuvalehti.fi\/americana\/obamamaniaa-euroopassa-ja-amerikassa\/","url":"https:\/\/suomenkuvalehti.fi\/americana\/obamamaniaa-euroopassa-ja-amerikassa\/","name":"Obamamaniaa Euroopassa ja Amerikassa - Americana","isPartOf":{"@id":"https:\/\/suomenkuvalehti.fi\/americana\/#website"},"datePublished":"2009-04-06T10:30:47+00:00","dateModified":"2013-11-30T14:23:02+00:00","author":{"@id":"https:\/\/suomenkuvalehti.fi\/americana\/#\/schema\/person\/12d514491cb37506bc39c8e10176c3ec"},"breadcrumb":{"@id":"https:\/\/suomenkuvalehti.fi\/americana\/obamamaniaa-euroopassa-ja-amerikassa\/#breadcrumb"},"inLanguage":"fi","potentialAction":[{"@type":"ReadAction","target":["https:\/\/suomenkuvalehti.fi\/americana\/obamamaniaa-euroopassa-ja-amerikassa\/"]}]},{"@type":"BreadcrumbList","@id":"https:\/\/suomenkuvalehti.fi\/americana\/obamamaniaa-euroopassa-ja-amerikassa\/#breadcrumb","itemListElement":[{"@type":"ListItem","position":1,"name":"Home","item":"https:\/\/suomenkuvalehti.fi\/americana\/"},{"@type":"ListItem","position":2,"name":"Obamamaniaa Euroopassa ja Amerikassa"}]},{"@type":"WebSite","@id":"https:\/\/suomenkuvalehti.fi\/americana\/#website","url":"https:\/\/suomenkuvalehti.fi\/americana\/","name":"Americana","description":"Professori Marko Maunula seuraa USA:n politiikkaa ja populaarikulttuuria","potentialAction":[{"@type":"SearchAction","target":{"@type":"EntryPoint","urlTemplate":"https:\/\/suomenkuvalehti.fi\/haku\/?q={search_term_string}"},"query-input":{"@type":"PropertyValueSpecification","valueRequired":true,"valueName":"search_term_string"}}],"inLanguage":"fi"},{"@type":"Person","@id":"https:\/\/suomenkuvalehti.fi\/americana\/#\/schema\/person\/12d514491cb37506bc39c8e10176c3ec","name":"Marko Maunula","image":{"@type":"ImageObject","inLanguage":"fi","@id":"https:\/\/suomenkuvalehti.fi\/americana\/#\/schema\/person\/image\/","url":"https:\/\/suomenkuvalehti.fi\/americana\/wp-content\/uploads\/sites\/10\/2022\/04\/americana_maunula-150x150.jpg","contentUrl":"https:\/\/suomenkuvalehti.fi\/americana\/wp-content\/uploads\/sites\/10\/2022\/04\/americana_maunula-150x150.jpg","caption":"Marko Maunula"},"description":"Kirjoittaja on Yhdysvaltain historian professori Atlantassa."}]}},"_links":{"self":[{"href":"https:\/\/suomenkuvalehti.fi\/americana\/wp-json\/wp\/v2\/posts\/800","targetHints":{"allow":["GET"]}}],"collection":[{"href":"https:\/\/suomenkuvalehti.fi\/americana\/wp-json\/wp\/v2\/posts"}],"about":[{"href":"https:\/\/suomenkuvalehti.fi\/americana\/wp-json\/wp\/v2\/types\/post"}],"author":[{"embeddable":true,"href":"https:\/\/suomenkuvalehti.fi\/americana\/wp-json\/wp\/v2\/users\/158"}],"replies":[{"embeddable":true,"href":"https:\/\/suomenkuvalehti.fi\/americana\/wp-json\/wp\/v2\/comments?post=800"}],"version-history":[{"count":1,"href":"https:\/\/suomenkuvalehti.fi\/americana\/wp-json\/wp\/v2\/posts\/800\/revisions"}],"predecessor-version":[{"id":1403,"href":"https:\/\/suomenkuvalehti.fi\/americana\/wp-json\/wp\/v2\/posts\/800\/revisions\/1403"}],"wp:attachment":[{"href":"https:\/\/suomenkuvalehti.fi\/americana\/wp-json\/wp\/v2\/media?parent=800"}],"wp:term":[{"taxonomy":"category","embeddable":true,"href":"https:\/\/suomenkuvalehti.fi\/americana\/wp-json\/wp\/v2\/categories?post=800"},{"taxonomy":"post_tag","embeddable":true,"href":"https:\/\/suomenkuvalehti.fi\/americana\/wp-json\/wp\/v2\/tags?post=800"}],"curies":[{"name":"wp","href":"https:\/\/api.w.org\/{rel}","templated":true}]}}