{"id":793,"date":"2009-04-20T13:32:34","date_gmt":"2009-04-20T10:32:34","guid":{"rendered":"https:\/\/suomenkuvalehti.fi\/americana\/kingin-lapset-rahastavat-isansa-nimella\/"},"modified":"2013-11-30T16:23:02","modified_gmt":"2013-11-30T14:23:02","slug":"kingin-lapset-rahastavat-isansa-nimella","status":"publish","type":"post","link":"https:\/\/suomenkuvalehti.fi\/americana\/kingin-lapset-rahastavat-isansa-nimella\/","title":{"rendered":"Kingin lapset rahastavat is\u00e4ns\u00e4 nimell\u00e4"},"content":{"rendered":"\n<p>Joskus omenat putoavat kauas puusta. Ja vieriv\u00e4t viel\u00e4 kauemmaksi. <strong>Martin Luther King, Jr:n<\/strong> j\u00e4lkel\u00e4iset jatkavat edelleen is\u00e4ns\u00e4 haudan ry\u00f6st\u00e4mist\u00e4.<\/p>\n\n\n\n\n<p>Kun <strong>James Earl Ray<\/strong> ampui Kingin 41. vuotta sitten, Kingin nelj\u00e4 lasta olivat 5-12 vuotiaita. Lapset joutuivat varttumaan tragedian ja edesmenneen is\u00e4n j\u00e4ttim\u00e4isess\u00e4 varjossa, Atlantan mustassa aatelistossa.<\/p>\n\n\n\n<p>Vuosikymmenten saatossa on ilmennyt, ett\u00e4 Kingin lapset ovat olleet tyytyv\u00e4isi\u00e4 uriin ammattimaisina Kingin lapsina. Vanhin tyt\u00e4r, jo edesmennyt <a href=\"http:\/\/en.wikipedia.org\/wiki\/Yolanda_King\">Yolanda<\/a>, ty\u00f6skenteli eri hyv\u00e4ntekev\u00e4isyysj\u00e4rjest\u00f6jen hallituksissa, kokeillen my\u00f6s uraa n\u00e4yttelij\u00e4n\u00e4. <a href=\"http:\/\/en.wikipedia.org\/wiki\/Martin_Luther_King_III\">MLK III<\/a> on keskittynyt kansalaisoikeusty\u00f6h\u00f6n sek\u00e4 is\u00e4ns\u00e4 nime\u00e4 yll\u00e4pit\u00e4v\u00e4n keskuksen johtoon. H\u00e4n on ollut t\u00e4ysin sopimaton molempiin teht\u00e4viin.<\/p>\n\n\n\n<p>Kun h\u00e4n ei ole keskittynyt is\u00e4ns\u00e4 nimell\u00e4 rahastamiseen, <a href=\"http:\/\/en.wikipedia.org\/wiki\/Dexter_Scott_King\">Dexter<\/a> leikkii tuottajaa Los Angelesissa. Lapsista nuorin, <a href=\"http:\/\/en.wikipedia.org\/wiki\/Bernice_King\">Bernice<\/a>, on seurannut is\u00e4\u00e4ns\u00e4 saarnastuoliin, mutta h\u00e4nen teologiset vakaumuksensa ovat l\u00e4hemp\u00e4n\u00e4 konservatiivista tele-evankelismia kuin is\u00e4ns\u00e4 humanismia.<\/p>\n\n\n\n<p>Reilun vuosikymmenen ajan Kingin lapset ovat pyrkineet tekem\u00e4\u00e4n is\u00e4ns\u00e4 nimest\u00e4 tuottavan rahasammon. Samanaikaisesti he ovat tyrineet is\u00e4ns\u00e4 nime\u00e4 ja el\u00e4m\u00e4nteht\u00e4v\u00e4\u00e4 kantavat organisaatiot. Atlantan keskustan King Center on lasten ohjauksessa <a href=\"http:\/\/www.uexpress.com\/asiseeit\/index.html?uc_full_date=20010330\">kuihtunut aneemiseksi<\/a> ja visiottomaksi kolmannen luokan museoksi.<\/p>\n\n\n\n<p>Noin 15 vuotta sitten Dexter halusi rakentaa Atlantaan absurdin King -huvipuiston. H\u00e4n konsultoi <strong>Elvis Presleyn<\/strong> perikunnan kanssa, haluten rakentaa Graceland-tyyppisen operaation rahastamaan is\u00e4ns\u00e4 nimell\u00e4. Yritys ep\u00e4onnistui, luojan kiitos.<\/p>\n\n\n\n<p>Vuosituhannen vaihteessa perikunta myi Kingin imagen Cingular-puhelinyhti\u00f6lle, joka kaytti Kingin kuvaa ja <em>I Have a Dream<\/em> -puhetta mainoskampanjassaan. Suomalaisittain pyh\u00e4inh\u00e4v\u00e4istys on samaa luokkaa, kuin jos Mannerheimin kirjoittamaa ylip\u00e4\u00e4llik\u00f6n p\u00e4iv\u00e4k\u00e4sky\u00e4 k\u00e4ytett\u00e4isiin myym\u00e4\u00e4n tamponeja.<\/p>\n\n\n\n<p>Kolme vuotta sitten perikunta aikoi pist\u00e4\u00e4 is\u00e4ns\u00e4 henkil\u00f6kohtaiset <a href=\"http:\/\/www.npr.org\/templates\/story\/story.php?storyId=5509203\">paperit huutokauppaan<\/a>, jossa he toivoivat niiden tuovan jopa 30 miljoonaa dollaria. Historiallisesti Kingin paperit ovat mittaamattoman arvokas kokoelma, joka kuuluisi tasokkaan yliopiston tai arkiston kokoelmiin. Anonyymit lahjoittajat pelastivat kokoelman ostamalla paperit ja lahjoittamalla ne Morehouse-yliopistolle, is\u00e4ns\u00e4 alma materille.<\/p>\n\n\n\n<p>Viimeiset vuodet leegio vapaaehtoisia aktivisteja on puskenut aktiivisesti King-muistomerkin rakentamista maan p\u00e4\u00e4kaupunkiin, <strong>Abraham Lincolnin<\/strong>, <strong>George Washingtonin<\/strong>, <strong>Thomas Jeffersonin<\/strong>, sek\u00e4 muiden amerikkalaisten suurmiesten monumenttien rinnalle.<\/p>\n\n\n\n<p>Aktivistit ovat ker\u00e4nneet rahaa, rummuttaneet projektin puolesta, hakeneet poliittista tukea projektille. Monumentti Washingtonin The Mall -viheralueella on suurin kunnianosoitus mink\u00e4 amerikkalainen voi saada.<\/p>\n\n\n\n<p>Miten Kingin lapset ovat suhtautuneet projektiin? Rahastamalla <a href=\"http:\/\/www.ajc.com\/metro\/content\/metro\/atlanta\/stories\/2009\/04\/17\/king_memorial_family_fee.html\">is\u00e4ns\u00e4 nimen k\u00e4yt\u00f6st\u00e4<\/a>. Viikonvaihteen lehdet kertoivat, ett\u00e4 Kingin lapset ovat veloittaneet 800000 dollaria is\u00e4ns\u00e4 nimen ja kuvan k\u00e4yt\u00f6st\u00e4 projektin rahoituskampanjassa.<\/p>\n\n\n\n<p>Kingin el\u00e4m\u00e4nteht\u00e4v\u00e4 ja saavutukset olivat niin mittavia, ett\u00e4 h\u00e4nen muistoaan ei voi juuri mik\u00e4\u00e4n vahingoittaa. Mutta h\u00e4nen lapsensa yritt\u00e4v\u00e4t parhaansa.<\/p>\n\n\n\n<p><em>Soundtrack: Curtis Mayfield, Pusherman<\/em><\/p>\n\n\n","protected":false},"excerpt":{"rendered":"<p>Joskus omenat putoavat kauas puusta. Ja vieriv\u00e4t viel\u00e4 kauemmaksi. Martin Luther King, Jr:n j\u00e4lkel\u00e4iset jatkavat edelleen is\u00e4ns\u00e4 haudan ry\u00f6st\u00e4mist\u00e4. Kun James Earl Ray ampui Kingin 41. vuotta sitten, Kingin nelj\u00e4 lasta olivat 5-12 vuotiaita. Lapset joutuivat varttumaan tragedian<br \/>\nja edesme&hellip;<\/p>\n","protected":false},"author":158,"featured_media":0,"comment_status":"open","ping_status":"open","sticky":false,"template":"","format":"standard","meta":{"_acf_changed":false,"asauth_required_access_level":0,"asauth_cansharepaid":"","om_header_attributes":[],"footnotes":"","om_featured_image_focal_point":[],"om_primary_tag":0,"om_contributors":[],"om_co_authors":[],"beyondwords_generate_audio":"","beyondwords_project_id":"","beyondwords_content_id":"","beyondwords_preview_token":"","beyondwords_player_content":"","beyondwords_player_style":"","beyondwords_language_code":"","beyondwords_language_id":"","beyondwords_title_voice_id":"","beyondwords_body_voice_id":"","beyondwords_summary_voice_id":"","beyondwords_error_message":"","beyondwords_disabled":"","beyondwords_delete_content":"","beyondwords_podcast_id":"","beyondwords_hash":"","publish_post_to_speechkit":"","speechkit_hash":"","speechkit_generate_audio":"","speechkit_project_id":"","speechkit_podcast_id":"","speechkit_error_message":"","speechkit_disabled":"","speechkit_access_key":"","speechkit_error":"","speechkit_info":"","speechkit_response":"","speechkit_retries":"","speechkit_status":"","speechkit_updated_at":"","_speechkit_link":"","_speechkit_text":""},"categories":[1],"tags":[292,291],"class_list":["post-793","post","type-post","status-publish","format-standard","hentry","category-americana","tag-jr","tag-martin-luther-king"],"om_views":null,"acf":{"tuuma_off":false,"tuuma_kysymys":"","tuuma_vastaus":""},"asauth":{"required_access_level":1,"share_token":"","is_paid":false},"yoast_head":"<!-- This site is optimized with the Yoast SEO plugin v26.4 - https:\/\/yoast.com\/wordpress\/plugins\/seo\/ -->\n<title>Kingin lapset rahastavat is\u00e4ns\u00e4 nimell\u00e4 - Americana<\/title>\n<meta name=\"robots\" content=\"noindex, follow\" \/>\n<meta property=\"og:locale\" content=\"fi_FI\" \/>\n<meta property=\"og:type\" content=\"article\" \/>\n<meta property=\"og:title\" content=\"Kingin lapset rahastavat is\u00e4ns\u00e4 nimell\u00e4 - Americana\" \/>\n<meta property=\"og:description\" content=\"Joskus omenat putoavat kauas puusta. Ja vieriv\u00e4t viel\u00e4 kauemmaksi. Martin Luther King, Jr:n j\u00e4lkel\u00e4iset jatkavat edelleen is\u00e4ns\u00e4 haudan ry\u00f6st\u00e4mist\u00e4. Kun James Earl Ray ampui Kingin 41. vuotta sitten, Kingin nelj\u00e4 lasta olivat 5-12 vuotiaita. Lapset joutuivat varttumaan tragedian ja edesme&hellip;\" \/>\n<meta property=\"og:url\" content=\"https:\/\/suomenkuvalehti.fi\/americana\/kingin-lapset-rahastavat-isansa-nimella\/\" \/>\n<meta property=\"og:site_name\" content=\"Americana\" \/>\n<meta property=\"article:published_time\" content=\"2009-04-20T10:32:34+00:00\" \/>\n<meta property=\"article:modified_time\" content=\"2013-11-30T14:23:02+00:00\" \/>\n<meta property=\"og:image\" content=\"https:\/\/suomenkuvalehti.fi\/americana\/wp-content\/uploads\/sites\/10\/2022\/04\/americana_maunula-scaled.jpg\" \/>\n\t<meta property=\"og:image:width\" content=\"2560\" \/>\n\t<meta property=\"og:image:height\" content=\"1706\" \/>\n\t<meta property=\"og:image:type\" content=\"image\/jpeg\" \/>\n<meta name=\"author\" content=\"Marko Maunula\" \/>\n<meta name=\"twitter:card\" content=\"summary_large_image\" \/>\n<meta name=\"twitter:label1\" content=\"Written by\" \/>\n\t<meta name=\"twitter:data1\" content=\"Marko Maunula\" \/>\n\t<meta name=\"twitter:label2\" content=\"Est. reading time\" \/>\n\t<meta name=\"twitter:data2\" content=\"2 minuuttia\" \/>\n<script type=\"application\/ld+json\" class=\"yoast-schema-graph\">{\"@context\":\"https:\/\/schema.org\",\"@graph\":[{\"@type\":\"WebPage\",\"@id\":\"https:\/\/suomenkuvalehti.fi\/americana\/kingin-lapset-rahastavat-isansa-nimella\/\",\"url\":\"https:\/\/suomenkuvalehti.fi\/americana\/kingin-lapset-rahastavat-isansa-nimella\/\",\"name\":\"Kingin lapset rahastavat is\u00e4ns\u00e4 nimell\u00e4 - Americana\",\"isPartOf\":{\"@id\":\"https:\/\/suomenkuvalehti.fi\/americana\/#website\"},\"datePublished\":\"2009-04-20T10:32:34+00:00\",\"dateModified\":\"2013-11-30T14:23:02+00:00\",\"author\":{\"@id\":\"https:\/\/suomenkuvalehti.fi\/americana\/#\/schema\/person\/12d514491cb37506bc39c8e10176c3ec\"},\"breadcrumb\":{\"@id\":\"https:\/\/suomenkuvalehti.fi\/americana\/kingin-lapset-rahastavat-isansa-nimella\/#breadcrumb\"},\"inLanguage\":\"fi\",\"potentialAction\":[{\"@type\":\"ReadAction\",\"target\":[\"https:\/\/suomenkuvalehti.fi\/americana\/kingin-lapset-rahastavat-isansa-nimella\/\"]}]},{\"@type\":\"BreadcrumbList\",\"@id\":\"https:\/\/suomenkuvalehti.fi\/americana\/kingin-lapset-rahastavat-isansa-nimella\/#breadcrumb\",\"itemListElement\":[{\"@type\":\"ListItem\",\"position\":1,\"name\":\"Home\",\"item\":\"https:\/\/suomenkuvalehti.fi\/americana\/\"},{\"@type\":\"ListItem\",\"position\":2,\"name\":\"Kingin lapset rahastavat is\u00e4ns\u00e4 nimell\u00e4\"}]},{\"@type\":\"WebSite\",\"@id\":\"https:\/\/suomenkuvalehti.fi\/americana\/#website\",\"url\":\"https:\/\/suomenkuvalehti.fi\/americana\/\",\"name\":\"Americana\",\"description\":\"Professori Marko Maunula seuraa USA:n politiikkaa ja populaarikulttuuria\",\"potentialAction\":[{\"@type\":\"SearchAction\",\"target\":{\"@type\":\"EntryPoint\",\"urlTemplate\":\"https:\/\/suomenkuvalehti.fi\/haku\/?q={search_term_string}\"},\"query-input\":{\"@type\":\"PropertyValueSpecification\",\"valueRequired\":true,\"valueName\":\"search_term_string\"}}],\"inLanguage\":\"fi\"},{\"@type\":\"Person\",\"@id\":\"https:\/\/suomenkuvalehti.fi\/americana\/#\/schema\/person\/12d514491cb37506bc39c8e10176c3ec\",\"name\":\"Marko Maunula\",\"image\":{\"@type\":\"ImageObject\",\"inLanguage\":\"fi\",\"@id\":\"https:\/\/suomenkuvalehti.fi\/americana\/#\/schema\/person\/image\/\",\"url\":\"https:\/\/suomenkuvalehti.fi\/americana\/wp-content\/uploads\/sites\/10\/2022\/04\/americana_maunula-150x150.jpg\",\"contentUrl\":\"https:\/\/suomenkuvalehti.fi\/americana\/wp-content\/uploads\/sites\/10\/2022\/04\/americana_maunula-150x150.jpg\",\"caption\":\"Marko Maunula\"},\"description\":\"Kirjoittaja on Yhdysvaltain historian professori Atlantassa.\"}]}<\/script>\n<!-- \/ Yoast SEO plugin. -->","yoast_head_json":{"title":"Kingin lapset rahastavat is\u00e4ns\u00e4 nimell\u00e4 - Americana","robots":{"index":"noindex","follow":"follow"},"og_locale":"fi_FI","og_type":"article","og_title":"Kingin lapset rahastavat is\u00e4ns\u00e4 nimell\u00e4 - Americana","og_description":"Joskus omenat putoavat kauas puusta. Ja vieriv\u00e4t viel\u00e4 kauemmaksi. Martin Luther King, Jr:n j\u00e4lkel\u00e4iset jatkavat edelleen is\u00e4ns\u00e4 haudan ry\u00f6st\u00e4mist\u00e4. Kun James Earl Ray ampui Kingin 41. vuotta sitten, Kingin nelj\u00e4 lasta olivat 5-12 vuotiaita. Lapset joutuivat varttumaan tragedian ja edesme&hellip;","og_url":"https:\/\/suomenkuvalehti.fi\/americana\/kingin-lapset-rahastavat-isansa-nimella\/","og_site_name":"Americana","article_published_time":"2009-04-20T10:32:34+00:00","article_modified_time":"2013-11-30T14:23:02+00:00","og_image":[{"width":2560,"height":1706,"url":"https:\/\/suomenkuvalehti.fi\/americana\/wp-content\/uploads\/sites\/10\/2022\/04\/americana_maunula-scaled.jpg","type":"image\/jpeg"}],"author":"Marko Maunula","twitter_card":"summary_large_image","twitter_misc":{"Written by":"Marko Maunula","Est. reading time":"2 minuuttia"},"schema":{"@context":"https:\/\/schema.org","@graph":[{"@type":"WebPage","@id":"https:\/\/suomenkuvalehti.fi\/americana\/kingin-lapset-rahastavat-isansa-nimella\/","url":"https:\/\/suomenkuvalehti.fi\/americana\/kingin-lapset-rahastavat-isansa-nimella\/","name":"Kingin lapset rahastavat is\u00e4ns\u00e4 nimell\u00e4 - Americana","isPartOf":{"@id":"https:\/\/suomenkuvalehti.fi\/americana\/#website"},"datePublished":"2009-04-20T10:32:34+00:00","dateModified":"2013-11-30T14:23:02+00:00","author":{"@id":"https:\/\/suomenkuvalehti.fi\/americana\/#\/schema\/person\/12d514491cb37506bc39c8e10176c3ec"},"breadcrumb":{"@id":"https:\/\/suomenkuvalehti.fi\/americana\/kingin-lapset-rahastavat-isansa-nimella\/#breadcrumb"},"inLanguage":"fi","potentialAction":[{"@type":"ReadAction","target":["https:\/\/suomenkuvalehti.fi\/americana\/kingin-lapset-rahastavat-isansa-nimella\/"]}]},{"@type":"BreadcrumbList","@id":"https:\/\/suomenkuvalehti.fi\/americana\/kingin-lapset-rahastavat-isansa-nimella\/#breadcrumb","itemListElement":[{"@type":"ListItem","position":1,"name":"Home","item":"https:\/\/suomenkuvalehti.fi\/americana\/"},{"@type":"ListItem","position":2,"name":"Kingin lapset rahastavat is\u00e4ns\u00e4 nimell\u00e4"}]},{"@type":"WebSite","@id":"https:\/\/suomenkuvalehti.fi\/americana\/#website","url":"https:\/\/suomenkuvalehti.fi\/americana\/","name":"Americana","description":"Professori Marko Maunula seuraa USA:n politiikkaa ja populaarikulttuuria","potentialAction":[{"@type":"SearchAction","target":{"@type":"EntryPoint","urlTemplate":"https:\/\/suomenkuvalehti.fi\/haku\/?q={search_term_string}"},"query-input":{"@type":"PropertyValueSpecification","valueRequired":true,"valueName":"search_term_string"}}],"inLanguage":"fi"},{"@type":"Person","@id":"https:\/\/suomenkuvalehti.fi\/americana\/#\/schema\/person\/12d514491cb37506bc39c8e10176c3ec","name":"Marko Maunula","image":{"@type":"ImageObject","inLanguage":"fi","@id":"https:\/\/suomenkuvalehti.fi\/americana\/#\/schema\/person\/image\/","url":"https:\/\/suomenkuvalehti.fi\/americana\/wp-content\/uploads\/sites\/10\/2022\/04\/americana_maunula-150x150.jpg","contentUrl":"https:\/\/suomenkuvalehti.fi\/americana\/wp-content\/uploads\/sites\/10\/2022\/04\/americana_maunula-150x150.jpg","caption":"Marko Maunula"},"description":"Kirjoittaja on Yhdysvaltain historian professori Atlantassa."}]}},"_links":{"self":[{"href":"https:\/\/suomenkuvalehti.fi\/americana\/wp-json\/wp\/v2\/posts\/793","targetHints":{"allow":["GET"]}}],"collection":[{"href":"https:\/\/suomenkuvalehti.fi\/americana\/wp-json\/wp\/v2\/posts"}],"about":[{"href":"https:\/\/suomenkuvalehti.fi\/americana\/wp-json\/wp\/v2\/types\/post"}],"author":[{"embeddable":true,"href":"https:\/\/suomenkuvalehti.fi\/americana\/wp-json\/wp\/v2\/users\/158"}],"replies":[{"embeddable":true,"href":"https:\/\/suomenkuvalehti.fi\/americana\/wp-json\/wp\/v2\/comments?post=793"}],"version-history":[{"count":1,"href":"https:\/\/suomenkuvalehti.fi\/americana\/wp-json\/wp\/v2\/posts\/793\/revisions"}],"predecessor-version":[{"id":1396,"href":"https:\/\/suomenkuvalehti.fi\/americana\/wp-json\/wp\/v2\/posts\/793\/revisions\/1396"}],"wp:attachment":[{"href":"https:\/\/suomenkuvalehti.fi\/americana\/wp-json\/wp\/v2\/media?parent=793"}],"wp:term":[{"taxonomy":"category","embeddable":true,"href":"https:\/\/suomenkuvalehti.fi\/americana\/wp-json\/wp\/v2\/categories?post=793"},{"taxonomy":"post_tag","embeddable":true,"href":"https:\/\/suomenkuvalehti.fi\/americana\/wp-json\/wp\/v2\/tags?post=793"}],"curies":[{"name":"wp","href":"https:\/\/api.w.org\/{rel}","templated":true}]}}