{"id":791,"date":"2009-04-23T18:20:11","date_gmt":"2009-04-23T15:20:11","guid":{"rendered":"https:\/\/suomenkuvalehti.fi\/americana\/kiduttajat-karajille-vai-ei\/"},"modified":"2013-11-30T16:23:02","modified_gmt":"2013-11-30T14:23:02","slug":"kiduttajat-karajille-vai-ei","status":"publish","type":"post","link":"https:\/\/suomenkuvalehti.fi\/americana\/kiduttajat-karajille-vai-ei\/","title":{"rendered":"Kiduttajat: k\u00e4r\u00e4jille vai ei?"},"content":{"rendered":"\n<p>Kidutuskeskustelu velloo Yhdysvalloissa. Poliittinen vasemmisto haluaa kidutuksesta vastaavia politiikkoja leiv\u00e4ttom\u00e4n p\u00f6yd\u00e4n \u00e4\u00e4reen. T\u00e4m\u00e4 on huono idea.<\/p>\n\n\n\n<p>Uusimmat paljastukset osoittavat, ett\u00e4 ulkoministeri Condoleezza Rice hyv\u00e4ksyi vesikidutuksen Abu Zubaydahin kuulusteluissa vuonna 2002. The Huffington Postissa julkaistujen <a href=\"http:\/\/www.huffingtonpost.com\/2009\/04\/22\/condoleezza-rice-cheney-a_n_190340.html\">kirjoitusten mukaan<\/a> Bushin hallinto k\u00e4vi keskustelua vesikidutuksesta korkealla tasolla, mukaanlukien oikeusministerit <strong>John Ashcroft<\/strong> sek\u00e4 <strong>Alberto Gonzales<\/strong>.<\/p>\n\n\n\n<p>Uutiset ovat nostaneet kidutuksen takaisin otsikoihin ja poliittiseen debattiin. Monet vasemmistossa haluavat kansakunnan tekev\u00e4n lopullisen pes\u00e4nselvityksen kidutuksen kanssa. Asia p\u00f6yd\u00e4lle, osalliset esiin, ja syylliset tuomiolle.<\/p>\n\n\n\n<p>Oikeisto on valtaosin keskittynyt Bushin hallinnon menetelmien puolustukseen, kidutuksen v\u00e4h\u00e4ttelyyn, tai olemaan hiljaa. He pelk\u00e4\u00e4v\u00e4t kidutuskeskustelun <a href=\"http:\/\/campaignspot.nationalreview.com\/\">murentavan CIA:n moraalia<\/a> sek\u00e4 pilaavan monen uskollisen maansa palvelijan maineen, jotka toimivat joko muiden komennosta tai omasta parhaasta uskostaan.<\/p>\n\n\n\n<p>Blogistin subjektiivisest\u00e4 mielest\u00e4 kidutuksen oikeusk\u00e4sittelyt olisivat melko turhaa poliittista sirkusta. Mink\u00e4 tason operoijat pit\u00e4isi vet\u00e4\u00e4 oikeudelliseen vastuuseen? Bushin hallinto? CIA:n johto? Itse kiduttajat?<\/p>\n\n\n\n<p>Amerikkalaisilla on paha tapa vaatia p\u00e4it\u00e4 vadille ep\u00e4onnistumisten j\u00e4lkeen. He yksil\u00f6iv\u00e4t rikokset tai ep\u00e4onnistujat. Syyllisyys henkil\u00f6id\u00e4\u00e4n yhteen yksil\u00f6\u00f6n tai ryhmittym\u00e4\u00e4n. Aikaisemmassa Abu Ghraibin kidutusskandaalissakin v\u00e4\u00e4rink\u00e4yt\u00f6kset sys\u00e4ttiin muutaman alemman tason operoijan niskaan.<\/p>\n\n\n\n<p>Vesikidutus hyv\u00e4ksyttiin korkeimmalla tasolla. Mik\u00e4li saamme <strong>Dick Cheneyn<\/strong> ja <strong>Condi Ricen<\/strong> syyteeseen, kannatan aiheen oikeusk\u00e4sittely\u00e4. Muutaman alemman tason operoijan tuomitseva k\u00e4r\u00e4j\u00e4sirkus ei ratkaise mit\u00e4\u00e4n.<\/p>\n\n\n\n<p><em>Soundtrack: Elliott Smith, Angeles.<\/em><\/p>\n\n\n","protected":false},"excerpt":{"rendered":"<p>Kidutuskeskustelu velloo Yhdysvalloissa. Poliittinen vasemmisto haluaa kidutuksesta vastaavia politiikkoja leiv\u00e4ttom\u00e4n p\u00f6yd\u00e4n \u00e4\u00e4reen. T\u00e4m\u00e4 on huono idea. Uusimmat paljastukset osoittavat, ett\u00e4 ulkoministeri Condoleezza Rice hyv\u00e4ksyi vesikidutuksen Abu Zubaydahin kuulusteluissa vuonna 2002.<br \/>\nThe Huffi&hellip;<\/p>\n","protected":false},"author":158,"featured_media":0,"comment_status":"open","ping_status":"open","sticky":false,"template":"","format":"standard","meta":{"_acf_changed":false,"asauth_required_access_level":0,"asauth_cansharepaid":"","om_header_attributes":[],"footnotes":"","om_featured_image_focal_point":[],"om_primary_tag":0,"om_contributors":[],"om_co_authors":[],"beyondwords_generate_audio":"","beyondwords_project_id":"","beyondwords_content_id":"","beyondwords_preview_token":"","beyondwords_player_content":"","beyondwords_player_style":"","beyondwords_language_code":"","beyondwords_language_id":"","beyondwords_title_voice_id":"","beyondwords_body_voice_id":"","beyondwords_summary_voice_id":"","beyondwords_error_message":"","beyondwords_disabled":"","beyondwords_delete_content":"","beyondwords_podcast_id":"","beyondwords_hash":"","publish_post_to_speechkit":"","speechkit_hash":"","speechkit_generate_audio":"","speechkit_project_id":"","speechkit_podcast_id":"","speechkit_error_message":"","speechkit_disabled":"","speechkit_access_key":"","speechkit_error":"","speechkit_info":"","speechkit_response":"","speechkit_retries":"","speechkit_status":"","speechkit_updated_at":"","_speechkit_link":"","_speechkit_text":""},"categories":[1],"tags":[1430,924,1429],"class_list":["post-791","post","type-post","status-publish","format-standard","hentry","category-americana","tag-condoleezza-rice","tag-dick-cheney","tag-vesikidutus"],"om_views":null,"acf":{"tuuma_off":false,"tuuma_kysymys":"","tuuma_vastaus":""},"asauth":{"required_access_level":1,"share_token":"","is_paid":false},"yoast_head":"<!-- This site is optimized with the Yoast SEO plugin v26.4 - https:\/\/yoast.com\/wordpress\/plugins\/seo\/ -->\n<title>Kiduttajat: k\u00e4r\u00e4jille vai ei? - Americana<\/title>\n<meta name=\"robots\" content=\"noindex, follow\" \/>\n<meta property=\"og:locale\" content=\"fi_FI\" \/>\n<meta property=\"og:type\" content=\"article\" \/>\n<meta property=\"og:title\" content=\"Kiduttajat: k\u00e4r\u00e4jille vai ei? - Americana\" \/>\n<meta property=\"og:description\" content=\"Kidutuskeskustelu velloo Yhdysvalloissa. Poliittinen vasemmisto haluaa kidutuksesta vastaavia politiikkoja leiv\u00e4ttom\u00e4n p\u00f6yd\u00e4n \u00e4\u00e4reen. T\u00e4m\u00e4 on huono idea. Uusimmat paljastukset osoittavat, ett\u00e4 ulkoministeri Condoleezza Rice hyv\u00e4ksyi vesikidutuksen Abu Zubaydahin kuulusteluissa vuonna 2002. The Huffi&hellip;\" \/>\n<meta property=\"og:url\" content=\"https:\/\/suomenkuvalehti.fi\/americana\/kiduttajat-karajille-vai-ei\/\" \/>\n<meta property=\"og:site_name\" content=\"Americana\" \/>\n<meta property=\"article:published_time\" content=\"2009-04-23T15:20:11+00:00\" \/>\n<meta property=\"article:modified_time\" content=\"2013-11-30T14:23:02+00:00\" \/>\n<meta property=\"og:image\" content=\"https:\/\/suomenkuvalehti.fi\/americana\/wp-content\/uploads\/sites\/10\/2022\/04\/americana_maunula-scaled.jpg\" \/>\n\t<meta property=\"og:image:width\" content=\"2560\" \/>\n\t<meta property=\"og:image:height\" content=\"1706\" \/>\n\t<meta property=\"og:image:type\" content=\"image\/jpeg\" \/>\n<meta name=\"author\" content=\"Marko Maunula\" \/>\n<meta name=\"twitter:card\" content=\"summary_large_image\" \/>\n<meta name=\"twitter:label1\" content=\"Written by\" \/>\n\t<meta name=\"twitter:data1\" content=\"Marko Maunula\" \/>\n\t<meta name=\"twitter:label2\" content=\"Est. reading time\" \/>\n\t<meta name=\"twitter:data2\" content=\"1 minuutti\" \/>\n<script type=\"application\/ld+json\" class=\"yoast-schema-graph\">{\"@context\":\"https:\/\/schema.org\",\"@graph\":[{\"@type\":\"WebPage\",\"@id\":\"https:\/\/suomenkuvalehti.fi\/americana\/kiduttajat-karajille-vai-ei\/\",\"url\":\"https:\/\/suomenkuvalehti.fi\/americana\/kiduttajat-karajille-vai-ei\/\",\"name\":\"Kiduttajat: k\u00e4r\u00e4jille vai ei? - Americana\",\"isPartOf\":{\"@id\":\"https:\/\/suomenkuvalehti.fi\/americana\/#website\"},\"datePublished\":\"2009-04-23T15:20:11+00:00\",\"dateModified\":\"2013-11-30T14:23:02+00:00\",\"author\":{\"@id\":\"https:\/\/suomenkuvalehti.fi\/americana\/#\/schema\/person\/12d514491cb37506bc39c8e10176c3ec\"},\"breadcrumb\":{\"@id\":\"https:\/\/suomenkuvalehti.fi\/americana\/kiduttajat-karajille-vai-ei\/#breadcrumb\"},\"inLanguage\":\"fi\",\"potentialAction\":[{\"@type\":\"ReadAction\",\"target\":[\"https:\/\/suomenkuvalehti.fi\/americana\/kiduttajat-karajille-vai-ei\/\"]}]},{\"@type\":\"BreadcrumbList\",\"@id\":\"https:\/\/suomenkuvalehti.fi\/americana\/kiduttajat-karajille-vai-ei\/#breadcrumb\",\"itemListElement\":[{\"@type\":\"ListItem\",\"position\":1,\"name\":\"Home\",\"item\":\"https:\/\/suomenkuvalehti.fi\/americana\/\"},{\"@type\":\"ListItem\",\"position\":2,\"name\":\"Kiduttajat: k\u00e4r\u00e4jille vai ei?\"}]},{\"@type\":\"WebSite\",\"@id\":\"https:\/\/suomenkuvalehti.fi\/americana\/#website\",\"url\":\"https:\/\/suomenkuvalehti.fi\/americana\/\",\"name\":\"Americana\",\"description\":\"Professori Marko Maunula seuraa USA:n politiikkaa ja populaarikulttuuria\",\"potentialAction\":[{\"@type\":\"SearchAction\",\"target\":{\"@type\":\"EntryPoint\",\"urlTemplate\":\"https:\/\/suomenkuvalehti.fi\/haku\/?q={search_term_string}\"},\"query-input\":{\"@type\":\"PropertyValueSpecification\",\"valueRequired\":true,\"valueName\":\"search_term_string\"}}],\"inLanguage\":\"fi\"},{\"@type\":\"Person\",\"@id\":\"https:\/\/suomenkuvalehti.fi\/americana\/#\/schema\/person\/12d514491cb37506bc39c8e10176c3ec\",\"name\":\"Marko Maunula\",\"image\":{\"@type\":\"ImageObject\",\"inLanguage\":\"fi\",\"@id\":\"https:\/\/suomenkuvalehti.fi\/americana\/#\/schema\/person\/image\/\",\"url\":\"https:\/\/suomenkuvalehti.fi\/americana\/wp-content\/uploads\/sites\/10\/2022\/04\/americana_maunula-150x150.jpg\",\"contentUrl\":\"https:\/\/suomenkuvalehti.fi\/americana\/wp-content\/uploads\/sites\/10\/2022\/04\/americana_maunula-150x150.jpg\",\"caption\":\"Marko Maunula\"},\"description\":\"Kirjoittaja on Yhdysvaltain historian professori Atlantassa.\"}]}<\/script>\n<!-- \/ Yoast SEO plugin. -->","yoast_head_json":{"title":"Kiduttajat: k\u00e4r\u00e4jille vai ei? - Americana","robots":{"index":"noindex","follow":"follow"},"og_locale":"fi_FI","og_type":"article","og_title":"Kiduttajat: k\u00e4r\u00e4jille vai ei? - Americana","og_description":"Kidutuskeskustelu velloo Yhdysvalloissa. Poliittinen vasemmisto haluaa kidutuksesta vastaavia politiikkoja leiv\u00e4ttom\u00e4n p\u00f6yd\u00e4n \u00e4\u00e4reen. T\u00e4m\u00e4 on huono idea. Uusimmat paljastukset osoittavat, ett\u00e4 ulkoministeri Condoleezza Rice hyv\u00e4ksyi vesikidutuksen Abu Zubaydahin kuulusteluissa vuonna 2002. The Huffi&hellip;","og_url":"https:\/\/suomenkuvalehti.fi\/americana\/kiduttajat-karajille-vai-ei\/","og_site_name":"Americana","article_published_time":"2009-04-23T15:20:11+00:00","article_modified_time":"2013-11-30T14:23:02+00:00","og_image":[{"width":2560,"height":1706,"url":"https:\/\/suomenkuvalehti.fi\/americana\/wp-content\/uploads\/sites\/10\/2022\/04\/americana_maunula-scaled.jpg","type":"image\/jpeg"}],"author":"Marko Maunula","twitter_card":"summary_large_image","twitter_misc":{"Written by":"Marko Maunula","Est. reading time":"1 minuutti"},"schema":{"@context":"https:\/\/schema.org","@graph":[{"@type":"WebPage","@id":"https:\/\/suomenkuvalehti.fi\/americana\/kiduttajat-karajille-vai-ei\/","url":"https:\/\/suomenkuvalehti.fi\/americana\/kiduttajat-karajille-vai-ei\/","name":"Kiduttajat: k\u00e4r\u00e4jille vai ei? - Americana","isPartOf":{"@id":"https:\/\/suomenkuvalehti.fi\/americana\/#website"},"datePublished":"2009-04-23T15:20:11+00:00","dateModified":"2013-11-30T14:23:02+00:00","author":{"@id":"https:\/\/suomenkuvalehti.fi\/americana\/#\/schema\/person\/12d514491cb37506bc39c8e10176c3ec"},"breadcrumb":{"@id":"https:\/\/suomenkuvalehti.fi\/americana\/kiduttajat-karajille-vai-ei\/#breadcrumb"},"inLanguage":"fi","potentialAction":[{"@type":"ReadAction","target":["https:\/\/suomenkuvalehti.fi\/americana\/kiduttajat-karajille-vai-ei\/"]}]},{"@type":"BreadcrumbList","@id":"https:\/\/suomenkuvalehti.fi\/americana\/kiduttajat-karajille-vai-ei\/#breadcrumb","itemListElement":[{"@type":"ListItem","position":1,"name":"Home","item":"https:\/\/suomenkuvalehti.fi\/americana\/"},{"@type":"ListItem","position":2,"name":"Kiduttajat: k\u00e4r\u00e4jille vai ei?"}]},{"@type":"WebSite","@id":"https:\/\/suomenkuvalehti.fi\/americana\/#website","url":"https:\/\/suomenkuvalehti.fi\/americana\/","name":"Americana","description":"Professori Marko Maunula seuraa USA:n politiikkaa ja populaarikulttuuria","potentialAction":[{"@type":"SearchAction","target":{"@type":"EntryPoint","urlTemplate":"https:\/\/suomenkuvalehti.fi\/haku\/?q={search_term_string}"},"query-input":{"@type":"PropertyValueSpecification","valueRequired":true,"valueName":"search_term_string"}}],"inLanguage":"fi"},{"@type":"Person","@id":"https:\/\/suomenkuvalehti.fi\/americana\/#\/schema\/person\/12d514491cb37506bc39c8e10176c3ec","name":"Marko Maunula","image":{"@type":"ImageObject","inLanguage":"fi","@id":"https:\/\/suomenkuvalehti.fi\/americana\/#\/schema\/person\/image\/","url":"https:\/\/suomenkuvalehti.fi\/americana\/wp-content\/uploads\/sites\/10\/2022\/04\/americana_maunula-150x150.jpg","contentUrl":"https:\/\/suomenkuvalehti.fi\/americana\/wp-content\/uploads\/sites\/10\/2022\/04\/americana_maunula-150x150.jpg","caption":"Marko Maunula"},"description":"Kirjoittaja on Yhdysvaltain historian professori Atlantassa."}]}},"_links":{"self":[{"href":"https:\/\/suomenkuvalehti.fi\/americana\/wp-json\/wp\/v2\/posts\/791","targetHints":{"allow":["GET"]}}],"collection":[{"href":"https:\/\/suomenkuvalehti.fi\/americana\/wp-json\/wp\/v2\/posts"}],"about":[{"href":"https:\/\/suomenkuvalehti.fi\/americana\/wp-json\/wp\/v2\/types\/post"}],"author":[{"embeddable":true,"href":"https:\/\/suomenkuvalehti.fi\/americana\/wp-json\/wp\/v2\/users\/158"}],"replies":[{"embeddable":true,"href":"https:\/\/suomenkuvalehti.fi\/americana\/wp-json\/wp\/v2\/comments?post=791"}],"version-history":[{"count":1,"href":"https:\/\/suomenkuvalehti.fi\/americana\/wp-json\/wp\/v2\/posts\/791\/revisions"}],"predecessor-version":[{"id":1394,"href":"https:\/\/suomenkuvalehti.fi\/americana\/wp-json\/wp\/v2\/posts\/791\/revisions\/1394"}],"wp:attachment":[{"href":"https:\/\/suomenkuvalehti.fi\/americana\/wp-json\/wp\/v2\/media?parent=791"}],"wp:term":[{"taxonomy":"category","embeddable":true,"href":"https:\/\/suomenkuvalehti.fi\/americana\/wp-json\/wp\/v2\/categories?post=791"},{"taxonomy":"post_tag","embeddable":true,"href":"https:\/\/suomenkuvalehti.fi\/americana\/wp-json\/wp\/v2\/tags?post=791"}],"curies":[{"name":"wp","href":"https:\/\/api.w.org\/{rel}","templated":true}]}}