{"id":7752,"date":"2024-12-27T17:29:17","date_gmt":"2024-12-27T15:29:17","guid":{"rendered":"https:\/\/suomenkuvalehti.fi\/americana\/?p=7752"},"modified":"2024-12-27T17:29:18","modified_gmt":"2024-12-27T15:29:18","slug":"donald-trump-ja-ulkopolitiikan-uusjako-eurooppalaisen-on-aika-havahtua-perustavanlaatuisiin-muutoksiin","status":"publish","type":"post","link":"https:\/\/suomenkuvalehti.fi\/americana\/donald-trump-ja-ulkopolitiikan-uusjako-eurooppalaisen-on-aika-havahtua-perustavanlaatuisiin-muutoksiin\/","title":{"rendered":"Donald Trump ja ulko&shy;politiikan uusjako: eurooppalaisen on aika havahtua perustavan&shy;laatuisiin muutoksiin"},"content":{"rendered":"\n<p><span class=\"capitalized\">Yhdysvaltojen<\/span> tulevan presidentin kommentit ulkopolitiikasta ja valinnat suurl\u00e4hettil\u00e4iksi osoittavat, ett\u00e4 <strong>Donald Trump<\/strong> haluaa sekoittaa pakkaa. Ne my\u00f6s vihjaavat muutoksista amerikkalaisessa ulkopolitiikassa.<\/p>\n\n\n\n<p>Viimeksi joulup\u00e4iv\u00e4n\u00e4 Trump kirjoitti halustaan tuoda Gr\u00f6nlanti, Kanada, ja Panaman kanava joko <a href=\"https:\/\/www.nbcnews.com\/politics\/donald-trump\/trump-takes-aim-canada-greenland-panama-canal-christmas-day-posts-rcna185416\">osaksi Yhdysvaltoja tai maan kontrollin alle<\/a>. H\u00e4n kutsui Kanadan p\u00e4\u00e4ministeri\u00e4 <strong>Justin Trudeauta<\/strong> kuvern\u00f6\u00f6riksi ja sanoi, kuinka Kanadassa verot laskisivat, maa vaurastuisi ja sen turvallisuus paranisi, jos se vain olisi osa Yhdysvaltoja.<\/p>\n\n\n\n<p>Panamasta puhuessaan Trump valitti kiinalaisten l\u00e4sn\u00e4oloa, amerikkalaisten roolia kanavan maksumiehen\u00e4 ja p\u00e4\u00e4t\u00f6svallan puutetta. Gr\u00f6nlannin hallinta puolestaan vahvistaisi Yhdysvaltojen turvallisuutta.<\/p>\n\n\n\n<p><\/p>\n\n\n\n<p><span class=\"capitalized\">Diplomaattisella<\/span> rintamalla Trump on nimitt\u00e4nyt ex-jalkapallot\u00e4hti <strong>Herschel Walkerin <\/strong>Yhdysvaltojen Bahaman suurl\u00e4hettil\u00e4\u00e4ksi. Walkerin poliittinen kokemus rajoittuu tappioon Georgian senaattorinvaaleissa.<\/p>\n\n\n\n<p>Trumpin v\u00e4vyn <strong>Jared Kushnerin<\/strong> is\u00e4 <strong>Charles Kushner<\/strong> on Yhdysvaltojen seuraava Ranskan suurl\u00e4hettil\u00e4s. Trump armahti lukuisista talous- ja muista rikoksista tuomitun Charles Kushnerin vuonna 2020.<\/p>\n\n\n\n<p><strong>Kimberly Guilfoyle<\/strong>, <strong>Donald Trump Juniorin<\/strong> entinen kihlattu, edustaa pian Yhdysvaltoja Kreikassa. Useimmat muutkin nimitykset suurl\u00e4hettil\u00e4iksi ovat <a href=\"https:\/\/nymag.com\/intelligencer\/article\/trump-ambassador-picks-list.html\">menneet Trumpin tukijoille ja tuttaville<\/a>.<\/p>\n\n\n\n<p><\/p>\n\n\n\n<p><span class=\"capitalized\">Nimitykset<\/span> eiv\u00e4t ole t\u00e4ysin poikkeuksellisia amerikkalaisessa historiassa. Toisin kuin esimerkiksi Suomessa, jossa suurl\u00e4hettil\u00e4\u00e4t tulevat kokeneiden ja koulutettujen ammattidiplomaattien kaartista, Yhdysvalloissa nimitykset menev\u00e4t usein presidenttien poliittisille ja taloudellisille tukijoille.<\/p>\n\n\n\n<p>Huomiota her\u00e4tt\u00e4\u00e4 silti se, kuinka iso osa nimityksist\u00e4 menee ihmisille, joilla ei ole mit\u00e4\u00e4n kokemusta julkisesta sektorista, puhumattakaan diplomatiasta. Olisin yll\u00e4ttynyt, jos Walker osaisi n\u00e4ytt\u00e4\u00e4 kartalta Bahaman sijainnin.<\/p>\n\n\n\n<p>Nimitykset ovat hyvin trumpilainen kuittailu <em>establishmentille<\/em>, etunen\u00e4ss\u00e4 ulkoministeri\u00f6lle. Ne heijastavat Trumpin ep\u00e4luuloa ja halveksuntaa hallinnon ammattilaisia ja Washingtonin virkamiesluokkaa kohtaan.<\/p>\n\n\n\n<p><\/p>\n\n\n\n<p><span class=\"capitalized\">Viittaukset<\/span> Kanadan, Panaman, ja Gr\u00f6nlannin tulevaisuudesta ovat osin provokaatioista nauttivan miehen pyrkimyksi\u00e4 saada maailma puhumaan h\u00e4nest\u00e4. Ne kuitenkin my\u00f6s vihjaavat uuden aikakauden sarastuksesta amerikkalaisessa ulkopolitiikassa.<\/p>\n\n\n\n<p>Jos maailma on luisumassa Ven\u00e4j\u00e4n ja Kiinan haikailemaan geopoliittiseen uusjakoon, jossa suurvallat piirtelev\u00e4t etupiirej\u00e4\u00e4n kuin <a href=\"https:\/\/fi.wikipedia.org\/wiki\/Berliinin_konferenssi_(1884)\">Berliiniss\u00e4 1884\u20131885 konsanaan<\/a>, Trump ei halua toimia poliisina. H\u00e4n ei halua olla est\u00e4m\u00e4ss\u00e4 suvereenien valtioiden pilkkomista, vaan pelata pelurina muiden mukana.<\/p>\n\n\n\n<p>Trumpin ep\u00e4luulo Natoa ja toisen maailmansodan j\u00e4lkeist\u00e4 l\u00e4nsiliittoutumaa kohtaan on yleisess\u00e4 tiedossa. H\u00e4n n\u00e4kee maailman ennemminkin voimakkaiden johtajien ja valtioiden toimintakentt\u00e4n\u00e4, kahdenv\u00e4listen neuvottelujen ja sopimusten m\u00e4\u00e4rittelem\u00e4n\u00e4 verkostona.<\/p>\n\n\n\n<p><\/p>\n\n\n\n<p><span class=\"capitalized\">Politiikka<\/span> on Trumpille neuvottelua ja nollasummapeli\u00e4. Muu l\u00e4nsi on Trumpin maailmankatsomuksessa pelannut sit\u00e4 paremmin kuin Yhdysvallat, ja h\u00e4n n\u00e4kee teht\u00e4v\u00e4kseen tilien tasaamisen. T\u00e4lle missiolle olemassa olevien instituutioiden ja sopimusten merkitys on joko neutraali tai kielteinen.<\/p>\n\n\n\n<p>Euroopan on syyt\u00e4 havahtua perustavanlaatuisiin muutoksiin amerikkalaisessa ulkopoliittisessa ajattelussa. Optimistisen hidastelun aika on ohi. Trumpin totaalinen ote republikaanisesta puolueesta antaa viitteit\u00e4 ulkopoliittisen muutoksen pysyvyydest\u00e4 vuoden 2028 j\u00e4lkeenkin.<\/p>\n\n\n\n<p>Suurl\u00e4hettil\u00e4s-nimitykset kertovat my\u00f6s Trumpin v\u00e4h\u00e4ttelev\u00e4st\u00e4 suhtautumisesta nykyiseen diplomaattiseen j\u00e4rjestelm\u00e4\u00e4n. Eurooppalaisten on oltava valmiina dramaattisiin mullistuksiin mantereen taloudessa ja turvallisuudessa.<\/p>\n\n\n\n<p><\/p>\n\n\n\n<p><em>Soundtrack: Joe Jackson, Verdict<\/em><\/p>\n\n\n\n<figure class=\"wp-block-embed is-type-video is-provider-youtube wp-block-embed-youtube wp-embed-aspect-4-3 wp-has-aspect-ratio\"><div class=\"wp-block-embed__wrapper\">\n<iframe loading=\"lazy\" title=\"The Verdict\" width=\"472\" height=\"354\" src=\"https:\/\/www.youtube.com\/embed\/1Iqfk0jaJx0?feature=oembed\" frameborder=\"0\" allow=\"accelerometer; autoplay; clipboard-write; encrypted-media; gyroscope; picture-in-picture; web-share\" referrerpolicy=\"strict-origin-when-cross-origin\" allowfullscreen><\/iframe>\n<\/div><\/figure>\n","protected":false},"excerpt":{"rendered":"<p>Eurooppalaisten on oltava valmiina dramaattisiin mullistuksiin mantereen taloudessa ja turvallisuudessa, Yhdysvaltain historian professori Marko Maunula kirjoittaa.<\/p>\n","protected":false},"author":158,"featured_media":0,"comment_status":"open","ping_status":"open","sticky":false,"template":"","format":"standard","meta":{"_acf_changed":false,"asauth_required_access_level":3,"asauth_cansharepaid":"true","om_header_attributes":[],"footnotes":"","om_featured_image_focal_point":[],"om_primary_tag":24,"om_contributors":[],"om_co_authors":[],"beyondwords_generate_audio":"","beyondwords_project_id":"","beyondwords_content_id":"","beyondwords_preview_token":"","beyondwords_player_content":"","beyondwords_player_style":"","beyondwords_language_code":"","beyondwords_language_id":"","beyondwords_title_voice_id":"","beyondwords_body_voice_id":"","beyondwords_summary_voice_id":"","beyondwords_error_message":"","beyondwords_disabled":"","beyondwords_delete_content":"","beyondwords_podcast_id":"","beyondwords_hash":"","publish_post_to_speechkit":"","speechkit_hash":"","speechkit_generate_audio":"","speechkit_project_id":"","speechkit_podcast_id":"","speechkit_error_message":"","speechkit_disabled":"","speechkit_access_key":"","speechkit_error":"","speechkit_info":"","speechkit_response":"","speechkit_retries":"","speechkit_status":"","speechkit_updated_at":"","_speechkit_link":"","_speechkit_text":""},"categories":[1],"tags":[54,586,2133,2480,2481,440,24],"class_list":["post-7752","post","type-post","status-publish","format-standard","hentry","category-americana","tag-diplomatia","tag-donald-trump","tag-gronlanti","tag-kanada","tag-panama","tag-tulevaisuus","tag-yhdysvallat"],"om_views":null,"acf":{"tuuma_off":false,"tuuma_kysymys":"","tuuma_vastaus":""},"asauth":{"required_access_level":1,"share_token":"","is_paid":false},"yoast_head":"<!-- This site is optimized with the Yoast SEO plugin v26.4 - https:\/\/yoast.com\/wordpress\/plugins\/seo\/ -->\n<title>Donald Trump ja ulko&shy;politiikan uusjako: eurooppalaisen on aika havahtua perustavan&shy;laatuisiin muutoksiin - Americana<\/title>\n<meta name=\"robots\" content=\"noindex, follow\" \/>\n<meta property=\"og:locale\" content=\"fi_FI\" \/>\n<meta property=\"og:type\" content=\"article\" \/>\n<meta property=\"og:title\" content=\"Donald Trump ja ulko&shy;politiikan uusjako: eurooppalaisen on aika havahtua perustavan&shy;laatuisiin muutoksiin - Americana\" \/>\n<meta property=\"og:description\" content=\"Eurooppalaisten on oltava valmiina dramaattisiin mullistuksiin mantereen taloudessa ja turvallisuudessa, Yhdysvaltain historian professori Marko Maunula kirjoittaa.\" \/>\n<meta property=\"og:url\" content=\"https:\/\/suomenkuvalehti.fi\/americana\/donald-trump-ja-ulkopolitiikan-uusjako-eurooppalaisen-on-aika-havahtua-perustavanlaatuisiin-muutoksiin\/\" \/>\n<meta property=\"og:site_name\" content=\"Americana\" \/>\n<meta property=\"article:published_time\" content=\"2024-12-27T15:29:17+00:00\" \/>\n<meta property=\"article:modified_time\" content=\"2024-12-27T15:29:18+00:00\" \/>\n<meta property=\"og:image\" content=\"https:\/\/suomenkuvalehti.fi\/americana\/wp-content\/uploads\/sites\/10\/2022\/04\/americana_maunula-scaled.jpg\" \/>\n\t<meta property=\"og:image:width\" content=\"2560\" \/>\n\t<meta property=\"og:image:height\" content=\"1706\" \/>\n\t<meta property=\"og:image:type\" content=\"image\/jpeg\" \/>\n<meta name=\"author\" content=\"Marko Maunula\" \/>\n<meta name=\"twitter:card\" content=\"summary_large_image\" \/>\n<meta name=\"twitter:label1\" content=\"Written by\" \/>\n\t<meta name=\"twitter:data1\" content=\"Marko Maunula\" \/>\n\t<meta name=\"twitter:label2\" content=\"Est. reading time\" \/>\n\t<meta name=\"twitter:data2\" content=\"3 minuuttia\" \/>\n<script type=\"application\/ld+json\" class=\"yoast-schema-graph\">{\"@context\":\"https:\/\/schema.org\",\"@graph\":[{\"@type\":\"WebPage\",\"@id\":\"https:\/\/suomenkuvalehti.fi\/americana\/donald-trump-ja-ulkopolitiikan-uusjako-eurooppalaisen-on-aika-havahtua-perustavanlaatuisiin-muutoksiin\/\",\"url\":\"https:\/\/suomenkuvalehti.fi\/americana\/donald-trump-ja-ulkopolitiikan-uusjako-eurooppalaisen-on-aika-havahtua-perustavanlaatuisiin-muutoksiin\/\",\"name\":\"Donald Trump ja ulko&shy;politiikan uusjako: eurooppalaisen on aika havahtua perustavan&shy;laatuisiin muutoksiin - Americana\",\"isPartOf\":{\"@id\":\"https:\/\/suomenkuvalehti.fi\/americana\/#website\"},\"datePublished\":\"2024-12-27T15:29:17+00:00\",\"dateModified\":\"2024-12-27T15:29:18+00:00\",\"author\":{\"@id\":\"https:\/\/suomenkuvalehti.fi\/americana\/#\/schema\/person\/12d514491cb37506bc39c8e10176c3ec\"},\"breadcrumb\":{\"@id\":\"https:\/\/suomenkuvalehti.fi\/americana\/donald-trump-ja-ulkopolitiikan-uusjako-eurooppalaisen-on-aika-havahtua-perustavanlaatuisiin-muutoksiin\/#breadcrumb\"},\"inLanguage\":\"fi\",\"potentialAction\":[{\"@type\":\"ReadAction\",\"target\":[\"https:\/\/suomenkuvalehti.fi\/americana\/donald-trump-ja-ulkopolitiikan-uusjako-eurooppalaisen-on-aika-havahtua-perustavanlaatuisiin-muutoksiin\/\"]}]},{\"@type\":\"BreadcrumbList\",\"@id\":\"https:\/\/suomenkuvalehti.fi\/americana\/donald-trump-ja-ulkopolitiikan-uusjako-eurooppalaisen-on-aika-havahtua-perustavanlaatuisiin-muutoksiin\/#breadcrumb\",\"itemListElement\":[{\"@type\":\"ListItem\",\"position\":1,\"name\":\"Home\",\"item\":\"https:\/\/suomenkuvalehti.fi\/americana\/\"},{\"@type\":\"ListItem\",\"position\":2,\"name\":\"Donald Trump ja ulko&shy;politiikan uusjako: eurooppalaisen on aika havahtua perustavan&shy;laatuisiin muutoksiin\"}]},{\"@type\":\"WebSite\",\"@id\":\"https:\/\/suomenkuvalehti.fi\/americana\/#website\",\"url\":\"https:\/\/suomenkuvalehti.fi\/americana\/\",\"name\":\"Americana\",\"description\":\"Professori Marko Maunula seuraa USA:n politiikkaa ja populaarikulttuuria\",\"potentialAction\":[{\"@type\":\"SearchAction\",\"target\":{\"@type\":\"EntryPoint\",\"urlTemplate\":\"https:\/\/suomenkuvalehti.fi\/haku\/?q={search_term_string}\"},\"query-input\":{\"@type\":\"PropertyValueSpecification\",\"valueRequired\":true,\"valueName\":\"search_term_string\"}}],\"inLanguage\":\"fi\"},{\"@type\":\"Person\",\"@id\":\"https:\/\/suomenkuvalehti.fi\/americana\/#\/schema\/person\/12d514491cb37506bc39c8e10176c3ec\",\"name\":\"Marko Maunula\",\"image\":{\"@type\":\"ImageObject\",\"inLanguage\":\"fi\",\"@id\":\"https:\/\/suomenkuvalehti.fi\/americana\/#\/schema\/person\/image\/\",\"url\":\"https:\/\/suomenkuvalehti.fi\/americana\/wp-content\/uploads\/sites\/10\/2022\/04\/americana_maunula-150x150.jpg\",\"contentUrl\":\"https:\/\/suomenkuvalehti.fi\/americana\/wp-content\/uploads\/sites\/10\/2022\/04\/americana_maunula-150x150.jpg\",\"caption\":\"Marko Maunula\"},\"description\":\"Kirjoittaja on Yhdysvaltain historian professori Atlantassa.\"}]}<\/script>\n<!-- \/ Yoast SEO plugin. -->","yoast_head_json":{"title":"Donald Trump ja ulko&shy;politiikan uusjako: eurooppalaisen on aika havahtua perustavan&shy;laatuisiin muutoksiin - Americana","robots":{"index":"noindex","follow":"follow"},"og_locale":"fi_FI","og_type":"article","og_title":"Donald Trump ja ulko&shy;politiikan uusjako: eurooppalaisen on aika havahtua perustavan&shy;laatuisiin muutoksiin - Americana","og_description":"Eurooppalaisten on oltava valmiina dramaattisiin mullistuksiin mantereen taloudessa ja turvallisuudessa, Yhdysvaltain historian professori Marko Maunula kirjoittaa.","og_url":"https:\/\/suomenkuvalehti.fi\/americana\/donald-trump-ja-ulkopolitiikan-uusjako-eurooppalaisen-on-aika-havahtua-perustavanlaatuisiin-muutoksiin\/","og_site_name":"Americana","article_published_time":"2024-12-27T15:29:17+00:00","article_modified_time":"2024-12-27T15:29:18+00:00","og_image":[{"width":2560,"height":1706,"url":"https:\/\/suomenkuvalehti.fi\/americana\/wp-content\/uploads\/sites\/10\/2022\/04\/americana_maunula-scaled.jpg","type":"image\/jpeg"}],"author":"Marko Maunula","twitter_card":"summary_large_image","twitter_misc":{"Written by":"Marko Maunula","Est. reading time":"3 minuuttia"},"schema":{"@context":"https:\/\/schema.org","@graph":[{"@type":"WebPage","@id":"https:\/\/suomenkuvalehti.fi\/americana\/donald-trump-ja-ulkopolitiikan-uusjako-eurooppalaisen-on-aika-havahtua-perustavanlaatuisiin-muutoksiin\/","url":"https:\/\/suomenkuvalehti.fi\/americana\/donald-trump-ja-ulkopolitiikan-uusjako-eurooppalaisen-on-aika-havahtua-perustavanlaatuisiin-muutoksiin\/","name":"Donald Trump ja ulko&shy;politiikan uusjako: eurooppalaisen on aika havahtua perustavan&shy;laatuisiin muutoksiin - Americana","isPartOf":{"@id":"https:\/\/suomenkuvalehti.fi\/americana\/#website"},"datePublished":"2024-12-27T15:29:17+00:00","dateModified":"2024-12-27T15:29:18+00:00","author":{"@id":"https:\/\/suomenkuvalehti.fi\/americana\/#\/schema\/person\/12d514491cb37506bc39c8e10176c3ec"},"breadcrumb":{"@id":"https:\/\/suomenkuvalehti.fi\/americana\/donald-trump-ja-ulkopolitiikan-uusjako-eurooppalaisen-on-aika-havahtua-perustavanlaatuisiin-muutoksiin\/#breadcrumb"},"inLanguage":"fi","potentialAction":[{"@type":"ReadAction","target":["https:\/\/suomenkuvalehti.fi\/americana\/donald-trump-ja-ulkopolitiikan-uusjako-eurooppalaisen-on-aika-havahtua-perustavanlaatuisiin-muutoksiin\/"]}]},{"@type":"BreadcrumbList","@id":"https:\/\/suomenkuvalehti.fi\/americana\/donald-trump-ja-ulkopolitiikan-uusjako-eurooppalaisen-on-aika-havahtua-perustavanlaatuisiin-muutoksiin\/#breadcrumb","itemListElement":[{"@type":"ListItem","position":1,"name":"Home","item":"https:\/\/suomenkuvalehti.fi\/americana\/"},{"@type":"ListItem","position":2,"name":"Donald Trump ja ulko&shy;politiikan uusjako: eurooppalaisen on aika havahtua perustavan&shy;laatuisiin muutoksiin"}]},{"@type":"WebSite","@id":"https:\/\/suomenkuvalehti.fi\/americana\/#website","url":"https:\/\/suomenkuvalehti.fi\/americana\/","name":"Americana","description":"Professori Marko Maunula seuraa USA:n politiikkaa ja populaarikulttuuria","potentialAction":[{"@type":"SearchAction","target":{"@type":"EntryPoint","urlTemplate":"https:\/\/suomenkuvalehti.fi\/haku\/?q={search_term_string}"},"query-input":{"@type":"PropertyValueSpecification","valueRequired":true,"valueName":"search_term_string"}}],"inLanguage":"fi"},{"@type":"Person","@id":"https:\/\/suomenkuvalehti.fi\/americana\/#\/schema\/person\/12d514491cb37506bc39c8e10176c3ec","name":"Marko Maunula","image":{"@type":"ImageObject","inLanguage":"fi","@id":"https:\/\/suomenkuvalehti.fi\/americana\/#\/schema\/person\/image\/","url":"https:\/\/suomenkuvalehti.fi\/americana\/wp-content\/uploads\/sites\/10\/2022\/04\/americana_maunula-150x150.jpg","contentUrl":"https:\/\/suomenkuvalehti.fi\/americana\/wp-content\/uploads\/sites\/10\/2022\/04\/americana_maunula-150x150.jpg","caption":"Marko Maunula"},"description":"Kirjoittaja on Yhdysvaltain historian professori Atlantassa."}]}},"_links":{"self":[{"href":"https:\/\/suomenkuvalehti.fi\/americana\/wp-json\/wp\/v2\/posts\/7752","targetHints":{"allow":["GET"]}}],"collection":[{"href":"https:\/\/suomenkuvalehti.fi\/americana\/wp-json\/wp\/v2\/posts"}],"about":[{"href":"https:\/\/suomenkuvalehti.fi\/americana\/wp-json\/wp\/v2\/types\/post"}],"author":[{"embeddable":true,"href":"https:\/\/suomenkuvalehti.fi\/americana\/wp-json\/wp\/v2\/users\/158"}],"replies":[{"embeddable":true,"href":"https:\/\/suomenkuvalehti.fi\/americana\/wp-json\/wp\/v2\/comments?post=7752"}],"version-history":[{"count":3,"href":"https:\/\/suomenkuvalehti.fi\/americana\/wp-json\/wp\/v2\/posts\/7752\/revisions"}],"predecessor-version":[{"id":7757,"href":"https:\/\/suomenkuvalehti.fi\/americana\/wp-json\/wp\/v2\/posts\/7752\/revisions\/7757"}],"wp:attachment":[{"href":"https:\/\/suomenkuvalehti.fi\/americana\/wp-json\/wp\/v2\/media?parent=7752"}],"wp:term":[{"taxonomy":"category","embeddable":true,"href":"https:\/\/suomenkuvalehti.fi\/americana\/wp-json\/wp\/v2\/categories?post=7752"},{"taxonomy":"post_tag","embeddable":true,"href":"https:\/\/suomenkuvalehti.fi\/americana\/wp-json\/wp\/v2\/tags?post=7752"}],"curies":[{"name":"wp","href":"https:\/\/api.w.org\/{rel}","templated":true}]}}